{"id":224348,"date":"2022-11-30T20:13:00","date_gmt":"2022-11-30T23:13:00","guid":{"rendered":"https:\/\/www.manaus.am.gov.br\/semcom\/fechamentos-de-vias-devem-seguir-decreto-da-prefeitura-e-manaus-tem-27-autorizacoes\/"},"modified":"2024-01-16T18:03:09","modified_gmt":"2024-01-16T21:03:09","slug":"fechamentos-de-vias-devem-seguir-decreto-da-prefeitura-e-manaus-tem-27-autorizacoes","status":"publish","type":"post","link":"https:\/\/www.manaus.am.gov.br\/semcom\/fechamentos-de-vias-devem-seguir-decreto-da-prefeitura-e-manaus-tem-27-autorizacoes\/","title":{"rendered":"Fechamentos de vias devem seguir decreto da prefeitura e Manaus tem 27 autoriza\u00e7\u00f5es"},"content":{"rendered":"\n<p>A Prefeitura de Manaus j\u00e1 autorizou o fechamento de 27 vias p\u00fablicas na cidade, seguindo o Decreto 3.074\/2015, conforme an\u00e1lise e avalia\u00e7\u00e3o t\u00e9cnica do Instituto Municipal de Planejamento Urbano (Implurb). A lei espec\u00edfica que regulamenta o controle de acesso permite a autoriza\u00e7\u00e3o ap\u00f3s an\u00e1lise t\u00e9cnica e de viabilidade.<\/p>\n\n\n\n<p>Os processos deferidos atenderam a lei em vigor e as autoriza\u00e7\u00f5es foram emitidas para diversas vias, sendo as mais recentes no residencial Mundo Novo e no conjunto Parque das Palmeiras, no bairro Flores. Mas h\u00e1 fechamentos autorizados no Cidade Jardim, Bosque Portinari, Jardim Sakura, Jardim Versalles, Itaporanga 2, Jardim Paulista, Jurit\u00e1 e Artur Reis, al\u00e9m do Santo Agostinho, Chapada, Jardim Versalles, Monte das Oliveiras, Ponta Negra, entre outros.<\/p>\n\n\n\n<p>A an\u00e1lise \u00e9 feita pela Diretoria de Planejamento Urbano (DPLA). Os processos visam atender as&nbsp;exig\u00eancias para regularizar o controle de acesso e cess\u00e3o de uso de vias p\u00fablicas por particulares. Os documentos e par\u00e2metros para o pedido podem ser consultados no site do&nbsp;<a href=\"https:\/\/www2.manaus.am.gov.br\/docs\/portal\/secretarias\/implurb\/Lista%20de%20Documenta%C3%A7%C3%A3o%202021\/7.0%20DOCUMENTOS%20AVALIA%C3%87%C3%83O%20URBAN%C3%8DSTICAS\/AUTORIZA%C3%87%C3%83O%20PARA%20CESS%C3%83O%20DE%20VIA%20P%C3%9ABLICA%202021.pdf\">Implurb<\/a>, em Lista de Documentos, acessando \u201cAutoriza\u00e7\u00e3o para Cess\u00e3o de Via P\u00fablica\u201d.<\/p>\n\n\n\n<h2 class=\"wp-block-heading\">Autoriza\u00e7\u00e3o<\/h2>\n\n\n\n<p>A autoriza\u00e7\u00e3o \u00e9 concedida a t\u00edtulo prec\u00e1rio, podendo ser revogada pelo poder p\u00fablico, sendo voltada para pedidos de pessoas jur\u00eddicas. A autoriza\u00e7\u00e3o \u00e9 expedida pelo&nbsp;Implurb&nbsp;e a procura pela adequa\u00e7\u00e3o aumentou no atendimento e no DPLA, ap\u00f3s o decreto.<\/p>\n\n\n\n<p>\u201cRecomendamos que os moradores sigam o decreto e fa\u00e7am a regulariza\u00e7\u00e3o para n\u00e3o ter o&nbsp;fechamento&nbsp;irregular e depois as a\u00e7\u00f5es de fiscaliza\u00e7\u00e3o, que s\u00e3o cont\u00ednuas\u201d, disse o diretor de Planejamento, arquiteto e urbanista Pedro Paulo Cordeiro.<\/p>\n\n\n\n<p>A permiss\u00e3o para o&nbsp;fechamento&nbsp;das vias n\u00e3o dever\u00e1 impedir o livre acesso de qualquer cidad\u00e3o a bens p\u00fablicos inseridos na respectiva \u00e1rea, como pra\u00e7as e parques, a menos que haja permuta com o munic\u00edpio, de \u00e1rea equivalente, na mesma zona.<\/p>\n\n\n\n<h2 class=\"wp-block-heading\">Sobre o Decreto\u00a0<\/h2>\n\n\n\n<p>O Decreto 3.074\/2015 regulamenta o controle de acesso a logradouros p\u00fablicos feito por meio da constru\u00e7\u00e3o de cancelas ou guaritas e similares, atendendo previs\u00e3o legal do C\u00f3digo de Posturas do Munic\u00edpio de Manaus (Lei Complementar 005\/2014).<\/p>\n\n\n\n<p>Os requerentes das \u00e1reas precisar\u00e3o atender a requisitos para obter a permiss\u00e3o para instalar mecanismo que controle o acesso \u00e0&nbsp;via, dentre os quais, abrir m\u00e3o de servi\u00e7os de limpeza p\u00fablica e manuten\u00e7\u00e3o das ruas dentro do espa\u00e7o afetado.<\/p>\n\n\n\n<p>A autoriza\u00e7\u00e3o prec\u00e1ria fica regulamentada pelo decreto, podendo ser feita por meio de cancelas, port\u00f5es, guaritas ou quaisquer outros meios que garantam a limita\u00e7\u00e3o da entrada de pessoas e ve\u00edculos, a crit\u00e9rio dos respons\u00e1veis pelo&nbsp;fechamento&nbsp;do logradouro.<\/p>\n\n\n\n<h2 class=\"wp-block-heading\">Como solicitar<\/h2>\n\n\n\n<p>O pedido somente ser\u00e1 concedido a pessoas jur\u00eddicas. Por isso, os moradores dever\u00e3o estar reunidos por meio de associa\u00e7\u00f5es e a solicita\u00e7\u00e3o dever\u00e1 ser feita ao&nbsp;Implurb&nbsp;com os seguintes documentos: registro de pessoa jur\u00eddica; CNPJ; ata da assembleia indicando quem ser\u00e3o os respons\u00e1veis legais pela pessoa jur\u00eddica; ata de aprova\u00e7\u00e3o em assembleia geral com a permiss\u00e3o para a obstru\u00e7\u00e3o pretendida, quando for o caso; documento assinado pela maioria absoluta dos propriet\u00e1rios dos im\u00f3veis da&nbsp;via&nbsp;para a qual se pretende o acesso controlado, com firma reconhecida em cart\u00f3rio, acompanhado dos registros ou termos de posse dos respectivos im\u00f3veis; autoriza\u00e7\u00e3o do Instituto Municipal de Mobilidade Urbana (IMMU); anu\u00eancia do \u00f3rg\u00e3o respons\u00e1vel pelo transporte p\u00fablico urbano; projeto, com Anota\u00e7\u00e3o de Responsabilidade T\u00e9cnica (ART), da modalidade de fechamento pretendida; entre outros citados no decreto.<\/p>\n\n\n\n<hr class=\"wp-block-separator has-alpha-channel-opacity\"\/>\n\n\n\n<p><strong>Texto<\/strong>\u00a0\u2013 Claudia do Valle \/\u00a0Implurb<br><strong>Foto<\/strong>\u00a0\u2013 Antonio Pereira \/ Arquivo Semcom<br><strong>Dispon\u00edvel em \u2013\u00a0<\/strong><a href=\"https:\/\/flic.kr\/p\/2nnU67d\">https:\/\/flic.kr\/p\/2nnU67d<\/a><\/p>\n","protected":false},"excerpt":{"rendered":"","protected":false},"author":27,"featured_media":224349,"comment_status":"closed","ping_status":"closed","sticky":false,"template":"","format":"standard","meta":{"footnotes":""},"categories":[977],"tags":[],"acf":[],"yoast_head":"<!-- This site is optimized with the Yoast SEO plugin v23.0 - https:\/\/yoast.com\/wordpress\/plugins\/seo\/ -->\n<title>Fechamentos de vias devem seguir decreto da prefeitura e Manaus tem 27 autoriza\u00e7\u00f5es - SEMCOM<\/title>\n<meta name=\"robots\" content=\"index, follow, max-snippet:-1, max-image-preview:large, max-video-preview:-1\" \/>\n<link rel=\"canonical\" href=\"https:\/\/www.manaus.am.gov.br\/semcom\/fechamentos-de-vias-devem-seguir-decreto-da-prefeitura-e-manaus-tem-27-autorizacoes\/\" \/>\n<meta property=\"og:locale\" content=\"pt_BR\" \/>\n<meta property=\"og:type\" content=\"article\" \/>\n<meta property=\"og:title\" content=\"Fechamentos de vias devem seguir decreto da prefeitura e Manaus tem 27 autoriza\u00e7\u00f5es - SEMCOM\" \/>\n<meta property=\"og:url\" content=\"https:\/\/www.manaus.am.gov.br\/semcom\/fechamentos-de-vias-devem-seguir-decreto-da-prefeitura-e-manaus-tem-27-autorizacoes\/\" \/>\n<meta property=\"og:site_name\" content=\"SEMCOM\" \/>\n<meta property=\"article:published_time\" content=\"2022-11-30T23:13:00+00:00\" \/>\n<meta property=\"article:modified_time\" content=\"2024-01-16T21:03:09+00:00\" \/>\n<meta property=\"og:image\" content=\"https:\/\/www.manaus.am.gov.br\/semcom\/wp-content\/uploads\/sites\/5\/2024\/01\/Fechamentos-de-vias-devem-seguir-decreto-da-prefeitura-e-Manaus-tem-27-autorizacoes.jpg\" \/>\n\t<meta property=\"og:image:width\" content=\"799\" \/>\n\t<meta property=\"og:image:height\" content=\"533\" \/>\n\t<meta property=\"og:image:type\" content=\"image\/jpeg\" \/>\n<meta name=\"author\" content=\"Imarketing Digital\" \/>\n<meta name=\"twitter:card\" content=\"summary_large_image\" \/>\n<meta name=\"twitter:label1\" content=\"Written by\" \/>\n\t<meta name=\"twitter:data1\" content=\"Imarketing Digital\" \/>\n\t<meta name=\"twitter:label2\" content=\"Est. reading time\" \/>\n\t<meta name=\"twitter:data2\" content=\"4 minutos\" \/>\n<script type=\"application\/ld+json\" class=\"yoast-schema-graph\">{\"@context\":\"https:\/\/schema.org\",\"@graph\":[{\"@type\":\"WebPage\",\"@id\":\"https:\/\/www.manaus.am.gov.br\/semcom\/fechamentos-de-vias-devem-seguir-decreto-da-prefeitura-e-manaus-tem-27-autorizacoes\/\",\"url\":\"https:\/\/www.manaus.am.gov.br\/semcom\/fechamentos-de-vias-devem-seguir-decreto-da-prefeitura-e-manaus-tem-27-autorizacoes\/\",\"name\":\"Fechamentos de vias devem seguir decreto da prefeitura e Manaus tem 27 autoriza\u00e7\u00f5es - SEMCOM\",\"isPartOf\":{\"@id\":\"https:\/\/www.manaus.am.gov.br\/semcom\/#website\"},\"primaryImageOfPage\":{\"@id\":\"https:\/\/www.manaus.am.gov.br\/semcom\/fechamentos-de-vias-devem-seguir-decreto-da-prefeitura-e-manaus-tem-27-autorizacoes\/#primaryimage\"},\"image\":{\"@id\":\"https:\/\/www.manaus.am.gov.br\/semcom\/fechamentos-de-vias-devem-seguir-decreto-da-prefeitura-e-manaus-tem-27-autorizacoes\/#primaryimage\"},\"thumbnailUrl\":\"https:\/\/www.manaus.am.gov.br\/semcom\/wp-content\/uploads\/sites\/5\/2024\/01\/Fechamentos-de-vias-devem-seguir-decreto-da-prefeitura-e-Manaus-tem-27-autorizacoes.jpg\",\"datePublished\":\"2022-11-30T23:13:00+00:00\",\"dateModified\":\"2024-01-16T21:03:09+00:00\",\"author\":{\"@id\":\"https:\/\/www.manaus.am.gov.br\/semcom\/#\/schema\/person\/79525a47ac5902f50493820d995728ee\"},\"inLanguage\":\"pt-BR\",\"potentialAction\":[{\"@type\":\"ReadAction\",\"target\":[\"https:\/\/www.manaus.am.gov.br\/semcom\/fechamentos-de-vias-devem-seguir-decreto-da-prefeitura-e-manaus-tem-27-autorizacoes\/\"]}]},{\"@type\":\"ImageObject\",\"inLanguage\":\"pt-BR\",\"@id\":\"https:\/\/www.manaus.am.gov.br\/semcom\/fechamentos-de-vias-devem-seguir-decreto-da-prefeitura-e-manaus-tem-27-autorizacoes\/#primaryimage\",\"url\":\"https:\/\/www.manaus.am.gov.br\/semcom\/wp-content\/uploads\/sites\/5\/2024\/01\/Fechamentos-de-vias-devem-seguir-decreto-da-prefeitura-e-Manaus-tem-27-autorizacoes.jpg\",\"contentUrl\":\"https:\/\/www.manaus.am.gov.br\/semcom\/wp-content\/uploads\/sites\/5\/2024\/01\/Fechamentos-de-vias-devem-seguir-decreto-da-prefeitura-e-Manaus-tem-27-autorizacoes.jpg\",\"width\":799,\"height\":533,\"caption\":\"Fechamentos de vias devem seguir decreto da prefeitura e Manaus tem 27 autoriza\u00e7\u00f5es\"},{\"@type\":\"WebSite\",\"@id\":\"https:\/\/www.manaus.am.gov.br\/semcom\/#website\",\"url\":\"https:\/\/www.manaus.am.gov.br\/semcom\/\",\"name\":\"SEMCOM\",\"description\":\"Secretaria Municipal de Comunica\u00e7\u00e3o\",\"potentialAction\":[{\"@type\":\"SearchAction\",\"target\":{\"@type\":\"EntryPoint\",\"urlTemplate\":\"https:\/\/www.manaus.am.gov.br\/semcom\/?s={search_term_string}\"},\"query-input\":\"required name=search_term_string\"}],\"inLanguage\":\"pt-BR\"},{\"@type\":\"Person\",\"@id\":\"https:\/\/www.manaus.am.gov.br\/semcom\/#\/schema\/person\/79525a47ac5902f50493820d995728ee\",\"name\":\"Imarketing Digital\",\"image\":{\"@type\":\"ImageObject\",\"inLanguage\":\"pt-BR\",\"@id\":\"https:\/\/www.manaus.am.gov.br\/semcom\/#\/schema\/person\/image\/\",\"url\":\"https:\/\/secure.gravatar.com\/avatar\/03432d3c57b756ed9760f7019c815a3a?s=96&d=mm&r=g\",\"contentUrl\":\"https:\/\/secure.gravatar.com\/avatar\/03432d3c57b756ed9760f7019c815a3a?s=96&d=mm&r=g\",\"caption\":\"Imarketing Digital\"}}]}<\/script>\n<!-- \/ Yoast SEO plugin. -->","yoast_head_json":{"title":"Fechamentos de vias devem seguir decreto da prefeitura e Manaus tem 27 autoriza\u00e7\u00f5es - SEMCOM","robots":{"index":"index","follow":"follow","max-snippet":"max-snippet:-1","max-image-preview":"max-image-preview:large","max-video-preview":"max-video-preview:-1"},"canonical":"https:\/\/www.manaus.am.gov.br\/semcom\/fechamentos-de-vias-devem-seguir-decreto-da-prefeitura-e-manaus-tem-27-autorizacoes\/","og_locale":"pt_BR","og_type":"article","og_title":"Fechamentos de vias devem seguir decreto da prefeitura e Manaus tem 27 autoriza\u00e7\u00f5es - SEMCOM","og_url":"https:\/\/www.manaus.am.gov.br\/semcom\/fechamentos-de-vias-devem-seguir-decreto-da-prefeitura-e-manaus-tem-27-autorizacoes\/","og_site_name":"SEMCOM","article_published_time":"2022-11-30T23:13:00+00:00","article_modified_time":"2024-01-16T21:03:09+00:00","og_image":[{"width":799,"height":533,"url":"https:\/\/www.manaus.am.gov.br\/semcom\/wp-content\/uploads\/sites\/5\/2024\/01\/Fechamentos-de-vias-devem-seguir-decreto-da-prefeitura-e-Manaus-tem-27-autorizacoes.jpg","type":"image\/jpeg"}],"author":"Imarketing Digital","twitter_card":"summary_large_image","twitter_misc":{"Written by":"Imarketing Digital","Est. reading time":"4 minutos"},"schema":{"@context":"https:\/\/schema.org","@graph":[{"@type":"WebPage","@id":"https:\/\/www.manaus.am.gov.br\/semcom\/fechamentos-de-vias-devem-seguir-decreto-da-prefeitura-e-manaus-tem-27-autorizacoes\/","url":"https:\/\/www.manaus.am.gov.br\/semcom\/fechamentos-de-vias-devem-seguir-decreto-da-prefeitura-e-manaus-tem-27-autorizacoes\/","name":"Fechamentos de vias devem seguir decreto da prefeitura e Manaus tem 27 autoriza\u00e7\u00f5es - SEMCOM","isPartOf":{"@id":"https:\/\/www.manaus.am.gov.br\/semcom\/#website"},"primaryImageOfPage":{"@id":"https:\/\/www.manaus.am.gov.br\/semcom\/fechamentos-de-vias-devem-seguir-decreto-da-prefeitura-e-manaus-tem-27-autorizacoes\/#primaryimage"},"image":{"@id":"https:\/\/www.manaus.am.gov.br\/semcom\/fechamentos-de-vias-devem-seguir-decreto-da-prefeitura-e-manaus-tem-27-autorizacoes\/#primaryimage"},"thumbnailUrl":"https:\/\/www.manaus.am.gov.br\/semcom\/wp-content\/uploads\/sites\/5\/2024\/01\/Fechamentos-de-vias-devem-seguir-decreto-da-prefeitura-e-Manaus-tem-27-autorizacoes.jpg","datePublished":"2022-11-30T23:13:00+00:00","dateModified":"2024-01-16T21:03:09+00:00","author":{"@id":"https:\/\/www.manaus.am.gov.br\/semcom\/#\/schema\/person\/79525a47ac5902f50493820d995728ee"},"inLanguage":"pt-BR","potentialAction":[{"@type":"ReadAction","target":["https:\/\/www.manaus.am.gov.br\/semcom\/fechamentos-de-vias-devem-seguir-decreto-da-prefeitura-e-manaus-tem-27-autorizacoes\/"]}]},{"@type":"ImageObject","inLanguage":"pt-BR","@id":"https:\/\/www.manaus.am.gov.br\/semcom\/fechamentos-de-vias-devem-seguir-decreto-da-prefeitura-e-manaus-tem-27-autorizacoes\/#primaryimage","url":"https:\/\/www.manaus.am.gov.br\/semcom\/wp-content\/uploads\/sites\/5\/2024\/01\/Fechamentos-de-vias-devem-seguir-decreto-da-prefeitura-e-Manaus-tem-27-autorizacoes.jpg","contentUrl":"https:\/\/www.manaus.am.gov.br\/semcom\/wp-content\/uploads\/sites\/5\/2024\/01\/Fechamentos-de-vias-devem-seguir-decreto-da-prefeitura-e-Manaus-tem-27-autorizacoes.jpg","width":799,"height":533,"caption":"Fechamentos de vias devem seguir decreto da prefeitura e Manaus tem 27 autoriza\u00e7\u00f5es"},{"@type":"WebSite","@id":"https:\/\/www.manaus.am.gov.br\/semcom\/#website","url":"https:\/\/www.manaus.am.gov.br\/semcom\/","name":"SEMCOM","description":"Secretaria Municipal de Comunica\u00e7\u00e3o","potentialAction":[{"@type":"SearchAction","target":{"@type":"EntryPoint","urlTemplate":"https:\/\/www.manaus.am.gov.br\/semcom\/?s={search_term_string}"},"query-input":"required name=search_term_string"}],"inLanguage":"pt-BR"},{"@type":"Person","@id":"https:\/\/www.manaus.am.gov.br\/semcom\/#\/schema\/person\/79525a47ac5902f50493820d995728ee","name":"Imarketing Digital","image":{"@type":"ImageObject","inLanguage":"pt-BR","@id":"https:\/\/www.manaus.am.gov.br\/semcom\/#\/schema\/person\/image\/","url":"https:\/\/secure.gravatar.com\/avatar\/03432d3c57b756ed9760f7019c815a3a?s=96&d=mm&r=g","contentUrl":"https:\/\/secure.gravatar.com\/avatar\/03432d3c57b756ed9760f7019c815a3a?s=96&d=mm&r=g","caption":"Imarketing Digital"}}]}},"_links":{"self":[{"href":"https:\/\/www.manaus.am.gov.br\/semcom\/wp-json\/wp\/v2\/posts\/224348"}],"collection":[{"href":"https:\/\/www.manaus.am.gov.br\/semcom\/wp-json\/wp\/v2\/posts"}],"about":[{"href":"https:\/\/www.manaus.am.gov.br\/semcom\/wp-json\/wp\/v2\/types\/post"}],"author":[{"embeddable":true,"href":"https:\/\/www.manaus.am.gov.br\/semcom\/wp-json\/wp\/v2\/users\/27"}],"replies":[{"embeddable":true,"href":"https:\/\/www.manaus.am.gov.br\/semcom\/wp-json\/wp\/v2\/comments?post=224348"}],"version-history":[{"count":0,"href":"https:\/\/www.manaus.am.gov.br\/semcom\/wp-json\/wp\/v2\/posts\/224348\/revisions"}],"wp:featuredmedia":[{"embeddable":true,"href":"https:\/\/www.manaus.am.gov.br\/semcom\/wp-json\/wp\/v2\/media\/224349"}],"wp:attachment":[{"href":"https:\/\/www.manaus.am.gov.br\/semcom\/wp-json\/wp\/v2\/media?parent=224348"}],"wp:term":[{"taxonomy":"category","embeddable":true,"href":"https:\/\/www.manaus.am.gov.br\/semcom\/wp-json\/wp\/v2\/categories?post=224348"},{"taxonomy":"post_tag","embeddable":true,"href":"https:\/\/www.manaus.am.gov.br\/semcom\/wp-json\/wp\/v2\/tags?post=224348"}],"curies":[{"name":"wp","href":"https:\/\/api.w.org\/{rel}","templated":true}]}}