{"id":224346,"date":"2022-11-24T10:56:00","date_gmt":"2022-11-24T13:56:00","guid":{"rendered":"https:\/\/www.manaus.am.gov.br\/semcom\/obras-de-ate-750-metros-quadrados-e-4-pavimentos-serao-beneficiadas-por-novo-alvara-de-construcao-da-prefeitura-de-manaus\/"},"modified":"2024-01-16T18:03:01","modified_gmt":"2024-01-16T21:03:01","slug":"obras-de-ate-750-metros-quadrados-e-4-pavimentos-serao-beneficiadas-por-novo-alvara-de-construcao-da-prefeitura-de-manaus","status":"publish","type":"post","link":"https:\/\/www.manaus.am.gov.br\/semcom\/obras-de-ate-750-metros-quadrados-e-4-pavimentos-serao-beneficiadas-por-novo-alvara-de-construcao-da-prefeitura-de-manaus\/","title":{"rendered":"Obras de at\u00e9 750 metros quadrados e 4 pavimentos ser\u00e3o beneficiadas por novo alvar\u00e1 de constru\u00e7\u00e3o da Prefeitura de Manaus"},"content":{"rendered":"\n<p>Projetos de constru\u00e7\u00e3o unifamiliar, multifamiliar e de edifica\u00e7\u00f5es de uso comercial, servi\u00e7o, industrial ou misto, enquadrados nas atividades de baixo impacto 1 e 2, at\u00e9 750 metros quadrados e com no m\u00e1ximo quatro pavimentos, s\u00e3o as obras que ser\u00e3o beneficiadas pelo futuro \u201cAlvar\u00e1 de Constru\u00e7\u00e3o Mais F\u00e1cil\u201d lan\u00e7ado pelo prefeito David Almeida.<\/p>\n\n\n\n<p>O prefeito David Almeida enviou na quarta-feira, 23\/11, \u00e0 C\u00e2mara Municipal de Manaus (CMM) o projeto de lei que cria o procedimento de licenciamento urban\u00edstico na modalidade declarat\u00f3ria, com emiss\u00e3o imediata e de forma on-line, sendo emitido diretamente no site do Instituto Municipal de Planejamento Urbano (Implurb) quando estiver implantado.<\/p>\n\n\n\n<p>O projeto \u00e9 mais uma etapa da gest\u00e3o municipal na desburocratiza\u00e7\u00e3o do sistema e uso da tecnologia da informa\u00e7\u00e3o para incentivo a novos neg\u00f3cios. Conforme par\u00e2metros do Implurb, 52% dos processos que tramitam no \u00f3rg\u00e3o hoje e que podem levar at\u00e9 60 dias para aprova\u00e7\u00e3o, cumprindo os prazos previstos no Plano Diretor, se encaixam no perfil do \u201cAlvar\u00e1 de Constru\u00e7\u00e3o Mais F\u00e1cil\u201d.<\/p>\n\n\n\n<p>\u201cIsso traz uma agilidade, dando uma licen\u00e7a autodeclarat\u00f3ria e depois o Implurb faz as devidas confer\u00eancias e fiscaliza\u00e7\u00f5es. Com isso a gente destrava a constru\u00e7\u00e3o civil e melhora tamb\u00e9m a condi\u00e7\u00e3o de empregabilidade\u201d, afirmou David Almeida.<\/p>\n\n\n\n<p>O diretor-presidente do Implurb, engenheiro Carlos Valente, explicou que o projeto visa atender aos profissionais e requerentes de forma r\u00e1pida e on-line, sendo voltado para obras de baixo impacto, inclusive de uso misto. \u201cNo t\u00e9rreo, o empreendedor pode ter um com\u00e9rcio, um restaurante, e nos outros pavimentos outros usos, como um vila de casas. A \u00e1rea total n\u00e3o pode ser superior aos 750 metros quadrados &nbsp;e quatro pavimentos\u201d, disse.<\/p>\n\n\n\n<p>Ele adiantou que o desenvolvimento do sistema on-line para rodar o \u201cAlvar\u00e1 Mais F\u00e1cil\u201d est\u00e1 sendo constru\u00eddo pelo servi\u00e7o de tecnologia da Prefeitura de Manaus e a previs\u00e3o \u00e9 implant\u00e1-lo no primeiro semestre de 2023.<\/p>\n\n\n\n<p>\u201cAntes de iniciar o servi\u00e7o, vamos oferecer treinamento t\u00e9cnico e 400 vagas ser\u00e3o disponibilizadas aos profissionais da \u00e1rea para suporte e aprendizagem. Com o sistema rodando, os cidad\u00e3os e usu\u00e1rios poder\u00e3o licenciar seus projetos sem sair de seus escrit\u00f3rios ou de casa\u201d, completou.<\/p>\n\n\n\n<p><strong>Licen\u00e7a<\/strong><\/p>\n\n\n\n<p>O alvar\u00e1 compreende a licen\u00e7a urban\u00edstica para a implanta\u00e7\u00e3o de obras em Manaus e ser\u00e1 emitida diretamente no site do instituto. Diretorias, ger\u00eancias e equipes t\u00e9cnicas do instituto trabalharam na consolida\u00e7\u00e3o do modelo de autodeclara\u00e7\u00e3o, onde a responsabilidade \u00e9 do profissional legalmente habilitado nos conselhos de Engenharia e Agronomia (Crea-AM) e de Arquitetura (CAU-AM).<\/p>\n\n\n\n<p>Reformas que n\u00e3o contemplem altera\u00e7\u00e3o de uso podem entrar no \u201cMais F\u00e1cil\u201d. As edifica\u00e7\u00f5es precisam ser dispens\u00e1veis de licenciamento ambiental e de aprova\u00e7\u00e3o do Corpo de Bombeiros, assim como de autoriza\u00e7\u00e3o ou consulta ao Comando Militar da Aeron\u00e1utica (Comaer). Im\u00f3veis tombados ou em processo de tombamento, bem com os listados como de interesse de preserva\u00e7\u00e3o hist\u00f3rica n\u00e3o se encaixam no perfil para emiss\u00e3o do novo alvar\u00e1.<\/p>\n\n\n\n<p>O prazo m\u00e1ximo de validade do alvar\u00e1 de constru\u00e7\u00e3o ser\u00e1 de cinco anos, a crit\u00e9rio do interessado, sendo o prazo m\u00ednimo de 6 meses.<\/p>\n\n\n\n<p>Para fazer a solicita\u00e7\u00e3o do procedimento, conforme a proposta enviada \u00e0 CMM, o requerente vai precisar apresentar requerimento padr\u00e3o dispon\u00edvel no sistema on-line; certid\u00e3o de registro de im\u00f3vel ou t\u00edtulo definitivo, escritura p\u00fablica ou documento que comprove a posse do terreno por mais de 5 anos; termo de responsabilidade do propriet\u00e1rio e do autor do projeto arquitet\u00f4nico; memorial descritivo; planta de situa\u00e7\u00e3o; entre outros.<\/p>\n\n\n\n<h2 class=\"wp-block-heading\">Fiscaliza\u00e7\u00e3o<\/h2>\n\n\n\n<p>O projeto e a execu\u00e7\u00e3o da obra ser\u00e3o objeto de fiscaliza\u00e7\u00e3o do Implurb, a qualquer tempo, e havendo constata\u00e7\u00e3o de irregularidade ou n\u00e3o conformidade com o processo aprovado e descumprimento da legisla\u00e7\u00e3o, o respons\u00e1vel t\u00e9cnico e propriet\u00e1rio ficar\u00e3o sujeitos a medidas administrativas e judiciais, como notifica\u00e7\u00e3o, multa, embargo, adequa\u00e7\u00e3o e cancelamento do alvar\u00e1.<\/p>\n\n\n\n<p>No caso de declara\u00e7\u00f5es falsas ou omiss\u00f5es de informa\u00e7\u00f5es importantes para a obten\u00e7\u00e3o do documento, o Implurb vai oficiar os conselhos de Engenharia e de Arquitetura para apura\u00e7\u00e3o da responsabilidade profissional.<\/p>\n\n\n\n<hr class=\"wp-block-separator has-alpha-channel-opacity\"\/>\n\n\n\n<p><strong>Texto<\/strong>\u00a0\u2013 Claudia do Valle \/ Implurb<br><strong>Fotos\u00a0<\/strong>\u2013 Dhyeizo Lemos \/ Arquivo Semcom<br><strong>Dispon\u00edveis em \u2013<\/strong>\u00a0<a href=\"https:\/\/flic.kr\/s\/aHBqjAgubz\">https:\/\/flic.kr\/s\/aHBqjAgubz<\/a><\/p>\n","protected":false},"excerpt":{"rendered":"","protected":false},"author":27,"featured_media":224347,"comment_status":"closed","ping_status":"closed","sticky":false,"template":"","format":"standard","meta":{"footnotes":""},"categories":[10186],"tags":[],"acf":[],"yoast_head":"<!-- This site is optimized with the Yoast SEO plugin v23.0 - https:\/\/yoast.com\/wordpress\/plugins\/seo\/ -->\n<title>Obras de at\u00e9 750 metros quadrados e 4 pavimentos ser\u00e3o beneficiadas por novo alvar\u00e1 de constru\u00e7\u00e3o da Prefeitura de Manaus - SEMCOM<\/title>\n<meta name=\"robots\" content=\"index, follow, max-snippet:-1, max-image-preview:large, max-video-preview:-1\" \/>\n<link rel=\"canonical\" href=\"https:\/\/www.manaus.am.gov.br\/semcom\/obras-de-ate-750-metros-quadrados-e-4-pavimentos-serao-beneficiadas-por-novo-alvara-de-construcao-da-prefeitura-de-manaus\/\" \/>\n<meta property=\"og:locale\" content=\"pt_BR\" \/>\n<meta property=\"og:type\" content=\"article\" \/>\n<meta property=\"og:title\" content=\"Obras de at\u00e9 750 metros quadrados e 4 pavimentos ser\u00e3o beneficiadas por novo alvar\u00e1 de constru\u00e7\u00e3o da Prefeitura de Manaus - SEMCOM\" \/>\n<meta property=\"og:url\" content=\"https:\/\/www.manaus.am.gov.br\/semcom\/obras-de-ate-750-metros-quadrados-e-4-pavimentos-serao-beneficiadas-por-novo-alvara-de-construcao-da-prefeitura-de-manaus\/\" \/>\n<meta property=\"og:site_name\" content=\"SEMCOM\" \/>\n<meta property=\"article:published_time\" content=\"2022-11-24T13:56:00+00:00\" \/>\n<meta property=\"article:modified_time\" content=\"2024-01-16T21:03:01+00:00\" \/>\n<meta property=\"og:image\" content=\"https:\/\/www.manaus.am.gov.br\/semcom\/wp-content\/uploads\/sites\/5\/2024\/01\/Obras-de-ate-750-metros-quadrados-e-4-pavimentos-serao-beneficiadas-por-novo-alvara-de-construcao-da-Prefeitura-de-Manaus.jpg\" \/>\n\t<meta property=\"og:image:width\" content=\"720\" \/>\n\t<meta property=\"og:image:height\" content=\"407\" \/>\n\t<meta property=\"og:image:type\" content=\"image\/jpeg\" \/>\n<meta name=\"author\" content=\"Imarketing Digital\" \/>\n<meta name=\"twitter:card\" content=\"summary_large_image\" \/>\n<meta name=\"twitter:label1\" content=\"Written by\" \/>\n\t<meta name=\"twitter:data1\" content=\"Imarketing Digital\" \/>\n\t<meta name=\"twitter:label2\" content=\"Est. reading time\" \/>\n\t<meta name=\"twitter:data2\" content=\"4 minutos\" \/>\n<script type=\"application\/ld+json\" class=\"yoast-schema-graph\">{\"@context\":\"https:\/\/schema.org\",\"@graph\":[{\"@type\":\"WebPage\",\"@id\":\"https:\/\/www.manaus.am.gov.br\/semcom\/obras-de-ate-750-metros-quadrados-e-4-pavimentos-serao-beneficiadas-por-novo-alvara-de-construcao-da-prefeitura-de-manaus\/\",\"url\":\"https:\/\/www.manaus.am.gov.br\/semcom\/obras-de-ate-750-metros-quadrados-e-4-pavimentos-serao-beneficiadas-por-novo-alvara-de-construcao-da-prefeitura-de-manaus\/\",\"name\":\"Obras de at\u00e9 750 metros quadrados e 4 pavimentos ser\u00e3o beneficiadas por novo alvar\u00e1 de constru\u00e7\u00e3o da Prefeitura de Manaus - SEMCOM\",\"isPartOf\":{\"@id\":\"https:\/\/www.manaus.am.gov.br\/semcom\/#website\"},\"primaryImageOfPage\":{\"@id\":\"https:\/\/www.manaus.am.gov.br\/semcom\/obras-de-ate-750-metros-quadrados-e-4-pavimentos-serao-beneficiadas-por-novo-alvara-de-construcao-da-prefeitura-de-manaus\/#primaryimage\"},\"image\":{\"@id\":\"https:\/\/www.manaus.am.gov.br\/semcom\/obras-de-ate-750-metros-quadrados-e-4-pavimentos-serao-beneficiadas-por-novo-alvara-de-construcao-da-prefeitura-de-manaus\/#primaryimage\"},\"thumbnailUrl\":\"https:\/\/www.manaus.am.gov.br\/semcom\/wp-content\/uploads\/sites\/5\/2024\/01\/Obras-de-ate-750-metros-quadrados-e-4-pavimentos-serao-beneficiadas-por-novo-alvara-de-construcao-da-Prefeitura-de-Manaus.jpg\",\"datePublished\":\"2022-11-24T13:56:00+00:00\",\"dateModified\":\"2024-01-16T21:03:01+00:00\",\"author\":{\"@id\":\"https:\/\/www.manaus.am.gov.br\/semcom\/#\/schema\/person\/79525a47ac5902f50493820d995728ee\"},\"inLanguage\":\"pt-BR\",\"potentialAction\":[{\"@type\":\"ReadAction\",\"target\":[\"https:\/\/www.manaus.am.gov.br\/semcom\/obras-de-ate-750-metros-quadrados-e-4-pavimentos-serao-beneficiadas-por-novo-alvara-de-construcao-da-prefeitura-de-manaus\/\"]}]},{\"@type\":\"ImageObject\",\"inLanguage\":\"pt-BR\",\"@id\":\"https:\/\/www.manaus.am.gov.br\/semcom\/obras-de-ate-750-metros-quadrados-e-4-pavimentos-serao-beneficiadas-por-novo-alvara-de-construcao-da-prefeitura-de-manaus\/#primaryimage\",\"url\":\"https:\/\/www.manaus.am.gov.br\/semcom\/wp-content\/uploads\/sites\/5\/2024\/01\/Obras-de-ate-750-metros-quadrados-e-4-pavimentos-serao-beneficiadas-por-novo-alvara-de-construcao-da-Prefeitura-de-Manaus.jpg\",\"contentUrl\":\"https:\/\/www.manaus.am.gov.br\/semcom\/wp-content\/uploads\/sites\/5\/2024\/01\/Obras-de-ate-750-metros-quadrados-e-4-pavimentos-serao-beneficiadas-por-novo-alvara-de-construcao-da-Prefeitura-de-Manaus.jpg\",\"width\":720,\"height\":407,\"caption\":\"Obras de at\u00e9 750 metros quadrados e 4 pavimentos ser\u00e3o beneficiadas por novo alvar\u00e1 de constru\u00e7\u00e3o da Prefeitura de Manaus\"},{\"@type\":\"WebSite\",\"@id\":\"https:\/\/www.manaus.am.gov.br\/semcom\/#website\",\"url\":\"https:\/\/www.manaus.am.gov.br\/semcom\/\",\"name\":\"SEMCOM\",\"description\":\"Secretaria Municipal de Comunica\u00e7\u00e3o\",\"potentialAction\":[{\"@type\":\"SearchAction\",\"target\":{\"@type\":\"EntryPoint\",\"urlTemplate\":\"https:\/\/www.manaus.am.gov.br\/semcom\/?s={search_term_string}\"},\"query-input\":\"required name=search_term_string\"}],\"inLanguage\":\"pt-BR\"},{\"@type\":\"Person\",\"@id\":\"https:\/\/www.manaus.am.gov.br\/semcom\/#\/schema\/person\/79525a47ac5902f50493820d995728ee\",\"name\":\"Imarketing Digital\",\"image\":{\"@type\":\"ImageObject\",\"inLanguage\":\"pt-BR\",\"@id\":\"https:\/\/www.manaus.am.gov.br\/semcom\/#\/schema\/person\/image\/\",\"url\":\"https:\/\/secure.gravatar.com\/avatar\/03432d3c57b756ed9760f7019c815a3a?s=96&d=mm&r=g\",\"contentUrl\":\"https:\/\/secure.gravatar.com\/avatar\/03432d3c57b756ed9760f7019c815a3a?s=96&d=mm&r=g\",\"caption\":\"Imarketing Digital\"}}]}<\/script>\n<!-- \/ Yoast SEO plugin. -->","yoast_head_json":{"title":"Obras de at\u00e9 750 metros quadrados e 4 pavimentos ser\u00e3o beneficiadas por novo alvar\u00e1 de constru\u00e7\u00e3o da Prefeitura de Manaus - SEMCOM","robots":{"index":"index","follow":"follow","max-snippet":"max-snippet:-1","max-image-preview":"max-image-preview:large","max-video-preview":"max-video-preview:-1"},"canonical":"https:\/\/www.manaus.am.gov.br\/semcom\/obras-de-ate-750-metros-quadrados-e-4-pavimentos-serao-beneficiadas-por-novo-alvara-de-construcao-da-prefeitura-de-manaus\/","og_locale":"pt_BR","og_type":"article","og_title":"Obras de at\u00e9 750 metros quadrados e 4 pavimentos ser\u00e3o beneficiadas por novo alvar\u00e1 de constru\u00e7\u00e3o da Prefeitura de Manaus - SEMCOM","og_url":"https:\/\/www.manaus.am.gov.br\/semcom\/obras-de-ate-750-metros-quadrados-e-4-pavimentos-serao-beneficiadas-por-novo-alvara-de-construcao-da-prefeitura-de-manaus\/","og_site_name":"SEMCOM","article_published_time":"2022-11-24T13:56:00+00:00","article_modified_time":"2024-01-16T21:03:01+00:00","og_image":[{"width":720,"height":407,"url":"https:\/\/www.manaus.am.gov.br\/semcom\/wp-content\/uploads\/sites\/5\/2024\/01\/Obras-de-ate-750-metros-quadrados-e-4-pavimentos-serao-beneficiadas-por-novo-alvara-de-construcao-da-Prefeitura-de-Manaus.jpg","type":"image\/jpeg"}],"author":"Imarketing Digital","twitter_card":"summary_large_image","twitter_misc":{"Written by":"Imarketing Digital","Est. reading time":"4 minutos"},"schema":{"@context":"https:\/\/schema.org","@graph":[{"@type":"WebPage","@id":"https:\/\/www.manaus.am.gov.br\/semcom\/obras-de-ate-750-metros-quadrados-e-4-pavimentos-serao-beneficiadas-por-novo-alvara-de-construcao-da-prefeitura-de-manaus\/","url":"https:\/\/www.manaus.am.gov.br\/semcom\/obras-de-ate-750-metros-quadrados-e-4-pavimentos-serao-beneficiadas-por-novo-alvara-de-construcao-da-prefeitura-de-manaus\/","name":"Obras de at\u00e9 750 metros quadrados e 4 pavimentos ser\u00e3o beneficiadas por novo alvar\u00e1 de constru\u00e7\u00e3o da Prefeitura de Manaus - SEMCOM","isPartOf":{"@id":"https:\/\/www.manaus.am.gov.br\/semcom\/#website"},"primaryImageOfPage":{"@id":"https:\/\/www.manaus.am.gov.br\/semcom\/obras-de-ate-750-metros-quadrados-e-4-pavimentos-serao-beneficiadas-por-novo-alvara-de-construcao-da-prefeitura-de-manaus\/#primaryimage"},"image":{"@id":"https:\/\/www.manaus.am.gov.br\/semcom\/obras-de-ate-750-metros-quadrados-e-4-pavimentos-serao-beneficiadas-por-novo-alvara-de-construcao-da-prefeitura-de-manaus\/#primaryimage"},"thumbnailUrl":"https:\/\/www.manaus.am.gov.br\/semcom\/wp-content\/uploads\/sites\/5\/2024\/01\/Obras-de-ate-750-metros-quadrados-e-4-pavimentos-serao-beneficiadas-por-novo-alvara-de-construcao-da-Prefeitura-de-Manaus.jpg","datePublished":"2022-11-24T13:56:00+00:00","dateModified":"2024-01-16T21:03:01+00:00","author":{"@id":"https:\/\/www.manaus.am.gov.br\/semcom\/#\/schema\/person\/79525a47ac5902f50493820d995728ee"},"inLanguage":"pt-BR","potentialAction":[{"@type":"ReadAction","target":["https:\/\/www.manaus.am.gov.br\/semcom\/obras-de-ate-750-metros-quadrados-e-4-pavimentos-serao-beneficiadas-por-novo-alvara-de-construcao-da-prefeitura-de-manaus\/"]}]},{"@type":"ImageObject","inLanguage":"pt-BR","@id":"https:\/\/www.manaus.am.gov.br\/semcom\/obras-de-ate-750-metros-quadrados-e-4-pavimentos-serao-beneficiadas-por-novo-alvara-de-construcao-da-prefeitura-de-manaus\/#primaryimage","url":"https:\/\/www.manaus.am.gov.br\/semcom\/wp-content\/uploads\/sites\/5\/2024\/01\/Obras-de-ate-750-metros-quadrados-e-4-pavimentos-serao-beneficiadas-por-novo-alvara-de-construcao-da-Prefeitura-de-Manaus.jpg","contentUrl":"https:\/\/www.manaus.am.gov.br\/semcom\/wp-content\/uploads\/sites\/5\/2024\/01\/Obras-de-ate-750-metros-quadrados-e-4-pavimentos-serao-beneficiadas-por-novo-alvara-de-construcao-da-Prefeitura-de-Manaus.jpg","width":720,"height":407,"caption":"Obras de at\u00e9 750 metros quadrados e 4 pavimentos ser\u00e3o beneficiadas por novo alvar\u00e1 de constru\u00e7\u00e3o da Prefeitura de Manaus"},{"@type":"WebSite","@id":"https:\/\/www.manaus.am.gov.br\/semcom\/#website","url":"https:\/\/www.manaus.am.gov.br\/semcom\/","name":"SEMCOM","description":"Secretaria Municipal de Comunica\u00e7\u00e3o","potentialAction":[{"@type":"SearchAction","target":{"@type":"EntryPoint","urlTemplate":"https:\/\/www.manaus.am.gov.br\/semcom\/?s={search_term_string}"},"query-input":"required name=search_term_string"}],"inLanguage":"pt-BR"},{"@type":"Person","@id":"https:\/\/www.manaus.am.gov.br\/semcom\/#\/schema\/person\/79525a47ac5902f50493820d995728ee","name":"Imarketing Digital","image":{"@type":"ImageObject","inLanguage":"pt-BR","@id":"https:\/\/www.manaus.am.gov.br\/semcom\/#\/schema\/person\/image\/","url":"https:\/\/secure.gravatar.com\/avatar\/03432d3c57b756ed9760f7019c815a3a?s=96&d=mm&r=g","contentUrl":"https:\/\/secure.gravatar.com\/avatar\/03432d3c57b756ed9760f7019c815a3a?s=96&d=mm&r=g","caption":"Imarketing Digital"}}]}},"_links":{"self":[{"href":"https:\/\/www.manaus.am.gov.br\/semcom\/wp-json\/wp\/v2\/posts\/224346"}],"collection":[{"href":"https:\/\/www.manaus.am.gov.br\/semcom\/wp-json\/wp\/v2\/posts"}],"about":[{"href":"https:\/\/www.manaus.am.gov.br\/semcom\/wp-json\/wp\/v2\/types\/post"}],"author":[{"embeddable":true,"href":"https:\/\/www.manaus.am.gov.br\/semcom\/wp-json\/wp\/v2\/users\/27"}],"replies":[{"embeddable":true,"href":"https:\/\/www.manaus.am.gov.br\/semcom\/wp-json\/wp\/v2\/comments?post=224346"}],"version-history":[{"count":0,"href":"https:\/\/www.manaus.am.gov.br\/semcom\/wp-json\/wp\/v2\/posts\/224346\/revisions"}],"wp:featuredmedia":[{"embeddable":true,"href":"https:\/\/www.manaus.am.gov.br\/semcom\/wp-json\/wp\/v2\/media\/224347"}],"wp:attachment":[{"href":"https:\/\/www.manaus.am.gov.br\/semcom\/wp-json\/wp\/v2\/media?parent=224346"}],"wp:term":[{"taxonomy":"category","embeddable":true,"href":"https:\/\/www.manaus.am.gov.br\/semcom\/wp-json\/wp\/v2\/categories?post=224346"},{"taxonomy":"post_tag","embeddable":true,"href":"https:\/\/www.manaus.am.gov.br\/semcom\/wp-json\/wp\/v2\/tags?post=224346"}],"curies":[{"name":"wp","href":"https:\/\/api.w.org\/{rel}","templated":true}]}}