{"id":224006,"date":"2024-01-10T16:09:09","date_gmt":"2024-01-10T19:09:09","guid":{"rendered":"https:\/\/www.manaus.am.gov.br\/semcom\/prefeitura-aplica-300-toneladas-de-massa-em-via-do-bairro-cidade-nova\/"},"modified":"2024-01-10T16:09:11","modified_gmt":"2024-01-10T19:09:11","slug":"prefeitura-aplica-300-toneladas-de-massa-em-via-do-bairro-cidade-nova","status":"publish","type":"post","link":"https:\/\/www.manaus.am.gov.br\/semcom\/prefeitura-aplica-300-toneladas-de-massa-em-via-do-bairro-cidade-nova\/","title":{"rendered":"Prefeitura aplica 300 toneladas de massa em via do bairro Cidade Nova\u00a0"},"content":{"rendered":"\n<p>A Prefeitura de Manaus, por meio da Secretaria Municipal de Infraestrutura (Seminf), aplicou, nesta quarta-feira, 10\/1, 300 toneladas de massa asf\u00e1ltica na rua 29 do bairro Cidade Nova, localizado na zona Norte. A a\u00e7\u00e3o faz parte do programa \u201cAsfalta Manaus\u201d que busca recuperar vias degradadas com o novo pavimento.&nbsp;<\/p>\n\n\n\n<p>\u201cA equipe da Seminf tem trabalhado bastante nas ruas do bairro Cidade Nova, at\u00e9 mesmo para reverter os preju\u00edzos que se acumularam durante os anos de esquecimento. Mas que agora, com a determina\u00e7\u00e3o do prefeito David Almeida e o secret\u00e1rio de Obras Renato Junior,&nbsp;toda a equipe de asfalto, drenagens e cal\u00e7adas est\u00e3o dando esse reparo na \u00e1rea\u201d, afirmou o subsecret\u00e1rio de Servi\u00e7os B\u00e1sicos da Seminf, Efrain Arag\u00e3o. &nbsp;<\/p>\n\n\n\n<p>As equipes realizaram os servi\u00e7os de limpeza, pintura de liga\u00e7\u00e3o, fresagem e a aplica\u00e7\u00e3o de massa asf\u00e1ltica em toda a extens\u00e3o da rua.&nbsp;<\/p>\n\n\n\n<p>A comerciante Valdelice Barros, 64 anos, explicou que reabriu recentemente o seu ponto comercial e enfrentou dificuldades antes da chegada na nova infraestrutura. &nbsp;<\/p>\n\n\n\n<p>\u201cA minha dificuldade era na \u00e9poca do inverno, por conta dos buracos, em que se formavam as po\u00e7as de lamas em frente ao meu ponto comercial, e quando os carros passavam eu tomava era banho, agora chega de sofrimento, s\u00f3 tenho a agradecer a Prefeitura de Manaus, que as ruas eram s\u00f3 o abacaxi e agora est\u00e3o um tapete\u201d, detalhou a comerciante. &nbsp;<\/p>\n\n\n\n<p>De acordo com a \u00faltima atualiza\u00e7\u00e3o da plataforma on-line \u201cAsfalt\u00f4metro\u201d,&nbsp; 143 ruas foram contempladas no bairro Cidade Nova, por meio do programa \u201cAsfalta Manaus\u201d.<\/p>\n\n\n\n<p>&#8212; &#8212; &#8212;&nbsp;<\/p>\n\n\n\n<p><strong>Texto &#8211;&nbsp;<\/strong>Rayana Coutinho\/ Seminf &nbsp;<\/p>\n\n\n\n<p><strong>Fotos &#8211;&nbsp;<\/strong>M\u00e1rcio Melo\/ Seminf &nbsp;<\/p>\n\n\n\n<p><\/p>\n\n\n\n<p><strong>Dispon\u00edveis \u2013<\/strong> <a href=\"https:\/\/flic.kr\/s\/aHBqjB9YvR\">https:\/\/flic.kr\/s\/aHBqjB9YvR<\/a><\/p>\n","protected":false},"excerpt":{"rendered":"","protected":false},"author":57,"featured_media":224007,"comment_status":"closed","ping_status":"closed","sticky":false,"template":"","format":"standard","meta":{"footnotes":""},"categories":[201,44],"tags":[102,266,29,471,33,328],"acf":[],"yoast_head":"<!-- This site is optimized with the Yoast SEO plugin v23.0 - https:\/\/yoast.com\/wordpress\/plugins\/seo\/ -->\n<title>Prefeitura aplica 300 toneladas de massa em via da Cidade Nova\u00a0<\/title>\n<meta name=\"description\" content=\"A Prefeitura de Manaus, por meio da Seminf, aplicou, nesta quarta-feira, 10\/1, 300 toneladas de massa asf\u00e1ltica na rua 29 da Cidade Nova.\" \/>\n<meta name=\"robots\" content=\"index, follow, max-snippet:-1, max-image-preview:large, max-video-preview:-1\" \/>\n<link rel=\"canonical\" href=\"https:\/\/www.manaus.am.gov.br\/semcom\/prefeitura-aplica-300-toneladas-de-massa-em-via-do-bairro-cidade-nova\/\" \/>\n<meta property=\"og:locale\" content=\"pt_BR\" \/>\n<meta property=\"og:type\" content=\"article\" \/>\n<meta property=\"og:title\" content=\"Prefeitura aplica 300 toneladas de massa em via da Cidade Nova\u00a0\" \/>\n<meta property=\"og:description\" content=\"A Prefeitura de Manaus, por meio da Seminf, aplicou, nesta quarta-feira, 10\/1, 300 toneladas de massa asf\u00e1ltica na rua 29 da Cidade Nova.\" \/>\n<meta property=\"og:url\" content=\"https:\/\/www.manaus.am.gov.br\/semcom\/prefeitura-aplica-300-toneladas-de-massa-em-via-do-bairro-cidade-nova\/\" \/>\n<meta property=\"og:site_name\" content=\"SEMCOM\" \/>\n<meta property=\"article:published_time\" content=\"2024-01-10T19:09:09+00:00\" \/>\n<meta property=\"article:modified_time\" content=\"2024-01-10T19:09:11+00:00\" \/>\n<meta property=\"og:image\" content=\"https:\/\/www.manaus.am.gov.br\/semcom\/wp-content\/uploads\/sites\/5\/2024\/01\/53455983189_ae69aeac67_c.jpg\" \/>\n\t<meta property=\"og:image:width\" content=\"800\" \/>\n\t<meta property=\"og:image:height\" content=\"450\" \/>\n\t<meta property=\"og:image:type\" content=\"image\/jpeg\" \/>\n<meta name=\"author\" content=\"Thiago Fernando\" \/>\n<meta name=\"twitter:card\" content=\"summary_large_image\" \/>\n<meta name=\"twitter:label1\" content=\"Written by\" \/>\n\t<meta name=\"twitter:data1\" content=\"Thiago Fernando\" \/>\n\t<meta name=\"twitter:label2\" content=\"Est. reading time\" \/>\n\t<meta name=\"twitter:data2\" content=\"2 minutos\" \/>\n<script type=\"application\/ld+json\" class=\"yoast-schema-graph\">{\"@context\":\"https:\/\/schema.org\",\"@graph\":[{\"@type\":\"WebPage\",\"@id\":\"https:\/\/www.manaus.am.gov.br\/semcom\/prefeitura-aplica-300-toneladas-de-massa-em-via-do-bairro-cidade-nova\/\",\"url\":\"https:\/\/www.manaus.am.gov.br\/semcom\/prefeitura-aplica-300-toneladas-de-massa-em-via-do-bairro-cidade-nova\/\",\"name\":\"Prefeitura aplica 300 toneladas de massa em via da Cidade Nova\u00a0\",\"isPartOf\":{\"@id\":\"https:\/\/www.manaus.am.gov.br\/semcom\/#website\"},\"primaryImageOfPage\":{\"@id\":\"https:\/\/www.manaus.am.gov.br\/semcom\/prefeitura-aplica-300-toneladas-de-massa-em-via-do-bairro-cidade-nova\/#primaryimage\"},\"image\":{\"@id\":\"https:\/\/www.manaus.am.gov.br\/semcom\/prefeitura-aplica-300-toneladas-de-massa-em-via-do-bairro-cidade-nova\/#primaryimage\"},\"thumbnailUrl\":\"https:\/\/www.manaus.am.gov.br\/semcom\/wp-content\/uploads\/sites\/5\/2024\/01\/53455983189_ae69aeac67_c.jpg\",\"datePublished\":\"2024-01-10T19:09:09+00:00\",\"dateModified\":\"2024-01-10T19:09:11+00:00\",\"author\":{\"@id\":\"https:\/\/www.manaus.am.gov.br\/semcom\/#\/schema\/person\/a5ee5376db6e21af026374b369f30882\"},\"description\":\"A Prefeitura de Manaus, por meio da Seminf, aplicou, nesta quarta-feira, 10\/1, 300 toneladas de massa asf\u00e1ltica na rua 29 da Cidade Nova.\",\"inLanguage\":\"pt-BR\",\"potentialAction\":[{\"@type\":\"ReadAction\",\"target\":[\"https:\/\/www.manaus.am.gov.br\/semcom\/prefeitura-aplica-300-toneladas-de-massa-em-via-do-bairro-cidade-nova\/\"]}]},{\"@type\":\"ImageObject\",\"inLanguage\":\"pt-BR\",\"@id\":\"https:\/\/www.manaus.am.gov.br\/semcom\/prefeitura-aplica-300-toneladas-de-massa-em-via-do-bairro-cidade-nova\/#primaryimage\",\"url\":\"https:\/\/www.manaus.am.gov.br\/semcom\/wp-content\/uploads\/sites\/5\/2024\/01\/53455983189_ae69aeac67_c.jpg\",\"contentUrl\":\"https:\/\/www.manaus.am.gov.br\/semcom\/wp-content\/uploads\/sites\/5\/2024\/01\/53455983189_ae69aeac67_c.jpg\",\"width\":800,\"height\":450,\"caption\":\"#paratodosverem - Servidores da Seminf trabalhando em via da Cidade Nova\"},{\"@type\":\"WebSite\",\"@id\":\"https:\/\/www.manaus.am.gov.br\/semcom\/#website\",\"url\":\"https:\/\/www.manaus.am.gov.br\/semcom\/\",\"name\":\"SEMCOM\",\"description\":\"Secretaria Municipal de Comunica\u00e7\u00e3o\",\"potentialAction\":[{\"@type\":\"SearchAction\",\"target\":{\"@type\":\"EntryPoint\",\"urlTemplate\":\"https:\/\/www.manaus.am.gov.br\/semcom\/?s={search_term_string}\"},\"query-input\":\"required name=search_term_string\"}],\"inLanguage\":\"pt-BR\"},{\"@type\":\"Person\",\"@id\":\"https:\/\/www.manaus.am.gov.br\/semcom\/#\/schema\/person\/a5ee5376db6e21af026374b369f30882\",\"name\":\"Thiago Fernando\",\"image\":{\"@type\":\"ImageObject\",\"inLanguage\":\"pt-BR\",\"@id\":\"https:\/\/www.manaus.am.gov.br\/semcom\/#\/schema\/person\/image\/\",\"url\":\"https:\/\/secure.gravatar.com\/avatar\/f5aab8722444041451501c077052ac07?s=96&d=mm&r=g\",\"contentUrl\":\"https:\/\/secure.gravatar.com\/avatar\/f5aab8722444041451501c077052ac07?s=96&d=mm&r=g\",\"caption\":\"Thiago Fernando\"}}]}<\/script>\n<!-- \/ Yoast SEO plugin. -->","yoast_head_json":{"title":"Prefeitura aplica 300 toneladas de massa em via da Cidade Nova\u00a0","description":"A Prefeitura de Manaus, por meio da Seminf, aplicou, nesta quarta-feira, 10\/1, 300 toneladas de massa asf\u00e1ltica na rua 29 da Cidade Nova.","robots":{"index":"index","follow":"follow","max-snippet":"max-snippet:-1","max-image-preview":"max-image-preview:large","max-video-preview":"max-video-preview:-1"},"canonical":"https:\/\/www.manaus.am.gov.br\/semcom\/prefeitura-aplica-300-toneladas-de-massa-em-via-do-bairro-cidade-nova\/","og_locale":"pt_BR","og_type":"article","og_title":"Prefeitura aplica 300 toneladas de massa em via da Cidade Nova\u00a0","og_description":"A Prefeitura de Manaus, por meio da Seminf, aplicou, nesta quarta-feira, 10\/1, 300 toneladas de massa asf\u00e1ltica na rua 29 da Cidade Nova.","og_url":"https:\/\/www.manaus.am.gov.br\/semcom\/prefeitura-aplica-300-toneladas-de-massa-em-via-do-bairro-cidade-nova\/","og_site_name":"SEMCOM","article_published_time":"2024-01-10T19:09:09+00:00","article_modified_time":"2024-01-10T19:09:11+00:00","og_image":[{"width":800,"height":450,"url":"https:\/\/www.manaus.am.gov.br\/semcom\/wp-content\/uploads\/sites\/5\/2024\/01\/53455983189_ae69aeac67_c.jpg","type":"image\/jpeg"}],"author":"Thiago Fernando","twitter_card":"summary_large_image","twitter_misc":{"Written by":"Thiago Fernando","Est. reading time":"2 minutos"},"schema":{"@context":"https:\/\/schema.org","@graph":[{"@type":"WebPage","@id":"https:\/\/www.manaus.am.gov.br\/semcom\/prefeitura-aplica-300-toneladas-de-massa-em-via-do-bairro-cidade-nova\/","url":"https:\/\/www.manaus.am.gov.br\/semcom\/prefeitura-aplica-300-toneladas-de-massa-em-via-do-bairro-cidade-nova\/","name":"Prefeitura aplica 300 toneladas de massa em via da Cidade Nova\u00a0","isPartOf":{"@id":"https:\/\/www.manaus.am.gov.br\/semcom\/#website"},"primaryImageOfPage":{"@id":"https:\/\/www.manaus.am.gov.br\/semcom\/prefeitura-aplica-300-toneladas-de-massa-em-via-do-bairro-cidade-nova\/#primaryimage"},"image":{"@id":"https:\/\/www.manaus.am.gov.br\/semcom\/prefeitura-aplica-300-toneladas-de-massa-em-via-do-bairro-cidade-nova\/#primaryimage"},"thumbnailUrl":"https:\/\/www.manaus.am.gov.br\/semcom\/wp-content\/uploads\/sites\/5\/2024\/01\/53455983189_ae69aeac67_c.jpg","datePublished":"2024-01-10T19:09:09+00:00","dateModified":"2024-01-10T19:09:11+00:00","author":{"@id":"https:\/\/www.manaus.am.gov.br\/semcom\/#\/schema\/person\/a5ee5376db6e21af026374b369f30882"},"description":"A Prefeitura de Manaus, por meio da Seminf, aplicou, nesta quarta-feira, 10\/1, 300 toneladas de massa asf\u00e1ltica na rua 29 da Cidade Nova.","inLanguage":"pt-BR","potentialAction":[{"@type":"ReadAction","target":["https:\/\/www.manaus.am.gov.br\/semcom\/prefeitura-aplica-300-toneladas-de-massa-em-via-do-bairro-cidade-nova\/"]}]},{"@type":"ImageObject","inLanguage":"pt-BR","@id":"https:\/\/www.manaus.am.gov.br\/semcom\/prefeitura-aplica-300-toneladas-de-massa-em-via-do-bairro-cidade-nova\/#primaryimage","url":"https:\/\/www.manaus.am.gov.br\/semcom\/wp-content\/uploads\/sites\/5\/2024\/01\/53455983189_ae69aeac67_c.jpg","contentUrl":"https:\/\/www.manaus.am.gov.br\/semcom\/wp-content\/uploads\/sites\/5\/2024\/01\/53455983189_ae69aeac67_c.jpg","width":800,"height":450,"caption":"#paratodosverem - Servidores da Seminf trabalhando em via da Cidade Nova"},{"@type":"WebSite","@id":"https:\/\/www.manaus.am.gov.br\/semcom\/#website","url":"https:\/\/www.manaus.am.gov.br\/semcom\/","name":"SEMCOM","description":"Secretaria Municipal de Comunica\u00e7\u00e3o","potentialAction":[{"@type":"SearchAction","target":{"@type":"EntryPoint","urlTemplate":"https:\/\/www.manaus.am.gov.br\/semcom\/?s={search_term_string}"},"query-input":"required name=search_term_string"}],"inLanguage":"pt-BR"},{"@type":"Person","@id":"https:\/\/www.manaus.am.gov.br\/semcom\/#\/schema\/person\/a5ee5376db6e21af026374b369f30882","name":"Thiago Fernando","image":{"@type":"ImageObject","inLanguage":"pt-BR","@id":"https:\/\/www.manaus.am.gov.br\/semcom\/#\/schema\/person\/image\/","url":"https:\/\/secure.gravatar.com\/avatar\/f5aab8722444041451501c077052ac07?s=96&d=mm&r=g","contentUrl":"https:\/\/secure.gravatar.com\/avatar\/f5aab8722444041451501c077052ac07?s=96&d=mm&r=g","caption":"Thiago Fernando"}}]}},"_links":{"self":[{"href":"https:\/\/www.manaus.am.gov.br\/semcom\/wp-json\/wp\/v2\/posts\/224006"}],"collection":[{"href":"https:\/\/www.manaus.am.gov.br\/semcom\/wp-json\/wp\/v2\/posts"}],"about":[{"href":"https:\/\/www.manaus.am.gov.br\/semcom\/wp-json\/wp\/v2\/types\/post"}],"author":[{"embeddable":true,"href":"https:\/\/www.manaus.am.gov.br\/semcom\/wp-json\/wp\/v2\/users\/57"}],"replies":[{"embeddable":true,"href":"https:\/\/www.manaus.am.gov.br\/semcom\/wp-json\/wp\/v2\/comments?post=224006"}],"version-history":[{"count":0,"href":"https:\/\/www.manaus.am.gov.br\/semcom\/wp-json\/wp\/v2\/posts\/224006\/revisions"}],"wp:featuredmedia":[{"embeddable":true,"href":"https:\/\/www.manaus.am.gov.br\/semcom\/wp-json\/wp\/v2\/media\/224007"}],"wp:attachment":[{"href":"https:\/\/www.manaus.am.gov.br\/semcom\/wp-json\/wp\/v2\/media?parent=224006"}],"wp:term":[{"taxonomy":"category","embeddable":true,"href":"https:\/\/www.manaus.am.gov.br\/semcom\/wp-json\/wp\/v2\/categories?post=224006"},{"taxonomy":"post_tag","embeddable":true,"href":"https:\/\/www.manaus.am.gov.br\/semcom\/wp-json\/wp\/v2\/tags?post=224006"}],"curies":[{"name":"wp","href":"https:\/\/api.w.org\/{rel}","templated":true}]}}