{"id":223822,"date":"2024-01-03T16:47:39","date_gmt":"2024-01-03T20:47:39","guid":{"rendered":"https:\/\/www.manaus.am.gov.br\/semcom\/maior-reveillon-de-todos-atrai-mais-de-150-mil-pessoas-na-ponta-negra-e-consolida-colegiado-municipal\/"},"modified":"2024-01-03T16:47:39","modified_gmt":"2024-01-03T20:47:39","slug":"maior-reveillon-de-todos-atrai-mais-de-150-mil-pessoas-na-ponta-negra-e-consolida-colegiado-municipal","status":"publish","type":"post","link":"https:\/\/www.manaus.am.gov.br\/semcom\/maior-reveillon-de-todos-atrai-mais-de-150-mil-pessoas-na-ponta-negra-e-consolida-colegiado-municipal\/","title":{"rendered":"\u201cMaior R\u00e9veillon de Todos\u201d atrai mais de 150 mil pessoas na Ponta Negra e consolida Colegiado Municipal"},"content":{"rendered":"\n<p>O \u201cMaior R\u00e9veillon de Todos\u201d, realizado pela Prefeitura de Manaus nos dias 30 e 31\/12, atraiu um p\u00fablico rotativo superior a 150 mil pessoas no complexo tur\u00edstico da Ponta Negra, localizado na zona Oeste, de acordo com o Centro de Coopera\u00e7\u00e3o da Cidade (CCC). O evento teve o monitoramento do Colegiado Municipal, coordenado estrategicamente pelo CCC.<\/p>\n\n\n\n<p>A celebra\u00e7\u00e3o de r\u00e9veillon, com organiza\u00e7\u00e3o geral desenvolvida pela Funda\u00e7\u00e3o Municipal de Cultura, Turismo e Eventos (Manauscult), atraiu uma verdadeira multid\u00e3o. No dia 30\/12, mais de 35 mil pessoas prestigiaram o R\u00e9veillon Gospel, que contou com a participa\u00e7\u00e3o das cantoras nacionais Cassiane e Fernanda Brum. J\u00e1 no dia 31, mais de 115 mil pessoas estiveram presentes no complexo da Ponta Negra para dan\u00e7ar ao ritmo envolvente de Joelma e cantar os hits do funkeiro Kevin o Cris e do forrozeiro Dorgival Dantas.<\/p>\n\n\n\n<p>Para garantir que tudo corresse como planejado, o Colegiado Municipal, que tamb\u00e9m atuou nos shows realizados no Parque Amazonino Mendes, entre as zonas Norte e Leste, promoveu reuni\u00f5es setoriais integrando as secretarias e \u00f3rg\u00e3os envolvidos nas festividades. As tratativas inclu\u00edram o monitoramento nos per\u00edmetros, servi\u00e7os de sa\u00fade, coordena\u00e7\u00e3o da seguran\u00e7a p\u00fablica, fiscaliza\u00e7\u00e3o de tr\u00e2nsito, transporte, vigil\u00e2ncia sanit\u00e1ria, assist\u00eancia social e supervis\u00e3o de ambulantes e permission\u00e1rios no circuito, como destacou o superintendente do CCC, Sandro Diz.<\/p>\n\n\n<div class=\"wp-block-image\">\n<figure class=\"aligncenter size-full\"><img loading=\"lazy\" decoding=\"async\" width=\"799\" height=\"533\" src=\"https:\/\/www.manaus.am.gov.br\/semcom\/wp-content\/uploads\/sites\/5\/2024\/01\/Reveillon-Organizacao-2.jpg\" alt=\"\" class=\"wp-image-223824\" srcset=\"https:\/\/www.manaus.am.gov.br\/semcom\/wp-content\/uploads\/sites\/5\/2024\/01\/Reveillon-Organizacao-2.jpg 799w, https:\/\/www.manaus.am.gov.br\/semcom\/wp-content\/uploads\/sites\/5\/2024\/01\/Reveillon-Organizacao-2-300x200.jpg 300w, https:\/\/www.manaus.am.gov.br\/semcom\/wp-content\/uploads\/sites\/5\/2024\/01\/Reveillon-Organizacao-2-768x512.jpg 768w\" sizes=\"(max-width: 799px) 100vw, 799px\" \/><figcaption class=\"wp-element-caption\">Colegiado Municipal<\/figcaption><\/figure><\/div>\n\n\n<p>\u201cA realiza\u00e7\u00e3o do R\u00e9veillon, pela Prefeitura de Manaus, destaca a integralidade do evento, onde a responsabilidade pela organiza\u00e7\u00e3o \u00e9 do munic\u00edpio, e a maioria dos \u00f3rg\u00e3os envolvidos \u00e9 municipal. Essa integra\u00e7\u00e3o representa o ponto alto de um extenso planejamento ao longo de meses. \u00c9 importante dizer que embora a celebra\u00e7\u00e3o de dois dias seja vis\u00edvel para o p\u00fablico, \u00e9, na verdade, o desfecho de um esfor\u00e7o coordenado, visando proporcionar \u00e0 popula\u00e7\u00e3o a melhor passagem de ano da hist\u00f3ria\u201d, enfatizou Diz.<\/p>\n\n\n\n<p><strong>Rede de monitoramento&nbsp;<\/strong><\/p>\n\n\n\n<p>O Centro de Coopera\u00e7\u00e3o da Cidade tamb\u00e9m realizou o monitoramento por imagens nos per\u00edmetros da Ponta Negra e do Parque Amazonino Mendes, visando garantir o bem-estar social do p\u00fablico nos locais &nbsp;que receberam a programa\u00e7\u00e3o do \u201cMaior R\u00e9veillon de Todos\u201d.<\/p>\n\n\n\n<p>C\u00e2meras dos modelos PTZ (Pan, Tilt, e Zoom) e Bullet desempenharam um papel crucial ao oferecer monitoramento, em tempo real, de cada metro dos locais. Essas c\u00e2meras, equipadas com tecnologia de alta resolu\u00e7\u00e3o de imagens 4K e intelig\u00eancia artificial de aproxima\u00e7\u00e3o de 60X, representaram um avan\u00e7o significativo em termos de efic\u00e1cia de monitoramento municipal.&nbsp;<\/p>\n\n\n\n<p>A capacidade de aproxima\u00e7\u00e3o permitiu uma vis\u00e3o detalhada e abrangente das atividades, enquanto a resolu\u00e7\u00e3o 4K garantiu a captura n\u00edtida e precisa do evento. Essas medidas refletem o compromisso em empregar tecnologias de \u00faltima gera\u00e7\u00e3o para garantir a seguran\u00e7a e a experi\u00eancia positiva para todos os participantes no evento.\u00a0<\/p>\n\n\n<div class=\"wp-block-image\">\n<figure class=\"aligncenter size-full\"><img loading=\"lazy\" decoding=\"async\" width=\"799\" height=\"533\" src=\"https:\/\/www.manaus.am.gov.br\/semcom\/wp-content\/uploads\/sites\/5\/2024\/01\/Reveillon-Organizacao-3.jpg\" alt=\"\" class=\"wp-image-223823\" srcset=\"https:\/\/www.manaus.am.gov.br\/semcom\/wp-content\/uploads\/sites\/5\/2024\/01\/Reveillon-Organizacao-3.jpg 799w, https:\/\/www.manaus.am.gov.br\/semcom\/wp-content\/uploads\/sites\/5\/2024\/01\/Reveillon-Organizacao-3-300x200.jpg 300w, https:\/\/www.manaus.am.gov.br\/semcom\/wp-content\/uploads\/sites\/5\/2024\/01\/Reveillon-Organizacao-3-768x512.jpg 768w\" sizes=\"(max-width: 799px) 100vw, 799px\" \/><figcaption class=\"wp-element-caption\">Monitoramento por c\u00e2meras<\/figcaption><\/figure><\/div>\n\n\n<p><strong>Colegiado Municipal&nbsp;<\/strong><\/p>\n\n\n\n<p>A cria\u00e7\u00e3o do colegiado tornou-se uma constante nas atividades da atual administra\u00e7\u00e3o municipal por meio do Plano de A\u00e7\u00f5es Integradas (PAI). Uma vez que se decide a montagem de um colegiado dentro de um evento de grande porte, que demanda a integra\u00e7\u00e3o de atividades de diferentes pastas exige-se igualmente a necessidade de estruturar um colegiado ativo para solucionar os acontecimentos, junto \u00e0 coordena\u00e7\u00e3o feita pela Manauscult.&nbsp;<\/p>\n\n\n\n<p>&#8220;Essa colabora\u00e7\u00e3o intensiva reflete o comprometimento conjunto em oferecer um evento grandioso, respeitando a tradi\u00e7\u00e3o e promovendo a uni\u00e3o de nossa comunidade. Estamos confiantes de que, juntos, proporcionamos uma celebra\u00e7\u00e3o que ficar\u00e1 marcada na mem\u00f3ria de todos\u201d, assegurou o diretor-presidente da Manauscult, Reginei Rodrigues.&nbsp;&nbsp;<\/p>\n\n\n\n<p>Integraram o colegiado da Matriz de Responsabilidade do \u201cMaior R\u00e9veillon de Todos\u201d, representantes da esfera municipal e estadual: a Funda\u00e7\u00e3o Municipal de Cultura, Turismo e Eventos (Manauscult), Seguran\u00e7a P\u00fablica e Defesa Social (Semseg), Seguran\u00e7a P\u00fablica (Seagi\/SSP-AM), Pol\u00edcia Militar (PM-AM), Pol\u00edcia Civil (PC-AM), Corregedoria-Geral (SSP-AM), Instituto Municipal de Planejamento Urbano (Implurb), Instituto Municipal de Mobilidade Urbana (IMMU), Limpeza Urbana (Semulsp), Feiras, Mercados e Com\u00e9rcio Informal (Semacc), Casa Militar, Vara da Inf\u00e2ncia e Juventude Infracional (TJ-AM), UGPM-Energia (Seminf), Vigil\u00e2ncia em sa\u00fade do Amazonas (FVS-RCP\/AM), Pol\u00edcia T\u00e9cnico-cient\u00edfica (DPTC-AM), Mulher, Assist\u00eancia Social e Cidadania (Semasc), Assist\u00eancia Social (Seas), Articula\u00e7\u00e3o Amaz\u00f4nica dos Povos e Comunidades Tradicionais de Terreiro de Matriz Africana (Aratrama), Conselho Tutelar, Vigil\u00e2ncia Sanit\u00e1ria Municipal (Visa Manaus) Sa\u00fade (Semsa e SES), Servi\u00e7o de Atendimento M\u00f3vel de Urg\u00eancia (Samu), Corpo de Bombeiros Militar do Amazonas (CBM-AM). &nbsp;<\/p>\n\n\n\n<p>&nbsp;&#8212; &#8212; &#8212;&nbsp;<\/p>\n\n\n\n<p><strong>Texto &#8211;<\/strong>&nbsp;Samira El kebbe \/ CCC&nbsp;<\/p>\n\n\n\n<p><strong>Fotos &#8211;<\/strong>\u00a0Divulga\u00e7\u00e3o \/ Semcom\u00a0<\/p>\n","protected":false},"excerpt":{"rendered":"","protected":false},"author":61,"featured_media":223825,"comment_status":"closed","ping_status":"closed","sticky":false,"template":"","format":"standard","meta":{"footnotes":""},"categories":[7],"tags":[146,2618,9318,77,9932],"acf":[],"yoast_head":"<!-- This site is optimized with the Yoast SEO plugin v23.0 - https:\/\/yoast.com\/wordpress\/plugins\/seo\/ -->\n<title>\u201cMaior R\u00e9veillon de Todos\u201d leva 150 mil pessoas \u00e0 Ponta Negra<\/title>\n<meta name=\"description\" content=\"O \u201cMaior R\u00e9veillon de Todos\u201d, realizado pela Prefeitura de Manaus atraiu um p\u00fablico rotativo superior a 150 mil pessoas para a Ponta Negra.\" \/>\n<meta name=\"robots\" content=\"index, follow, max-snippet:-1, max-image-preview:large, max-video-preview:-1\" \/>\n<link rel=\"canonical\" href=\"https:\/\/www.manaus.am.gov.br\/semcom\/maior-reveillon-de-todos-atrai-mais-de-150-mil-pessoas-na-ponta-negra-e-consolida-colegiado-municipal\/\" \/>\n<meta property=\"og:locale\" content=\"pt_BR\" \/>\n<meta property=\"og:type\" content=\"article\" \/>\n<meta property=\"og:title\" content=\"\u201cMaior R\u00e9veillon de Todos\u201d leva 150 mil pessoas \u00e0 Ponta Negra\" \/>\n<meta property=\"og:description\" content=\"O \u201cMaior R\u00e9veillon de Todos\u201d, realizado pela Prefeitura de Manaus atraiu um p\u00fablico rotativo superior a 150 mil pessoas para a Ponta Negra.\" \/>\n<meta property=\"og:url\" content=\"https:\/\/www.manaus.am.gov.br\/semcom\/maior-reveillon-de-todos-atrai-mais-de-150-mil-pessoas-na-ponta-negra-e-consolida-colegiado-municipal\/\" \/>\n<meta property=\"og:site_name\" content=\"SEMCOM\" \/>\n<meta property=\"article:published_time\" content=\"2024-01-03T20:47:39+00:00\" \/>\n<meta property=\"og:image\" content=\"https:\/\/www.manaus.am.gov.br\/semcom\/wp-content\/uploads\/sites\/5\/2024\/01\/Reveillon-Organizacao-4.jpg\" \/>\n\t<meta property=\"og:image:width\" content=\"800\" \/>\n\t<meta property=\"og:image:height\" content=\"450\" \/>\n\t<meta property=\"og:image:type\" content=\"image\/jpeg\" \/>\n<meta name=\"author\" content=\"smonteiro\" \/>\n<meta name=\"twitter:card\" content=\"summary_large_image\" \/>\n<meta name=\"twitter:label1\" content=\"Written by\" \/>\n\t<meta name=\"twitter:data1\" content=\"smonteiro\" \/>\n\t<meta name=\"twitter:label2\" content=\"Est. reading time\" \/>\n\t<meta name=\"twitter:data2\" content=\"5 minutos\" \/>\n<script type=\"application\/ld+json\" class=\"yoast-schema-graph\">{\"@context\":\"https:\/\/schema.org\",\"@graph\":[{\"@type\":\"WebPage\",\"@id\":\"https:\/\/www.manaus.am.gov.br\/semcom\/maior-reveillon-de-todos-atrai-mais-de-150-mil-pessoas-na-ponta-negra-e-consolida-colegiado-municipal\/\",\"url\":\"https:\/\/www.manaus.am.gov.br\/semcom\/maior-reveillon-de-todos-atrai-mais-de-150-mil-pessoas-na-ponta-negra-e-consolida-colegiado-municipal\/\",\"name\":\"\u201cMaior R\u00e9veillon de Todos\u201d leva 150 mil pessoas \u00e0 Ponta Negra\",\"isPartOf\":{\"@id\":\"https:\/\/www.manaus.am.gov.br\/semcom\/#website\"},\"primaryImageOfPage\":{\"@id\":\"https:\/\/www.manaus.am.gov.br\/semcom\/maior-reveillon-de-todos-atrai-mais-de-150-mil-pessoas-na-ponta-negra-e-consolida-colegiado-municipal\/#primaryimage\"},\"image\":{\"@id\":\"https:\/\/www.manaus.am.gov.br\/semcom\/maior-reveillon-de-todos-atrai-mais-de-150-mil-pessoas-na-ponta-negra-e-consolida-colegiado-municipal\/#primaryimage\"},\"thumbnailUrl\":\"https:\/\/www.manaus.am.gov.br\/semcom\/wp-content\/uploads\/sites\/5\/2024\/01\/Reveillon-Organizacao-4.jpg\",\"datePublished\":\"2024-01-03T20:47:39+00:00\",\"dateModified\":\"2024-01-03T20:47:39+00:00\",\"author\":{\"@id\":\"https:\/\/www.manaus.am.gov.br\/semcom\/#\/schema\/person\/ab4dcf766a54dff74e8d267f5c591961\"},\"description\":\"O \u201cMaior R\u00e9veillon de Todos\u201d, realizado pela Prefeitura de Manaus atraiu um p\u00fablico rotativo superior a 150 mil pessoas para a Ponta Negra.\",\"inLanguage\":\"pt-BR\",\"potentialAction\":[{\"@type\":\"ReadAction\",\"target\":[\"https:\/\/www.manaus.am.gov.br\/semcom\/maior-reveillon-de-todos-atrai-mais-de-150-mil-pessoas-na-ponta-negra-e-consolida-colegiado-municipal\/\"]}]},{\"@type\":\"ImageObject\",\"inLanguage\":\"pt-BR\",\"@id\":\"https:\/\/www.manaus.am.gov.br\/semcom\/maior-reveillon-de-todos-atrai-mais-de-150-mil-pessoas-na-ponta-negra-e-consolida-colegiado-municipal\/#primaryimage\",\"url\":\"https:\/\/www.manaus.am.gov.br\/semcom\/wp-content\/uploads\/sites\/5\/2024\/01\/Reveillon-Organizacao-4.jpg\",\"contentUrl\":\"https:\/\/www.manaus.am.gov.br\/semcom\/wp-content\/uploads\/sites\/5\/2024\/01\/Reveillon-Organizacao-4.jpg\",\"width\":800,\"height\":450,\"caption\":\"$paratodosverem - imagem a\u00e9rea do R\u00e9veillon na Ponta Negra\"},{\"@type\":\"WebSite\",\"@id\":\"https:\/\/www.manaus.am.gov.br\/semcom\/#website\",\"url\":\"https:\/\/www.manaus.am.gov.br\/semcom\/\",\"name\":\"SEMCOM\",\"description\":\"Secretaria Municipal de Comunica\u00e7\u00e3o\",\"potentialAction\":[{\"@type\":\"SearchAction\",\"target\":{\"@type\":\"EntryPoint\",\"urlTemplate\":\"https:\/\/www.manaus.am.gov.br\/semcom\/?s={search_term_string}\"},\"query-input\":\"required name=search_term_string\"}],\"inLanguage\":\"pt-BR\"},{\"@type\":\"Person\",\"@id\":\"https:\/\/www.manaus.am.gov.br\/semcom\/#\/schema\/person\/ab4dcf766a54dff74e8d267f5c591961\",\"name\":\"smonteiro\",\"image\":{\"@type\":\"ImageObject\",\"inLanguage\":\"pt-BR\",\"@id\":\"https:\/\/www.manaus.am.gov.br\/semcom\/#\/schema\/person\/image\/\",\"url\":\"https:\/\/secure.gravatar.com\/avatar\/21c8776ef61d9272c73322052e042d77?s=96&d=mm&r=g\",\"contentUrl\":\"https:\/\/secure.gravatar.com\/avatar\/21c8776ef61d9272c73322052e042d77?s=96&d=mm&r=g\",\"caption\":\"smonteiro\"}}]}<\/script>\n<!-- \/ Yoast SEO plugin. -->","yoast_head_json":{"title":"\u201cMaior R\u00e9veillon de Todos\u201d leva 150 mil pessoas \u00e0 Ponta Negra","description":"O \u201cMaior R\u00e9veillon de Todos\u201d, realizado pela Prefeitura de Manaus atraiu um p\u00fablico rotativo superior a 150 mil pessoas para a Ponta Negra.","robots":{"index":"index","follow":"follow","max-snippet":"max-snippet:-1","max-image-preview":"max-image-preview:large","max-video-preview":"max-video-preview:-1"},"canonical":"https:\/\/www.manaus.am.gov.br\/semcom\/maior-reveillon-de-todos-atrai-mais-de-150-mil-pessoas-na-ponta-negra-e-consolida-colegiado-municipal\/","og_locale":"pt_BR","og_type":"article","og_title":"\u201cMaior R\u00e9veillon de Todos\u201d leva 150 mil pessoas \u00e0 Ponta Negra","og_description":"O \u201cMaior R\u00e9veillon de Todos\u201d, realizado pela Prefeitura de Manaus atraiu um p\u00fablico rotativo superior a 150 mil pessoas para a Ponta Negra.","og_url":"https:\/\/www.manaus.am.gov.br\/semcom\/maior-reveillon-de-todos-atrai-mais-de-150-mil-pessoas-na-ponta-negra-e-consolida-colegiado-municipal\/","og_site_name":"SEMCOM","article_published_time":"2024-01-03T20:47:39+00:00","og_image":[{"width":800,"height":450,"url":"https:\/\/www.manaus.am.gov.br\/semcom\/wp-content\/uploads\/sites\/5\/2024\/01\/Reveillon-Organizacao-4.jpg","type":"image\/jpeg"}],"author":"smonteiro","twitter_card":"summary_large_image","twitter_misc":{"Written by":"smonteiro","Est. reading time":"5 minutos"},"schema":{"@context":"https:\/\/schema.org","@graph":[{"@type":"WebPage","@id":"https:\/\/www.manaus.am.gov.br\/semcom\/maior-reveillon-de-todos-atrai-mais-de-150-mil-pessoas-na-ponta-negra-e-consolida-colegiado-municipal\/","url":"https:\/\/www.manaus.am.gov.br\/semcom\/maior-reveillon-de-todos-atrai-mais-de-150-mil-pessoas-na-ponta-negra-e-consolida-colegiado-municipal\/","name":"\u201cMaior R\u00e9veillon de Todos\u201d leva 150 mil pessoas \u00e0 Ponta Negra","isPartOf":{"@id":"https:\/\/www.manaus.am.gov.br\/semcom\/#website"},"primaryImageOfPage":{"@id":"https:\/\/www.manaus.am.gov.br\/semcom\/maior-reveillon-de-todos-atrai-mais-de-150-mil-pessoas-na-ponta-negra-e-consolida-colegiado-municipal\/#primaryimage"},"image":{"@id":"https:\/\/www.manaus.am.gov.br\/semcom\/maior-reveillon-de-todos-atrai-mais-de-150-mil-pessoas-na-ponta-negra-e-consolida-colegiado-municipal\/#primaryimage"},"thumbnailUrl":"https:\/\/www.manaus.am.gov.br\/semcom\/wp-content\/uploads\/sites\/5\/2024\/01\/Reveillon-Organizacao-4.jpg","datePublished":"2024-01-03T20:47:39+00:00","dateModified":"2024-01-03T20:47:39+00:00","author":{"@id":"https:\/\/www.manaus.am.gov.br\/semcom\/#\/schema\/person\/ab4dcf766a54dff74e8d267f5c591961"},"description":"O \u201cMaior R\u00e9veillon de Todos\u201d, realizado pela Prefeitura de Manaus atraiu um p\u00fablico rotativo superior a 150 mil pessoas para a Ponta Negra.","inLanguage":"pt-BR","potentialAction":[{"@type":"ReadAction","target":["https:\/\/www.manaus.am.gov.br\/semcom\/maior-reveillon-de-todos-atrai-mais-de-150-mil-pessoas-na-ponta-negra-e-consolida-colegiado-municipal\/"]}]},{"@type":"ImageObject","inLanguage":"pt-BR","@id":"https:\/\/www.manaus.am.gov.br\/semcom\/maior-reveillon-de-todos-atrai-mais-de-150-mil-pessoas-na-ponta-negra-e-consolida-colegiado-municipal\/#primaryimage","url":"https:\/\/www.manaus.am.gov.br\/semcom\/wp-content\/uploads\/sites\/5\/2024\/01\/Reveillon-Organizacao-4.jpg","contentUrl":"https:\/\/www.manaus.am.gov.br\/semcom\/wp-content\/uploads\/sites\/5\/2024\/01\/Reveillon-Organizacao-4.jpg","width":800,"height":450,"caption":"$paratodosverem - imagem a\u00e9rea do R\u00e9veillon na Ponta Negra"},{"@type":"WebSite","@id":"https:\/\/www.manaus.am.gov.br\/semcom\/#website","url":"https:\/\/www.manaus.am.gov.br\/semcom\/","name":"SEMCOM","description":"Secretaria Municipal de Comunica\u00e7\u00e3o","potentialAction":[{"@type":"SearchAction","target":{"@type":"EntryPoint","urlTemplate":"https:\/\/www.manaus.am.gov.br\/semcom\/?s={search_term_string}"},"query-input":"required name=search_term_string"}],"inLanguage":"pt-BR"},{"@type":"Person","@id":"https:\/\/www.manaus.am.gov.br\/semcom\/#\/schema\/person\/ab4dcf766a54dff74e8d267f5c591961","name":"smonteiro","image":{"@type":"ImageObject","inLanguage":"pt-BR","@id":"https:\/\/www.manaus.am.gov.br\/semcom\/#\/schema\/person\/image\/","url":"https:\/\/secure.gravatar.com\/avatar\/21c8776ef61d9272c73322052e042d77?s=96&d=mm&r=g","contentUrl":"https:\/\/secure.gravatar.com\/avatar\/21c8776ef61d9272c73322052e042d77?s=96&d=mm&r=g","caption":"smonteiro"}}]}},"_links":{"self":[{"href":"https:\/\/www.manaus.am.gov.br\/semcom\/wp-json\/wp\/v2\/posts\/223822"}],"collection":[{"href":"https:\/\/www.manaus.am.gov.br\/semcom\/wp-json\/wp\/v2\/posts"}],"about":[{"href":"https:\/\/www.manaus.am.gov.br\/semcom\/wp-json\/wp\/v2\/types\/post"}],"author":[{"embeddable":true,"href":"https:\/\/www.manaus.am.gov.br\/semcom\/wp-json\/wp\/v2\/users\/61"}],"replies":[{"embeddable":true,"href":"https:\/\/www.manaus.am.gov.br\/semcom\/wp-json\/wp\/v2\/comments?post=223822"}],"version-history":[{"count":1,"href":"https:\/\/www.manaus.am.gov.br\/semcom\/wp-json\/wp\/v2\/posts\/223822\/revisions"}],"predecessor-version":[{"id":223826,"href":"https:\/\/www.manaus.am.gov.br\/semcom\/wp-json\/wp\/v2\/posts\/223822\/revisions\/223826"}],"wp:featuredmedia":[{"embeddable":true,"href":"https:\/\/www.manaus.am.gov.br\/semcom\/wp-json\/wp\/v2\/media\/223825"}],"wp:attachment":[{"href":"https:\/\/www.manaus.am.gov.br\/semcom\/wp-json\/wp\/v2\/media?parent=223822"}],"wp:term":[{"taxonomy":"category","embeddable":true,"href":"https:\/\/www.manaus.am.gov.br\/semcom\/wp-json\/wp\/v2\/categories?post=223822"},{"taxonomy":"post_tag","embeddable":true,"href":"https:\/\/www.manaus.am.gov.br\/semcom\/wp-json\/wp\/v2\/tags?post=223822"}],"curies":[{"name":"wp","href":"https:\/\/api.w.org\/{rel}","templated":true}]}}