{"id":223804,"date":"2024-01-03T12:52:52","date_gmt":"2024-01-03T15:52:52","guid":{"rendered":"https:\/\/www.manaus.am.gov.br\/semcom\/servidores-municipais-da-protecao-social-especial-se-reunem-para-discutir-principais-metas-de-2024\/"},"modified":"2024-01-03T12:52:54","modified_gmt":"2024-01-03T15:52:54","slug":"servidores-municipais-da-protecao-social-especial-se-reunem-para-discutir-principais-metas-de-2024","status":"publish","type":"post","link":"https:\/\/www.manaus.am.gov.br\/semcom\/servidores-municipais-da-protecao-social-especial-se-reunem-para-discutir-principais-metas-de-2024\/","title":{"rendered":"Servidores municipais da Prote\u00e7\u00e3o Social Especial se re\u00fanem para discutir principais metas de 2024\u00a0"},"content":{"rendered":"\n<p>Buscando definir e avaliar as principais metas para a oferta de servi\u00e7os e atendimento especializado a fam\u00edlias que tiveram seus direitos violados e s\u00e3o assistidas pelo Sistema \u00danico de Assist\u00eancia Social (Suas) para 2024, a Prefeitura de Manaus, por meio da Secretaria Municipal da Mulher, Assist\u00eancia Social e Cidadania (Semasc), deu in\u00edcio, nesta quarta-feira, 3\/1, ao \u201c1\u00b0 Encontro da Prote\u00e7\u00e3o Social Especial\u201d.&nbsp;<\/p>\n\n\n\n<p>A abertura do evento foi realizada no audit\u00f3rio da escola municipal Dr. S\u00e9rgio Alfredo Pessoa Figueiredo, na zona Sul, e reuniu servidores municipais para discutir e construir o Plano de A\u00e7\u00e3o a ser desenvolvido nos equipamentos socioassistenciais administrados pela gest\u00e3o municipal ao longo deste ano.&nbsp;<\/p>\n\n\n\n<p>\u201c\u00c9 um momento para que possamos alinhar os servi\u00e7os ofertados e at\u00e9 mesmo valorizar nossos servidores, ouvindo suas principais demandas e perspectivas em rela\u00e7\u00e3o ao trabalho realizado. \u00c9 a partir dessa valoriza\u00e7\u00e3o dos pontos de vista de nossos t\u00e9cnicos que esperamos tamb\u00e9m valorizar nossos usu\u00e1rios no decorrer do ano\u201d, destacou a diretora do Departamento de Prote\u00e7\u00e3o Social Especial da Semasc (DPSE), Neila Sardinha.&nbsp;<\/p>\n\n\n\n<p>Francil\u00facia Cavalcante, coordenadora do Centro de Refer\u00eancia Especializado de Assist\u00eancia Social (Creas) Norte, participou do primeiro dia de atividades e enfatizou a import\u00e2ncia do encontro para a qualifica\u00e7\u00e3o do atendimento prestado \u00e0 popula\u00e7\u00e3o.&nbsp;<\/p>\n\n\n\n<p>\u201cCreio que essa interatividade, essa troca de experi\u00eancias e a avalia\u00e7\u00e3o dos dados colhidos por cada uma das ger\u00eancias e coordena\u00e7\u00f5es de equipamentos seja fundamental para que o nosso trabalho se desenvolva da melhor maneira poss\u00edvel. \u00c9 importante para n\u00f3s servidores, mas quem realmente ganha com isso s\u00e3o as fam\u00edlias a quem atendemos\u201d, afirmou.&nbsp;<\/p>\n\n\n\n<p>A programa\u00e7\u00e3o do \u201c1\u00b0 Encontro da Prote\u00e7\u00e3o Social Especial\u201d continua nesta quinta-feira, 4\/1, e se encerra na sexta-feira, 5\/1, com a apresenta\u00e7\u00e3o e avalia\u00e7\u00e3o de propostas para o Plano de A\u00e7\u00e3o.&nbsp;<\/p>\n\n\n\n<p>&#8212; &#8212; &#8212;<\/p>\n\n\n\n<p><strong>Texto<\/strong> &#8211; Guilherme Pacheco \/ Semasc<\/p>\n\n\n\n<p><strong>Fotos &#8211;<\/strong> Diego Lima \/ Semasc<\/p>\n\n\n\n<p><strong>Dispon\u00edveis em <\/strong>&#8211;&nbsp;<a href=\"https:\/\/flic.kr\/s\/aHBqjB8ZQ4\">https:\/\/flic.kr\/s\/aHBqjB8ZQ4<\/a><\/p>\n","protected":false},"excerpt":{"rendered":"","protected":false},"author":39,"featured_media":223805,"comment_status":"closed","ping_status":"closed","sticky":false,"template":"","format":"standard","meta":{"footnotes":""},"categories":[657],"tags":[9984,1378,77,9985,153,6023],"acf":[],"yoast_head":"<!-- This site is optimized with the Yoast SEO plugin v23.0 - https:\/\/yoast.com\/wordpress\/plugins\/seo\/ -->\n<title>Prefeitura deu in\u00edcio ao \u201c1\u00b0 Encontro da Prote\u00e7\u00e3o Social Especial\u201d<\/title>\n<meta name=\"description\" content=\"Prefeitura de Manaus, por meio da Semasc, deu in\u00edcio, nesta quarta-feira, 3\/1, ao \u201c1\u00b0 Encontro da Prote\u00e7\u00e3o Social Especial\u201d.\u00a0\" \/>\n<meta name=\"robots\" content=\"index, follow, max-snippet:-1, max-image-preview:large, max-video-preview:-1\" \/>\n<link rel=\"canonical\" href=\"https:\/\/www.manaus.am.gov.br\/semcom\/servidores-municipais-da-protecao-social-especial-se-reunem-para-discutir-principais-metas-de-2024\/\" \/>\n<meta property=\"og:locale\" content=\"pt_BR\" \/>\n<meta property=\"og:type\" content=\"article\" \/>\n<meta property=\"og:title\" content=\"Prefeitura deu in\u00edcio ao \u201c1\u00b0 Encontro da Prote\u00e7\u00e3o Social Especial\u201d\" \/>\n<meta property=\"og:description\" content=\"Prefeitura de Manaus, por meio da Semasc, deu in\u00edcio, nesta quarta-feira, 3\/1, ao \u201c1\u00b0 Encontro da Prote\u00e7\u00e3o Social Especial\u201d.\u00a0\" \/>\n<meta property=\"og:url\" content=\"https:\/\/www.manaus.am.gov.br\/semcom\/servidores-municipais-da-protecao-social-especial-se-reunem-para-discutir-principais-metas-de-2024\/\" \/>\n<meta property=\"og:site_name\" content=\"SEMCOM\" \/>\n<meta property=\"article:published_time\" content=\"2024-01-03T15:52:52+00:00\" \/>\n<meta property=\"article:modified_time\" content=\"2024-01-03T15:52:54+00:00\" \/>\n<meta property=\"og:image\" content=\"https:\/\/www.manaus.am.gov.br\/semcom\/wp-content\/uploads\/sites\/5\/2024\/01\/53440183073_06d752277c_k.jpg\" \/>\n\t<meta property=\"og:image:width\" content=\"2048\" \/>\n\t<meta property=\"og:image:height\" content=\"1536\" \/>\n\t<meta property=\"og:image:type\" content=\"image\/jpeg\" \/>\n<meta name=\"author\" content=\"Bruna Greco\" \/>\n<meta name=\"twitter:card\" content=\"summary_large_image\" \/>\n<meta name=\"twitter:label1\" content=\"Written by\" \/>\n\t<meta name=\"twitter:data1\" content=\"Bruna Greco\" \/>\n\t<meta name=\"twitter:label2\" content=\"Est. reading time\" \/>\n\t<meta name=\"twitter:data2\" content=\"2 minutos\" \/>\n<script type=\"application\/ld+json\" class=\"yoast-schema-graph\">{\"@context\":\"https:\/\/schema.org\",\"@graph\":[{\"@type\":\"WebPage\",\"@id\":\"https:\/\/www.manaus.am.gov.br\/semcom\/servidores-municipais-da-protecao-social-especial-se-reunem-para-discutir-principais-metas-de-2024\/\",\"url\":\"https:\/\/www.manaus.am.gov.br\/semcom\/servidores-municipais-da-protecao-social-especial-se-reunem-para-discutir-principais-metas-de-2024\/\",\"name\":\"Prefeitura deu in\u00edcio ao \u201c1\u00b0 Encontro da Prote\u00e7\u00e3o Social Especial\u201d\",\"isPartOf\":{\"@id\":\"https:\/\/www.manaus.am.gov.br\/semcom\/#website\"},\"primaryImageOfPage\":{\"@id\":\"https:\/\/www.manaus.am.gov.br\/semcom\/servidores-municipais-da-protecao-social-especial-se-reunem-para-discutir-principais-metas-de-2024\/#primaryimage\"},\"image\":{\"@id\":\"https:\/\/www.manaus.am.gov.br\/semcom\/servidores-municipais-da-protecao-social-especial-se-reunem-para-discutir-principais-metas-de-2024\/#primaryimage\"},\"thumbnailUrl\":\"https:\/\/www.manaus.am.gov.br\/semcom\/wp-content\/uploads\/sites\/5\/2024\/01\/53440183073_06d752277c_k.jpg\",\"datePublished\":\"2024-01-03T15:52:52+00:00\",\"dateModified\":\"2024-01-03T15:52:54+00:00\",\"author\":{\"@id\":\"https:\/\/www.manaus.am.gov.br\/semcom\/#\/schema\/person\/05d223aea2bf115f9883a6ff3683d81b\"},\"description\":\"Prefeitura de Manaus, por meio da Semasc, deu in\u00edcio, nesta quarta-feira, 3\/1, ao \u201c1\u00b0 Encontro da Prote\u00e7\u00e3o Social Especial\u201d.\u00a0\",\"inLanguage\":\"pt-BR\",\"potentialAction\":[{\"@type\":\"ReadAction\",\"target\":[\"https:\/\/www.manaus.am.gov.br\/semcom\/servidores-municipais-da-protecao-social-especial-se-reunem-para-discutir-principais-metas-de-2024\/\"]}]},{\"@type\":\"ImageObject\",\"inLanguage\":\"pt-BR\",\"@id\":\"https:\/\/www.manaus.am.gov.br\/semcom\/servidores-municipais-da-protecao-social-especial-se-reunem-para-discutir-principais-metas-de-2024\/#primaryimage\",\"url\":\"https:\/\/www.manaus.am.gov.br\/semcom\/wp-content\/uploads\/sites\/5\/2024\/01\/53440183073_06d752277c_k.jpg\",\"contentUrl\":\"https:\/\/www.manaus.am.gov.br\/semcom\/wp-content\/uploads\/sites\/5\/2024\/01\/53440183073_06d752277c_k.jpg\",\"width\":2048,\"height\":1536,\"caption\":\"#paratodosverem - Grupo de servidores municipais participando de encontro de prote\u00e7\u00e3o social da Semasc\"},{\"@type\":\"WebSite\",\"@id\":\"https:\/\/www.manaus.am.gov.br\/semcom\/#website\",\"url\":\"https:\/\/www.manaus.am.gov.br\/semcom\/\",\"name\":\"SEMCOM\",\"description\":\"Secretaria Municipal de Comunica\u00e7\u00e3o\",\"potentialAction\":[{\"@type\":\"SearchAction\",\"target\":{\"@type\":\"EntryPoint\",\"urlTemplate\":\"https:\/\/www.manaus.am.gov.br\/semcom\/?s={search_term_string}\"},\"query-input\":\"required name=search_term_string\"}],\"inLanguage\":\"pt-BR\"},{\"@type\":\"Person\",\"@id\":\"https:\/\/www.manaus.am.gov.br\/semcom\/#\/schema\/person\/05d223aea2bf115f9883a6ff3683d81b\",\"name\":\"Bruna Greco\",\"image\":{\"@type\":\"ImageObject\",\"inLanguage\":\"pt-BR\",\"@id\":\"https:\/\/www.manaus.am.gov.br\/semcom\/#\/schema\/person\/image\/\",\"url\":\"https:\/\/secure.gravatar.com\/avatar\/9c877d1a6adc2a055330e5c09a8653ce?s=96&d=mm&r=g\",\"contentUrl\":\"https:\/\/secure.gravatar.com\/avatar\/9c877d1a6adc2a055330e5c09a8653ce?s=96&d=mm&r=g\",\"caption\":\"Bruna Greco\"}}]}<\/script>\n<!-- \/ Yoast SEO plugin. -->","yoast_head_json":{"title":"Prefeitura deu in\u00edcio ao \u201c1\u00b0 Encontro da Prote\u00e7\u00e3o Social Especial\u201d","description":"Prefeitura de Manaus, por meio da Semasc, deu in\u00edcio, nesta quarta-feira, 3\/1, ao \u201c1\u00b0 Encontro da Prote\u00e7\u00e3o Social Especial\u201d.\u00a0","robots":{"index":"index","follow":"follow","max-snippet":"max-snippet:-1","max-image-preview":"max-image-preview:large","max-video-preview":"max-video-preview:-1"},"canonical":"https:\/\/www.manaus.am.gov.br\/semcom\/servidores-municipais-da-protecao-social-especial-se-reunem-para-discutir-principais-metas-de-2024\/","og_locale":"pt_BR","og_type":"article","og_title":"Prefeitura deu in\u00edcio ao \u201c1\u00b0 Encontro da Prote\u00e7\u00e3o Social Especial\u201d","og_description":"Prefeitura de Manaus, por meio da Semasc, deu in\u00edcio, nesta quarta-feira, 3\/1, ao \u201c1\u00b0 Encontro da Prote\u00e7\u00e3o Social Especial\u201d.\u00a0","og_url":"https:\/\/www.manaus.am.gov.br\/semcom\/servidores-municipais-da-protecao-social-especial-se-reunem-para-discutir-principais-metas-de-2024\/","og_site_name":"SEMCOM","article_published_time":"2024-01-03T15:52:52+00:00","article_modified_time":"2024-01-03T15:52:54+00:00","og_image":[{"width":2048,"height":1536,"url":"https:\/\/www.manaus.am.gov.br\/semcom\/wp-content\/uploads\/sites\/5\/2024\/01\/53440183073_06d752277c_k.jpg","type":"image\/jpeg"}],"author":"Bruna Greco","twitter_card":"summary_large_image","twitter_misc":{"Written by":"Bruna Greco","Est. reading time":"2 minutos"},"schema":{"@context":"https:\/\/schema.org","@graph":[{"@type":"WebPage","@id":"https:\/\/www.manaus.am.gov.br\/semcom\/servidores-municipais-da-protecao-social-especial-se-reunem-para-discutir-principais-metas-de-2024\/","url":"https:\/\/www.manaus.am.gov.br\/semcom\/servidores-municipais-da-protecao-social-especial-se-reunem-para-discutir-principais-metas-de-2024\/","name":"Prefeitura deu in\u00edcio ao \u201c1\u00b0 Encontro da Prote\u00e7\u00e3o Social Especial\u201d","isPartOf":{"@id":"https:\/\/www.manaus.am.gov.br\/semcom\/#website"},"primaryImageOfPage":{"@id":"https:\/\/www.manaus.am.gov.br\/semcom\/servidores-municipais-da-protecao-social-especial-se-reunem-para-discutir-principais-metas-de-2024\/#primaryimage"},"image":{"@id":"https:\/\/www.manaus.am.gov.br\/semcom\/servidores-municipais-da-protecao-social-especial-se-reunem-para-discutir-principais-metas-de-2024\/#primaryimage"},"thumbnailUrl":"https:\/\/www.manaus.am.gov.br\/semcom\/wp-content\/uploads\/sites\/5\/2024\/01\/53440183073_06d752277c_k.jpg","datePublished":"2024-01-03T15:52:52+00:00","dateModified":"2024-01-03T15:52:54+00:00","author":{"@id":"https:\/\/www.manaus.am.gov.br\/semcom\/#\/schema\/person\/05d223aea2bf115f9883a6ff3683d81b"},"description":"Prefeitura de Manaus, por meio da Semasc, deu in\u00edcio, nesta quarta-feira, 3\/1, ao \u201c1\u00b0 Encontro da Prote\u00e7\u00e3o Social Especial\u201d.\u00a0","inLanguage":"pt-BR","potentialAction":[{"@type":"ReadAction","target":["https:\/\/www.manaus.am.gov.br\/semcom\/servidores-municipais-da-protecao-social-especial-se-reunem-para-discutir-principais-metas-de-2024\/"]}]},{"@type":"ImageObject","inLanguage":"pt-BR","@id":"https:\/\/www.manaus.am.gov.br\/semcom\/servidores-municipais-da-protecao-social-especial-se-reunem-para-discutir-principais-metas-de-2024\/#primaryimage","url":"https:\/\/www.manaus.am.gov.br\/semcom\/wp-content\/uploads\/sites\/5\/2024\/01\/53440183073_06d752277c_k.jpg","contentUrl":"https:\/\/www.manaus.am.gov.br\/semcom\/wp-content\/uploads\/sites\/5\/2024\/01\/53440183073_06d752277c_k.jpg","width":2048,"height":1536,"caption":"#paratodosverem - Grupo de servidores municipais participando de encontro de prote\u00e7\u00e3o social da Semasc"},{"@type":"WebSite","@id":"https:\/\/www.manaus.am.gov.br\/semcom\/#website","url":"https:\/\/www.manaus.am.gov.br\/semcom\/","name":"SEMCOM","description":"Secretaria Municipal de Comunica\u00e7\u00e3o","potentialAction":[{"@type":"SearchAction","target":{"@type":"EntryPoint","urlTemplate":"https:\/\/www.manaus.am.gov.br\/semcom\/?s={search_term_string}"},"query-input":"required name=search_term_string"}],"inLanguage":"pt-BR"},{"@type":"Person","@id":"https:\/\/www.manaus.am.gov.br\/semcom\/#\/schema\/person\/05d223aea2bf115f9883a6ff3683d81b","name":"Bruna Greco","image":{"@type":"ImageObject","inLanguage":"pt-BR","@id":"https:\/\/www.manaus.am.gov.br\/semcom\/#\/schema\/person\/image\/","url":"https:\/\/secure.gravatar.com\/avatar\/9c877d1a6adc2a055330e5c09a8653ce?s=96&d=mm&r=g","contentUrl":"https:\/\/secure.gravatar.com\/avatar\/9c877d1a6adc2a055330e5c09a8653ce?s=96&d=mm&r=g","caption":"Bruna Greco"}}]}},"_links":{"self":[{"href":"https:\/\/www.manaus.am.gov.br\/semcom\/wp-json\/wp\/v2\/posts\/223804"}],"collection":[{"href":"https:\/\/www.manaus.am.gov.br\/semcom\/wp-json\/wp\/v2\/posts"}],"about":[{"href":"https:\/\/www.manaus.am.gov.br\/semcom\/wp-json\/wp\/v2\/types\/post"}],"author":[{"embeddable":true,"href":"https:\/\/www.manaus.am.gov.br\/semcom\/wp-json\/wp\/v2\/users\/39"}],"replies":[{"embeddable":true,"href":"https:\/\/www.manaus.am.gov.br\/semcom\/wp-json\/wp\/v2\/comments?post=223804"}],"version-history":[{"count":0,"href":"https:\/\/www.manaus.am.gov.br\/semcom\/wp-json\/wp\/v2\/posts\/223804\/revisions"}],"wp:featuredmedia":[{"embeddable":true,"href":"https:\/\/www.manaus.am.gov.br\/semcom\/wp-json\/wp\/v2\/media\/223805"}],"wp:attachment":[{"href":"https:\/\/www.manaus.am.gov.br\/semcom\/wp-json\/wp\/v2\/media?parent=223804"}],"wp:term":[{"taxonomy":"category","embeddable":true,"href":"https:\/\/www.manaus.am.gov.br\/semcom\/wp-json\/wp\/v2\/categories?post=223804"},{"taxonomy":"post_tag","embeddable":true,"href":"https:\/\/www.manaus.am.gov.br\/semcom\/wp-json\/wp\/v2\/tags?post=223804"}],"curies":[{"name":"wp","href":"https:\/\/api.w.org\/{rel}","templated":true}]}}