{"id":223798,"date":"2024-01-03T10:55:45","date_gmt":"2024-01-03T13:55:45","guid":{"rendered":"https:\/\/www.manaus.am.gov.br\/semcom\/vacina-bivalente-e-ofertada-em-74-unidades-de-saude-nesta-semana\/"},"modified":"2024-01-03T11:10:30","modified_gmt":"2024-01-03T14:10:30","slug":"vacina-bivalente-e-ofertada-em-74-unidades-de-saude-nesta-semana","status":"publish","type":"post","link":"https:\/\/www.manaus.am.gov.br\/semcom\/vacina-bivalente-e-ofertada-em-74-unidades-de-saude-nesta-semana\/","title":{"rendered":"Vacina bivalente \u00e9 ofertada em 74 unidades de sa\u00fade nesta semana"},"content":{"rendered":"\n<p>A Prefeitura de Manaus oferta nesta semana, at\u00e9 sexta-feira, 6\/1, a vacina bivalente contra a Covid-19 em 74 unidades da Secretaria Municipal de Sa\u00fade (Semsa). A vacina, conforme as orienta\u00e7\u00f5es do Minist\u00e9rio da Sa\u00fade, \u00e9\u00a0voltada para pessoas acima de 18 anos e adolescentes de 12 a 17 anos com imunossupress\u00e3o que tenham completado o esquema prim\u00e1rio h\u00e1, pelo menos, 4 meses. O imunizante tamb\u00e9m \u00e9 utilizado como dose de refor\u00e7o para adolescentes imunossuprimidos e idosos (acima de 60 anos), que tenham recebido a primeira dose da bivalente h\u00e1 6 meses ou mais.<\/p>\n\n\n\n<p>A Semsa informa que a vacina\u00e7\u00e3o est\u00e1 temporariamente suspensa para o esquema prim\u00e1rio, que contempla a primeira e a segunda dose, uma vez que o \u00f3rg\u00e3o ainda aguarda a chegada de novas remessas de vacina do Minist\u00e9rio da Sa\u00fade para que o estoque na capital, que chegou ao fim, seja normalizado.&nbsp;<\/p>\n\n\n\n<p>A vacina\u00e7\u00e3o para as crian\u00e7as menores de 12 anos, que devem estar acompanhadas dos pais ou respons\u00e1veis para serem vacinadas, segue normalmente, j\u00e1 que as unidades seguem abastecidas com as vacinas destinadas a este segmento da popula\u00e7\u00e3o.<\/p>\n\n\n\n<p>Ao buscar uma das unidades para se vacinar, os usu\u00e1rios devem apresentar documento oficial com foto, CPF ou Cart\u00e3o do Sistema \u00danico de Sa\u00fade (SUS).<\/p>\n\n\n\n<p>O subsecret\u00e1rio de Gest\u00e3o da Sa\u00fade, Djalma Coelho, enfatiza a import\u00e2ncia da vacina\u00e7\u00e3o para conter a propaga\u00e7\u00e3o da Covid-19, na capital. \u201c\u00c9 fundamental que esses grupos busquem uma das nossas unidades para receber a vacina e assim se proteger contra as formas graves da infec\u00e7\u00e3o pelo coronav\u00edrus, que pode, inclusive, levar \u00e0 morte. A \u00fanica forma efetiva que temos de conter essa infec\u00e7\u00e3o \u00e9 com a vacina e precisamos fazer a nossa parte\u201d, assinala.<\/p>\n\n\n\n<p>Os endere\u00e7os e hor\u00e1rios de funcionamento das unidades podem ser conferidos no link:&nbsp;<a href=\"http:\/\/bit.ly\/localvacinacovid19\" target=\"_blank\" rel=\"noreferrer noopener\">bit.ly\/localvacinacovid19<\/a>.<\/p>\n\n\n\n<p>Os usu\u00e1rios podem consultar as doses que precisam receber digitando o n\u00famero do CPF e clicando na aba \u201cConsultar Minhas Doses\u201d, na &nbsp;plataforma Imuniza Manaus (<a href=\"http:\/\/imuniza.manaus.am.gov.br\/\" target=\"_blank\" rel=\"noreferrer noopener\">imuniza.manaus.am.gov.br<\/a>), re\u00fane informa\u00e7\u00f5es e servi\u00e7os relacionados \u00e0 vacina\u00e7\u00e3o na capital<\/p>\n\n\n\n<p><strong>&#8212; &#8212; &#8212;<\/strong><\/p>\n\n\n\n<p><strong>Texto e fotos &#8211;&nbsp;<\/strong>Divulga\u00e7\u00e3o \/ Semsa<\/p>\n","protected":false},"excerpt":{"rendered":"","protected":false},"author":57,"featured_media":223799,"comment_status":"closed","ping_status":"closed","sticky":false,"template":"","format":"standard","meta":{"footnotes":""},"categories":[830],"tags":[6460,453,162,9982],"acf":[],"yoast_head":"<!-- This site is optimized with the Yoast SEO plugin v23.0 - https:\/\/yoast.com\/wordpress\/plugins\/seo\/ -->\n<title>Vacina bivalente \u00e9 ofertada em 74 unidades de sa\u00fade<\/title>\n<meta name=\"description\" content=\"A Prefeitura de Manaus oferta nesta semana, at\u00e9 sexta-feira, 3\/1, a vacina bivalente contra a Covid-19 em 74 unidades da Semsa.\" \/>\n<meta name=\"robots\" content=\"index, follow, max-snippet:-1, max-image-preview:large, max-video-preview:-1\" \/>\n<link rel=\"canonical\" href=\"https:\/\/www.manaus.am.gov.br\/semcom\/vacina-bivalente-e-ofertada-em-74-unidades-de-saude-nesta-semana\/\" \/>\n<meta property=\"og:locale\" content=\"pt_BR\" \/>\n<meta property=\"og:type\" content=\"article\" \/>\n<meta property=\"og:title\" content=\"Vacina bivalente \u00e9 ofertada em 74 unidades de sa\u00fade\" \/>\n<meta property=\"og:description\" content=\"A Prefeitura de Manaus oferta nesta semana, at\u00e9 sexta-feira, 3\/1, a vacina bivalente contra a Covid-19 em 74 unidades da Semsa.\" \/>\n<meta property=\"og:url\" content=\"https:\/\/www.manaus.am.gov.br\/semcom\/vacina-bivalente-e-ofertada-em-74-unidades-de-saude-nesta-semana\/\" \/>\n<meta property=\"og:site_name\" content=\"SEMCOM\" \/>\n<meta property=\"article:published_time\" content=\"2024-01-03T13:55:45+00:00\" \/>\n<meta property=\"article:modified_time\" content=\"2024-01-03T14:10:30+00:00\" \/>\n<meta property=\"og:image\" content=\"https:\/\/www.manaus.am.gov.br\/semcom\/wp-content\/uploads\/sites\/5\/2024\/01\/Dezembro-29_Vacinacao-Covid2-1.jpg\" \/>\n\t<meta property=\"og:image:width\" content=\"1200\" \/>\n\t<meta property=\"og:image:height\" content=\"800\" \/>\n\t<meta property=\"og:image:type\" content=\"image\/jpeg\" \/>\n<meta name=\"author\" content=\"Thiago Fernando\" \/>\n<meta name=\"twitter:card\" content=\"summary_large_image\" \/>\n<meta name=\"twitter:label1\" content=\"Written by\" \/>\n\t<meta name=\"twitter:data1\" content=\"Thiago Fernando\" \/>\n\t<meta name=\"twitter:label2\" content=\"Est. reading time\" \/>\n\t<meta name=\"twitter:data2\" content=\"2 minutos\" \/>\n<script type=\"application\/ld+json\" class=\"yoast-schema-graph\">{\"@context\":\"https:\/\/schema.org\",\"@graph\":[{\"@type\":\"WebPage\",\"@id\":\"https:\/\/www.manaus.am.gov.br\/semcom\/vacina-bivalente-e-ofertada-em-74-unidades-de-saude-nesta-semana\/\",\"url\":\"https:\/\/www.manaus.am.gov.br\/semcom\/vacina-bivalente-e-ofertada-em-74-unidades-de-saude-nesta-semana\/\",\"name\":\"Vacina bivalente \u00e9 ofertada em 74 unidades de sa\u00fade\",\"isPartOf\":{\"@id\":\"https:\/\/www.manaus.am.gov.br\/semcom\/#website\"},\"primaryImageOfPage\":{\"@id\":\"https:\/\/www.manaus.am.gov.br\/semcom\/vacina-bivalente-e-ofertada-em-74-unidades-de-saude-nesta-semana\/#primaryimage\"},\"image\":{\"@id\":\"https:\/\/www.manaus.am.gov.br\/semcom\/vacina-bivalente-e-ofertada-em-74-unidades-de-saude-nesta-semana\/#primaryimage\"},\"thumbnailUrl\":\"https:\/\/www.manaus.am.gov.br\/semcom\/wp-content\/uploads\/sites\/5\/2024\/01\/Dezembro-29_Vacinacao-Covid2-1.jpg\",\"datePublished\":\"2024-01-03T13:55:45+00:00\",\"dateModified\":\"2024-01-03T14:10:30+00:00\",\"author\":{\"@id\":\"https:\/\/www.manaus.am.gov.br\/semcom\/#\/schema\/person\/a5ee5376db6e21af026374b369f30882\"},\"description\":\"A Prefeitura de Manaus oferta nesta semana, at\u00e9 sexta-feira, 3\/1, a vacina bivalente contra a Covid-19 em 74 unidades da Semsa.\",\"inLanguage\":\"pt-BR\",\"potentialAction\":[{\"@type\":\"ReadAction\",\"target\":[\"https:\/\/www.manaus.am.gov.br\/semcom\/vacina-bivalente-e-ofertada-em-74-unidades-de-saude-nesta-semana\/\"]}]},{\"@type\":\"ImageObject\",\"inLanguage\":\"pt-BR\",\"@id\":\"https:\/\/www.manaus.am.gov.br\/semcom\/vacina-bivalente-e-ofertada-em-74-unidades-de-saude-nesta-semana\/#primaryimage\",\"url\":\"https:\/\/www.manaus.am.gov.br\/semcom\/wp-content\/uploads\/sites\/5\/2024\/01\/Dezembro-29_Vacinacao-Covid2-1.jpg\",\"contentUrl\":\"https:\/\/www.manaus.am.gov.br\/semcom\/wp-content\/uploads\/sites\/5\/2024\/01\/Dezembro-29_Vacinacao-Covid2-1.jpg\",\"width\":1200,\"height\":800,\"caption\":\"#Paratodosverem - Servidora da Semsa atendendo popula\u00e7\u00e3o em posto de vacina\u00e7\u00e3o\"},{\"@type\":\"WebSite\",\"@id\":\"https:\/\/www.manaus.am.gov.br\/semcom\/#website\",\"url\":\"https:\/\/www.manaus.am.gov.br\/semcom\/\",\"name\":\"SEMCOM\",\"description\":\"Secretaria Municipal de Comunica\u00e7\u00e3o\",\"potentialAction\":[{\"@type\":\"SearchAction\",\"target\":{\"@type\":\"EntryPoint\",\"urlTemplate\":\"https:\/\/www.manaus.am.gov.br\/semcom\/?s={search_term_string}\"},\"query-input\":\"required name=search_term_string\"}],\"inLanguage\":\"pt-BR\"},{\"@type\":\"Person\",\"@id\":\"https:\/\/www.manaus.am.gov.br\/semcom\/#\/schema\/person\/a5ee5376db6e21af026374b369f30882\",\"name\":\"Thiago Fernando\",\"image\":{\"@type\":\"ImageObject\",\"inLanguage\":\"pt-BR\",\"@id\":\"https:\/\/www.manaus.am.gov.br\/semcom\/#\/schema\/person\/image\/\",\"url\":\"https:\/\/secure.gravatar.com\/avatar\/f5aab8722444041451501c077052ac07?s=96&d=mm&r=g\",\"contentUrl\":\"https:\/\/secure.gravatar.com\/avatar\/f5aab8722444041451501c077052ac07?s=96&d=mm&r=g\",\"caption\":\"Thiago Fernando\"}}]}<\/script>\n<!-- \/ Yoast SEO plugin. -->","yoast_head_json":{"title":"Vacina bivalente \u00e9 ofertada em 74 unidades de sa\u00fade","description":"A Prefeitura de Manaus oferta nesta semana, at\u00e9 sexta-feira, 3\/1, a vacina bivalente contra a Covid-19 em 74 unidades da Semsa.","robots":{"index":"index","follow":"follow","max-snippet":"max-snippet:-1","max-image-preview":"max-image-preview:large","max-video-preview":"max-video-preview:-1"},"canonical":"https:\/\/www.manaus.am.gov.br\/semcom\/vacina-bivalente-e-ofertada-em-74-unidades-de-saude-nesta-semana\/","og_locale":"pt_BR","og_type":"article","og_title":"Vacina bivalente \u00e9 ofertada em 74 unidades de sa\u00fade","og_description":"A Prefeitura de Manaus oferta nesta semana, at\u00e9 sexta-feira, 3\/1, a vacina bivalente contra a Covid-19 em 74 unidades da Semsa.","og_url":"https:\/\/www.manaus.am.gov.br\/semcom\/vacina-bivalente-e-ofertada-em-74-unidades-de-saude-nesta-semana\/","og_site_name":"SEMCOM","article_published_time":"2024-01-03T13:55:45+00:00","article_modified_time":"2024-01-03T14:10:30+00:00","og_image":[{"width":1200,"height":800,"url":"https:\/\/www.manaus.am.gov.br\/semcom\/wp-content\/uploads\/sites\/5\/2024\/01\/Dezembro-29_Vacinacao-Covid2-1.jpg","type":"image\/jpeg"}],"author":"Thiago Fernando","twitter_card":"summary_large_image","twitter_misc":{"Written by":"Thiago Fernando","Est. reading time":"2 minutos"},"schema":{"@context":"https:\/\/schema.org","@graph":[{"@type":"WebPage","@id":"https:\/\/www.manaus.am.gov.br\/semcom\/vacina-bivalente-e-ofertada-em-74-unidades-de-saude-nesta-semana\/","url":"https:\/\/www.manaus.am.gov.br\/semcom\/vacina-bivalente-e-ofertada-em-74-unidades-de-saude-nesta-semana\/","name":"Vacina bivalente \u00e9 ofertada em 74 unidades de sa\u00fade","isPartOf":{"@id":"https:\/\/www.manaus.am.gov.br\/semcom\/#website"},"primaryImageOfPage":{"@id":"https:\/\/www.manaus.am.gov.br\/semcom\/vacina-bivalente-e-ofertada-em-74-unidades-de-saude-nesta-semana\/#primaryimage"},"image":{"@id":"https:\/\/www.manaus.am.gov.br\/semcom\/vacina-bivalente-e-ofertada-em-74-unidades-de-saude-nesta-semana\/#primaryimage"},"thumbnailUrl":"https:\/\/www.manaus.am.gov.br\/semcom\/wp-content\/uploads\/sites\/5\/2024\/01\/Dezembro-29_Vacinacao-Covid2-1.jpg","datePublished":"2024-01-03T13:55:45+00:00","dateModified":"2024-01-03T14:10:30+00:00","author":{"@id":"https:\/\/www.manaus.am.gov.br\/semcom\/#\/schema\/person\/a5ee5376db6e21af026374b369f30882"},"description":"A Prefeitura de Manaus oferta nesta semana, at\u00e9 sexta-feira, 3\/1, a vacina bivalente contra a Covid-19 em 74 unidades da Semsa.","inLanguage":"pt-BR","potentialAction":[{"@type":"ReadAction","target":["https:\/\/www.manaus.am.gov.br\/semcom\/vacina-bivalente-e-ofertada-em-74-unidades-de-saude-nesta-semana\/"]}]},{"@type":"ImageObject","inLanguage":"pt-BR","@id":"https:\/\/www.manaus.am.gov.br\/semcom\/vacina-bivalente-e-ofertada-em-74-unidades-de-saude-nesta-semana\/#primaryimage","url":"https:\/\/www.manaus.am.gov.br\/semcom\/wp-content\/uploads\/sites\/5\/2024\/01\/Dezembro-29_Vacinacao-Covid2-1.jpg","contentUrl":"https:\/\/www.manaus.am.gov.br\/semcom\/wp-content\/uploads\/sites\/5\/2024\/01\/Dezembro-29_Vacinacao-Covid2-1.jpg","width":1200,"height":800,"caption":"#Paratodosverem - Servidora da Semsa atendendo popula\u00e7\u00e3o em posto de vacina\u00e7\u00e3o"},{"@type":"WebSite","@id":"https:\/\/www.manaus.am.gov.br\/semcom\/#website","url":"https:\/\/www.manaus.am.gov.br\/semcom\/","name":"SEMCOM","description":"Secretaria Municipal de Comunica\u00e7\u00e3o","potentialAction":[{"@type":"SearchAction","target":{"@type":"EntryPoint","urlTemplate":"https:\/\/www.manaus.am.gov.br\/semcom\/?s={search_term_string}"},"query-input":"required name=search_term_string"}],"inLanguage":"pt-BR"},{"@type":"Person","@id":"https:\/\/www.manaus.am.gov.br\/semcom\/#\/schema\/person\/a5ee5376db6e21af026374b369f30882","name":"Thiago Fernando","image":{"@type":"ImageObject","inLanguage":"pt-BR","@id":"https:\/\/www.manaus.am.gov.br\/semcom\/#\/schema\/person\/image\/","url":"https:\/\/secure.gravatar.com\/avatar\/f5aab8722444041451501c077052ac07?s=96&d=mm&r=g","contentUrl":"https:\/\/secure.gravatar.com\/avatar\/f5aab8722444041451501c077052ac07?s=96&d=mm&r=g","caption":"Thiago Fernando"}}]}},"_links":{"self":[{"href":"https:\/\/www.manaus.am.gov.br\/semcom\/wp-json\/wp\/v2\/posts\/223798"}],"collection":[{"href":"https:\/\/www.manaus.am.gov.br\/semcom\/wp-json\/wp\/v2\/posts"}],"about":[{"href":"https:\/\/www.manaus.am.gov.br\/semcom\/wp-json\/wp\/v2\/types\/post"}],"author":[{"embeddable":true,"href":"https:\/\/www.manaus.am.gov.br\/semcom\/wp-json\/wp\/v2\/users\/57"}],"replies":[{"embeddable":true,"href":"https:\/\/www.manaus.am.gov.br\/semcom\/wp-json\/wp\/v2\/comments?post=223798"}],"version-history":[{"count":1,"href":"https:\/\/www.manaus.am.gov.br\/semcom\/wp-json\/wp\/v2\/posts\/223798\/revisions"}],"predecessor-version":[{"id":223800,"href":"https:\/\/www.manaus.am.gov.br\/semcom\/wp-json\/wp\/v2\/posts\/223798\/revisions\/223800"}],"wp:featuredmedia":[{"embeddable":true,"href":"https:\/\/www.manaus.am.gov.br\/semcom\/wp-json\/wp\/v2\/media\/223799"}],"wp:attachment":[{"href":"https:\/\/www.manaus.am.gov.br\/semcom\/wp-json\/wp\/v2\/media?parent=223798"}],"wp:term":[{"taxonomy":"category","embeddable":true,"href":"https:\/\/www.manaus.am.gov.br\/semcom\/wp-json\/wp\/v2\/categories?post=223798"},{"taxonomy":"post_tag","embeddable":true,"href":"https:\/\/www.manaus.am.gov.br\/semcom\/wp-json\/wp\/v2\/tags?post=223798"}],"curies":[{"name":"wp","href":"https:\/\/api.w.org\/{rel}","templated":true}]}}