{"id":223736,"date":"2024-01-01T04:44:43","date_gmt":"2024-01-01T07:44:43","guid":{"rendered":"https:\/\/www.manaus.am.gov.br\/semcom\/reveillon-2024-reune-mais-de-100-mil-pessoas-no-parque-amazonino-mendes\/"},"modified":"2024-01-01T04:44:45","modified_gmt":"2024-01-01T07:44:45","slug":"reveillon-2024-reune-mais-de-100-mil-pessoas-no-parque-amazonino-mendes","status":"publish","type":"post","link":"https:\/\/www.manaus.am.gov.br\/semcom\/reveillon-2024-reune-mais-de-100-mil-pessoas-no-parque-amazonino-mendes\/","title":{"rendered":"R\u00e9veillon 2024 re\u00fane mais de 100 mil pessoas no Parque Amazonino Mendes"},"content":{"rendered":"\n<p>A Prefeitura de Manaus reuniu, segundo a Funda\u00e7\u00e3o Municipal de Cultura, Turismo e Eventos (Manauscult), mais de 100 mil pessoas na noite deste domingo, 31\/12, no parque Amazonino Mendes, localizado no bairro Novo Aleixo, zona Norte, durante a festa de R\u00e9veillon 2024, o &#8220;Maior R\u00e9veillon de Todos&#8221;. A programa\u00e7\u00e3o contou atra\u00e7\u00f5es locais e nacionais.<\/p>\n\n\n\n<p>A noite come\u00e7ou com as apresenta\u00e7\u00f5es do DJ Hayden, Vanessa Auzier, Mikael, Tome Xote, Jessica Lima, Uendel Pinheiro, al\u00e9m das atra\u00e7\u00f5es nacionais como: JM Puxado, DJ Arana e Eduardo Costa.<\/p>\n\n\n\n<p>\u201cPreparamos a festa com muito carinho, para que toda a popula\u00e7\u00e3o das zonas Norte e Leste pudesse aproveitar a passagem de ano aqui no parque Amazonino Mendes. Dessa vez, descentralizamos, levando programa\u00e7\u00e3o para outros pontos como Ponta Negra e Orla do Amarelinho, em Educandos, para facilitar a log\u00edstica para todo mundo. Manaus merece\u201d, disse o diretor-presidente da Manauscult, Reginei Rodrigues.<\/p>\n\n\n\n<p>O festejo contou com uma infraestrutura de palco, som e ilumina\u00e7\u00e3o de grandes propor\u00e7\u00f5es, promovendo uma atmosfera envolvente e cativante para os presentes. O evento teve monitoramento em tempo real, utilizando tecnologia de alta resolu\u00e7\u00e3o para cobrir todo o per\u00edmetro do parque Amazonino Mendes.<\/p>\n\n\n\n<p>\u201cEssa medida visa garantir a ordem e a fluidez do evento, refor\u00e7ando o compromisso com o conforto do p\u00fablico. Todas as secretarias v\u00e3o dialogar melhor entre si, por conta dessa matriz de responsabilidades.<\/p>\n\n\n\n<p>A matriz de responsabilidades faz com que n\u00f3s tomemos conhecimento do papel de cada ente envolvido nesse processo. Isso leva para a popula\u00e7\u00e3o um ambiente mais seguro. N\u00e3o s\u00f3 uma quest\u00e3o de seguran\u00e7a p\u00fablica, mas seguran\u00e7a alimentar, seguran\u00e7a de sa\u00fade, o ambiente, o tr\u00e2nsito, todas as equipes est\u00e3o envolvidas para proporcionar essa qualidade para a popula\u00e7\u00e3o\u201d, disse o gerente de projetos do Centro de Coopera\u00e7\u00e3o da Cidade (CCC).<\/p>\n\n\n\n<p><strong>Esquema de Seguran\u00e7a<\/strong><\/p>\n\n\n\n<p>Cerca de 140 guardas municipais fortaleceram o esquema de seguran\u00e7a montado pela Prefeitura de Manaus para as comemora\u00e7\u00f5es da passagem de ano. Segundo o secret\u00e1rio da Secretaria Municipal de Seguran\u00e7a e Defesa Social (Semseg), Alberto Neto, o efetivo de servidores empregados para o parque Gigantes da Floresta, proporcionou mais seguran\u00e7a \u00e0s pessoas.<\/p>\n\n\n\n<p>\u201cFoi um evento pensado com muito cuidado. N\u00e3o tivemos ocorr\u00eancias. Tanto aqui no parque quanto na Ponta Negra e nos outros locais de show, houve uma opera\u00e7\u00e3o conjunta da Guarda Municipal, Pol\u00edcia Militar e Pol\u00edcia Civil. Cada uma na sua esfera de atribui\u00e7\u00e3o, mas a prefeitura coordenando tudo\u201d, disse Neto.<\/p>\n\n\n\n<p>Secretarias municipais e estaduais atuaram em conjunto, mediadas pelo Colegiado Municipal, que desempenhou um papel fundamental na integra\u00e7\u00e3o de diferentes \u00e1reas, incluindo Sa\u00fade, Seguran\u00e7a, Assist\u00eancia Social, Fiscaliza\u00e7\u00e3o Sanit\u00e1ria, Tr\u00e2nsito e Transporte.<\/p>\n\n\n\n<p><strong>Queima de Fogos<\/strong><\/p>\n\n\n\n<p>A queima de fogos de baixo ru\u00eddo foi contemplada pelo p\u00fablico que acompanhou a contagem regressiva minutos antes da virada do ano. A Manauscult, adotou o uso de fogos sem estampido sonoro, visando combater a polui\u00e7\u00e3o sonora e ambiental, a fim de proteger o bem-estar da comunidade, especialmente daquelas pessoas que possuem sensibilidade a ru\u00eddos, como idosos, crian\u00e7as e pessoas com defici\u00eancia, oferecendo conforto, al\u00e9m do cuidado com animais, que s\u00e3o afetados pelo barulho dos fogos.<\/p>\n\n\n\n<p>O show pirot\u00e9cnico, que teve dura\u00e7\u00e3o de 10 minutos, atraiu os olhares da popula\u00e7\u00e3o. Sara Alves, cabeleireira, acompanhou a queima de fogos e aprovou a organiza\u00e7\u00e3o da festa.<\/p>\n\n\n\n<p>\u201cEu s\u00f3 tenho a agradecer \u00e0 prefeitura, porque lembrou da zona Norte e da zona Leste. Sempre somos esquecidos. Mas a festa \u2018t\u00e1\u2019 linda! A gente \u2018t\u00e1\u2019 muito feliz! Muita sa\u00fade para todos n\u00f3s\u201d, complementou.<\/p>\n\n\n\n<p><strong>\u00c1rea para PcDs<\/strong><\/p>\n\n\n\n<p>O evento de R\u00e9veillon 2024, intitulado como o &#8220;Maior R\u00e9veillon de Todos&#8221; contou com uma \u00e1rea para Pessoas com Defici\u00eancias (PcDs). A \u00e1rea ficou localizada no tablado com rampas de acesso na \u00e1rea interna do Front Stage, para dar mais seguran\u00e7a. A iniciativa teve apoio daqueles que puderam usufruir do espa\u00e7o sem qualquer tipo de restri\u00e7\u00e3o.<\/p>\n\n\n\n<p>\u201c\u00c9 muito importante voc\u00eas pensarem na inclus\u00e3o mesmo, para eventos dessa propor\u00e7\u00e3o. Aqui a gente v\u00ea o artista de perto e com seguran\u00e7a\u201d, disse Daniele Balieiro, servidora p\u00fablica.<\/p>\n\n\n\n<p>&nbsp;&#8212; &#8212; &#8212;<\/p>\n\n\n\n<p><strong>Texto<\/strong> &#8211; Fl\u00e1via Moura\/Semcom<\/p>\n\n\n\n<p><strong>Fotos<\/strong> &#8211; Valdo Le\u00e3o\/ Semcom<\/p>\n","protected":false},"excerpt":{"rendered":"","protected":false},"author":61,"featured_media":223737,"comment_status":"closed","ping_status":"closed","sticky":false,"template":"","format":"standard","meta":{"footnotes":""},"categories":[7],"tags":[35,307,77,9954],"acf":[],"yoast_head":"<!-- This site is optimized with the Yoast SEO plugin v23.0 - https:\/\/yoast.com\/wordpress\/plugins\/seo\/ -->\n<title>R\u00e9veillon re\u00fane 100 mil pessoas no Parque Amazonino Mendes<\/title>\n<meta name=\"description\" content=\"A Prefeitura de Manaus reuniu, segundo a Manauscult, mais de 100 mil pessoas na noite deste domingo, 31\/12, no Parque Amazonino Mendes.\" \/>\n<meta name=\"robots\" content=\"index, follow, max-snippet:-1, max-image-preview:large, max-video-preview:-1\" \/>\n<link rel=\"canonical\" href=\"https:\/\/www.manaus.am.gov.br\/semcom\/reveillon-2024-reune-mais-de-100-mil-pessoas-no-parque-amazonino-mendes\/\" \/>\n<meta property=\"og:locale\" content=\"pt_BR\" \/>\n<meta property=\"og:type\" content=\"article\" \/>\n<meta property=\"og:title\" content=\"R\u00e9veillon re\u00fane 100 mil pessoas no Parque Amazonino Mendes\" \/>\n<meta property=\"og:description\" content=\"A Prefeitura de Manaus reuniu, segundo a Manauscult, mais de 100 mil pessoas na noite deste domingo, 31\/12, no Parque Amazonino Mendes.\" \/>\n<meta property=\"og:url\" content=\"https:\/\/www.manaus.am.gov.br\/semcom\/reveillon-2024-reune-mais-de-100-mil-pessoas-no-parque-amazonino-mendes\/\" \/>\n<meta property=\"og:site_name\" content=\"SEMCOM\" \/>\n<meta property=\"article:published_time\" content=\"2024-01-01T07:44:43+00:00\" \/>\n<meta property=\"article:modified_time\" content=\"2024-01-01T07:44:45+00:00\" \/>\n<meta property=\"og:image\" content=\"https:\/\/www.manaus.am.gov.br\/semcom\/wp-content\/uploads\/sites\/5\/2024\/01\/Reveillon-Parque-Amazonino-Mendes-3.jpg\" \/>\n\t<meta property=\"og:image:width\" content=\"799\" \/>\n\t<meta property=\"og:image:height\" content=\"533\" \/>\n\t<meta property=\"og:image:type\" content=\"image\/jpeg\" \/>\n<meta name=\"author\" content=\"smonteiro\" \/>\n<meta name=\"twitter:card\" content=\"summary_large_image\" \/>\n<meta name=\"twitter:label1\" content=\"Written by\" \/>\n\t<meta name=\"twitter:data1\" content=\"smonteiro\" \/>\n\t<meta name=\"twitter:label2\" content=\"Est. reading time\" \/>\n\t<meta name=\"twitter:data2\" content=\"4 minutos\" \/>\n<script type=\"application\/ld+json\" class=\"yoast-schema-graph\">{\"@context\":\"https:\/\/schema.org\",\"@graph\":[{\"@type\":\"WebPage\",\"@id\":\"https:\/\/www.manaus.am.gov.br\/semcom\/reveillon-2024-reune-mais-de-100-mil-pessoas-no-parque-amazonino-mendes\/\",\"url\":\"https:\/\/www.manaus.am.gov.br\/semcom\/reveillon-2024-reune-mais-de-100-mil-pessoas-no-parque-amazonino-mendes\/\",\"name\":\"R\u00e9veillon re\u00fane 100 mil pessoas no Parque Amazonino Mendes\",\"isPartOf\":{\"@id\":\"https:\/\/www.manaus.am.gov.br\/semcom\/#website\"},\"primaryImageOfPage\":{\"@id\":\"https:\/\/www.manaus.am.gov.br\/semcom\/reveillon-2024-reune-mais-de-100-mil-pessoas-no-parque-amazonino-mendes\/#primaryimage\"},\"image\":{\"@id\":\"https:\/\/www.manaus.am.gov.br\/semcom\/reveillon-2024-reune-mais-de-100-mil-pessoas-no-parque-amazonino-mendes\/#primaryimage\"},\"thumbnailUrl\":\"https:\/\/www.manaus.am.gov.br\/semcom\/wp-content\/uploads\/sites\/5\/2024\/01\/Reveillon-Parque-Amazonino-Mendes-3.jpg\",\"datePublished\":\"2024-01-01T07:44:43+00:00\",\"dateModified\":\"2024-01-01T07:44:45+00:00\",\"author\":{\"@id\":\"https:\/\/www.manaus.am.gov.br\/semcom\/#\/schema\/person\/ab4dcf766a54dff74e8d267f5c591961\"},\"description\":\"A Prefeitura de Manaus reuniu, segundo a Manauscult, mais de 100 mil pessoas na noite deste domingo, 31\/12, no Parque Amazonino Mendes.\",\"inLanguage\":\"pt-BR\",\"potentialAction\":[{\"@type\":\"ReadAction\",\"target\":[\"https:\/\/www.manaus.am.gov.br\/semcom\/reveillon-2024-reune-mais-de-100-mil-pessoas-no-parque-amazonino-mendes\/\"]}]},{\"@type\":\"ImageObject\",\"inLanguage\":\"pt-BR\",\"@id\":\"https:\/\/www.manaus.am.gov.br\/semcom\/reveillon-2024-reune-mais-de-100-mil-pessoas-no-parque-amazonino-mendes\/#primaryimage\",\"url\":\"https:\/\/www.manaus.am.gov.br\/semcom\/wp-content\/uploads\/sites\/5\/2024\/01\/Reveillon-Parque-Amazonino-Mendes-3.jpg\",\"contentUrl\":\"https:\/\/www.manaus.am.gov.br\/semcom\/wp-content\/uploads\/sites\/5\/2024\/01\/Reveillon-Parque-Amazonino-Mendes-3.jpg\",\"width\":799,\"height\":533,\"caption\":\"#paratodosverem - Palco e p\u00fablico no Parque Amazonino Mendes\"},{\"@type\":\"WebSite\",\"@id\":\"https:\/\/www.manaus.am.gov.br\/semcom\/#website\",\"url\":\"https:\/\/www.manaus.am.gov.br\/semcom\/\",\"name\":\"SEMCOM\",\"description\":\"Secretaria Municipal de Comunica\u00e7\u00e3o\",\"potentialAction\":[{\"@type\":\"SearchAction\",\"target\":{\"@type\":\"EntryPoint\",\"urlTemplate\":\"https:\/\/www.manaus.am.gov.br\/semcom\/?s={search_term_string}\"},\"query-input\":\"required name=search_term_string\"}],\"inLanguage\":\"pt-BR\"},{\"@type\":\"Person\",\"@id\":\"https:\/\/www.manaus.am.gov.br\/semcom\/#\/schema\/person\/ab4dcf766a54dff74e8d267f5c591961\",\"name\":\"smonteiro\",\"image\":{\"@type\":\"ImageObject\",\"inLanguage\":\"pt-BR\",\"@id\":\"https:\/\/www.manaus.am.gov.br\/semcom\/#\/schema\/person\/image\/\",\"url\":\"https:\/\/secure.gravatar.com\/avatar\/21c8776ef61d9272c73322052e042d77?s=96&d=mm&r=g\",\"contentUrl\":\"https:\/\/secure.gravatar.com\/avatar\/21c8776ef61d9272c73322052e042d77?s=96&d=mm&r=g\",\"caption\":\"smonteiro\"}}]}<\/script>\n<!-- \/ Yoast SEO plugin. -->","yoast_head_json":{"title":"R\u00e9veillon re\u00fane 100 mil pessoas no Parque Amazonino Mendes","description":"A Prefeitura de Manaus reuniu, segundo a Manauscult, mais de 100 mil pessoas na noite deste domingo, 31\/12, no Parque Amazonino Mendes.","robots":{"index":"index","follow":"follow","max-snippet":"max-snippet:-1","max-image-preview":"max-image-preview:large","max-video-preview":"max-video-preview:-1"},"canonical":"https:\/\/www.manaus.am.gov.br\/semcom\/reveillon-2024-reune-mais-de-100-mil-pessoas-no-parque-amazonino-mendes\/","og_locale":"pt_BR","og_type":"article","og_title":"R\u00e9veillon re\u00fane 100 mil pessoas no Parque Amazonino Mendes","og_description":"A Prefeitura de Manaus reuniu, segundo a Manauscult, mais de 100 mil pessoas na noite deste domingo, 31\/12, no Parque Amazonino Mendes.","og_url":"https:\/\/www.manaus.am.gov.br\/semcom\/reveillon-2024-reune-mais-de-100-mil-pessoas-no-parque-amazonino-mendes\/","og_site_name":"SEMCOM","article_published_time":"2024-01-01T07:44:43+00:00","article_modified_time":"2024-01-01T07:44:45+00:00","og_image":[{"width":799,"height":533,"url":"https:\/\/www.manaus.am.gov.br\/semcom\/wp-content\/uploads\/sites\/5\/2024\/01\/Reveillon-Parque-Amazonino-Mendes-3.jpg","type":"image\/jpeg"}],"author":"smonteiro","twitter_card":"summary_large_image","twitter_misc":{"Written by":"smonteiro","Est. reading time":"4 minutos"},"schema":{"@context":"https:\/\/schema.org","@graph":[{"@type":"WebPage","@id":"https:\/\/www.manaus.am.gov.br\/semcom\/reveillon-2024-reune-mais-de-100-mil-pessoas-no-parque-amazonino-mendes\/","url":"https:\/\/www.manaus.am.gov.br\/semcom\/reveillon-2024-reune-mais-de-100-mil-pessoas-no-parque-amazonino-mendes\/","name":"R\u00e9veillon re\u00fane 100 mil pessoas no Parque Amazonino Mendes","isPartOf":{"@id":"https:\/\/www.manaus.am.gov.br\/semcom\/#website"},"primaryImageOfPage":{"@id":"https:\/\/www.manaus.am.gov.br\/semcom\/reveillon-2024-reune-mais-de-100-mil-pessoas-no-parque-amazonino-mendes\/#primaryimage"},"image":{"@id":"https:\/\/www.manaus.am.gov.br\/semcom\/reveillon-2024-reune-mais-de-100-mil-pessoas-no-parque-amazonino-mendes\/#primaryimage"},"thumbnailUrl":"https:\/\/www.manaus.am.gov.br\/semcom\/wp-content\/uploads\/sites\/5\/2024\/01\/Reveillon-Parque-Amazonino-Mendes-3.jpg","datePublished":"2024-01-01T07:44:43+00:00","dateModified":"2024-01-01T07:44:45+00:00","author":{"@id":"https:\/\/www.manaus.am.gov.br\/semcom\/#\/schema\/person\/ab4dcf766a54dff74e8d267f5c591961"},"description":"A Prefeitura de Manaus reuniu, segundo a Manauscult, mais de 100 mil pessoas na noite deste domingo, 31\/12, no Parque Amazonino Mendes.","inLanguage":"pt-BR","potentialAction":[{"@type":"ReadAction","target":["https:\/\/www.manaus.am.gov.br\/semcom\/reveillon-2024-reune-mais-de-100-mil-pessoas-no-parque-amazonino-mendes\/"]}]},{"@type":"ImageObject","inLanguage":"pt-BR","@id":"https:\/\/www.manaus.am.gov.br\/semcom\/reveillon-2024-reune-mais-de-100-mil-pessoas-no-parque-amazonino-mendes\/#primaryimage","url":"https:\/\/www.manaus.am.gov.br\/semcom\/wp-content\/uploads\/sites\/5\/2024\/01\/Reveillon-Parque-Amazonino-Mendes-3.jpg","contentUrl":"https:\/\/www.manaus.am.gov.br\/semcom\/wp-content\/uploads\/sites\/5\/2024\/01\/Reveillon-Parque-Amazonino-Mendes-3.jpg","width":799,"height":533,"caption":"#paratodosverem - Palco e p\u00fablico no Parque Amazonino Mendes"},{"@type":"WebSite","@id":"https:\/\/www.manaus.am.gov.br\/semcom\/#website","url":"https:\/\/www.manaus.am.gov.br\/semcom\/","name":"SEMCOM","description":"Secretaria Municipal de Comunica\u00e7\u00e3o","potentialAction":[{"@type":"SearchAction","target":{"@type":"EntryPoint","urlTemplate":"https:\/\/www.manaus.am.gov.br\/semcom\/?s={search_term_string}"},"query-input":"required name=search_term_string"}],"inLanguage":"pt-BR"},{"@type":"Person","@id":"https:\/\/www.manaus.am.gov.br\/semcom\/#\/schema\/person\/ab4dcf766a54dff74e8d267f5c591961","name":"smonteiro","image":{"@type":"ImageObject","inLanguage":"pt-BR","@id":"https:\/\/www.manaus.am.gov.br\/semcom\/#\/schema\/person\/image\/","url":"https:\/\/secure.gravatar.com\/avatar\/21c8776ef61d9272c73322052e042d77?s=96&d=mm&r=g","contentUrl":"https:\/\/secure.gravatar.com\/avatar\/21c8776ef61d9272c73322052e042d77?s=96&d=mm&r=g","caption":"smonteiro"}}]}},"_links":{"self":[{"href":"https:\/\/www.manaus.am.gov.br\/semcom\/wp-json\/wp\/v2\/posts\/223736"}],"collection":[{"href":"https:\/\/www.manaus.am.gov.br\/semcom\/wp-json\/wp\/v2\/posts"}],"about":[{"href":"https:\/\/www.manaus.am.gov.br\/semcom\/wp-json\/wp\/v2\/types\/post"}],"author":[{"embeddable":true,"href":"https:\/\/www.manaus.am.gov.br\/semcom\/wp-json\/wp\/v2\/users\/61"}],"replies":[{"embeddable":true,"href":"https:\/\/www.manaus.am.gov.br\/semcom\/wp-json\/wp\/v2\/comments?post=223736"}],"version-history":[{"count":0,"href":"https:\/\/www.manaus.am.gov.br\/semcom\/wp-json\/wp\/v2\/posts\/223736\/revisions"}],"wp:featuredmedia":[{"embeddable":true,"href":"https:\/\/www.manaus.am.gov.br\/semcom\/wp-json\/wp\/v2\/media\/223737"}],"wp:attachment":[{"href":"https:\/\/www.manaus.am.gov.br\/semcom\/wp-json\/wp\/v2\/media?parent=223736"}],"wp:term":[{"taxonomy":"category","embeddable":true,"href":"https:\/\/www.manaus.am.gov.br\/semcom\/wp-json\/wp\/v2\/categories?post=223736"},{"taxonomy":"post_tag","embeddable":true,"href":"https:\/\/www.manaus.am.gov.br\/semcom\/wp-json\/wp\/v2\/tags?post=223736"}],"curies":[{"name":"wp","href":"https:\/\/api.w.org\/{rel}","templated":true}]}}