{"id":223684,"date":"2023-12-29T16:34:19","date_gmt":"2023-12-29T19:34:19","guid":{"rendered":"https:\/\/www.manaus.am.gov.br\/semcom\/prefeitura-de-manaus-divulga-edital-de-chamamento-publico-para-bandas-blocos-e-festas-do-carnaval-de-rua-2024\/"},"modified":"2023-12-29T16:34:20","modified_gmt":"2023-12-29T19:34:20","slug":"prefeitura-de-manaus-divulga-edital-de-chamamento-publico-para-bandas-blocos-e-festas-do-carnaval-de-rua-2024","status":"publish","type":"post","link":"https:\/\/www.manaus.am.gov.br\/semcom\/prefeitura-de-manaus-divulga-edital-de-chamamento-publico-para-bandas-blocos-e-festas-do-carnaval-de-rua-2024\/","title":{"rendered":"Prefeitura de Manaus divulga Edital de Chamamento P\u00fablico para bandas, blocos e festas do Carnaval de Rua 2024"},"content":{"rendered":"\n<p>A Prefeitura de Manaus, por meio da Funda\u00e7\u00e3o Municipal de Cultura, Turismo e Eventos (Manauscult), lan\u00e7ou, nesta sexta-feira, 29\/12, o Edital de Chamamento P\u00fablico n\u00ba 011\/2023, atrav\u00e9s do link:&nbsp;<a href=\"https:\/\/www.manaus.am.gov.br\/manauscult\/chamamento-publico-para-apoio-a-bandas-e-blocos-de-rua-para-o-carnaval-2024\/\" target=\"_blank\" rel=\"noreferrer noopener\">https:\/\/www.manaus.am.gov.br\/manauscult\/chamamento-publico-para-apoio-a-bandas-e-blocos-de-rua-para-o-carnaval-2024\/<\/a>,&nbsp;para a concess\u00e3o de suporte a eventos carnavalescos realizados por bandas, blocos, festas de ruas e demais eventos similares realizados nos meses de fevereiro e mar\u00e7o de 2024.<\/p>\n\n\n\n<p>De acordo com o edital, a chamada p\u00fablica \u00e9 para concess\u00e3o de apoio com servi\u00e7os de sonoriza\u00e7\u00e3o, ilumina\u00e7\u00e3o, palco, banheiros qu\u00edmicos e estrutura de at\u00e9 110 eventos selecionados pela Comiss\u00e3o T\u00e9cnica, como de pequeno, m\u00e9dio e grande porte, que ocorrer\u00e3o por ocasi\u00e3o do per\u00edodo carnavalesco, sejam eles bandas, blocos e festas carnavalescas de ruas gratuitas.&nbsp;<\/p>\n\n\n\n<p>Para o diretor-presidente da Manauscult, Reginei Rodrigues, o edital \u00e9 uma maneira democr\u00e1tica que a Manauscult utiliza para os prestadores de servi\u00e7os que contribuir\u00e3o com as atividades art\u00edstico-culturais de Manaus.<\/p>\n\n\n\n<p>\u201cAs bandas e blocos que desejem participar de uma das festas mais esperadas, que \u00e9 o carnaval, e que contribuem para o desenvolvimento das atividades culturais e art\u00edsticas no munic\u00edpio de Manaus, precisam atender aos requisitos do Edital. O lan\u00e7amento do edital \u00e9 uma forma democr\u00e1tica para dar oportunidades iguais a todos\u201d, pontuou.<\/p>\n\n\n\n<p>Cada proponente poder\u00e1 apresentar apenas uma proposta, enviar of\u00edcio solicitando apoio \u00e0 presid\u00eancia da Manauscult, bem como, c\u00f3pia de todos a documenta\u00e7\u00e3o do proponente, entre outros, no prazo de 29\/12\/2023 a 12\/01\/2024.<\/p>\n\n\n\n<p><strong>Crit\u00e9rios<\/strong><\/p>\n\n\n\n<p>A avalia\u00e7\u00e3o das propostas levar\u00e1 em conta os crit\u00e9rios de interesse p\u00fablico e participa\u00e7\u00e3o popular, hist\u00f3rico, impacto social e relev\u00e2ncia cultural e portf\u00f3lio\/comprova\u00e7\u00e3o de tempo. Ainda de acordo com o edital, a&nbsp;Comiss\u00e3o T\u00e9cnica atribuir\u00e1, em consenso, uma \u00fanica nota para cada crit\u00e9rio de an\u00e1lise da proposta, sendo esta de acesso exclusivo do proponente mediante solicita\u00e7\u00e3o formal e protocolada na Manauscult.<\/p>\n\n\n\n<p>Em caso de empate ser\u00e1 considerado a maior nota no item \u201c3.1.8\u201d, \u201cInteresse P\u00fablico e Participa\u00e7\u00e3o Popular\u201d como crit\u00e9rio de desempate. Permanecendo o empate, ser\u00e3o consideradas as notas dos itens subsequentes at\u00e9 que haja desempate. N\u00e3o havendo, o mesmo ser\u00e1 definido pela Comiss\u00e3o T\u00e9cnica.<\/p>\n\n\n\n<p>Ser\u00e1 considerado como nota m\u00ednima para classifica\u00e7\u00e3o o total de 60 pontos. As propostas que n\u00e3o atingirem essa pontua\u00e7\u00e3o ser\u00e3o automaticamente desclassificadas.<\/p>\n\n\n\n<p><strong>Prazos<\/strong><\/p>\n\n\n\n<p>As propostas devem ser enviadas de 29\/12 a 12\/1, para an\u00e1lise da Comiss\u00e3o. A divulga\u00e7\u00e3o do resultado preliminar \u00e9 17\/1. A interposi\u00e7\u00e3o de recursos contra o resultado preliminar, deve ser protocolada em cinco dias corridos, ap\u00f3s a publica\u00e7\u00e3o do resultado preliminar, sendo de 18 a 22\/1.<\/p>\n\n\n\n<p><br>Vale ressaltar que as propostas apresentadas fora do prazo, ou de forma incompleta ou em formato distinto do previsto no Edital ser\u00e3o desconsideradas.<\/p>\n\n\n\n<p><br>&#8212; &#8212; &#8212;<\/p>\n\n\n\n<p><strong>Texto &#8211;<\/strong> Moara Cabral \/ Manauscult<\/p>\n\n\n\n<p><strong>Foto &#8211;<\/strong> Oliveira Junior \/ Manauscult<\/p>\n","protected":false},"excerpt":{"rendered":"","protected":false},"author":39,"featured_media":223685,"comment_status":"closed","ping_status":"closed","sticky":false,"template":"","format":"standard","meta":{"footnotes":""},"categories":[5728],"tags":[9963,9964,5777,307,9965,77],"acf":[],"yoast_head":"<!-- This site is optimized with the Yoast SEO plugin v23.0 - https:\/\/yoast.com\/wordpress\/plugins\/seo\/ -->\n<title>Edital de Chamamento P\u00fablico para eventos de carnaval<\/title>\n<meta name=\"description\" content=\"Prefeitura de Manaus divulga Edital de Chamamento P\u00fablico para bandas, blocos e festas do Carnaval de Rua 2024.\" \/>\n<meta name=\"robots\" content=\"index, follow, max-snippet:-1, max-image-preview:large, max-video-preview:-1\" \/>\n<link rel=\"canonical\" href=\"https:\/\/www.manaus.am.gov.br\/semcom\/prefeitura-de-manaus-divulga-edital-de-chamamento-publico-para-bandas-blocos-e-festas-do-carnaval-de-rua-2024\/\" \/>\n<meta property=\"og:locale\" content=\"pt_BR\" \/>\n<meta property=\"og:type\" content=\"article\" \/>\n<meta property=\"og:title\" content=\"Edital de Chamamento P\u00fablico para eventos de carnaval\" \/>\n<meta property=\"og:description\" content=\"Prefeitura de Manaus divulga Edital de Chamamento P\u00fablico para bandas, blocos e festas do Carnaval de Rua 2024.\" \/>\n<meta property=\"og:url\" content=\"https:\/\/www.manaus.am.gov.br\/semcom\/prefeitura-de-manaus-divulga-edital-de-chamamento-publico-para-bandas-blocos-e-festas-do-carnaval-de-rua-2024\/\" \/>\n<meta property=\"og:site_name\" content=\"SEMCOM\" \/>\n<meta property=\"article:published_time\" content=\"2023-12-29T19:34:19+00:00\" \/>\n<meta property=\"article:modified_time\" content=\"2023-12-29T19:34:20+00:00\" \/>\n<meta property=\"og:image\" content=\"https:\/\/www.manaus.am.gov.br\/semcom\/wp-content\/uploads\/sites\/5\/2023\/12\/Edital-1024x768.jpg\" \/>\n\t<meta property=\"og:image:width\" content=\"1024\" \/>\n\t<meta property=\"og:image:height\" content=\"768\" \/>\n\t<meta property=\"og:image:type\" content=\"image\/jpeg\" \/>\n<meta name=\"author\" content=\"Bruna Greco\" \/>\n<meta name=\"twitter:card\" content=\"summary_large_image\" \/>\n<meta name=\"twitter:label1\" content=\"Written by\" \/>\n\t<meta name=\"twitter:data1\" content=\"Bruna Greco\" \/>\n\t<meta name=\"twitter:label2\" content=\"Est. reading time\" \/>\n\t<meta name=\"twitter:data2\" content=\"3 minutos\" \/>\n<script type=\"application\/ld+json\" class=\"yoast-schema-graph\">{\"@context\":\"https:\/\/schema.org\",\"@graph\":[{\"@type\":\"WebPage\",\"@id\":\"https:\/\/www.manaus.am.gov.br\/semcom\/prefeitura-de-manaus-divulga-edital-de-chamamento-publico-para-bandas-blocos-e-festas-do-carnaval-de-rua-2024\/\",\"url\":\"https:\/\/www.manaus.am.gov.br\/semcom\/prefeitura-de-manaus-divulga-edital-de-chamamento-publico-para-bandas-blocos-e-festas-do-carnaval-de-rua-2024\/\",\"name\":\"Edital de Chamamento P\u00fablico para eventos de carnaval\",\"isPartOf\":{\"@id\":\"https:\/\/www.manaus.am.gov.br\/semcom\/#website\"},\"primaryImageOfPage\":{\"@id\":\"https:\/\/www.manaus.am.gov.br\/semcom\/prefeitura-de-manaus-divulga-edital-de-chamamento-publico-para-bandas-blocos-e-festas-do-carnaval-de-rua-2024\/#primaryimage\"},\"image\":{\"@id\":\"https:\/\/www.manaus.am.gov.br\/semcom\/prefeitura-de-manaus-divulga-edital-de-chamamento-publico-para-bandas-blocos-e-festas-do-carnaval-de-rua-2024\/#primaryimage\"},\"thumbnailUrl\":\"https:\/\/www.manaus.am.gov.br\/semcom\/wp-content\/uploads\/sites\/5\/2023\/12\/Edital.jpg\",\"datePublished\":\"2023-12-29T19:34:19+00:00\",\"dateModified\":\"2023-12-29T19:34:20+00:00\",\"author\":{\"@id\":\"https:\/\/www.manaus.am.gov.br\/semcom\/#\/schema\/person\/05d223aea2bf115f9883a6ff3683d81b\"},\"description\":\"Prefeitura de Manaus divulga Edital de Chamamento P\u00fablico para bandas, blocos e festas do Carnaval de Rua 2024.\",\"inLanguage\":\"pt-BR\",\"potentialAction\":[{\"@type\":\"ReadAction\",\"target\":[\"https:\/\/www.manaus.am.gov.br\/semcom\/prefeitura-de-manaus-divulga-edital-de-chamamento-publico-para-bandas-blocos-e-festas-do-carnaval-de-rua-2024\/\"]}]},{\"@type\":\"ImageObject\",\"inLanguage\":\"pt-BR\",\"@id\":\"https:\/\/www.manaus.am.gov.br\/semcom\/prefeitura-de-manaus-divulga-edital-de-chamamento-publico-para-bandas-blocos-e-festas-do-carnaval-de-rua-2024\/#primaryimage\",\"url\":\"https:\/\/www.manaus.am.gov.br\/semcom\/wp-content\/uploads\/sites\/5\/2023\/12\/Edital.jpg\",\"contentUrl\":\"https:\/\/www.manaus.am.gov.br\/semcom\/wp-content\/uploads\/sites\/5\/2023\/12\/Edital.jpg\",\"width\":4032,\"height\":3024,\"caption\":\"#paratodosverem - Mulher em frente a computador acessando o Edital de Chamamento P\u00fablico da Manauscult\"},{\"@type\":\"WebSite\",\"@id\":\"https:\/\/www.manaus.am.gov.br\/semcom\/#website\",\"url\":\"https:\/\/www.manaus.am.gov.br\/semcom\/\",\"name\":\"SEMCOM\",\"description\":\"Secretaria Municipal de Comunica\u00e7\u00e3o\",\"potentialAction\":[{\"@type\":\"SearchAction\",\"target\":{\"@type\":\"EntryPoint\",\"urlTemplate\":\"https:\/\/www.manaus.am.gov.br\/semcom\/?s={search_term_string}\"},\"query-input\":\"required name=search_term_string\"}],\"inLanguage\":\"pt-BR\"},{\"@type\":\"Person\",\"@id\":\"https:\/\/www.manaus.am.gov.br\/semcom\/#\/schema\/person\/05d223aea2bf115f9883a6ff3683d81b\",\"name\":\"Bruna Greco\",\"image\":{\"@type\":\"ImageObject\",\"inLanguage\":\"pt-BR\",\"@id\":\"https:\/\/www.manaus.am.gov.br\/semcom\/#\/schema\/person\/image\/\",\"url\":\"https:\/\/secure.gravatar.com\/avatar\/9c877d1a6adc2a055330e5c09a8653ce?s=96&d=mm&r=g\",\"contentUrl\":\"https:\/\/secure.gravatar.com\/avatar\/9c877d1a6adc2a055330e5c09a8653ce?s=96&d=mm&r=g\",\"caption\":\"Bruna Greco\"}}]}<\/script>\n<!-- \/ Yoast SEO plugin. -->","yoast_head_json":{"title":"Edital de Chamamento P\u00fablico para eventos de carnaval","description":"Prefeitura de Manaus divulga Edital de Chamamento P\u00fablico para bandas, blocos e festas do Carnaval de Rua 2024.","robots":{"index":"index","follow":"follow","max-snippet":"max-snippet:-1","max-image-preview":"max-image-preview:large","max-video-preview":"max-video-preview:-1"},"canonical":"https:\/\/www.manaus.am.gov.br\/semcom\/prefeitura-de-manaus-divulga-edital-de-chamamento-publico-para-bandas-blocos-e-festas-do-carnaval-de-rua-2024\/","og_locale":"pt_BR","og_type":"article","og_title":"Edital de Chamamento P\u00fablico para eventos de carnaval","og_description":"Prefeitura de Manaus divulga Edital de Chamamento P\u00fablico para bandas, blocos e festas do Carnaval de Rua 2024.","og_url":"https:\/\/www.manaus.am.gov.br\/semcom\/prefeitura-de-manaus-divulga-edital-de-chamamento-publico-para-bandas-blocos-e-festas-do-carnaval-de-rua-2024\/","og_site_name":"SEMCOM","article_published_time":"2023-12-29T19:34:19+00:00","article_modified_time":"2023-12-29T19:34:20+00:00","og_image":[{"width":1024,"height":768,"url":"https:\/\/www.manaus.am.gov.br\/semcom\/wp-content\/uploads\/sites\/5\/2023\/12\/Edital-1024x768.jpg","type":"image\/jpeg"}],"author":"Bruna Greco","twitter_card":"summary_large_image","twitter_misc":{"Written by":"Bruna Greco","Est. reading time":"3 minutos"},"schema":{"@context":"https:\/\/schema.org","@graph":[{"@type":"WebPage","@id":"https:\/\/www.manaus.am.gov.br\/semcom\/prefeitura-de-manaus-divulga-edital-de-chamamento-publico-para-bandas-blocos-e-festas-do-carnaval-de-rua-2024\/","url":"https:\/\/www.manaus.am.gov.br\/semcom\/prefeitura-de-manaus-divulga-edital-de-chamamento-publico-para-bandas-blocos-e-festas-do-carnaval-de-rua-2024\/","name":"Edital de Chamamento P\u00fablico para eventos de carnaval","isPartOf":{"@id":"https:\/\/www.manaus.am.gov.br\/semcom\/#website"},"primaryImageOfPage":{"@id":"https:\/\/www.manaus.am.gov.br\/semcom\/prefeitura-de-manaus-divulga-edital-de-chamamento-publico-para-bandas-blocos-e-festas-do-carnaval-de-rua-2024\/#primaryimage"},"image":{"@id":"https:\/\/www.manaus.am.gov.br\/semcom\/prefeitura-de-manaus-divulga-edital-de-chamamento-publico-para-bandas-blocos-e-festas-do-carnaval-de-rua-2024\/#primaryimage"},"thumbnailUrl":"https:\/\/www.manaus.am.gov.br\/semcom\/wp-content\/uploads\/sites\/5\/2023\/12\/Edital.jpg","datePublished":"2023-12-29T19:34:19+00:00","dateModified":"2023-12-29T19:34:20+00:00","author":{"@id":"https:\/\/www.manaus.am.gov.br\/semcom\/#\/schema\/person\/05d223aea2bf115f9883a6ff3683d81b"},"description":"Prefeitura de Manaus divulga Edital de Chamamento P\u00fablico para bandas, blocos e festas do Carnaval de Rua 2024.","inLanguage":"pt-BR","potentialAction":[{"@type":"ReadAction","target":["https:\/\/www.manaus.am.gov.br\/semcom\/prefeitura-de-manaus-divulga-edital-de-chamamento-publico-para-bandas-blocos-e-festas-do-carnaval-de-rua-2024\/"]}]},{"@type":"ImageObject","inLanguage":"pt-BR","@id":"https:\/\/www.manaus.am.gov.br\/semcom\/prefeitura-de-manaus-divulga-edital-de-chamamento-publico-para-bandas-blocos-e-festas-do-carnaval-de-rua-2024\/#primaryimage","url":"https:\/\/www.manaus.am.gov.br\/semcom\/wp-content\/uploads\/sites\/5\/2023\/12\/Edital.jpg","contentUrl":"https:\/\/www.manaus.am.gov.br\/semcom\/wp-content\/uploads\/sites\/5\/2023\/12\/Edital.jpg","width":4032,"height":3024,"caption":"#paratodosverem - Mulher em frente a computador acessando o Edital de Chamamento P\u00fablico da Manauscult"},{"@type":"WebSite","@id":"https:\/\/www.manaus.am.gov.br\/semcom\/#website","url":"https:\/\/www.manaus.am.gov.br\/semcom\/","name":"SEMCOM","description":"Secretaria Municipal de Comunica\u00e7\u00e3o","potentialAction":[{"@type":"SearchAction","target":{"@type":"EntryPoint","urlTemplate":"https:\/\/www.manaus.am.gov.br\/semcom\/?s={search_term_string}"},"query-input":"required name=search_term_string"}],"inLanguage":"pt-BR"},{"@type":"Person","@id":"https:\/\/www.manaus.am.gov.br\/semcom\/#\/schema\/person\/05d223aea2bf115f9883a6ff3683d81b","name":"Bruna Greco","image":{"@type":"ImageObject","inLanguage":"pt-BR","@id":"https:\/\/www.manaus.am.gov.br\/semcom\/#\/schema\/person\/image\/","url":"https:\/\/secure.gravatar.com\/avatar\/9c877d1a6adc2a055330e5c09a8653ce?s=96&d=mm&r=g","contentUrl":"https:\/\/secure.gravatar.com\/avatar\/9c877d1a6adc2a055330e5c09a8653ce?s=96&d=mm&r=g","caption":"Bruna Greco"}}]}},"_links":{"self":[{"href":"https:\/\/www.manaus.am.gov.br\/semcom\/wp-json\/wp\/v2\/posts\/223684"}],"collection":[{"href":"https:\/\/www.manaus.am.gov.br\/semcom\/wp-json\/wp\/v2\/posts"}],"about":[{"href":"https:\/\/www.manaus.am.gov.br\/semcom\/wp-json\/wp\/v2\/types\/post"}],"author":[{"embeddable":true,"href":"https:\/\/www.manaus.am.gov.br\/semcom\/wp-json\/wp\/v2\/users\/39"}],"replies":[{"embeddable":true,"href":"https:\/\/www.manaus.am.gov.br\/semcom\/wp-json\/wp\/v2\/comments?post=223684"}],"version-history":[{"count":0,"href":"https:\/\/www.manaus.am.gov.br\/semcom\/wp-json\/wp\/v2\/posts\/223684\/revisions"}],"wp:featuredmedia":[{"embeddable":true,"href":"https:\/\/www.manaus.am.gov.br\/semcom\/wp-json\/wp\/v2\/media\/223685"}],"wp:attachment":[{"href":"https:\/\/www.manaus.am.gov.br\/semcom\/wp-json\/wp\/v2\/media?parent=223684"}],"wp:term":[{"taxonomy":"category","embeddable":true,"href":"https:\/\/www.manaus.am.gov.br\/semcom\/wp-json\/wp\/v2\/categories?post=223684"},{"taxonomy":"post_tag","embeddable":true,"href":"https:\/\/www.manaus.am.gov.br\/semcom\/wp-json\/wp\/v2\/tags?post=223684"}],"curies":[{"name":"wp","href":"https:\/\/api.w.org\/{rel}","templated":true}]}}