{"id":223678,"date":"2023-12-29T13:57:39","date_gmt":"2023-12-29T16:57:39","guid":{"rendered":"https:\/\/www.manaus.am.gov.br\/semcom\/prefeitura-de-manaus-realiza-a-campanha-dentre-as-boas-acoes-de-2024-adote-uma-arvore\/"},"modified":"2023-12-29T13:57:40","modified_gmt":"2023-12-29T16:57:40","slug":"prefeitura-de-manaus-realiza-a-campanha-dentre-as-boas-acoes-de-2024-adote-uma-arvore","status":"publish","type":"post","link":"https:\/\/www.manaus.am.gov.br\/semcom\/prefeitura-de-manaus-realiza-a-campanha-dentre-as-boas-acoes-de-2024-adote-uma-arvore\/","title":{"rendered":"Prefeitura de Manaus realiza a campanha \u2018Dentre as boas a\u00e7\u00f5es de 2024, adote uma \u00e1rvore\u2019"},"content":{"rendered":"\n<p>A Prefeitura de Manaus, por meio da Secretaria Municipal de Meio Ambiente, Sustentabilidade e Mudan\u00e7a do Clima (Semmasclima), realizou a \u00faltima a\u00e7\u00e3o de distribui\u00e7\u00e3o itinerante de mudas de plantas, na manh\u00e3 desta sexta-feira, 29\/12, no cruzamento das avenidas Andr\u00e9 Ara\u00fajo e Jornalista Umberto Calderaro Filho, ao lado do f\u00f3rum Ministro Henoch Reis, bairro Aleixo, zona Centro-Sul. A campanha intitulada \u201cDentre as boas a\u00e7\u00f5es de 2024, adote uma \u00e1rvore\u201d visa estimular a participa\u00e7\u00e3o da popula\u00e7\u00e3o no plantio de \u00e1rvores em seus quintais.<\/p>\n\n\n\n<p>O subsecret\u00e1rio municipal de Meio Ambiente, Sustentabilidade e Mudan\u00e7as Clim\u00e1ticas, Leonel Feitoza, afirmou que este momento de virada de ano \u00e9 prop\u00edcio para as pessoas pensarem em resolu\u00e7\u00f5es, da\u00ed a ideia da campanha. \u201cEstamos seguindo a determina\u00e7\u00e3o do prefeito David Almeida de continuarmos a distribui\u00e7\u00e3o itinerante de mudas de forma intensa na capital. Temos na cidade \u00e1reas degradadas por queimadas e, al\u00e9m do nosso trabalho cont\u00ednuo de recupera\u00e7\u00e3o com o plantio, estimulamos as pessoas em campanhas como essa, contando com a participa\u00e7\u00e3o da popula\u00e7\u00e3o no cuidado do meio ambiente\u201d, destacou Leonel Feitoza.<\/p>\n\n\n\n<p>Por meio do programa \u201cManaus Verde\u201d, a Prefeitura de Manaus realizou, em 2023, o total de 63 a\u00e7\u00f5es de distribui\u00e7\u00e3o itinerante de mudas, acompanhadas de atividades de Educa\u00e7\u00e3o Ambiental, nos bairros de todas as zonas da cidade, resultando na doa\u00e7\u00e3o de mais de 85 mil plantas entre esp\u00e9cies frut\u00edferas, ornamentais, medicinais e arb\u00f3reas. As a\u00e7\u00f5es envolveram iniciativas da Semmasclima e suporte de mais de 316 institui\u00e7\u00f5es parceiras. No ano anterior, foram distribu\u00eddas 70 mil mudas.<\/p>\n\n\n\n<p><strong>Popula\u00e7\u00e3o como protagonista<\/strong><\/p>\n\n\n\n<p>Uma das pessoas que aproveitou para pegar mudas, gratuitamente, foi o professor universit\u00e1rio Jonas Gomes. Morador do bairro Petr\u00f3polis, zona Sul de Manaus, ele relembrou que organizou, na comunidade, o projeto \u201cPetr\u00f3polis Verde\u201d, com um dos objetivos de aumentar a quantidade de \u00e1rvores na \u00e1rea.<\/p>\n\n\n\n<p>\u201cEntre os anos de 2011 e 2014, n\u00f3s da comunidade plantamos mil mudas no bairro Petr\u00f3polis. Fizemos um levantamento um ano depois e apenas 25% delas sobreviveram. Muitas pessoas pegam mudas e depois n\u00e3o cuidam dela ao longo do tempo, sem dar a correta aten\u00e7\u00e3o necess\u00e1ria, ao menos, no primeiro ano de vida\u201d, comentou.<\/p>\n\n\n\n<p>O cuidado com as \u00e1rvores e plantas \u00e9 valorizado pela estudante de Nutri\u00e7\u00e3o, Rebeca Sousa, n\u00e3o s\u00f3 pela import\u00e2ncia para o meio ambiente, sa\u00fade da popula\u00e7\u00e3o e das gera\u00e7\u00f5es futuras. Ela tem um motivo especial: \u201cQuando minha av\u00f3 faleceu, eu passei a cuidar do jardim da casa dela com o meu av\u00f4. Hoje, esse \u00e9 o nosso momento terap\u00eautico juntos. \u00c9 muito importante as pessoas terem contato com a natureza. Isso traz tranquilidade e faz muito bem\u201d, destacou a moradora do bairro da Paz.<\/p>\n\n\n\n<p>Quem desejar ser protagonista na conserva\u00e7\u00e3o do meio ambiente, plantando e cuidando de \u00e1rvores, pode acompanhar o calend\u00e1rio de distribui\u00e7\u00e3o itinerante de mudas e o trabalho de arboriza\u00e7\u00e3o, realizado pela Prefeitura de Manaus, por meio da Semmasclima, &nbsp;pelo perfil @semmasmanaus, no Instagram. O calend\u00e1rio com os pr\u00f3ximos endere\u00e7os das a\u00e7\u00f5es ser\u00e1 divulgado na ter\u00e7a-feira, 2\/1.<\/p>\n\n\n\n<p>&#8212; &#8212; &#8212;<\/p>\n\n\n\n<p><strong>Texto<\/strong>&nbsp;&#8211; Taianna Castro \/ Semmasclima Manaus<\/p>\n\n\n\n<p><strong>Fotos<\/strong>&nbsp;\u2013 Phil Limma\/Semcom<\/p>\n\n\n\n<p><strong>Dispon\u00edveis em<\/strong>&nbsp;&#8211;&nbsp;<a href=\"https:\/\/flic.kr\/s\/aHBqjB8rTn\" target=\"_blank\" rel=\"noreferrer noopener\">https:\/\/flic.kr\/s\/aHBqjB8rTn<\/a><\/p>\n","protected":false},"excerpt":{"rendered":"","protected":false},"author":23,"featured_media":223679,"comment_status":"closed","ping_status":"closed","sticky":false,"template":"","format":"standard","meta":{"footnotes":""},"categories":[3878],"tags":[7988,7007,9958,77,9959],"acf":[],"yoast_head":"<!-- This site is optimized with the Yoast SEO plugin v23.0 - https:\/\/yoast.com\/wordpress\/plugins\/seo\/ -->\n<title>Prefeitura de Manaus realiza a campanha \u2018Dentre as boas a\u00e7\u00f5es de 2024, adote uma \u00e1rvore\u2019<\/title>\n<meta name=\"description\" content=\"A Prefeitura de Manaus, por meio da Secretaria Municipal de Meio Ambiente, Sustentabilidade e Mudan\u00e7a do Clima (Semmasclima), realizou a \u00faltima a\u00e7\u00e3o de distribui\u00e7\u00e3o itinerante de mudas de plantas, na manh\u00e3 desta sexta-feira, 29\/12, no cruzamento das avenidas Andr\u00e9 Ara\u00fajo e Jornalista Umberto Calderaro Filho, ao lado do f\u00f3rum Ministro Henoch Reis, bairro Aleixo, zona Centro-Sul. A campanha intitulada \u201cDentre as boas a\u00e7\u00f5es de 2024, adote uma \u00e1rvore\u201d visa estimular a participa\u00e7\u00e3o da popula\u00e7\u00e3o no plantio de \u00e1rvores em seus quintais.\" \/>\n<meta name=\"robots\" content=\"index, follow, max-snippet:-1, max-image-preview:large, max-video-preview:-1\" \/>\n<link rel=\"canonical\" href=\"https:\/\/www.manaus.am.gov.br\/semcom\/prefeitura-de-manaus-realiza-a-campanha-dentre-as-boas-acoes-de-2024-adote-uma-arvore\/\" \/>\n<meta property=\"og:locale\" content=\"pt_BR\" \/>\n<meta property=\"og:type\" content=\"article\" \/>\n<meta property=\"og:title\" content=\"Prefeitura de Manaus realiza a campanha \u2018Dentre as boas a\u00e7\u00f5es de 2024, adote uma \u00e1rvore\u2019\" \/>\n<meta property=\"og:description\" content=\"A Prefeitura de Manaus, por meio da Secretaria Municipal de Meio Ambiente, Sustentabilidade e Mudan\u00e7a do Clima (Semmasclima), realizou a \u00faltima a\u00e7\u00e3o de distribui\u00e7\u00e3o itinerante de mudas de plantas, na manh\u00e3 desta sexta-feira, 29\/12, no cruzamento das avenidas Andr\u00e9 Ara\u00fajo e Jornalista Umberto Calderaro Filho, ao lado do f\u00f3rum Ministro Henoch Reis, bairro Aleixo, zona Centro-Sul. A campanha intitulada \u201cDentre as boas a\u00e7\u00f5es de 2024, adote uma \u00e1rvore\u201d visa estimular a participa\u00e7\u00e3o da popula\u00e7\u00e3o no plantio de \u00e1rvores em seus quintais.\" \/>\n<meta property=\"og:url\" content=\"https:\/\/www.manaus.am.gov.br\/semcom\/prefeitura-de-manaus-realiza-a-campanha-dentre-as-boas-acoes-de-2024-adote-uma-arvore\/\" \/>\n<meta property=\"og:site_name\" content=\"SEMCOM\" \/>\n<meta property=\"article:published_time\" content=\"2023-12-29T16:57:39+00:00\" \/>\n<meta property=\"article:modified_time\" content=\"2023-12-29T16:57:40+00:00\" \/>\n<meta property=\"og:image\" content=\"https:\/\/www.manaus.am.gov.br\/semcom\/wp-content\/uploads\/sites\/5\/2023\/12\/53427658582_990a3228ab_c.jpg\" \/>\n\t<meta property=\"og:image:width\" content=\"799\" \/>\n\t<meta property=\"og:image:height\" content=\"533\" \/>\n\t<meta property=\"og:image:type\" content=\"image\/jpeg\" \/>\n<meta name=\"author\" content=\"Adriana Costa\" \/>\n<meta name=\"twitter:card\" content=\"summary_large_image\" \/>\n<meta name=\"twitter:label1\" content=\"Written by\" \/>\n\t<meta name=\"twitter:data1\" content=\"Adriana Costa\" \/>\n\t<meta name=\"twitter:label2\" content=\"Est. reading time\" \/>\n\t<meta name=\"twitter:data2\" content=\"3 minutos\" \/>\n<script type=\"application\/ld+json\" class=\"yoast-schema-graph\">{\"@context\":\"https:\/\/schema.org\",\"@graph\":[{\"@type\":\"WebPage\",\"@id\":\"https:\/\/www.manaus.am.gov.br\/semcom\/prefeitura-de-manaus-realiza-a-campanha-dentre-as-boas-acoes-de-2024-adote-uma-arvore\/\",\"url\":\"https:\/\/www.manaus.am.gov.br\/semcom\/prefeitura-de-manaus-realiza-a-campanha-dentre-as-boas-acoes-de-2024-adote-uma-arvore\/\",\"name\":\"Prefeitura de Manaus realiza a campanha \u2018Dentre as boas a\u00e7\u00f5es de 2024, adote uma \u00e1rvore\u2019\",\"isPartOf\":{\"@id\":\"https:\/\/www.manaus.am.gov.br\/semcom\/#website\"},\"primaryImageOfPage\":{\"@id\":\"https:\/\/www.manaus.am.gov.br\/semcom\/prefeitura-de-manaus-realiza-a-campanha-dentre-as-boas-acoes-de-2024-adote-uma-arvore\/#primaryimage\"},\"image\":{\"@id\":\"https:\/\/www.manaus.am.gov.br\/semcom\/prefeitura-de-manaus-realiza-a-campanha-dentre-as-boas-acoes-de-2024-adote-uma-arvore\/#primaryimage\"},\"thumbnailUrl\":\"https:\/\/www.manaus.am.gov.br\/semcom\/wp-content\/uploads\/sites\/5\/2023\/12\/53427658582_990a3228ab_c.jpg\",\"datePublished\":\"2023-12-29T16:57:39+00:00\",\"dateModified\":\"2023-12-29T16:57:40+00:00\",\"author\":{\"@id\":\"https:\/\/www.manaus.am.gov.br\/semcom\/#\/schema\/person\/4e49f4e267757a06ca072ec61b2b9968\"},\"description\":\"A Prefeitura de Manaus, por meio da Secretaria Municipal de Meio Ambiente, Sustentabilidade e Mudan\u00e7a do Clima (Semmasclima), realizou a \u00faltima a\u00e7\u00e3o de distribui\u00e7\u00e3o itinerante de mudas de plantas, na manh\u00e3 desta sexta-feira, 29\/12, no cruzamento das avenidas Andr\u00e9 Ara\u00fajo e Jornalista Umberto Calderaro Filho, ao lado do f\u00f3rum Ministro Henoch Reis, bairro Aleixo, zona Centro-Sul. A campanha intitulada \u201cDentre as boas a\u00e7\u00f5es de 2024, adote uma \u00e1rvore\u201d visa estimular a participa\u00e7\u00e3o da popula\u00e7\u00e3o no plantio de \u00e1rvores em seus quintais.\",\"inLanguage\":\"pt-BR\",\"potentialAction\":[{\"@type\":\"ReadAction\",\"target\":[\"https:\/\/www.manaus.am.gov.br\/semcom\/prefeitura-de-manaus-realiza-a-campanha-dentre-as-boas-acoes-de-2024-adote-uma-arvore\/\"]}]},{\"@type\":\"ImageObject\",\"inLanguage\":\"pt-BR\",\"@id\":\"https:\/\/www.manaus.am.gov.br\/semcom\/prefeitura-de-manaus-realiza-a-campanha-dentre-as-boas-acoes-de-2024-adote-uma-arvore\/#primaryimage\",\"url\":\"https:\/\/www.manaus.am.gov.br\/semcom\/wp-content\/uploads\/sites\/5\/2023\/12\/53427658582_990a3228ab_c.jpg\",\"contentUrl\":\"https:\/\/www.manaus.am.gov.br\/semcom\/wp-content\/uploads\/sites\/5\/2023\/12\/53427658582_990a3228ab_c.jpg\",\"width\":799,\"height\":533},{\"@type\":\"WebSite\",\"@id\":\"https:\/\/www.manaus.am.gov.br\/semcom\/#website\",\"url\":\"https:\/\/www.manaus.am.gov.br\/semcom\/\",\"name\":\"SEMCOM\",\"description\":\"Secretaria Municipal de Comunica\u00e7\u00e3o\",\"potentialAction\":[{\"@type\":\"SearchAction\",\"target\":{\"@type\":\"EntryPoint\",\"urlTemplate\":\"https:\/\/www.manaus.am.gov.br\/semcom\/?s={search_term_string}\"},\"query-input\":\"required name=search_term_string\"}],\"inLanguage\":\"pt-BR\"},{\"@type\":\"Person\",\"@id\":\"https:\/\/www.manaus.am.gov.br\/semcom\/#\/schema\/person\/4e49f4e267757a06ca072ec61b2b9968\",\"name\":\"Adriana Costa\",\"image\":{\"@type\":\"ImageObject\",\"inLanguage\":\"pt-BR\",\"@id\":\"https:\/\/www.manaus.am.gov.br\/semcom\/#\/schema\/person\/image\/\",\"url\":\"https:\/\/secure.gravatar.com\/avatar\/576258617ef7194f718179e766d57bd4?s=96&d=mm&r=g\",\"contentUrl\":\"https:\/\/secure.gravatar.com\/avatar\/576258617ef7194f718179e766d57bd4?s=96&d=mm&r=g\",\"caption\":\"Adriana Costa\"}}]}<\/script>\n<!-- \/ Yoast SEO plugin. -->","yoast_head_json":{"title":"Prefeitura de Manaus realiza a campanha \u2018Dentre as boas a\u00e7\u00f5es de 2024, adote uma \u00e1rvore\u2019","description":"A Prefeitura de Manaus, por meio da Secretaria Municipal de Meio Ambiente, Sustentabilidade e Mudan\u00e7a do Clima (Semmasclima), realizou a \u00faltima a\u00e7\u00e3o de distribui\u00e7\u00e3o itinerante de mudas de plantas, na manh\u00e3 desta sexta-feira, 29\/12, no cruzamento das avenidas Andr\u00e9 Ara\u00fajo e Jornalista Umberto Calderaro Filho, ao lado do f\u00f3rum Ministro Henoch Reis, bairro Aleixo, zona Centro-Sul. A campanha intitulada \u201cDentre as boas a\u00e7\u00f5es de 2024, adote uma \u00e1rvore\u201d visa estimular a participa\u00e7\u00e3o da popula\u00e7\u00e3o no plantio de \u00e1rvores em seus quintais.","robots":{"index":"index","follow":"follow","max-snippet":"max-snippet:-1","max-image-preview":"max-image-preview:large","max-video-preview":"max-video-preview:-1"},"canonical":"https:\/\/www.manaus.am.gov.br\/semcom\/prefeitura-de-manaus-realiza-a-campanha-dentre-as-boas-acoes-de-2024-adote-uma-arvore\/","og_locale":"pt_BR","og_type":"article","og_title":"Prefeitura de Manaus realiza a campanha \u2018Dentre as boas a\u00e7\u00f5es de 2024, adote uma \u00e1rvore\u2019","og_description":"A Prefeitura de Manaus, por meio da Secretaria Municipal de Meio Ambiente, Sustentabilidade e Mudan\u00e7a do Clima (Semmasclima), realizou a \u00faltima a\u00e7\u00e3o de distribui\u00e7\u00e3o itinerante de mudas de plantas, na manh\u00e3 desta sexta-feira, 29\/12, no cruzamento das avenidas Andr\u00e9 Ara\u00fajo e Jornalista Umberto Calderaro Filho, ao lado do f\u00f3rum Ministro Henoch Reis, bairro Aleixo, zona Centro-Sul. A campanha intitulada \u201cDentre as boas a\u00e7\u00f5es de 2024, adote uma \u00e1rvore\u201d visa estimular a participa\u00e7\u00e3o da popula\u00e7\u00e3o no plantio de \u00e1rvores em seus quintais.","og_url":"https:\/\/www.manaus.am.gov.br\/semcom\/prefeitura-de-manaus-realiza-a-campanha-dentre-as-boas-acoes-de-2024-adote-uma-arvore\/","og_site_name":"SEMCOM","article_published_time":"2023-12-29T16:57:39+00:00","article_modified_time":"2023-12-29T16:57:40+00:00","og_image":[{"width":799,"height":533,"url":"https:\/\/www.manaus.am.gov.br\/semcom\/wp-content\/uploads\/sites\/5\/2023\/12\/53427658582_990a3228ab_c.jpg","type":"image\/jpeg"}],"author":"Adriana Costa","twitter_card":"summary_large_image","twitter_misc":{"Written by":"Adriana Costa","Est. reading time":"3 minutos"},"schema":{"@context":"https:\/\/schema.org","@graph":[{"@type":"WebPage","@id":"https:\/\/www.manaus.am.gov.br\/semcom\/prefeitura-de-manaus-realiza-a-campanha-dentre-as-boas-acoes-de-2024-adote-uma-arvore\/","url":"https:\/\/www.manaus.am.gov.br\/semcom\/prefeitura-de-manaus-realiza-a-campanha-dentre-as-boas-acoes-de-2024-adote-uma-arvore\/","name":"Prefeitura de Manaus realiza a campanha \u2018Dentre as boas a\u00e7\u00f5es de 2024, adote uma \u00e1rvore\u2019","isPartOf":{"@id":"https:\/\/www.manaus.am.gov.br\/semcom\/#website"},"primaryImageOfPage":{"@id":"https:\/\/www.manaus.am.gov.br\/semcom\/prefeitura-de-manaus-realiza-a-campanha-dentre-as-boas-acoes-de-2024-adote-uma-arvore\/#primaryimage"},"image":{"@id":"https:\/\/www.manaus.am.gov.br\/semcom\/prefeitura-de-manaus-realiza-a-campanha-dentre-as-boas-acoes-de-2024-adote-uma-arvore\/#primaryimage"},"thumbnailUrl":"https:\/\/www.manaus.am.gov.br\/semcom\/wp-content\/uploads\/sites\/5\/2023\/12\/53427658582_990a3228ab_c.jpg","datePublished":"2023-12-29T16:57:39+00:00","dateModified":"2023-12-29T16:57:40+00:00","author":{"@id":"https:\/\/www.manaus.am.gov.br\/semcom\/#\/schema\/person\/4e49f4e267757a06ca072ec61b2b9968"},"description":"A Prefeitura de Manaus, por meio da Secretaria Municipal de Meio Ambiente, Sustentabilidade e Mudan\u00e7a do Clima (Semmasclima), realizou a \u00faltima a\u00e7\u00e3o de distribui\u00e7\u00e3o itinerante de mudas de plantas, na manh\u00e3 desta sexta-feira, 29\/12, no cruzamento das avenidas Andr\u00e9 Ara\u00fajo e Jornalista Umberto Calderaro Filho, ao lado do f\u00f3rum Ministro Henoch Reis, bairro Aleixo, zona Centro-Sul. A campanha intitulada \u201cDentre as boas a\u00e7\u00f5es de 2024, adote uma \u00e1rvore\u201d visa estimular a participa\u00e7\u00e3o da popula\u00e7\u00e3o no plantio de \u00e1rvores em seus quintais.","inLanguage":"pt-BR","potentialAction":[{"@type":"ReadAction","target":["https:\/\/www.manaus.am.gov.br\/semcom\/prefeitura-de-manaus-realiza-a-campanha-dentre-as-boas-acoes-de-2024-adote-uma-arvore\/"]}]},{"@type":"ImageObject","inLanguage":"pt-BR","@id":"https:\/\/www.manaus.am.gov.br\/semcom\/prefeitura-de-manaus-realiza-a-campanha-dentre-as-boas-acoes-de-2024-adote-uma-arvore\/#primaryimage","url":"https:\/\/www.manaus.am.gov.br\/semcom\/wp-content\/uploads\/sites\/5\/2023\/12\/53427658582_990a3228ab_c.jpg","contentUrl":"https:\/\/www.manaus.am.gov.br\/semcom\/wp-content\/uploads\/sites\/5\/2023\/12\/53427658582_990a3228ab_c.jpg","width":799,"height":533},{"@type":"WebSite","@id":"https:\/\/www.manaus.am.gov.br\/semcom\/#website","url":"https:\/\/www.manaus.am.gov.br\/semcom\/","name":"SEMCOM","description":"Secretaria Municipal de Comunica\u00e7\u00e3o","potentialAction":[{"@type":"SearchAction","target":{"@type":"EntryPoint","urlTemplate":"https:\/\/www.manaus.am.gov.br\/semcom\/?s={search_term_string}"},"query-input":"required name=search_term_string"}],"inLanguage":"pt-BR"},{"@type":"Person","@id":"https:\/\/www.manaus.am.gov.br\/semcom\/#\/schema\/person\/4e49f4e267757a06ca072ec61b2b9968","name":"Adriana Costa","image":{"@type":"ImageObject","inLanguage":"pt-BR","@id":"https:\/\/www.manaus.am.gov.br\/semcom\/#\/schema\/person\/image\/","url":"https:\/\/secure.gravatar.com\/avatar\/576258617ef7194f718179e766d57bd4?s=96&d=mm&r=g","contentUrl":"https:\/\/secure.gravatar.com\/avatar\/576258617ef7194f718179e766d57bd4?s=96&d=mm&r=g","caption":"Adriana Costa"}}]}},"_links":{"self":[{"href":"https:\/\/www.manaus.am.gov.br\/semcom\/wp-json\/wp\/v2\/posts\/223678"}],"collection":[{"href":"https:\/\/www.manaus.am.gov.br\/semcom\/wp-json\/wp\/v2\/posts"}],"about":[{"href":"https:\/\/www.manaus.am.gov.br\/semcom\/wp-json\/wp\/v2\/types\/post"}],"author":[{"embeddable":true,"href":"https:\/\/www.manaus.am.gov.br\/semcom\/wp-json\/wp\/v2\/users\/23"}],"replies":[{"embeddable":true,"href":"https:\/\/www.manaus.am.gov.br\/semcom\/wp-json\/wp\/v2\/comments?post=223678"}],"version-history":[{"count":0,"href":"https:\/\/www.manaus.am.gov.br\/semcom\/wp-json\/wp\/v2\/posts\/223678\/revisions"}],"wp:featuredmedia":[{"embeddable":true,"href":"https:\/\/www.manaus.am.gov.br\/semcom\/wp-json\/wp\/v2\/media\/223679"}],"wp:attachment":[{"href":"https:\/\/www.manaus.am.gov.br\/semcom\/wp-json\/wp\/v2\/media?parent=223678"}],"wp:term":[{"taxonomy":"category","embeddable":true,"href":"https:\/\/www.manaus.am.gov.br\/semcom\/wp-json\/wp\/v2\/categories?post=223678"},{"taxonomy":"post_tag","embeddable":true,"href":"https:\/\/www.manaus.am.gov.br\/semcom\/wp-json\/wp\/v2\/tags?post=223678"}],"curies":[{"name":"wp","href":"https:\/\/api.w.org\/{rel}","templated":true}]}}