{"id":223676,"date":"2023-12-29T13:46:38","date_gmt":"2023-12-29T16:46:38","guid":{"rendered":"https:\/\/www.manaus.am.gov.br\/semcom\/prefeito-vistoria-servico-de-mecanizacao-agricola-nos-ramais-da-cooperativa-e-pau-rosa-na-br-174\/"},"modified":"2023-12-29T13:46:40","modified_gmt":"2023-12-29T16:46:40","slug":"prefeito-vistoria-servico-de-mecanizacao-agricola-nos-ramais-da-cooperativa-e-pau-rosa-na-br-174","status":"publish","type":"post","link":"https:\/\/www.manaus.am.gov.br\/semcom\/prefeito-vistoria-servico-de-mecanizacao-agricola-nos-ramais-da-cooperativa-e-pau-rosa-na-br-174\/","title":{"rendered":"Prefeito vistoria servi\u00e7o de mecaniza\u00e7\u00e3o agr\u00edcola nos ramais da Cooperativa e Pau-Rosa, na BR-174"},"content":{"rendered":"\n<p><\/p>\n\n\n\n<p>O prefeito de Manaus, David Almeida, vistoriou, na manh\u00e3 desta sexta-feira, 29\/12, o servi\u00e7o de mecaniza\u00e7\u00e3o agr\u00edcola em aproximadamente 100 hectares de \u00e1reas j\u00e1 cultivadas, nos ramais da Cooperativa e Pau-Rosa, localizados na rodovia BR-174. A atividade visa promover o aumento da produtividade da agricultura familiar dos polos agr\u00edcolas da capital.&nbsp;<\/p>\n\n\n\n<p>\u201cEsse aqui \u00e9 o primeiro de 100 hectares que n\u00f3s estamos fazendo, e continuaremos por todo o entorno da cidade de Manaus. Esse trabalho nunca foi feito por uma administra\u00e7\u00e3o municipal. O objetivo \u00e9 ampliar a produ\u00e7\u00e3o, adquirir esses itens cultivados por meio da merenda escolar e, assim, fazer com que esses produtores acabem ganhando mais, sendo poss\u00edvel ofertar uma melhor condi\u00e7\u00e3o de sustento para suas fam\u00edlias\u201d, disse Almeida.<\/p>\n\n\n\n<p>A a\u00e7\u00e3o faz parte do programa \u201cManaus+Agro\u201d, para fomentar o setor prim\u00e1rio, com o objetivo de dar mais celeridade aos servi\u00e7os de assist\u00eancia aos produtores rurais do munic\u00edpio.<\/p>\n\n\n\n<p>\u201cEsse trabalho de mecaniza\u00e7\u00e3o tira o produtor rural de uma realidade, que era totalmente manual. Hoje, n\u00f3s estamos mecanizando, aplicando calc\u00e1rio, para que a terra seja mais produtiva e eles possam, com esse aumento da produ\u00e7\u00e3o, conseguir mais recursos para o sustento das suas fam\u00edlias\u201d, completou o chefe do Executivo municipal.<\/p>\n\n\n\n<p>O trabalho, coordenado pela Secretaria Municipal de Agricultura, Abastecimento, Centro e Com\u00e9rcio Informal (Semacc), alcan\u00e7a, de forma significativa, a redu\u00e7\u00e3o de supress\u00e3o vegetal e queimadas na regi\u00e3o, promovendo o desenvolvimento da agricultura de forma sustent\u00e1vel. Al\u00e9m disso, por meio do \u201cManaus+Agro\u201d, a prefeitura tamb\u00e9m deu continuidade nos servi\u00e7os de fornecimento de mudas de pitaya.<\/p>\n\n\n\n<p>\u201cN\u00f3s temos nove polos no cintur\u00e3o verde da cidade de Manaus, estamos beneficiando esses produtores, para que eles consigam produzir ainda mais. J\u00e1 temos todo o acompanhamento t\u00e9cnico, a nossa equipe j\u00e1 tem esse preparo, esse levantamento, para a continuidade nesse servi\u00e7o de mecaniza\u00e7\u00e3o. Com isso, n\u00f3s estamos fortalecendo e alavancando a produtividade\u201d, pontuou o titular da Semacc, Wanderson Costa.<\/p>\n\n\n\n<p>Para a agricultora Maria Constantino, a mecaniza\u00e7\u00e3o tamb\u00e9m \u00e9 uma oportunidade de crescimento. \u201cN\u00f3s somos agricultura familiar, ent\u00e3o, a gente precisa dessa mecaniza\u00e7\u00e3o para que o trabalho ande, cres\u00e7a, e a gente possa tamb\u00e9m tirar o sustento da terra\u201d, disse.<\/p>\n\n\n\n<p>&#8212; &#8212; &#8212;<\/p>\n\n\n\n<p><strong>Texto<\/strong>&nbsp;&#8211; Beathriz Torres\/Semcom e Divulga\u00e7\u00e3o\/Semacc<\/p>\n\n\n\n<p><strong>Fotos<\/strong>&nbsp;\u2013 Dhyeizo Lemos e Valdo Le\u00e3o\/Semcom<\/p>\n\n\n\n<p><strong>Dispon\u00edveis em<\/strong>&nbsp;&#8211;&nbsp;<a href=\"https:\/\/flic.kr\/s\/aHBqjB8zgb\" target=\"_blank\" rel=\"noreferrer noopener\">https:\/\/flic.kr\/s\/aHBqjB8zgb<\/a><\/p>\n","protected":false},"excerpt":{"rendered":"","protected":false},"author":23,"featured_media":223677,"comment_status":"closed","ping_status":"closed","sticky":false,"template":"","format":"standard","meta":{"footnotes":""},"categories":[561],"tags":[1801,9956,484,77,9957,5321,55],"acf":[],"yoast_head":"<!-- This site is optimized with the Yoast SEO plugin v23.0 - https:\/\/yoast.com\/wordpress\/plugins\/seo\/ -->\n<title>Prefeito vistoria servi\u00e7o de mecaniza\u00e7\u00e3o agr\u00edcola nos ramais da Cooperativa e Pau-Rosa, na BR-174<\/title>\n<meta name=\"description\" content=\"O prefeito de Manaus, David Almeida, vistoriou, na manh\u00e3 desta sexta-feira, 29\/12, o servi\u00e7o de mecaniza\u00e7\u00e3o agr\u00edcola em aproximadamente 100 hectares de \u00e1reas j\u00e1 cultivadas, nos ramais da Cooperativa e Pau-Rosa, localizados na rodovia BR-174. A atividade visa promover o aumento da produtividade da agricultura familiar dos polos agr\u00edcolas da capital.\u00a0\" \/>\n<meta name=\"robots\" content=\"index, follow, max-snippet:-1, max-image-preview:large, max-video-preview:-1\" \/>\n<link rel=\"canonical\" href=\"https:\/\/www.manaus.am.gov.br\/semcom\/prefeito-vistoria-servico-de-mecanizacao-agricola-nos-ramais-da-cooperativa-e-pau-rosa-na-br-174\/\" \/>\n<meta property=\"og:locale\" content=\"pt_BR\" \/>\n<meta property=\"og:type\" content=\"article\" \/>\n<meta property=\"og:title\" content=\"Prefeito vistoria servi\u00e7o de mecaniza\u00e7\u00e3o agr\u00edcola nos ramais da Cooperativa e Pau-Rosa, na BR-174\" \/>\n<meta property=\"og:description\" content=\"O prefeito de Manaus, David Almeida, vistoriou, na manh\u00e3 desta sexta-feira, 29\/12, o servi\u00e7o de mecaniza\u00e7\u00e3o agr\u00edcola em aproximadamente 100 hectares de \u00e1reas j\u00e1 cultivadas, nos ramais da Cooperativa e Pau-Rosa, localizados na rodovia BR-174. A atividade visa promover o aumento da produtividade da agricultura familiar dos polos agr\u00edcolas da capital.\u00a0\" \/>\n<meta property=\"og:url\" content=\"https:\/\/www.manaus.am.gov.br\/semcom\/prefeito-vistoria-servico-de-mecanizacao-agricola-nos-ramais-da-cooperativa-e-pau-rosa-na-br-174\/\" \/>\n<meta property=\"og:site_name\" content=\"SEMCOM\" \/>\n<meta property=\"article:published_time\" content=\"2023-12-29T16:46:38+00:00\" \/>\n<meta property=\"article:modified_time\" content=\"2023-12-29T16:46:40+00:00\" \/>\n<meta property=\"og:image\" content=\"https:\/\/www.manaus.am.gov.br\/semcom\/wp-content\/uploads\/sites\/5\/2023\/12\/53428723176_cc9f5f3dc2_c.jpg\" \/>\n\t<meta property=\"og:image:width\" content=\"799\" \/>\n\t<meta property=\"og:image:height\" content=\"533\" \/>\n\t<meta property=\"og:image:type\" content=\"image\/jpeg\" \/>\n<meta name=\"author\" content=\"Adriana Costa\" \/>\n<meta name=\"twitter:card\" content=\"summary_large_image\" \/>\n<meta name=\"twitter:label1\" content=\"Written by\" \/>\n\t<meta name=\"twitter:data1\" content=\"Adriana Costa\" \/>\n\t<meta name=\"twitter:label2\" content=\"Est. reading time\" \/>\n\t<meta name=\"twitter:data2\" content=\"3 minutos\" \/>\n<script type=\"application\/ld+json\" class=\"yoast-schema-graph\">{\"@context\":\"https:\/\/schema.org\",\"@graph\":[{\"@type\":\"WebPage\",\"@id\":\"https:\/\/www.manaus.am.gov.br\/semcom\/prefeito-vistoria-servico-de-mecanizacao-agricola-nos-ramais-da-cooperativa-e-pau-rosa-na-br-174\/\",\"url\":\"https:\/\/www.manaus.am.gov.br\/semcom\/prefeito-vistoria-servico-de-mecanizacao-agricola-nos-ramais-da-cooperativa-e-pau-rosa-na-br-174\/\",\"name\":\"Prefeito vistoria servi\u00e7o de mecaniza\u00e7\u00e3o agr\u00edcola nos ramais da Cooperativa e Pau-Rosa, na BR-174\",\"isPartOf\":{\"@id\":\"https:\/\/www.manaus.am.gov.br\/semcom\/#website\"},\"primaryImageOfPage\":{\"@id\":\"https:\/\/www.manaus.am.gov.br\/semcom\/prefeito-vistoria-servico-de-mecanizacao-agricola-nos-ramais-da-cooperativa-e-pau-rosa-na-br-174\/#primaryimage\"},\"image\":{\"@id\":\"https:\/\/www.manaus.am.gov.br\/semcom\/prefeito-vistoria-servico-de-mecanizacao-agricola-nos-ramais-da-cooperativa-e-pau-rosa-na-br-174\/#primaryimage\"},\"thumbnailUrl\":\"https:\/\/www.manaus.am.gov.br\/semcom\/wp-content\/uploads\/sites\/5\/2023\/12\/53428723176_cc9f5f3dc2_c.jpg\",\"datePublished\":\"2023-12-29T16:46:38+00:00\",\"dateModified\":\"2023-12-29T16:46:40+00:00\",\"author\":{\"@id\":\"https:\/\/www.manaus.am.gov.br\/semcom\/#\/schema\/person\/4e49f4e267757a06ca072ec61b2b9968\"},\"description\":\"O prefeito de Manaus, David Almeida, vistoriou, na manh\u00e3 desta sexta-feira, 29\/12, o servi\u00e7o de mecaniza\u00e7\u00e3o agr\u00edcola em aproximadamente 100 hectares de \u00e1reas j\u00e1 cultivadas, nos ramais da Cooperativa e Pau-Rosa, localizados na rodovia BR-174. A atividade visa promover o aumento da produtividade da agricultura familiar dos polos agr\u00edcolas da capital.\u00a0\",\"inLanguage\":\"pt-BR\",\"potentialAction\":[{\"@type\":\"ReadAction\",\"target\":[\"https:\/\/www.manaus.am.gov.br\/semcom\/prefeito-vistoria-servico-de-mecanizacao-agricola-nos-ramais-da-cooperativa-e-pau-rosa-na-br-174\/\"]}]},{\"@type\":\"ImageObject\",\"inLanguage\":\"pt-BR\",\"@id\":\"https:\/\/www.manaus.am.gov.br\/semcom\/prefeito-vistoria-servico-de-mecanizacao-agricola-nos-ramais-da-cooperativa-e-pau-rosa-na-br-174\/#primaryimage\",\"url\":\"https:\/\/www.manaus.am.gov.br\/semcom\/wp-content\/uploads\/sites\/5\/2023\/12\/53428723176_cc9f5f3dc2_c.jpg\",\"contentUrl\":\"https:\/\/www.manaus.am.gov.br\/semcom\/wp-content\/uploads\/sites\/5\/2023\/12\/53428723176_cc9f5f3dc2_c.jpg\",\"width\":799,\"height\":533},{\"@type\":\"WebSite\",\"@id\":\"https:\/\/www.manaus.am.gov.br\/semcom\/#website\",\"url\":\"https:\/\/www.manaus.am.gov.br\/semcom\/\",\"name\":\"SEMCOM\",\"description\":\"Secretaria Municipal de Comunica\u00e7\u00e3o\",\"potentialAction\":[{\"@type\":\"SearchAction\",\"target\":{\"@type\":\"EntryPoint\",\"urlTemplate\":\"https:\/\/www.manaus.am.gov.br\/semcom\/?s={search_term_string}\"},\"query-input\":\"required name=search_term_string\"}],\"inLanguage\":\"pt-BR\"},{\"@type\":\"Person\",\"@id\":\"https:\/\/www.manaus.am.gov.br\/semcom\/#\/schema\/person\/4e49f4e267757a06ca072ec61b2b9968\",\"name\":\"Adriana Costa\",\"image\":{\"@type\":\"ImageObject\",\"inLanguage\":\"pt-BR\",\"@id\":\"https:\/\/www.manaus.am.gov.br\/semcom\/#\/schema\/person\/image\/\",\"url\":\"https:\/\/secure.gravatar.com\/avatar\/576258617ef7194f718179e766d57bd4?s=96&d=mm&r=g\",\"contentUrl\":\"https:\/\/secure.gravatar.com\/avatar\/576258617ef7194f718179e766d57bd4?s=96&d=mm&r=g\",\"caption\":\"Adriana Costa\"}}]}<\/script>\n<!-- \/ Yoast SEO plugin. -->","yoast_head_json":{"title":"Prefeito vistoria servi\u00e7o de mecaniza\u00e7\u00e3o agr\u00edcola nos ramais da Cooperativa e Pau-Rosa, na BR-174","description":"O prefeito de Manaus, David Almeida, vistoriou, na manh\u00e3 desta sexta-feira, 29\/12, o servi\u00e7o de mecaniza\u00e7\u00e3o agr\u00edcola em aproximadamente 100 hectares de \u00e1reas j\u00e1 cultivadas, nos ramais da Cooperativa e Pau-Rosa, localizados na rodovia BR-174. A atividade visa promover o aumento da produtividade da agricultura familiar dos polos agr\u00edcolas da capital.\u00a0","robots":{"index":"index","follow":"follow","max-snippet":"max-snippet:-1","max-image-preview":"max-image-preview:large","max-video-preview":"max-video-preview:-1"},"canonical":"https:\/\/www.manaus.am.gov.br\/semcom\/prefeito-vistoria-servico-de-mecanizacao-agricola-nos-ramais-da-cooperativa-e-pau-rosa-na-br-174\/","og_locale":"pt_BR","og_type":"article","og_title":"Prefeito vistoria servi\u00e7o de mecaniza\u00e7\u00e3o agr\u00edcola nos ramais da Cooperativa e Pau-Rosa, na BR-174","og_description":"O prefeito de Manaus, David Almeida, vistoriou, na manh\u00e3 desta sexta-feira, 29\/12, o servi\u00e7o de mecaniza\u00e7\u00e3o agr\u00edcola em aproximadamente 100 hectares de \u00e1reas j\u00e1 cultivadas, nos ramais da Cooperativa e Pau-Rosa, localizados na rodovia BR-174. A atividade visa promover o aumento da produtividade da agricultura familiar dos polos agr\u00edcolas da capital.\u00a0","og_url":"https:\/\/www.manaus.am.gov.br\/semcom\/prefeito-vistoria-servico-de-mecanizacao-agricola-nos-ramais-da-cooperativa-e-pau-rosa-na-br-174\/","og_site_name":"SEMCOM","article_published_time":"2023-12-29T16:46:38+00:00","article_modified_time":"2023-12-29T16:46:40+00:00","og_image":[{"width":799,"height":533,"url":"https:\/\/www.manaus.am.gov.br\/semcom\/wp-content\/uploads\/sites\/5\/2023\/12\/53428723176_cc9f5f3dc2_c.jpg","type":"image\/jpeg"}],"author":"Adriana Costa","twitter_card":"summary_large_image","twitter_misc":{"Written by":"Adriana Costa","Est. reading time":"3 minutos"},"schema":{"@context":"https:\/\/schema.org","@graph":[{"@type":"WebPage","@id":"https:\/\/www.manaus.am.gov.br\/semcom\/prefeito-vistoria-servico-de-mecanizacao-agricola-nos-ramais-da-cooperativa-e-pau-rosa-na-br-174\/","url":"https:\/\/www.manaus.am.gov.br\/semcom\/prefeito-vistoria-servico-de-mecanizacao-agricola-nos-ramais-da-cooperativa-e-pau-rosa-na-br-174\/","name":"Prefeito vistoria servi\u00e7o de mecaniza\u00e7\u00e3o agr\u00edcola nos ramais da Cooperativa e Pau-Rosa, na BR-174","isPartOf":{"@id":"https:\/\/www.manaus.am.gov.br\/semcom\/#website"},"primaryImageOfPage":{"@id":"https:\/\/www.manaus.am.gov.br\/semcom\/prefeito-vistoria-servico-de-mecanizacao-agricola-nos-ramais-da-cooperativa-e-pau-rosa-na-br-174\/#primaryimage"},"image":{"@id":"https:\/\/www.manaus.am.gov.br\/semcom\/prefeito-vistoria-servico-de-mecanizacao-agricola-nos-ramais-da-cooperativa-e-pau-rosa-na-br-174\/#primaryimage"},"thumbnailUrl":"https:\/\/www.manaus.am.gov.br\/semcom\/wp-content\/uploads\/sites\/5\/2023\/12\/53428723176_cc9f5f3dc2_c.jpg","datePublished":"2023-12-29T16:46:38+00:00","dateModified":"2023-12-29T16:46:40+00:00","author":{"@id":"https:\/\/www.manaus.am.gov.br\/semcom\/#\/schema\/person\/4e49f4e267757a06ca072ec61b2b9968"},"description":"O prefeito de Manaus, David Almeida, vistoriou, na manh\u00e3 desta sexta-feira, 29\/12, o servi\u00e7o de mecaniza\u00e7\u00e3o agr\u00edcola em aproximadamente 100 hectares de \u00e1reas j\u00e1 cultivadas, nos ramais da Cooperativa e Pau-Rosa, localizados na rodovia BR-174. A atividade visa promover o aumento da produtividade da agricultura familiar dos polos agr\u00edcolas da capital.\u00a0","inLanguage":"pt-BR","potentialAction":[{"@type":"ReadAction","target":["https:\/\/www.manaus.am.gov.br\/semcom\/prefeito-vistoria-servico-de-mecanizacao-agricola-nos-ramais-da-cooperativa-e-pau-rosa-na-br-174\/"]}]},{"@type":"ImageObject","inLanguage":"pt-BR","@id":"https:\/\/www.manaus.am.gov.br\/semcom\/prefeito-vistoria-servico-de-mecanizacao-agricola-nos-ramais-da-cooperativa-e-pau-rosa-na-br-174\/#primaryimage","url":"https:\/\/www.manaus.am.gov.br\/semcom\/wp-content\/uploads\/sites\/5\/2023\/12\/53428723176_cc9f5f3dc2_c.jpg","contentUrl":"https:\/\/www.manaus.am.gov.br\/semcom\/wp-content\/uploads\/sites\/5\/2023\/12\/53428723176_cc9f5f3dc2_c.jpg","width":799,"height":533},{"@type":"WebSite","@id":"https:\/\/www.manaus.am.gov.br\/semcom\/#website","url":"https:\/\/www.manaus.am.gov.br\/semcom\/","name":"SEMCOM","description":"Secretaria Municipal de Comunica\u00e7\u00e3o","potentialAction":[{"@type":"SearchAction","target":{"@type":"EntryPoint","urlTemplate":"https:\/\/www.manaus.am.gov.br\/semcom\/?s={search_term_string}"},"query-input":"required name=search_term_string"}],"inLanguage":"pt-BR"},{"@type":"Person","@id":"https:\/\/www.manaus.am.gov.br\/semcom\/#\/schema\/person\/4e49f4e267757a06ca072ec61b2b9968","name":"Adriana Costa","image":{"@type":"ImageObject","inLanguage":"pt-BR","@id":"https:\/\/www.manaus.am.gov.br\/semcom\/#\/schema\/person\/image\/","url":"https:\/\/secure.gravatar.com\/avatar\/576258617ef7194f718179e766d57bd4?s=96&d=mm&r=g","contentUrl":"https:\/\/secure.gravatar.com\/avatar\/576258617ef7194f718179e766d57bd4?s=96&d=mm&r=g","caption":"Adriana Costa"}}]}},"_links":{"self":[{"href":"https:\/\/www.manaus.am.gov.br\/semcom\/wp-json\/wp\/v2\/posts\/223676"}],"collection":[{"href":"https:\/\/www.manaus.am.gov.br\/semcom\/wp-json\/wp\/v2\/posts"}],"about":[{"href":"https:\/\/www.manaus.am.gov.br\/semcom\/wp-json\/wp\/v2\/types\/post"}],"author":[{"embeddable":true,"href":"https:\/\/www.manaus.am.gov.br\/semcom\/wp-json\/wp\/v2\/users\/23"}],"replies":[{"embeddable":true,"href":"https:\/\/www.manaus.am.gov.br\/semcom\/wp-json\/wp\/v2\/comments?post=223676"}],"version-history":[{"count":0,"href":"https:\/\/www.manaus.am.gov.br\/semcom\/wp-json\/wp\/v2\/posts\/223676\/revisions"}],"wp:featuredmedia":[{"embeddable":true,"href":"https:\/\/www.manaus.am.gov.br\/semcom\/wp-json\/wp\/v2\/media\/223677"}],"wp:attachment":[{"href":"https:\/\/www.manaus.am.gov.br\/semcom\/wp-json\/wp\/v2\/media?parent=223676"}],"wp:term":[{"taxonomy":"category","embeddable":true,"href":"https:\/\/www.manaus.am.gov.br\/semcom\/wp-json\/wp\/v2\/categories?post=223676"},{"taxonomy":"post_tag","embeddable":true,"href":"https:\/\/www.manaus.am.gov.br\/semcom\/wp-json\/wp\/v2\/tags?post=223676"}],"curies":[{"name":"wp","href":"https:\/\/api.w.org\/{rel}","templated":true}]}}