{"id":223617,"date":"2023-12-28T13:39:33","date_gmt":"2023-12-28T16:39:33","guid":{"rendered":"https:\/\/www.manaus.am.gov.br\/semcom\/prefeito-de-manaus-inaugura-a-primeira-feira-municipal-no-bairro-colonia-antonio-aleixo\/"},"modified":"2023-12-28T13:39:35","modified_gmt":"2023-12-28T16:39:35","slug":"prefeito-de-manaus-inaugura-a-primeira-feira-municipal-no-bairro-colonia-antonio-aleixo","status":"publish","type":"post","link":"https:\/\/www.manaus.am.gov.br\/semcom\/prefeito-de-manaus-inaugura-a-primeira-feira-municipal-no-bairro-colonia-antonio-aleixo\/","title":{"rendered":"Prefeito de Manaus inaugura a primeira feira municipal no bairro Col\u00f4nia Ant\u00f4nio Aleixo"},"content":{"rendered":"\n<p>O prefeito de Manaus, David Almeida, inaugurou, nesta quinta-feira, 28\/12, a feira municipal da F\u00e9 1 &#8211; Jos\u00e9 Gutemberg Rocha. O espa\u00e7o, localizado na rua Jos\u00e9 Maria 2, no bairro Col\u00f4nia Ant\u00f4nio Aleixo, na zona Leste da cidade, marca a primeira implementa\u00e7\u00e3o de uma feira na \u00e1rea.<\/p>\n\n\n\n<p>\u201cAo adentrar feiras e mercados que permaneciam negligenciados por 28, 30, 35 anos, conforme relatos que tenho ouvido, percebo a transforma\u00e7\u00e3o realizada por nossa gest\u00e3o. Anteriormente, os permission\u00e1rios usavam as cal\u00e7adas como espa\u00e7o de trabalho. Gra\u00e7as \u00e0s a\u00e7\u00f5es empreendidas, testemunhamos a transi\u00e7\u00e3o para ambientes dignos e humanizados. N\u00e3o apenas constru\u00edmos estruturas, mas proporcionamos as condi\u00e7\u00f5es necess\u00e1rias, para que trabalhem com dignidade, sustentem suas fam\u00edlias e alcancem uma vida mais digna\u201d, enfatizou Almeida.<\/p>\n\n\n\n<p>O novo&nbsp;equipamento vai alocar 12 permission\u00e1rios que trabalhavam em barracas improvisadas, fora do padr\u00e3o e de maneira insalubre, espalhadas nas cal\u00e7adas do bairro.&nbsp; A constru\u00e7\u00e3o foi erguida em parceria com o Instituto Municipal de Planejamento Urbano (Implurb), por meio de medida compensat\u00f3ria, em \u00e1rea de dom\u00ednio institucional. A autarquia tamb\u00e9m assina o projeto.<\/p>\n\n\n\n<p>Al\u00e9m da inaugura\u00e7\u00e3o do novo local, todos os feirantes que ocupam a regi\u00e3o foram agraciados com equipamentos essenciais para impulsionar seus neg\u00f3cios. Freezers, estufas, chapas, geladeiras, fog\u00f5es e um computador foram distribu\u00eddos, proporcionando um impulso significativo \u00e0s vendas de verduras, frutas, lanches, peixe, carne e servi\u00e7os de internet r\u00e1pida (lan house).<\/p>\n\n\n\n<p>O secret\u00e1rio municipal de Agricultura, Abastecimento, Centro e Com\u00e9rcio Informal, Wandesson Costa, enfatizou o compromisso concreto da gest\u00e3o ao inaugurar a nova feira no bairro Col\u00f4nia Ant\u00f4nio Aleixo. \u201cA Prefeitura de Manaus d\u00e1 todo o suporte para que os permission\u00e1rios possam caminhar e avan\u00e7ar nos seus projetos de neg\u00f3cios. O prefeito David Almeida entrega mais esse espa\u00e7o p\u00fablico. Ressaltando que essa \u00e9 primeira obra entregue do zero, toda constru\u00edda pela gest\u00e3o, a fim de que a popula\u00e7\u00e3o tenha uma feira com dignidade\u201d, destacou o secret\u00e1rio.<\/p>\n\n\n\n<p>A entrega da feira foi comemorada pelos permission\u00e1rios. A feirante Zuleide Gon\u00e7alves ficou muito grata pelo novo espa\u00e7o. \u201cEu s\u00f3 tenho a agradecer a Deus e \u00e0 prefeitura. Eu sofri muito trabalhando na beira da rua, em uma barraquinha de madeira. Agora, estou em um local seguro, e muito feliz. Eu me sinto contemplada com o que sempre sonhei. A felicidade \u00e9 por mim e pelos meus parceiros de trabalho tamb\u00e9m\u201d, disse.<\/p>\n\n\n\n<p><strong>Obra<\/strong><\/p>\n\n\n\n<p>A obra fiscalizada pela equipe de engenharia da Semacc foi realizada em dois meses, tempo recorde, e seguiu os padr\u00f5es de excel\u00eancia aplicados em todas as feiras e mercados municipais entregues pela Prefeitura de Manaus.<\/p>\n\n\n\n<p>Os recursos para constru\u00e7\u00e3o da feira s\u00e3o decorrentes do pagamento de medida compensat\u00f3ria, mecanismo previsto no Plano Diretor, e a prefeitura n\u00e3o teve custo na constru\u00e7\u00e3o. Com a obra, os permission\u00e1rios ganham um espa\u00e7o novo, planejado, com estrutura digna para seu trabalho, dando para a comunidade um lugar adequado para o com\u00e9rcio.<\/p>\n\n\n\n<p>A medida compensat\u00f3ria que resultou na obra para a feira foi aprovada junto ao Conselho Municipal de Desenvolvimento Urbano (CMDU), com valida\u00e7\u00e3o da Comiss\u00e3o T\u00e9cnica de Planejamento e Controle Urbano (CTPCU), al\u00e9m de projeto arquitet\u00f4nico e or\u00e7amento feitos pela autarquia. A obra est\u00e1 or\u00e7ada em R$ 692 mil.&nbsp;<\/p>\n\n\n\n<p>&#8212; &#8212; &#8211;<\/p>\n\n\n\n<p><strong>Texto<\/strong>&nbsp;\u2013 La\u00eds Fernandes \/ Semcom e Divulga\u00e7\u00e3o\/Semacc<\/p>\n\n\n\n<p><strong>Fotos<\/strong>&nbsp;\u2013 Dhyeizo Lemos e Jo\u00e3o Viana\/Semcom<\/p>\n\n\n\n<p><strong>Dispon\u00edveis em<\/strong>&nbsp;&#8211;&nbsp;<a href=\"https:\/\/flic.kr\/s\/aHBqjB8oQ5\" target=\"_blank\" rel=\"noreferrer noopener\">https:\/\/flic.kr\/s\/aHBqjB8oQ5<\/a><\/p>\n","protected":false},"excerpt":{"rendered":"","protected":false},"author":23,"featured_media":223618,"comment_status":"closed","ping_status":"closed","sticky":false,"template":"","format":"standard","meta":{"footnotes":""},"categories":[772],"tags":[4529,9941,484,77],"acf":[],"yoast_head":"<!-- This site is optimized with the Yoast SEO plugin v23.0 - https:\/\/yoast.com\/wordpress\/plugins\/seo\/ -->\n<title>Prefeito de Manaus inaugura a primeira feira municipal no bairro Col\u00f4nia Ant\u00f4nio Aleixo<\/title>\n<meta name=\"description\" content=\"O prefeito de Manaus, David Almeida, inaugurou, nesta quinta-feira, 28\/12, a feira municipal da F\u00e9 1 - Jos\u00e9 Gutemberg Rocha. O espa\u00e7o, localizado na rua Jos\u00e9 Maria 2, no bairro Col\u00f4nia Ant\u00f4nio Aleixo, na zona Leste da cidade, marca a primeira implementa\u00e7\u00e3o de uma feira na \u00e1rea.\" \/>\n<meta name=\"robots\" content=\"index, follow, max-snippet:-1, max-image-preview:large, max-video-preview:-1\" \/>\n<link rel=\"canonical\" href=\"https:\/\/www.manaus.am.gov.br\/semcom\/prefeito-de-manaus-inaugura-a-primeira-feira-municipal-no-bairro-colonia-antonio-aleixo\/\" \/>\n<meta property=\"og:locale\" content=\"pt_BR\" \/>\n<meta property=\"og:type\" content=\"article\" \/>\n<meta property=\"og:title\" content=\"Prefeito de Manaus inaugura a primeira feira municipal no bairro Col\u00f4nia Ant\u00f4nio Aleixo\" \/>\n<meta property=\"og:description\" content=\"O prefeito de Manaus, David Almeida, inaugurou, nesta quinta-feira, 28\/12, a feira municipal da F\u00e9 1 - Jos\u00e9 Gutemberg Rocha. O espa\u00e7o, localizado na rua Jos\u00e9 Maria 2, no bairro Col\u00f4nia Ant\u00f4nio Aleixo, na zona Leste da cidade, marca a primeira implementa\u00e7\u00e3o de uma feira na \u00e1rea.\" \/>\n<meta property=\"og:url\" content=\"https:\/\/www.manaus.am.gov.br\/semcom\/prefeito-de-manaus-inaugura-a-primeira-feira-municipal-no-bairro-colonia-antonio-aleixo\/\" \/>\n<meta property=\"og:site_name\" content=\"SEMCOM\" \/>\n<meta property=\"article:published_time\" content=\"2023-12-28T16:39:33+00:00\" \/>\n<meta property=\"article:modified_time\" content=\"2023-12-28T16:39:35+00:00\" \/>\n<meta property=\"og:image\" content=\"https:\/\/www.manaus.am.gov.br\/semcom\/wp-content\/uploads\/sites\/5\/2023\/12\/53426704314_86cff8ac88_c.jpg\" \/>\n\t<meta property=\"og:image:width\" content=\"799\" \/>\n\t<meta property=\"og:image:height\" content=\"533\" \/>\n\t<meta property=\"og:image:type\" content=\"image\/jpeg\" \/>\n<meta name=\"author\" content=\"Adriana Costa\" \/>\n<meta name=\"twitter:card\" content=\"summary_large_image\" \/>\n<meta name=\"twitter:label1\" content=\"Written by\" \/>\n\t<meta name=\"twitter:data1\" content=\"Adriana Costa\" \/>\n\t<meta name=\"twitter:label2\" content=\"Est. reading time\" \/>\n\t<meta name=\"twitter:data2\" content=\"3 minutos\" \/>\n<script type=\"application\/ld+json\" class=\"yoast-schema-graph\">{\"@context\":\"https:\/\/schema.org\",\"@graph\":[{\"@type\":\"WebPage\",\"@id\":\"https:\/\/www.manaus.am.gov.br\/semcom\/prefeito-de-manaus-inaugura-a-primeira-feira-municipal-no-bairro-colonia-antonio-aleixo\/\",\"url\":\"https:\/\/www.manaus.am.gov.br\/semcom\/prefeito-de-manaus-inaugura-a-primeira-feira-municipal-no-bairro-colonia-antonio-aleixo\/\",\"name\":\"Prefeito de Manaus inaugura a primeira feira municipal no bairro Col\u00f4nia Ant\u00f4nio Aleixo\",\"isPartOf\":{\"@id\":\"https:\/\/www.manaus.am.gov.br\/semcom\/#website\"},\"primaryImageOfPage\":{\"@id\":\"https:\/\/www.manaus.am.gov.br\/semcom\/prefeito-de-manaus-inaugura-a-primeira-feira-municipal-no-bairro-colonia-antonio-aleixo\/#primaryimage\"},\"image\":{\"@id\":\"https:\/\/www.manaus.am.gov.br\/semcom\/prefeito-de-manaus-inaugura-a-primeira-feira-municipal-no-bairro-colonia-antonio-aleixo\/#primaryimage\"},\"thumbnailUrl\":\"https:\/\/www.manaus.am.gov.br\/semcom\/wp-content\/uploads\/sites\/5\/2023\/12\/53426704314_86cff8ac88_c.jpg\",\"datePublished\":\"2023-12-28T16:39:33+00:00\",\"dateModified\":\"2023-12-28T16:39:35+00:00\",\"author\":{\"@id\":\"https:\/\/www.manaus.am.gov.br\/semcom\/#\/schema\/person\/4e49f4e267757a06ca072ec61b2b9968\"},\"description\":\"O prefeito de Manaus, David Almeida, inaugurou, nesta quinta-feira, 28\/12, a feira municipal da F\u00e9 1 - Jos\u00e9 Gutemberg Rocha. O espa\u00e7o, localizado na rua Jos\u00e9 Maria 2, no bairro Col\u00f4nia Ant\u00f4nio Aleixo, na zona Leste da cidade, marca a primeira implementa\u00e7\u00e3o de uma feira na \u00e1rea.\",\"inLanguage\":\"pt-BR\",\"potentialAction\":[{\"@type\":\"ReadAction\",\"target\":[\"https:\/\/www.manaus.am.gov.br\/semcom\/prefeito-de-manaus-inaugura-a-primeira-feira-municipal-no-bairro-colonia-antonio-aleixo\/\"]}]},{\"@type\":\"ImageObject\",\"inLanguage\":\"pt-BR\",\"@id\":\"https:\/\/www.manaus.am.gov.br\/semcom\/prefeito-de-manaus-inaugura-a-primeira-feira-municipal-no-bairro-colonia-antonio-aleixo\/#primaryimage\",\"url\":\"https:\/\/www.manaus.am.gov.br\/semcom\/wp-content\/uploads\/sites\/5\/2023\/12\/53426704314_86cff8ac88_c.jpg\",\"contentUrl\":\"https:\/\/www.manaus.am.gov.br\/semcom\/wp-content\/uploads\/sites\/5\/2023\/12\/53426704314_86cff8ac88_c.jpg\",\"width\":799,\"height\":533},{\"@type\":\"WebSite\",\"@id\":\"https:\/\/www.manaus.am.gov.br\/semcom\/#website\",\"url\":\"https:\/\/www.manaus.am.gov.br\/semcom\/\",\"name\":\"SEMCOM\",\"description\":\"Secretaria Municipal de Comunica\u00e7\u00e3o\",\"potentialAction\":[{\"@type\":\"SearchAction\",\"target\":{\"@type\":\"EntryPoint\",\"urlTemplate\":\"https:\/\/www.manaus.am.gov.br\/semcom\/?s={search_term_string}\"},\"query-input\":\"required name=search_term_string\"}],\"inLanguage\":\"pt-BR\"},{\"@type\":\"Person\",\"@id\":\"https:\/\/www.manaus.am.gov.br\/semcom\/#\/schema\/person\/4e49f4e267757a06ca072ec61b2b9968\",\"name\":\"Adriana Costa\",\"image\":{\"@type\":\"ImageObject\",\"inLanguage\":\"pt-BR\",\"@id\":\"https:\/\/www.manaus.am.gov.br\/semcom\/#\/schema\/person\/image\/\",\"url\":\"https:\/\/secure.gravatar.com\/avatar\/576258617ef7194f718179e766d57bd4?s=96&d=mm&r=g\",\"contentUrl\":\"https:\/\/secure.gravatar.com\/avatar\/576258617ef7194f718179e766d57bd4?s=96&d=mm&r=g\",\"caption\":\"Adriana Costa\"}}]}<\/script>\n<!-- \/ Yoast SEO plugin. -->","yoast_head_json":{"title":"Prefeito de Manaus inaugura a primeira feira municipal no bairro Col\u00f4nia Ant\u00f4nio Aleixo","description":"O prefeito de Manaus, David Almeida, inaugurou, nesta quinta-feira, 28\/12, a feira municipal da F\u00e9 1 - Jos\u00e9 Gutemberg Rocha. O espa\u00e7o, localizado na rua Jos\u00e9 Maria 2, no bairro Col\u00f4nia Ant\u00f4nio Aleixo, na zona Leste da cidade, marca a primeira implementa\u00e7\u00e3o de uma feira na \u00e1rea.","robots":{"index":"index","follow":"follow","max-snippet":"max-snippet:-1","max-image-preview":"max-image-preview:large","max-video-preview":"max-video-preview:-1"},"canonical":"https:\/\/www.manaus.am.gov.br\/semcom\/prefeito-de-manaus-inaugura-a-primeira-feira-municipal-no-bairro-colonia-antonio-aleixo\/","og_locale":"pt_BR","og_type":"article","og_title":"Prefeito de Manaus inaugura a primeira feira municipal no bairro Col\u00f4nia Ant\u00f4nio Aleixo","og_description":"O prefeito de Manaus, David Almeida, inaugurou, nesta quinta-feira, 28\/12, a feira municipal da F\u00e9 1 - Jos\u00e9 Gutemberg Rocha. O espa\u00e7o, localizado na rua Jos\u00e9 Maria 2, no bairro Col\u00f4nia Ant\u00f4nio Aleixo, na zona Leste da cidade, marca a primeira implementa\u00e7\u00e3o de uma feira na \u00e1rea.","og_url":"https:\/\/www.manaus.am.gov.br\/semcom\/prefeito-de-manaus-inaugura-a-primeira-feira-municipal-no-bairro-colonia-antonio-aleixo\/","og_site_name":"SEMCOM","article_published_time":"2023-12-28T16:39:33+00:00","article_modified_time":"2023-12-28T16:39:35+00:00","og_image":[{"width":799,"height":533,"url":"https:\/\/www.manaus.am.gov.br\/semcom\/wp-content\/uploads\/sites\/5\/2023\/12\/53426704314_86cff8ac88_c.jpg","type":"image\/jpeg"}],"author":"Adriana Costa","twitter_card":"summary_large_image","twitter_misc":{"Written by":"Adriana Costa","Est. reading time":"3 minutos"},"schema":{"@context":"https:\/\/schema.org","@graph":[{"@type":"WebPage","@id":"https:\/\/www.manaus.am.gov.br\/semcom\/prefeito-de-manaus-inaugura-a-primeira-feira-municipal-no-bairro-colonia-antonio-aleixo\/","url":"https:\/\/www.manaus.am.gov.br\/semcom\/prefeito-de-manaus-inaugura-a-primeira-feira-municipal-no-bairro-colonia-antonio-aleixo\/","name":"Prefeito de Manaus inaugura a primeira feira municipal no bairro Col\u00f4nia Ant\u00f4nio Aleixo","isPartOf":{"@id":"https:\/\/www.manaus.am.gov.br\/semcom\/#website"},"primaryImageOfPage":{"@id":"https:\/\/www.manaus.am.gov.br\/semcom\/prefeito-de-manaus-inaugura-a-primeira-feira-municipal-no-bairro-colonia-antonio-aleixo\/#primaryimage"},"image":{"@id":"https:\/\/www.manaus.am.gov.br\/semcom\/prefeito-de-manaus-inaugura-a-primeira-feira-municipal-no-bairro-colonia-antonio-aleixo\/#primaryimage"},"thumbnailUrl":"https:\/\/www.manaus.am.gov.br\/semcom\/wp-content\/uploads\/sites\/5\/2023\/12\/53426704314_86cff8ac88_c.jpg","datePublished":"2023-12-28T16:39:33+00:00","dateModified":"2023-12-28T16:39:35+00:00","author":{"@id":"https:\/\/www.manaus.am.gov.br\/semcom\/#\/schema\/person\/4e49f4e267757a06ca072ec61b2b9968"},"description":"O prefeito de Manaus, David Almeida, inaugurou, nesta quinta-feira, 28\/12, a feira municipal da F\u00e9 1 - Jos\u00e9 Gutemberg Rocha. O espa\u00e7o, localizado na rua Jos\u00e9 Maria 2, no bairro Col\u00f4nia Ant\u00f4nio Aleixo, na zona Leste da cidade, marca a primeira implementa\u00e7\u00e3o de uma feira na \u00e1rea.","inLanguage":"pt-BR","potentialAction":[{"@type":"ReadAction","target":["https:\/\/www.manaus.am.gov.br\/semcom\/prefeito-de-manaus-inaugura-a-primeira-feira-municipal-no-bairro-colonia-antonio-aleixo\/"]}]},{"@type":"ImageObject","inLanguage":"pt-BR","@id":"https:\/\/www.manaus.am.gov.br\/semcom\/prefeito-de-manaus-inaugura-a-primeira-feira-municipal-no-bairro-colonia-antonio-aleixo\/#primaryimage","url":"https:\/\/www.manaus.am.gov.br\/semcom\/wp-content\/uploads\/sites\/5\/2023\/12\/53426704314_86cff8ac88_c.jpg","contentUrl":"https:\/\/www.manaus.am.gov.br\/semcom\/wp-content\/uploads\/sites\/5\/2023\/12\/53426704314_86cff8ac88_c.jpg","width":799,"height":533},{"@type":"WebSite","@id":"https:\/\/www.manaus.am.gov.br\/semcom\/#website","url":"https:\/\/www.manaus.am.gov.br\/semcom\/","name":"SEMCOM","description":"Secretaria Municipal de Comunica\u00e7\u00e3o","potentialAction":[{"@type":"SearchAction","target":{"@type":"EntryPoint","urlTemplate":"https:\/\/www.manaus.am.gov.br\/semcom\/?s={search_term_string}"},"query-input":"required name=search_term_string"}],"inLanguage":"pt-BR"},{"@type":"Person","@id":"https:\/\/www.manaus.am.gov.br\/semcom\/#\/schema\/person\/4e49f4e267757a06ca072ec61b2b9968","name":"Adriana Costa","image":{"@type":"ImageObject","inLanguage":"pt-BR","@id":"https:\/\/www.manaus.am.gov.br\/semcom\/#\/schema\/person\/image\/","url":"https:\/\/secure.gravatar.com\/avatar\/576258617ef7194f718179e766d57bd4?s=96&d=mm&r=g","contentUrl":"https:\/\/secure.gravatar.com\/avatar\/576258617ef7194f718179e766d57bd4?s=96&d=mm&r=g","caption":"Adriana Costa"}}]}},"_links":{"self":[{"href":"https:\/\/www.manaus.am.gov.br\/semcom\/wp-json\/wp\/v2\/posts\/223617"}],"collection":[{"href":"https:\/\/www.manaus.am.gov.br\/semcom\/wp-json\/wp\/v2\/posts"}],"about":[{"href":"https:\/\/www.manaus.am.gov.br\/semcom\/wp-json\/wp\/v2\/types\/post"}],"author":[{"embeddable":true,"href":"https:\/\/www.manaus.am.gov.br\/semcom\/wp-json\/wp\/v2\/users\/23"}],"replies":[{"embeddable":true,"href":"https:\/\/www.manaus.am.gov.br\/semcom\/wp-json\/wp\/v2\/comments?post=223617"}],"version-history":[{"count":0,"href":"https:\/\/www.manaus.am.gov.br\/semcom\/wp-json\/wp\/v2\/posts\/223617\/revisions"}],"wp:featuredmedia":[{"embeddable":true,"href":"https:\/\/www.manaus.am.gov.br\/semcom\/wp-json\/wp\/v2\/media\/223618"}],"wp:attachment":[{"href":"https:\/\/www.manaus.am.gov.br\/semcom\/wp-json\/wp\/v2\/media?parent=223617"}],"wp:term":[{"taxonomy":"category","embeddable":true,"href":"https:\/\/www.manaus.am.gov.br\/semcom\/wp-json\/wp\/v2\/categories?post=223617"},{"taxonomy":"post_tag","embeddable":true,"href":"https:\/\/www.manaus.am.gov.br\/semcom\/wp-json\/wp\/v2\/tags?post=223617"}],"curies":[{"name":"wp","href":"https:\/\/api.w.org\/{rel}","templated":true}]}}