{"id":223586,"date":"2023-12-27T17:12:51","date_gmt":"2023-12-27T20:12:51","guid":{"rendered":"https:\/\/www.manaus.am.gov.br\/semcom\/leiloes-da-prefeitura-de-manaus-arrecadam-r-873-mil-para-os-cofres-publicos\/"},"modified":"2023-12-27T17:12:53","modified_gmt":"2023-12-27T20:12:53","slug":"leiloes-da-prefeitura-de-manaus-arrecadam-r-873-mil-para-os-cofres-publicos","status":"publish","type":"post","link":"https:\/\/www.manaus.am.gov.br\/semcom\/leiloes-da-prefeitura-de-manaus-arrecadam-r-873-mil-para-os-cofres-publicos\/","title":{"rendered":"Leil\u00f5es da Prefeitura de Manaus arrecadam R$ 873 mil para os cofres p\u00fablicos"},"content":{"rendered":"\n<p>A Prefeitura de Manaus arrecadou R$ 873 mil nos dois leil\u00f5es realizados, na manh\u00e3 desta quarta-feira, 27\/12, nos formatos presencial, na rua Visconde de Sinimbu, n\u00ba 1.568, no bairro Flores, zona Centro-Sul, e on-line pelo endere\u00e7o eletr\u00f4nico&nbsp;<a href=\"https:\/\/www.vipleiloes.com.br\/\" target=\"_blank\" rel=\"noreferrer noopener\">https:\/\/www.vipleiloes.com.br<\/a>. Os certames, organizados pela Divis\u00e3o de Patrim\u00f4nio da Secretaria Municipal de Administra\u00e7\u00e3o, Planejamento e Gest\u00e3o (Semad), foram para a venda de um im\u00f3vel pertencente \u00e0 Manaus Previd\u00eancia e 29 lotes de bens classificados como inserv\u00edveis, incluindo dois autom\u00f3veis e quatro motocicletas.<\/p>\n\n\n\n<p>O im\u00f3vel, localizado na rua Luiz Antony, no Centro da cidade, foi arrematado pelo valor de R$ 602.411,62. \u00c0 Manaus Previd\u00eancia coube, ainda, o valor de arremata\u00e7\u00e3o de bens m\u00f3veis inserv\u00edveis da institui\u00e7\u00e3o, vendidos por R$ 12.600, totalizando R$ 615.011,62. Os R$ 258.800 arrecadados com o restante dos itens ser\u00e3o incorporados aos recursos da prefeitura que, com estes, encerra este ano com quatro leil\u00f5es realizados.<\/p>\n\n\n\n<p>\u201cEstamos muito satisfeitos com os resultados desses dois leil\u00f5es, porque os valores arrecadados com a venda dos lotes de bens inserv\u00edveis superaram a previs\u00e3o inicial, que era de R$ 237 mil, chegando a mais de R$ 271 mil. Al\u00e9m, \u00e9 claro, de termos sido bem-sucedidos na venda do im\u00f3vel da Manaus Previd\u00eancia. Seguindo a orienta\u00e7\u00e3o do prefeito David Almeida, temos feito um controle rigoroso do patrim\u00f4nio da prefeitura e dado a destina\u00e7\u00e3o adequada ao que atende mais \u00e0s necessidades da gest\u00e3o, inclusive com a realiza\u00e7\u00e3o de leil\u00f5es\u201d, disse o titular da Semad, Ebenezer Bezerra. &nbsp;<\/p>\n\n\n\n<p>O secret\u00e1rio lembrou, ainda, que, com o leil\u00e3o dos bens inserv\u00edveis, foi poss\u00edvel desocupar espa\u00e7os nos dep\u00f3sitos e ainda contribuir para a gera\u00e7\u00e3o de renda pelos arrematantes. \u201cUsualmente, quem adquire esses bens s\u00e3o pessoas que trabalham com venda de pe\u00e7as, com sucatas e material do g\u00eanero. Portanto, o que foi adquirido ir\u00e1 n\u00e3o s\u00f3 repor o que foi investido, mas tamb\u00e9m ter algum lucro\u201d, afirmou.<\/p>\n\n\n\n<p>Entre o material leiloado havia dois carros (um modelo Ford Fiesta e uma caminhonete Ford Ranger XL) e quatro motocicletas da marca Honda. Os lotes foram vendidos no estado de conserva\u00e7\u00e3o em que se apresentavam e que puderam ser verificados pelos interessados. Entre os itens, nobreaks de grande porte, antena para r\u00e1dio, balan\u00e7a eletr\u00f4nica, c\u00e2mera fotogr\u00e1fica, fragmentador de papel, guilhotina de papel, gravador digital, HD externo e impressora de senha integrada.<\/p>\n\n\n\n<p>Tamb\u00e9m outros materiais como cadeiras, mesas, arm\u00e1rios, condicionador de ar tipo: janela e split de v\u00e1rios BTUs, conjunto escolar tipo infantil, arm\u00e1rios em MDF, gaveteiro, arm\u00e1rios em a\u00e7o, motopoda, motosserra, ro\u00e7adeira, soprador, entre outros itens. &nbsp;<\/p>\n\n\n\n<p>&#8212; &#8212; &#8212;<\/p>\n\n\n\n<p><strong>Texto<\/strong>&nbsp;&#8211; Sandra Monteiro \/ Semad<\/p>\n\n\n\n<p><strong>Foto<\/strong>\u00a0\u2013 Divulga\u00e7\u00e3o \/ Semad<\/p>\n","protected":false},"excerpt":{"rendered":"","protected":false},"author":39,"featured_media":223587,"comment_status":"closed","ping_status":"closed","sticky":false,"template":"","format":"standard","meta":{"footnotes":""},"categories":[3411],"tags":[5632,9934,9935,9936,77,838],"acf":[],"yoast_head":"<!-- This site is optimized with the Yoast SEO plugin v23.0 - https:\/\/yoast.com\/wordpress\/plugins\/seo\/ -->\n<title>Leil\u00f5es da prefeitura arrecadam R$ 873 mil para os cofres p\u00fablicos<\/title>\n<meta name=\"description\" content=\"Leil\u00f5es da Prefeitura de Manaus arrecadam R$ 873 mil para os cofres p\u00fablicos no formato presencial e on-line.\" \/>\n<meta name=\"robots\" content=\"index, follow, max-snippet:-1, max-image-preview:large, max-video-preview:-1\" \/>\n<link rel=\"canonical\" href=\"https:\/\/www.manaus.am.gov.br\/semcom\/leiloes-da-prefeitura-de-manaus-arrecadam-r-873-mil-para-os-cofres-publicos\/\" \/>\n<meta property=\"og:locale\" content=\"pt_BR\" \/>\n<meta property=\"og:type\" content=\"article\" \/>\n<meta property=\"og:title\" content=\"Leil\u00f5es da prefeitura arrecadam R$ 873 mil para os cofres p\u00fablicos\" \/>\n<meta property=\"og:description\" content=\"Leil\u00f5es da Prefeitura de Manaus arrecadam R$ 873 mil para os cofres p\u00fablicos no formato presencial e on-line.\" \/>\n<meta property=\"og:url\" content=\"https:\/\/www.manaus.am.gov.br\/semcom\/leiloes-da-prefeitura-de-manaus-arrecadam-r-873-mil-para-os-cofres-publicos\/\" \/>\n<meta property=\"og:site_name\" content=\"SEMCOM\" \/>\n<meta property=\"article:published_time\" content=\"2023-12-27T20:12:51+00:00\" \/>\n<meta property=\"article:modified_time\" content=\"2023-12-27T20:12:53+00:00\" \/>\n<meta property=\"og:image\" content=\"https:\/\/www.manaus.am.gov.br\/semcom\/wp-content\/uploads\/sites\/5\/2023\/12\/Leiloes-Semad-271223-3.jpeg\" \/>\n\t<meta property=\"og:image:width\" content=\"1280\" \/>\n\t<meta property=\"og:image:height\" content=\"978\" \/>\n\t<meta property=\"og:image:type\" content=\"image\/jpeg\" \/>\n<meta name=\"author\" content=\"Bruna Greco\" \/>\n<meta name=\"twitter:card\" content=\"summary_large_image\" \/>\n<meta name=\"twitter:label1\" content=\"Written by\" \/>\n\t<meta name=\"twitter:data1\" content=\"Bruna Greco\" \/>\n\t<meta name=\"twitter:label2\" content=\"Est. reading time\" \/>\n\t<meta name=\"twitter:data2\" content=\"3 minutos\" \/>\n<script type=\"application\/ld+json\" class=\"yoast-schema-graph\">{\"@context\":\"https:\/\/schema.org\",\"@graph\":[{\"@type\":\"WebPage\",\"@id\":\"https:\/\/www.manaus.am.gov.br\/semcom\/leiloes-da-prefeitura-de-manaus-arrecadam-r-873-mil-para-os-cofres-publicos\/\",\"url\":\"https:\/\/www.manaus.am.gov.br\/semcom\/leiloes-da-prefeitura-de-manaus-arrecadam-r-873-mil-para-os-cofres-publicos\/\",\"name\":\"Leil\u00f5es da prefeitura arrecadam R$ 873 mil para os cofres p\u00fablicos\",\"isPartOf\":{\"@id\":\"https:\/\/www.manaus.am.gov.br\/semcom\/#website\"},\"primaryImageOfPage\":{\"@id\":\"https:\/\/www.manaus.am.gov.br\/semcom\/leiloes-da-prefeitura-de-manaus-arrecadam-r-873-mil-para-os-cofres-publicos\/#primaryimage\"},\"image\":{\"@id\":\"https:\/\/www.manaus.am.gov.br\/semcom\/leiloes-da-prefeitura-de-manaus-arrecadam-r-873-mil-para-os-cofres-publicos\/#primaryimage\"},\"thumbnailUrl\":\"https:\/\/www.manaus.am.gov.br\/semcom\/wp-content\/uploads\/sites\/5\/2023\/12\/Leiloes-Semad-271223-3.jpeg\",\"datePublished\":\"2023-12-27T20:12:51+00:00\",\"dateModified\":\"2023-12-27T20:12:53+00:00\",\"author\":{\"@id\":\"https:\/\/www.manaus.am.gov.br\/semcom\/#\/schema\/person\/05d223aea2bf115f9883a6ff3683d81b\"},\"description\":\"Leil\u00f5es da Prefeitura de Manaus arrecadam R$ 873 mil para os cofres p\u00fablicos no formato presencial e on-line.\",\"inLanguage\":\"pt-BR\",\"potentialAction\":[{\"@type\":\"ReadAction\",\"target\":[\"https:\/\/www.manaus.am.gov.br\/semcom\/leiloes-da-prefeitura-de-manaus-arrecadam-r-873-mil-para-os-cofres-publicos\/\"]}]},{\"@type\":\"ImageObject\",\"inLanguage\":\"pt-BR\",\"@id\":\"https:\/\/www.manaus.am.gov.br\/semcom\/leiloes-da-prefeitura-de-manaus-arrecadam-r-873-mil-para-os-cofres-publicos\/#primaryimage\",\"url\":\"https:\/\/www.manaus.am.gov.br\/semcom\/wp-content\/uploads\/sites\/5\/2023\/12\/Leiloes-Semad-271223-3.jpeg\",\"contentUrl\":\"https:\/\/www.manaus.am.gov.br\/semcom\/wp-content\/uploads\/sites\/5\/2023\/12\/Leiloes-Semad-271223-3.jpeg\",\"width\":1280,\"height\":978,\"caption\":\"#paratodosverem - Grupo de pessoas reunidas em uma sala durante leil\u00e3o\"},{\"@type\":\"WebSite\",\"@id\":\"https:\/\/www.manaus.am.gov.br\/semcom\/#website\",\"url\":\"https:\/\/www.manaus.am.gov.br\/semcom\/\",\"name\":\"SEMCOM\",\"description\":\"Secretaria Municipal de Comunica\u00e7\u00e3o\",\"potentialAction\":[{\"@type\":\"SearchAction\",\"target\":{\"@type\":\"EntryPoint\",\"urlTemplate\":\"https:\/\/www.manaus.am.gov.br\/semcom\/?s={search_term_string}\"},\"query-input\":\"required name=search_term_string\"}],\"inLanguage\":\"pt-BR\"},{\"@type\":\"Person\",\"@id\":\"https:\/\/www.manaus.am.gov.br\/semcom\/#\/schema\/person\/05d223aea2bf115f9883a6ff3683d81b\",\"name\":\"Bruna Greco\",\"image\":{\"@type\":\"ImageObject\",\"inLanguage\":\"pt-BR\",\"@id\":\"https:\/\/www.manaus.am.gov.br\/semcom\/#\/schema\/person\/image\/\",\"url\":\"https:\/\/secure.gravatar.com\/avatar\/9c877d1a6adc2a055330e5c09a8653ce?s=96&d=mm&r=g\",\"contentUrl\":\"https:\/\/secure.gravatar.com\/avatar\/9c877d1a6adc2a055330e5c09a8653ce?s=96&d=mm&r=g\",\"caption\":\"Bruna Greco\"}}]}<\/script>\n<!-- \/ Yoast SEO plugin. -->","yoast_head_json":{"title":"Leil\u00f5es da prefeitura arrecadam R$ 873 mil para os cofres p\u00fablicos","description":"Leil\u00f5es da Prefeitura de Manaus arrecadam R$ 873 mil para os cofres p\u00fablicos no formato presencial e on-line.","robots":{"index":"index","follow":"follow","max-snippet":"max-snippet:-1","max-image-preview":"max-image-preview:large","max-video-preview":"max-video-preview:-1"},"canonical":"https:\/\/www.manaus.am.gov.br\/semcom\/leiloes-da-prefeitura-de-manaus-arrecadam-r-873-mil-para-os-cofres-publicos\/","og_locale":"pt_BR","og_type":"article","og_title":"Leil\u00f5es da prefeitura arrecadam R$ 873 mil para os cofres p\u00fablicos","og_description":"Leil\u00f5es da Prefeitura de Manaus arrecadam R$ 873 mil para os cofres p\u00fablicos no formato presencial e on-line.","og_url":"https:\/\/www.manaus.am.gov.br\/semcom\/leiloes-da-prefeitura-de-manaus-arrecadam-r-873-mil-para-os-cofres-publicos\/","og_site_name":"SEMCOM","article_published_time":"2023-12-27T20:12:51+00:00","article_modified_time":"2023-12-27T20:12:53+00:00","og_image":[{"width":1280,"height":978,"url":"https:\/\/www.manaus.am.gov.br\/semcom\/wp-content\/uploads\/sites\/5\/2023\/12\/Leiloes-Semad-271223-3.jpeg","type":"image\/jpeg"}],"author":"Bruna Greco","twitter_card":"summary_large_image","twitter_misc":{"Written by":"Bruna Greco","Est. reading time":"3 minutos"},"schema":{"@context":"https:\/\/schema.org","@graph":[{"@type":"WebPage","@id":"https:\/\/www.manaus.am.gov.br\/semcom\/leiloes-da-prefeitura-de-manaus-arrecadam-r-873-mil-para-os-cofres-publicos\/","url":"https:\/\/www.manaus.am.gov.br\/semcom\/leiloes-da-prefeitura-de-manaus-arrecadam-r-873-mil-para-os-cofres-publicos\/","name":"Leil\u00f5es da prefeitura arrecadam R$ 873 mil para os cofres p\u00fablicos","isPartOf":{"@id":"https:\/\/www.manaus.am.gov.br\/semcom\/#website"},"primaryImageOfPage":{"@id":"https:\/\/www.manaus.am.gov.br\/semcom\/leiloes-da-prefeitura-de-manaus-arrecadam-r-873-mil-para-os-cofres-publicos\/#primaryimage"},"image":{"@id":"https:\/\/www.manaus.am.gov.br\/semcom\/leiloes-da-prefeitura-de-manaus-arrecadam-r-873-mil-para-os-cofres-publicos\/#primaryimage"},"thumbnailUrl":"https:\/\/www.manaus.am.gov.br\/semcom\/wp-content\/uploads\/sites\/5\/2023\/12\/Leiloes-Semad-271223-3.jpeg","datePublished":"2023-12-27T20:12:51+00:00","dateModified":"2023-12-27T20:12:53+00:00","author":{"@id":"https:\/\/www.manaus.am.gov.br\/semcom\/#\/schema\/person\/05d223aea2bf115f9883a6ff3683d81b"},"description":"Leil\u00f5es da Prefeitura de Manaus arrecadam R$ 873 mil para os cofres p\u00fablicos no formato presencial e on-line.","inLanguage":"pt-BR","potentialAction":[{"@type":"ReadAction","target":["https:\/\/www.manaus.am.gov.br\/semcom\/leiloes-da-prefeitura-de-manaus-arrecadam-r-873-mil-para-os-cofres-publicos\/"]}]},{"@type":"ImageObject","inLanguage":"pt-BR","@id":"https:\/\/www.manaus.am.gov.br\/semcom\/leiloes-da-prefeitura-de-manaus-arrecadam-r-873-mil-para-os-cofres-publicos\/#primaryimage","url":"https:\/\/www.manaus.am.gov.br\/semcom\/wp-content\/uploads\/sites\/5\/2023\/12\/Leiloes-Semad-271223-3.jpeg","contentUrl":"https:\/\/www.manaus.am.gov.br\/semcom\/wp-content\/uploads\/sites\/5\/2023\/12\/Leiloes-Semad-271223-3.jpeg","width":1280,"height":978,"caption":"#paratodosverem - Grupo de pessoas reunidas em uma sala durante leil\u00e3o"},{"@type":"WebSite","@id":"https:\/\/www.manaus.am.gov.br\/semcom\/#website","url":"https:\/\/www.manaus.am.gov.br\/semcom\/","name":"SEMCOM","description":"Secretaria Municipal de Comunica\u00e7\u00e3o","potentialAction":[{"@type":"SearchAction","target":{"@type":"EntryPoint","urlTemplate":"https:\/\/www.manaus.am.gov.br\/semcom\/?s={search_term_string}"},"query-input":"required name=search_term_string"}],"inLanguage":"pt-BR"},{"@type":"Person","@id":"https:\/\/www.manaus.am.gov.br\/semcom\/#\/schema\/person\/05d223aea2bf115f9883a6ff3683d81b","name":"Bruna Greco","image":{"@type":"ImageObject","inLanguage":"pt-BR","@id":"https:\/\/www.manaus.am.gov.br\/semcom\/#\/schema\/person\/image\/","url":"https:\/\/secure.gravatar.com\/avatar\/9c877d1a6adc2a055330e5c09a8653ce?s=96&d=mm&r=g","contentUrl":"https:\/\/secure.gravatar.com\/avatar\/9c877d1a6adc2a055330e5c09a8653ce?s=96&d=mm&r=g","caption":"Bruna Greco"}}]}},"_links":{"self":[{"href":"https:\/\/www.manaus.am.gov.br\/semcom\/wp-json\/wp\/v2\/posts\/223586"}],"collection":[{"href":"https:\/\/www.manaus.am.gov.br\/semcom\/wp-json\/wp\/v2\/posts"}],"about":[{"href":"https:\/\/www.manaus.am.gov.br\/semcom\/wp-json\/wp\/v2\/types\/post"}],"author":[{"embeddable":true,"href":"https:\/\/www.manaus.am.gov.br\/semcom\/wp-json\/wp\/v2\/users\/39"}],"replies":[{"embeddable":true,"href":"https:\/\/www.manaus.am.gov.br\/semcom\/wp-json\/wp\/v2\/comments?post=223586"}],"version-history":[{"count":0,"href":"https:\/\/www.manaus.am.gov.br\/semcom\/wp-json\/wp\/v2\/posts\/223586\/revisions"}],"wp:featuredmedia":[{"embeddable":true,"href":"https:\/\/www.manaus.am.gov.br\/semcom\/wp-json\/wp\/v2\/media\/223587"}],"wp:attachment":[{"href":"https:\/\/www.manaus.am.gov.br\/semcom\/wp-json\/wp\/v2\/media?parent=223586"}],"wp:term":[{"taxonomy":"category","embeddable":true,"href":"https:\/\/www.manaus.am.gov.br\/semcom\/wp-json\/wp\/v2\/categories?post=223586"},{"taxonomy":"post_tag","embeddable":true,"href":"https:\/\/www.manaus.am.gov.br\/semcom\/wp-json\/wp\/v2\/tags?post=223586"}],"curies":[{"name":"wp","href":"https:\/\/api.w.org\/{rel}","templated":true}]}}