{"id":223496,"date":"2023-12-22T18:05:47","date_gmt":"2023-12-22T21:05:47","guid":{"rendered":"https:\/\/www.manaus.am.gov.br\/semcom\/semad-entrega-donativos-arrecadados-no-mes-dos-servidores-ao-fundo-manaus-solidaria\/"},"modified":"2023-12-22T18:05:49","modified_gmt":"2023-12-22T21:05:49","slug":"semad-entrega-donativos-arrecadados-no-mes-dos-servidores-ao-fundo-manaus-solidaria","status":"publish","type":"post","link":"https:\/\/www.manaus.am.gov.br\/semcom\/semad-entrega-donativos-arrecadados-no-mes-dos-servidores-ao-fundo-manaus-solidaria\/","title":{"rendered":"Semad entrega donativos arrecadados no m\u00eas dos Servidores ao Fundo Manaus Solid\u00e1ria"},"content":{"rendered":"\n<p>Finalizando a campanha de doa\u00e7\u00e3o realizada no m\u00eas de outubro, que mobilizou os funcion\u00e1rios de toda a Prefeitura de Manaus, a fim de arrecadar fraldas descart\u00e1veis infantis e geri\u00e1tricas, a Secretaria Municipal de Administra\u00e7\u00e3o, Planejamento e Gest\u00e3o (Semad), que coordenou a a\u00e7\u00e3o, realizou a entrega dos mais de 1.000 pacotes arrecadados para o Fundo Manaus Solid\u00e1ria (FMS), que far\u00e1 a distribui\u00e7\u00e3o para institui\u00e7\u00f5es filantr\u00f3picas cadastradas.<\/p>\n\n\n\n<p>A entrega das fraldas doadas foi realizada na sede da Semad, situada na avenida Compensa, n.\u00ba 770, no bairro Vila da Prata, zona Oeste da capital, nesta sexta-feira, 22\/12.<\/p>\n\n\n\n<p>Para o titular da pasta, Ebenezer Bezerra, o gesto dos servidores p\u00fablicos municipais representa um verdadeiro ato de responsabilidade social. \u201cMais que um evento de celebra\u00e7\u00e3o ao funcionalismo p\u00fablico, nossa festa vai representar na vida das in\u00fameras pessoas, de diversas idades, que receber\u00e3o esses itens, um ato de carinho e respeito \u00e0 popula\u00e7\u00e3o\u201d, declarou.<\/p>\n\n\n\n<p>O presidente do FMS, Emerson da Silva Castro, fez quest\u00e3o de receber as doa\u00e7\u00f5es na Semad. Ele agradeceu a colabora\u00e7\u00e3o de todas as secretarias, que, segundo ele, n\u00e3o mediram esfor\u00e7os para fomentar a a\u00e7\u00e3o. \u201cNossa gratid\u00e3o a todos que colaboraram com a arrecada\u00e7\u00e3o das fraldas. Vamos destin\u00e1-las \u00e0s v\u00e1rias organiza\u00e7\u00f5es da sociedade civil parceiras. \u00c0 Semad, em especial, pelo apoio na assist\u00eancia aos que mais precisam. Como diz o prefeito David Almeida, juntos somos mais fortes\u201d, completou.<\/p>\n\n\n\n<p>A campanha do recebimento das fraldas descart\u00e1veis ocorreu durante o m\u00eas que antecedeu a Festa dos Servidores e Professores Municipais, at\u00e9 o dia da realiza\u00e7\u00e3o da mesma e faz parte das iniciativas da gest\u00e3o do prefeito David Almeida que visam a promo\u00e7\u00e3o social e melhoria da qualidade de vida da popula\u00e7\u00e3o manauara.<\/p>\n\n\n\n<p>&#8212; &#8212; &#8212;<\/p>\n\n\n\n<p><strong>Texto<\/strong> \u2013 Sidney William \/ Semad<\/p>\n\n\n\n<p><strong>Fotos<\/strong> \u2013 Thelson Souza \/ Semad<\/p>\n","protected":false},"excerpt":{"rendered":"","protected":false},"author":61,"featured_media":223497,"comment_status":"closed","ping_status":"closed","sticky":false,"template":"","format":"standard","meta":{"footnotes":""},"categories":[834],"tags":[2261,9916,7784,9917,77,919],"acf":[],"yoast_head":"<!-- This site is optimized with the Yoast SEO plugin v23.0 - https:\/\/yoast.com\/wordpress\/plugins\/seo\/ -->\n<title>Semad entrega donativos arrecadados no m\u00eas do Servidor ao FMS<\/title>\n<meta name=\"description\" content=\"Semad realizou a entrega dos mais de 1.000 pacotes de fraldas arrecadados para o Fundo Manaus Solid\u00e1ria (FMS).\" \/>\n<meta name=\"robots\" content=\"index, follow, max-snippet:-1, max-image-preview:large, max-video-preview:-1\" \/>\n<link rel=\"canonical\" href=\"https:\/\/www.manaus.am.gov.br\/semcom\/semad-entrega-donativos-arrecadados-no-mes-dos-servidores-ao-fundo-manaus-solidaria\/\" \/>\n<meta property=\"og:locale\" content=\"pt_BR\" \/>\n<meta property=\"og:type\" content=\"article\" \/>\n<meta property=\"og:title\" content=\"Semad entrega donativos arrecadados no m\u00eas do Servidor ao FMS\" \/>\n<meta property=\"og:description\" content=\"Semad realizou a entrega dos mais de 1.000 pacotes de fraldas arrecadados para o Fundo Manaus Solid\u00e1ria (FMS).\" \/>\n<meta property=\"og:url\" content=\"https:\/\/www.manaus.am.gov.br\/semcom\/semad-entrega-donativos-arrecadados-no-mes-dos-servidores-ao-fundo-manaus-solidaria\/\" \/>\n<meta property=\"og:site_name\" content=\"SEMCOM\" \/>\n<meta property=\"article:published_time\" content=\"2023-12-22T21:05:47+00:00\" \/>\n<meta property=\"article:modified_time\" content=\"2023-12-22T21:05:49+00:00\" \/>\n<meta property=\"og:image\" content=\"https:\/\/www.manaus.am.gov.br\/semcom\/wp-content\/uploads\/sites\/5\/2023\/12\/Semad-entrega-fraldas-ao-FMS-1-1024x768.jpg\" \/>\n\t<meta property=\"og:image:width\" content=\"1024\" \/>\n\t<meta property=\"og:image:height\" content=\"768\" \/>\n\t<meta property=\"og:image:type\" content=\"image\/jpeg\" \/>\n<meta name=\"author\" content=\"smonteiro\" \/>\n<meta name=\"twitter:card\" content=\"summary_large_image\" \/>\n<meta name=\"twitter:label1\" content=\"Written by\" \/>\n\t<meta name=\"twitter:data1\" content=\"smonteiro\" \/>\n\t<meta name=\"twitter:label2\" content=\"Est. reading time\" \/>\n\t<meta name=\"twitter:data2\" content=\"2 minutos\" \/>\n<script type=\"application\/ld+json\" class=\"yoast-schema-graph\">{\"@context\":\"https:\/\/schema.org\",\"@graph\":[{\"@type\":\"WebPage\",\"@id\":\"https:\/\/www.manaus.am.gov.br\/semcom\/semad-entrega-donativos-arrecadados-no-mes-dos-servidores-ao-fundo-manaus-solidaria\/\",\"url\":\"https:\/\/www.manaus.am.gov.br\/semcom\/semad-entrega-donativos-arrecadados-no-mes-dos-servidores-ao-fundo-manaus-solidaria\/\",\"name\":\"Semad entrega donativos arrecadados no m\u00eas do Servidor ao FMS\",\"isPartOf\":{\"@id\":\"https:\/\/www.manaus.am.gov.br\/semcom\/#website\"},\"primaryImageOfPage\":{\"@id\":\"https:\/\/www.manaus.am.gov.br\/semcom\/semad-entrega-donativos-arrecadados-no-mes-dos-servidores-ao-fundo-manaus-solidaria\/#primaryimage\"},\"image\":{\"@id\":\"https:\/\/www.manaus.am.gov.br\/semcom\/semad-entrega-donativos-arrecadados-no-mes-dos-servidores-ao-fundo-manaus-solidaria\/#primaryimage\"},\"thumbnailUrl\":\"https:\/\/www.manaus.am.gov.br\/semcom\/wp-content\/uploads\/sites\/5\/2023\/12\/Semad-entrega-fraldas-ao-FMS-1.jpg\",\"datePublished\":\"2023-12-22T21:05:47+00:00\",\"dateModified\":\"2023-12-22T21:05:49+00:00\",\"author\":{\"@id\":\"https:\/\/www.manaus.am.gov.br\/semcom\/#\/schema\/person\/ab4dcf766a54dff74e8d267f5c591961\"},\"description\":\"Semad realizou a entrega dos mais de 1.000 pacotes de fraldas arrecadados para o Fundo Manaus Solid\u00e1ria (FMS).\",\"inLanguage\":\"pt-BR\",\"potentialAction\":[{\"@type\":\"ReadAction\",\"target\":[\"https:\/\/www.manaus.am.gov.br\/semcom\/semad-entrega-donativos-arrecadados-no-mes-dos-servidores-ao-fundo-manaus-solidaria\/\"]}]},{\"@type\":\"ImageObject\",\"inLanguage\":\"pt-BR\",\"@id\":\"https:\/\/www.manaus.am.gov.br\/semcom\/semad-entrega-donativos-arrecadados-no-mes-dos-servidores-ao-fundo-manaus-solidaria\/#primaryimage\",\"url\":\"https:\/\/www.manaus.am.gov.br\/semcom\/wp-content\/uploads\/sites\/5\/2023\/12\/Semad-entrega-fraldas-ao-FMS-1.jpg\",\"contentUrl\":\"https:\/\/www.manaus.am.gov.br\/semcom\/wp-content\/uploads\/sites\/5\/2023\/12\/Semad-entrega-fraldas-ao-FMS-1.jpg\",\"width\":4032,\"height\":3024,\"caption\":\"#paratodosverem - O titular da Semad, Ebenezer Bezerra, entrega mil pacotes de fraldas ao presidente do Fundo Manaus Solid\u00e1ria\"},{\"@type\":\"WebSite\",\"@id\":\"https:\/\/www.manaus.am.gov.br\/semcom\/#website\",\"url\":\"https:\/\/www.manaus.am.gov.br\/semcom\/\",\"name\":\"SEMCOM\",\"description\":\"Secretaria Municipal de Comunica\u00e7\u00e3o\",\"potentialAction\":[{\"@type\":\"SearchAction\",\"target\":{\"@type\":\"EntryPoint\",\"urlTemplate\":\"https:\/\/www.manaus.am.gov.br\/semcom\/?s={search_term_string}\"},\"query-input\":\"required name=search_term_string\"}],\"inLanguage\":\"pt-BR\"},{\"@type\":\"Person\",\"@id\":\"https:\/\/www.manaus.am.gov.br\/semcom\/#\/schema\/person\/ab4dcf766a54dff74e8d267f5c591961\",\"name\":\"smonteiro\",\"image\":{\"@type\":\"ImageObject\",\"inLanguage\":\"pt-BR\",\"@id\":\"https:\/\/www.manaus.am.gov.br\/semcom\/#\/schema\/person\/image\/\",\"url\":\"https:\/\/secure.gravatar.com\/avatar\/21c8776ef61d9272c73322052e042d77?s=96&d=mm&r=g\",\"contentUrl\":\"https:\/\/secure.gravatar.com\/avatar\/21c8776ef61d9272c73322052e042d77?s=96&d=mm&r=g\",\"caption\":\"smonteiro\"}}]}<\/script>\n<!-- \/ Yoast SEO plugin. -->","yoast_head_json":{"title":"Semad entrega donativos arrecadados no m\u00eas do Servidor ao FMS","description":"Semad realizou a entrega dos mais de 1.000 pacotes de fraldas arrecadados para o Fundo Manaus Solid\u00e1ria (FMS).","robots":{"index":"index","follow":"follow","max-snippet":"max-snippet:-1","max-image-preview":"max-image-preview:large","max-video-preview":"max-video-preview:-1"},"canonical":"https:\/\/www.manaus.am.gov.br\/semcom\/semad-entrega-donativos-arrecadados-no-mes-dos-servidores-ao-fundo-manaus-solidaria\/","og_locale":"pt_BR","og_type":"article","og_title":"Semad entrega donativos arrecadados no m\u00eas do Servidor ao FMS","og_description":"Semad realizou a entrega dos mais de 1.000 pacotes de fraldas arrecadados para o Fundo Manaus Solid\u00e1ria (FMS).","og_url":"https:\/\/www.manaus.am.gov.br\/semcom\/semad-entrega-donativos-arrecadados-no-mes-dos-servidores-ao-fundo-manaus-solidaria\/","og_site_name":"SEMCOM","article_published_time":"2023-12-22T21:05:47+00:00","article_modified_time":"2023-12-22T21:05:49+00:00","og_image":[{"width":1024,"height":768,"url":"https:\/\/www.manaus.am.gov.br\/semcom\/wp-content\/uploads\/sites\/5\/2023\/12\/Semad-entrega-fraldas-ao-FMS-1-1024x768.jpg","type":"image\/jpeg"}],"author":"smonteiro","twitter_card":"summary_large_image","twitter_misc":{"Written by":"smonteiro","Est. reading time":"2 minutos"},"schema":{"@context":"https:\/\/schema.org","@graph":[{"@type":"WebPage","@id":"https:\/\/www.manaus.am.gov.br\/semcom\/semad-entrega-donativos-arrecadados-no-mes-dos-servidores-ao-fundo-manaus-solidaria\/","url":"https:\/\/www.manaus.am.gov.br\/semcom\/semad-entrega-donativos-arrecadados-no-mes-dos-servidores-ao-fundo-manaus-solidaria\/","name":"Semad entrega donativos arrecadados no m\u00eas do Servidor ao FMS","isPartOf":{"@id":"https:\/\/www.manaus.am.gov.br\/semcom\/#website"},"primaryImageOfPage":{"@id":"https:\/\/www.manaus.am.gov.br\/semcom\/semad-entrega-donativos-arrecadados-no-mes-dos-servidores-ao-fundo-manaus-solidaria\/#primaryimage"},"image":{"@id":"https:\/\/www.manaus.am.gov.br\/semcom\/semad-entrega-donativos-arrecadados-no-mes-dos-servidores-ao-fundo-manaus-solidaria\/#primaryimage"},"thumbnailUrl":"https:\/\/www.manaus.am.gov.br\/semcom\/wp-content\/uploads\/sites\/5\/2023\/12\/Semad-entrega-fraldas-ao-FMS-1.jpg","datePublished":"2023-12-22T21:05:47+00:00","dateModified":"2023-12-22T21:05:49+00:00","author":{"@id":"https:\/\/www.manaus.am.gov.br\/semcom\/#\/schema\/person\/ab4dcf766a54dff74e8d267f5c591961"},"description":"Semad realizou a entrega dos mais de 1.000 pacotes de fraldas arrecadados para o Fundo Manaus Solid\u00e1ria (FMS).","inLanguage":"pt-BR","potentialAction":[{"@type":"ReadAction","target":["https:\/\/www.manaus.am.gov.br\/semcom\/semad-entrega-donativos-arrecadados-no-mes-dos-servidores-ao-fundo-manaus-solidaria\/"]}]},{"@type":"ImageObject","inLanguage":"pt-BR","@id":"https:\/\/www.manaus.am.gov.br\/semcom\/semad-entrega-donativos-arrecadados-no-mes-dos-servidores-ao-fundo-manaus-solidaria\/#primaryimage","url":"https:\/\/www.manaus.am.gov.br\/semcom\/wp-content\/uploads\/sites\/5\/2023\/12\/Semad-entrega-fraldas-ao-FMS-1.jpg","contentUrl":"https:\/\/www.manaus.am.gov.br\/semcom\/wp-content\/uploads\/sites\/5\/2023\/12\/Semad-entrega-fraldas-ao-FMS-1.jpg","width":4032,"height":3024,"caption":"#paratodosverem - O titular da Semad, Ebenezer Bezerra, entrega mil pacotes de fraldas ao presidente do Fundo Manaus Solid\u00e1ria"},{"@type":"WebSite","@id":"https:\/\/www.manaus.am.gov.br\/semcom\/#website","url":"https:\/\/www.manaus.am.gov.br\/semcom\/","name":"SEMCOM","description":"Secretaria Municipal de Comunica\u00e7\u00e3o","potentialAction":[{"@type":"SearchAction","target":{"@type":"EntryPoint","urlTemplate":"https:\/\/www.manaus.am.gov.br\/semcom\/?s={search_term_string}"},"query-input":"required name=search_term_string"}],"inLanguage":"pt-BR"},{"@type":"Person","@id":"https:\/\/www.manaus.am.gov.br\/semcom\/#\/schema\/person\/ab4dcf766a54dff74e8d267f5c591961","name":"smonteiro","image":{"@type":"ImageObject","inLanguage":"pt-BR","@id":"https:\/\/www.manaus.am.gov.br\/semcom\/#\/schema\/person\/image\/","url":"https:\/\/secure.gravatar.com\/avatar\/21c8776ef61d9272c73322052e042d77?s=96&d=mm&r=g","contentUrl":"https:\/\/secure.gravatar.com\/avatar\/21c8776ef61d9272c73322052e042d77?s=96&d=mm&r=g","caption":"smonteiro"}}]}},"_links":{"self":[{"href":"https:\/\/www.manaus.am.gov.br\/semcom\/wp-json\/wp\/v2\/posts\/223496"}],"collection":[{"href":"https:\/\/www.manaus.am.gov.br\/semcom\/wp-json\/wp\/v2\/posts"}],"about":[{"href":"https:\/\/www.manaus.am.gov.br\/semcom\/wp-json\/wp\/v2\/types\/post"}],"author":[{"embeddable":true,"href":"https:\/\/www.manaus.am.gov.br\/semcom\/wp-json\/wp\/v2\/users\/61"}],"replies":[{"embeddable":true,"href":"https:\/\/www.manaus.am.gov.br\/semcom\/wp-json\/wp\/v2\/comments?post=223496"}],"version-history":[{"count":0,"href":"https:\/\/www.manaus.am.gov.br\/semcom\/wp-json\/wp\/v2\/posts\/223496\/revisions"}],"wp:featuredmedia":[{"embeddable":true,"href":"https:\/\/www.manaus.am.gov.br\/semcom\/wp-json\/wp\/v2\/media\/223497"}],"wp:attachment":[{"href":"https:\/\/www.manaus.am.gov.br\/semcom\/wp-json\/wp\/v2\/media?parent=223496"}],"wp:term":[{"taxonomy":"category","embeddable":true,"href":"https:\/\/www.manaus.am.gov.br\/semcom\/wp-json\/wp\/v2\/categories?post=223496"},{"taxonomy":"post_tag","embeddable":true,"href":"https:\/\/www.manaus.am.gov.br\/semcom\/wp-json\/wp\/v2\/tags?post=223496"}],"curies":[{"name":"wp","href":"https:\/\/api.w.org\/{rel}","templated":true}]}}