{"id":223181,"date":"2022-07-14T23:13:48","date_gmt":"2022-07-15T03:13:48","guid":{"rendered":"https:\/\/www.manaus.am.gov.br\/semcom\/manaus-previdencia-orienta-servidores-sobre-o-correto-tratamento-de-dados-pela-lgpd\/"},"modified":"2022-07-14T23:13:48","modified_gmt":"2022-07-15T03:13:48","slug":"manaus-previdencia-orienta-servidores-sobre-o-correto-tratamento-de-dados-pela-lgpd","status":"publish","type":"post","link":"https:\/\/www.manaus.am.gov.br\/semcom\/manaus-previdencia-orienta-servidores-sobre-o-correto-tratamento-de-dados-pela-lgpd\/","title":{"rendered":"Manaus Previd\u00eancia orienta servidores sobre o correto tratamento de dados pela LGPD"},"content":{"rendered":"\n<p><span style=\"font-family: verdana, geneva, sans-serif;\">A Comiss\u00e3o de Implanta\u00e7\u00e3o da Lei Geral de Prote\u00e7\u00e3o de Dados (LGPD) da Manaus Previd\u00eancia reuniu os coordenadores de setores nesta quinta-feira 14\/7, para orient\u00e1-los quanto ao tratamento de dados nos diversos processos organizacionais no \u00e2mbito da <a href=\"https:\/\/www.manaus.am.gov.br\/\">Prefeitura de Manaus<\/a>.<\/span><\/p>\n\n\n<div class=\"wp-block-image\">\n<figure class=\"aligncenter\"><img decoding=\"async\" src=\"https:\/\/www.manaus.am.gov.br\/semcom\/wp-content\/uploads\/sites\/5\/2023\/12\/50138406522_1d3ff506a5_k-720x407.jpg\" alt=\"Manaus Previd\u00eancia orienta servidores sobre o correto tratamento de dados pela LGPD\" class=\"wp-image-223183\"\/><\/figure><\/div>\n\n\n<p><span style=\"font-family: verdana, geneva, sans-serif;\">A LGPD (lei federal n\u00ba 13.709) foi sancionada em 2018, enquanto as san\u00e7\u00f5es administrativas aos \u00f3rg\u00e3os p\u00fablicos, empresas e organiza\u00e7\u00f5es passaram a ser exigidas a partir de 1\u00ba de agosto de 2021. A comiss\u00e3o interna da Manaus Previd\u00eancia foi criada no ano passado justamente para atender a esses requisitos.<\/span><\/p>\n\n\n\n<p><span style=\"font-family: verdana, geneva, sans-serif;\">A Manaus Previd\u00eancia \u00e9 respons\u00e1vel por gerir o Regime Pr\u00f3prio de Previd\u00eancia Social dos Servidores P\u00fablicos do Munic\u00edpio de Manaus (RPPS), a fim de garantir os benef\u00edcios previdenci\u00e1rios aos segurados e dependentes do Sistema de Previd\u00eancia Municipal.<\/span><\/p>\n\n\n\n<p><span style=\"font-family: verdana, geneva, sans-serif;\">\u201cN\u00f3s nos preocupamos com o tratamento de dados dos nossos segurados e benefici\u00e1rios, tanto internamente, quanto para informa\u00e7\u00f5es de dom\u00ednio p\u00fablico\u201d, refor\u00e7a a diretora-presidente Daniela Benayon.<\/span><\/p>\n\n\n\n<p><span style=\"font-family: verdana, geneva, sans-serif;\"><strong>Orienta\u00e7\u00f5es<\/strong><\/span><\/p>\n\n\n\n<p><span style=\"font-family: verdana, geneva, sans-serif;\">A reuni\u00e3o foi conduzida pelo procurador Maur\u00edcio Sousa (Projur), que explicou os principais conceitos da LGPD sobre dados pessoais, dados sigilosos e dados sens\u00edveis, al\u00e9m da import\u00e2ncia da seguran\u00e7a e sigilo das informa\u00e7\u00f5es, orientando os servidores quanto \u00e0s boas pr\u00e1ticas no tratamento de dados.<\/span><\/p>\n\n\n\n<p><span style=\"font-family: verdana, geneva, sans-serif;\">\u201cA ideia \u00e9 que essas reuni\u00f5es aconte\u00e7am a cada dois meses para verificar a adequa\u00e7\u00e3o da LGPD na Manausprev e diagnosticar o grau de maturidade no \u00e2mbito da organiza\u00e7\u00e3o\u201d, informa o procurador.<\/span><\/p>\n\n\n\n<p><span style=\"font-family: verdana, geneva, sans-serif;\">Entre as orienta\u00e7\u00f5es aos servidores est\u00e3o: optar pela descaracteriza\u00e7\u00e3o dos dados pessoais em documentos em que for necess\u00e1rio inserir nomes ou n\u00fameros de CPF, RG ou outros; evitar a reprodu\u00e7\u00e3o de dados pessoais em planilhas; verificar sempre os princ\u00edpios da necessidade, adequa\u00e7\u00e3o e finalidade na produ\u00e7\u00e3o de documentos e planilhas; evitar dentro do poss\u00edvel inserir dados pessoais em despachos p\u00fablicos.<\/span><\/p>\n\n\n\n<p><span style=\"font-family: verdana, geneva, sans-serif;\">Na Manaus Previd\u00eancia, o n\u00e3o atendimento \u00e0 LGPD poder\u00e1 acarretar em multas externas e n\u00e3o conformidades nas certifica\u00e7\u00f5es do Pr\u00f3-Gest\u00e3o RPPS e ISO 9001.<\/span><\/p>\n\n\n\n<p><span style=\"font-family: verdana, geneva, sans-serif;\"><strong>Seguran\u00e7a<\/strong><\/span><\/p>\n\n\n\n<p><span style=\"font-family: verdana, geneva, sans-serif;\">A lei n\u00ba 13.709\/2018, a LGPD, \u00e9 considerada o marco legal da privacidade e prote\u00e7\u00e3o de dados pessoais no Pa\u00eds e foi concebida para promover a prote\u00e7\u00e3o aos dados pessoais de todo cidad\u00e3o que esteja no Brasil. A\u202fLGPD\u202faltera alguns artigos do Marco Civil da Internet e estabelece novas regras para empresas e \u00f3rg\u00e3os p\u00fablicos, no que diz respeito ao tratamento da privacidade e seguran\u00e7a das informa\u00e7\u00f5es de usu\u00e1rios e clientes.<\/span><\/p>\n\n\n\n<p><span style=\"font-family: verdana, geneva, sans-serif;\">Mais informa\u00e7\u00f5es sobre a LGPD na Manaus Previd\u00eancia podem ser conferidas pelo link <a href=\"https:\/\/manausprevidencia.manaus.am.gov.br\/lei-geral-de-protecao-de-dados\/\">https:\/\/manausprevidencia.manaus.am.gov.br\/lei-geral-de-protecao-de-dados\/<\/a>.<\/span><\/p>\n\n\n\n<p><span style=\"font-family: verdana, geneva, sans-serif;\">&#8212; &#8212; &#8212;<\/span><\/p>\n\n\n\n<p><span style=\"font-family: verdana, geneva, sans-serif;\"><strong>Texto<\/strong> &#8211; Cinthia Guimar\u00e3es \/Manaus Previd\u00eancia<\/span><\/p>\n\n\n\n<p><span style=\"font-family: verdana, geneva, sans-serif;\"><strong>Foto<\/strong> &#8211; Ione Moreno \/ Arquivo &#8211; Semcom<\/span><\/p>\n\n\n\n<p>&nbsp;<\/p>\n","protected":false},"excerpt":{"rendered":"","protected":false},"author":8,"featured_media":223184,"comment_status":"closed","ping_status":"closed","sticky":false,"template":"","format":"standard","meta":{"footnotes":""},"categories":[9117],"tags":[6709,3560],"acf":[],"yoast_head":"<!-- This site is optimized with the Yoast SEO plugin v23.0 - https:\/\/yoast.com\/wordpress\/plugins\/seo\/ -->\n<title>Manaus Previd\u00eancia orienta servidores sobre a LGPD<\/title>\n<meta name=\"description\" content=\"Manaus Previd\u00eancia orienta servidores sobre o correto tratamento de dados pela Lei Geral de Prote\u00e7\u00e3o de Dados, a LGPD....\" \/>\n<meta name=\"robots\" content=\"index, follow, max-snippet:-1, max-image-preview:large, max-video-preview:-1\" \/>\n<link rel=\"canonical\" href=\"https:\/\/www.manaus.am.gov.br\/semcom\/manaus-previdencia-orienta-servidores-sobre-o-correto-tratamento-de-dados-pela-lgpd\/\" \/>\n<meta property=\"og:locale\" content=\"pt_BR\" \/>\n<meta property=\"og:type\" content=\"article\" \/>\n<meta property=\"og:title\" content=\"Manaus Previd\u00eancia orienta servidores sobre a LGPD\" \/>\n<meta property=\"og:description\" content=\"Manaus Previd\u00eancia orienta servidores sobre o correto tratamento de dados pela Lei Geral de Prote\u00e7\u00e3o de Dados, a LGPD....\" \/>\n<meta property=\"og:url\" content=\"https:\/\/www.manaus.am.gov.br\/semcom\/manaus-previdencia-orienta-servidores-sobre-o-correto-tratamento-de-dados-pela-lgpd\/\" \/>\n<meta property=\"og:site_name\" content=\"SEMCOM\" \/>\n<meta property=\"article:published_time\" content=\"2022-07-15T03:13:48+00:00\" \/>\n<meta property=\"og:image\" content=\"https:\/\/www.manaus.am.gov.br\/semcom\/wp-content\/uploads\/sites\/5\/2023\/12\/50138406522_2ee02780ff_c.jpg\" \/>\n\t<meta property=\"og:image:width\" content=\"799\" \/>\n\t<meta property=\"og:image:height\" content=\"533\" \/>\n\t<meta property=\"og:image:type\" content=\"image\/jpeg\" \/>\n<meta name=\"author\" content=\"Glauber Farias\" \/>\n<meta name=\"twitter:card\" content=\"summary_large_image\" \/>\n<meta name=\"twitter:label1\" content=\"Written by\" \/>\n\t<meta name=\"twitter:data1\" content=\"Glauber Farias\" \/>\n\t<meta name=\"twitter:label2\" content=\"Est. reading time\" \/>\n\t<meta name=\"twitter:data2\" content=\"3 minutos\" \/>\n<script type=\"application\/ld+json\" class=\"yoast-schema-graph\">{\"@context\":\"https:\/\/schema.org\",\"@graph\":[{\"@type\":\"WebPage\",\"@id\":\"https:\/\/www.manaus.am.gov.br\/semcom\/manaus-previdencia-orienta-servidores-sobre-o-correto-tratamento-de-dados-pela-lgpd\/\",\"url\":\"https:\/\/www.manaus.am.gov.br\/semcom\/manaus-previdencia-orienta-servidores-sobre-o-correto-tratamento-de-dados-pela-lgpd\/\",\"name\":\"Manaus Previd\u00eancia orienta servidores sobre a LGPD\",\"isPartOf\":{\"@id\":\"https:\/\/www.manaus.am.gov.br\/semcom\/#website\"},\"primaryImageOfPage\":{\"@id\":\"https:\/\/www.manaus.am.gov.br\/semcom\/manaus-previdencia-orienta-servidores-sobre-o-correto-tratamento-de-dados-pela-lgpd\/#primaryimage\"},\"image\":{\"@id\":\"https:\/\/www.manaus.am.gov.br\/semcom\/manaus-previdencia-orienta-servidores-sobre-o-correto-tratamento-de-dados-pela-lgpd\/#primaryimage\"},\"thumbnailUrl\":\"https:\/\/www.manaus.am.gov.br\/semcom\/wp-content\/uploads\/sites\/5\/2023\/12\/50138406522_2ee02780ff_c.jpg\",\"datePublished\":\"2022-07-15T03:13:48+00:00\",\"dateModified\":\"2022-07-15T03:13:48+00:00\",\"author\":{\"@id\":\"https:\/\/www.manaus.am.gov.br\/semcom\/#\/schema\/person\/fe69d2249d78e7a3112d42bc34c44a58\"},\"description\":\"Manaus Previd\u00eancia orienta servidores sobre o correto tratamento de dados pela Lei Geral de Prote\u00e7\u00e3o de Dados, a LGPD....\",\"inLanguage\":\"pt-BR\",\"potentialAction\":[{\"@type\":\"ReadAction\",\"target\":[\"https:\/\/www.manaus.am.gov.br\/semcom\/manaus-previdencia-orienta-servidores-sobre-o-correto-tratamento-de-dados-pela-lgpd\/\"]}]},{\"@type\":\"ImageObject\",\"inLanguage\":\"pt-BR\",\"@id\":\"https:\/\/www.manaus.am.gov.br\/semcom\/manaus-previdencia-orienta-servidores-sobre-o-correto-tratamento-de-dados-pela-lgpd\/#primaryimage\",\"url\":\"https:\/\/www.manaus.am.gov.br\/semcom\/wp-content\/uploads\/sites\/5\/2023\/12\/50138406522_2ee02780ff_c.jpg\",\"contentUrl\":\"https:\/\/www.manaus.am.gov.br\/semcom\/wp-content\/uploads\/sites\/5\/2023\/12\/50138406522_2ee02780ff_c.jpg\",\"width\":799,\"height\":533},{\"@type\":\"WebSite\",\"@id\":\"https:\/\/www.manaus.am.gov.br\/semcom\/#website\",\"url\":\"https:\/\/www.manaus.am.gov.br\/semcom\/\",\"name\":\"SEMCOM\",\"description\":\"Secretaria Municipal de Comunica\u00e7\u00e3o\",\"potentialAction\":[{\"@type\":\"SearchAction\",\"target\":{\"@type\":\"EntryPoint\",\"urlTemplate\":\"https:\/\/www.manaus.am.gov.br\/semcom\/?s={search_term_string}\"},\"query-input\":\"required name=search_term_string\"}],\"inLanguage\":\"pt-BR\"},{\"@type\":\"Person\",\"@id\":\"https:\/\/www.manaus.am.gov.br\/semcom\/#\/schema\/person\/fe69d2249d78e7a3112d42bc34c44a58\",\"name\":\"Glauber Farias\",\"image\":{\"@type\":\"ImageObject\",\"inLanguage\":\"pt-BR\",\"@id\":\"https:\/\/www.manaus.am.gov.br\/semcom\/#\/schema\/person\/image\/\",\"url\":\"https:\/\/secure.gravatar.com\/avatar\/eb33200ffd19538372f635b2165531c0?s=96&d=mm&r=g\",\"contentUrl\":\"https:\/\/secure.gravatar.com\/avatar\/eb33200ffd19538372f635b2165531c0?s=96&d=mm&r=g\",\"caption\":\"Glauber Farias\"}}]}<\/script>\n<!-- \/ Yoast SEO plugin. -->","yoast_head_json":{"title":"Manaus Previd\u00eancia orienta servidores sobre a LGPD","description":"Manaus Previd\u00eancia orienta servidores sobre o correto tratamento de dados pela Lei Geral de Prote\u00e7\u00e3o de Dados, a LGPD....","robots":{"index":"index","follow":"follow","max-snippet":"max-snippet:-1","max-image-preview":"max-image-preview:large","max-video-preview":"max-video-preview:-1"},"canonical":"https:\/\/www.manaus.am.gov.br\/semcom\/manaus-previdencia-orienta-servidores-sobre-o-correto-tratamento-de-dados-pela-lgpd\/","og_locale":"pt_BR","og_type":"article","og_title":"Manaus Previd\u00eancia orienta servidores sobre a LGPD","og_description":"Manaus Previd\u00eancia orienta servidores sobre o correto tratamento de dados pela Lei Geral de Prote\u00e7\u00e3o de Dados, a LGPD....","og_url":"https:\/\/www.manaus.am.gov.br\/semcom\/manaus-previdencia-orienta-servidores-sobre-o-correto-tratamento-de-dados-pela-lgpd\/","og_site_name":"SEMCOM","article_published_time":"2022-07-15T03:13:48+00:00","og_image":[{"width":799,"height":533,"url":"https:\/\/www.manaus.am.gov.br\/semcom\/wp-content\/uploads\/sites\/5\/2023\/12\/50138406522_2ee02780ff_c.jpg","type":"image\/jpeg"}],"author":"Glauber Farias","twitter_card":"summary_large_image","twitter_misc":{"Written by":"Glauber Farias","Est. reading time":"3 minutos"},"schema":{"@context":"https:\/\/schema.org","@graph":[{"@type":"WebPage","@id":"https:\/\/www.manaus.am.gov.br\/semcom\/manaus-previdencia-orienta-servidores-sobre-o-correto-tratamento-de-dados-pela-lgpd\/","url":"https:\/\/www.manaus.am.gov.br\/semcom\/manaus-previdencia-orienta-servidores-sobre-o-correto-tratamento-de-dados-pela-lgpd\/","name":"Manaus Previd\u00eancia orienta servidores sobre a LGPD","isPartOf":{"@id":"https:\/\/www.manaus.am.gov.br\/semcom\/#website"},"primaryImageOfPage":{"@id":"https:\/\/www.manaus.am.gov.br\/semcom\/manaus-previdencia-orienta-servidores-sobre-o-correto-tratamento-de-dados-pela-lgpd\/#primaryimage"},"image":{"@id":"https:\/\/www.manaus.am.gov.br\/semcom\/manaus-previdencia-orienta-servidores-sobre-o-correto-tratamento-de-dados-pela-lgpd\/#primaryimage"},"thumbnailUrl":"https:\/\/www.manaus.am.gov.br\/semcom\/wp-content\/uploads\/sites\/5\/2023\/12\/50138406522_2ee02780ff_c.jpg","datePublished":"2022-07-15T03:13:48+00:00","dateModified":"2022-07-15T03:13:48+00:00","author":{"@id":"https:\/\/www.manaus.am.gov.br\/semcom\/#\/schema\/person\/fe69d2249d78e7a3112d42bc34c44a58"},"description":"Manaus Previd\u00eancia orienta servidores sobre o correto tratamento de dados pela Lei Geral de Prote\u00e7\u00e3o de Dados, a LGPD....","inLanguage":"pt-BR","potentialAction":[{"@type":"ReadAction","target":["https:\/\/www.manaus.am.gov.br\/semcom\/manaus-previdencia-orienta-servidores-sobre-o-correto-tratamento-de-dados-pela-lgpd\/"]}]},{"@type":"ImageObject","inLanguage":"pt-BR","@id":"https:\/\/www.manaus.am.gov.br\/semcom\/manaus-previdencia-orienta-servidores-sobre-o-correto-tratamento-de-dados-pela-lgpd\/#primaryimage","url":"https:\/\/www.manaus.am.gov.br\/semcom\/wp-content\/uploads\/sites\/5\/2023\/12\/50138406522_2ee02780ff_c.jpg","contentUrl":"https:\/\/www.manaus.am.gov.br\/semcom\/wp-content\/uploads\/sites\/5\/2023\/12\/50138406522_2ee02780ff_c.jpg","width":799,"height":533},{"@type":"WebSite","@id":"https:\/\/www.manaus.am.gov.br\/semcom\/#website","url":"https:\/\/www.manaus.am.gov.br\/semcom\/","name":"SEMCOM","description":"Secretaria Municipal de Comunica\u00e7\u00e3o","potentialAction":[{"@type":"SearchAction","target":{"@type":"EntryPoint","urlTemplate":"https:\/\/www.manaus.am.gov.br\/semcom\/?s={search_term_string}"},"query-input":"required name=search_term_string"}],"inLanguage":"pt-BR"},{"@type":"Person","@id":"https:\/\/www.manaus.am.gov.br\/semcom\/#\/schema\/person\/fe69d2249d78e7a3112d42bc34c44a58","name":"Glauber Farias","image":{"@type":"ImageObject","inLanguage":"pt-BR","@id":"https:\/\/www.manaus.am.gov.br\/semcom\/#\/schema\/person\/image\/","url":"https:\/\/secure.gravatar.com\/avatar\/eb33200ffd19538372f635b2165531c0?s=96&d=mm&r=g","contentUrl":"https:\/\/secure.gravatar.com\/avatar\/eb33200ffd19538372f635b2165531c0?s=96&d=mm&r=g","caption":"Glauber Farias"}}]}},"_links":{"self":[{"href":"https:\/\/www.manaus.am.gov.br\/semcom\/wp-json\/wp\/v2\/posts\/223181"}],"collection":[{"href":"https:\/\/www.manaus.am.gov.br\/semcom\/wp-json\/wp\/v2\/posts"}],"about":[{"href":"https:\/\/www.manaus.am.gov.br\/semcom\/wp-json\/wp\/v2\/types\/post"}],"author":[{"embeddable":true,"href":"https:\/\/www.manaus.am.gov.br\/semcom\/wp-json\/wp\/v2\/users\/8"}],"replies":[{"embeddable":true,"href":"https:\/\/www.manaus.am.gov.br\/semcom\/wp-json\/wp\/v2\/comments?post=223181"}],"version-history":[{"count":1,"href":"https:\/\/www.manaus.am.gov.br\/semcom\/wp-json\/wp\/v2\/posts\/223181\/revisions"}],"predecessor-version":[{"id":223185,"href":"https:\/\/www.manaus.am.gov.br\/semcom\/wp-json\/wp\/v2\/posts\/223181\/revisions\/223185"}],"wp:featuredmedia":[{"embeddable":true,"href":"https:\/\/www.manaus.am.gov.br\/semcom\/wp-json\/wp\/v2\/media\/223184"}],"wp:attachment":[{"href":"https:\/\/www.manaus.am.gov.br\/semcom\/wp-json\/wp\/v2\/media?parent=223181"}],"wp:term":[{"taxonomy":"category","embeddable":true,"href":"https:\/\/www.manaus.am.gov.br\/semcom\/wp-json\/wp\/v2\/categories?post=223181"},{"taxonomy":"post_tag","embeddable":true,"href":"https:\/\/www.manaus.am.gov.br\/semcom\/wp-json\/wp\/v2\/tags?post=223181"}],"curies":[{"name":"wp","href":"https:\/\/api.w.org\/{rel}","templated":true}]}}