{"id":223179,"date":"2022-10-05T19:06:42","date_gmt":"2022-10-05T22:06:42","guid":{"rendered":"https:\/\/www.manaus.am.gov.br\/semcom\/prefeitura-de-manaus-abre-programacao-em-comemoracao-ao-dia-do-servidor-publico\/"},"modified":"2023-12-18T12:07:11","modified_gmt":"2023-12-18T15:07:11","slug":"prefeitura-de-manaus-abre-programacao-em-comemoracao-ao-dia-do-servidor-publico","status":"publish","type":"post","link":"https:\/\/www.manaus.am.gov.br\/semcom\/prefeitura-de-manaus-abre-programacao-em-comemoracao-ao-dia-do-servidor-publico\/","title":{"rendered":"Prefeitura de Manaus abre programa\u00e7\u00e3o em comemora\u00e7\u00e3o ao Dia do Servidor P\u00fablico"},"content":{"rendered":"\n<p><span style=\"font-family: verdana, geneva, sans-serif;\">Uma b\u00ean\u00e7\u00e3o ecum\u00eanica realizada na manh\u00e3 desta quarta-feira, 5\/10, no audit\u00f3rio Isabel Victoria de Mattos Pereira do Carmo Ribeiro, da Prefeitura de Manaus, na avenida Brasil, n\u00ba 2.979, no bairro Compensa, zona Oeste, marcou a abertura das comemora\u00e7\u00f5es do Dia do Servidor P\u00fablico, celebrado no dia 28 de outubro. Na ocasi\u00e3o, foram entregues placas aos 26 &#8220;Servidores Destaque 2022&#8221;, eleitos em todos os \u00f3rg\u00e3os da prefeitura.<\/span><\/p>\n\n\n<div class=\"wp-block-image\">\n<figure class=\"aligncenter\"><a href=\"https:\/\/www.flickr.com\/photos\/prefeiturademanaus\/52406611546\/in\/album-72177720302667693\/\"><img decoding=\"async\" src=\"https:\/\/live.staticflickr.com\/65535\/52406611546_59d1222730_z.jpg\" alt=\"05.10.22 - Prefeitura de Manaus abre programa\u00e7\u00e3o em comemora\u00e7\u00e3o ao Dia do Servidor P\u00fablico\"\/><\/a><\/figure><\/div>\n\n\n<p class=\"has-text-align-center\"><\/p>\n\n\n\n<p><span style=\"font-family: verdana, geneva, sans-serif;\">O secret\u00e1rio municipal de Administra\u00e7\u00e3o, Planejamento e Gest\u00e3o, Ebenezer Bezerra, presidiu a cerim\u00f4nia que contou com a presen\u00e7a da diretora-presidente da Manaus Previd\u00eancia, Daniela Benayon, e do secret\u00e1rio-chefe da Casa Militar, tenente William Dias.<\/span><\/p>\n\n\n\n<p><span style=\"font-family: verdana, geneva, sans-serif;\">\u201cPara n\u00f3s, gestores, \u00e9 motivo de muita alegria poder homenagear, na pessoa dos \u2018Servidores Destaque\u2019, todos os servidores da prefeitura. O prefeito David Almeida reconhece que o \u00eaxito da administra\u00e7\u00e3o, que tem 84% de aprova\u00e7\u00e3o, \u00e9, tamb\u00e9m, pelo trabalho de cada um dos funcion\u00e1rios, de toda a estrutura da gest\u00e3o. \u00c9 resultado da dedica\u00e7\u00e3o exclusiva, da responsabilidade, do profissionalismo, com os quais cada um desempenha suas fun\u00e7\u00f5es na prefeitura\u201d, destacou Bezerra.<\/span><\/p>\n\n\n\n<p><span style=\"font-family: verdana, geneva, sans-serif;\">O secret\u00e1rio-chefe da Casa Militar, tenente William Dias, falou da import\u00e2ncia da compreens\u00e3o do verdadeiro sentido de servir. \u201c\u00c9 isso que nos fortalece, que faz com que busquemos ajudar o maior n\u00famero poss\u00edvel de pessoas. E \u00e9 esse o esp\u00edrito que o prefeito David Almeida e os demais gestores e demais servidores t\u00eam em mente. Todas as a\u00e7\u00f5es da prefeitura, seja no campo administrativo ou operacional, est\u00e3o verdadeiramente contribuindo para que tenhamos uma sociedade e uma cidade melhor para se viver\u201d, ressaltou.&nbsp;&nbsp;<\/span><\/p>\n\n\n\n<p><strong><span style=\"font-family: verdana, geneva, sans-serif;\">Programa\u00e7\u00e3o<\/span><\/strong><\/p>\n\n\n\n<p><span style=\"font-family: verdana, geneva, sans-serif;\">Durante todo o m\u00eas de outubro, a Prefeitura de Manaus promover\u00e1 atividades dentro da programa\u00e7\u00e3o em homenagem aos servidores p\u00fablicos municipais. O ponto alto ser\u00e1 uma grande festa no dia 1\u00ba\/11, no Centro de Conven\u00e7\u00f5es do Amazonas, o samb\u00f3dromo, que dever\u00e1 reunir mais de 30 mil funcion\u00e1rios da administra\u00e7\u00e3o do munic\u00edpio. A coordena\u00e7\u00e3o do evento \u00e9 da Semad, com parceria da Funda\u00e7\u00e3o Municipal de Cultura, Turismo e Eventos (Manauscult) e da&nbsp; Secretaria Municipal de Comunica\u00e7\u00e3o (Semcom).<\/span><\/p>\n\n\n\n<p><span style=\"font-family: verdana, geneva, sans-serif;\">No dia 10, \u00e0s 9h, tamb\u00e9m no audit\u00f3rio da prefeitura, acontecer\u00e1 uma palestra sobre sa\u00fade e seguran\u00e7a do trabalho, para 400 servidores indicados pelas secretarias. O palestrante ser\u00e1 o engenheiro do trabalho, Cleves Bruce, presidente da Comiss\u00e3o Permanente de Periculosidade e Insalubridade (CPPI) da Semad.<\/span><\/p>\n\n\n\n<p><span style=\"font-family: verdana, geneva, sans-serif;\">A\u00e7\u00f5es de solidariedade tamb\u00e9m fazem parte da programa\u00e7\u00e3o. At\u00e9 o dia 20, ser\u00e1 realizada uma gincana solid\u00e1ria para a arrecada\u00e7\u00e3o de fraldas descart\u00e1veis nos tamanhos M e G, que ser\u00e3o entregues ao Fundo Manaus Solid\u00e1ria (FMS) para posterior doa\u00e7\u00e3o a institui\u00e7\u00f5es de caridade, e de fraldas geri\u00e1tricas de tamanho G que ser\u00e3o destinadas \u00e0 Funda\u00e7\u00e3o de Apoio ao Idoso Doutor Thomas (FDT). O \u00f3rg\u00e3o que mais arrecadar produtos receber\u00e1 um certificado no dia da grande festa.<\/span><\/p>\n\n\n\n<p><span style=\"font-family: verdana, geneva, sans-serif;\">Na ter\u00e7a-feira, dia 4, houve a campanha de doa\u00e7\u00e3o de sangue, em parceria com a Funda\u00e7\u00e3o Hospitalar de Hematologia e Hemoterapia do Amazonas (FHemoam), na sede da Semad, na avenida Compensa, n\u00ba 770, no bairro Vila da Prata, zona Oeste. No dia 25, a campanha ser\u00e1 na sede da Secretaria Municipal de Educa\u00e7\u00e3o (Semed), na avenida M\u00e1rio Ypiranga, n\u00ba 2.358, no Parque 10 de Novembro, onde tamb\u00e9m os servidores da Secretaria Municipal de Sa\u00fade (Semsa) poder\u00e3o fazer a doa\u00e7\u00e3o de sangue.<\/span><\/p>\n\n\n\n<p><span style=\"font-family: verdana, geneva, sans-serif;\">Para a grande festa est\u00e3o previstas atra\u00e7\u00f5es culturais e musicais, com ritmos variados, para n\u00e3o deixar ningu\u00e9m parado, al\u00e9m do sorteio de brindes.&nbsp;<\/span><\/p>\n\n\n\n<p><span style=\"font-family: verdana, geneva, sans-serif;\"><strong>Texto<\/strong>\u00a0\u2013 Sandra Monteiro \/ Semad<\/span><br><span style=\"font-family: verdana, geneva, sans-serif;\"><strong>Fotos<\/strong>\u00a0\u2013 Jo\u00e3o Viana \/ Semcom e Thelson Souza \/ Semad<\/span><br><span style=\"font-family: verdana, geneva, sans-serif;\"><strong>Dispon\u00edveis em &#8211; <\/strong><a href=\"https:\/\/flic.kr\/s\/aHBqjAa1bz\">https:\/\/flic.kr\/s\/aHBqjAa1bz<\/a><\/span><\/p>\n\n\n\n<p>&nbsp;<\/p>\n","protected":false},"excerpt":{"rendered":"","protected":false},"author":39,"featured_media":223180,"comment_status":"closed","ping_status":"closed","sticky":false,"template":"","format":"standard","meta":{"footnotes":""},"categories":[8100],"tags":[8039,8776,838,9810],"acf":[],"yoast_head":"<!-- This site is optimized with the Yoast SEO plugin v23.0 - https:\/\/yoast.com\/wordpress\/plugins\/seo\/ -->\n<title>Prefeitura de Manaus abre programa\u00e7\u00e3o em comemora\u00e7\u00e3o ao Dia do Servidor P\u00fablico<\/title>\n<meta name=\"description\" content=\"Uma b\u00ean\u00e7\u00e3o ecum\u00eanica realizada na manh\u00e3 desta quarta-feira, 5\/10, no audit\u00f3rio Isabel Victoria de Mattos Pereira do Carmo Ribeiro, da Prefeitura de Manaus, na avenida Brasil, n\u00ba 2.979, no bairro Compensa, zona Oeste, marcou a abertura das comemora\u00e7\u00f5es do Dia do Servidor P\u00fablico, celebrado no dia 28 de outubro.\" \/>\n<meta name=\"robots\" content=\"index, follow, max-snippet:-1, max-image-preview:large, max-video-preview:-1\" \/>\n<link rel=\"canonical\" href=\"https:\/\/www.manaus.am.gov.br\/semcom\/prefeitura-de-manaus-abre-programacao-em-comemoracao-ao-dia-do-servidor-publico\/\" \/>\n<meta property=\"og:locale\" content=\"pt_BR\" \/>\n<meta property=\"og:type\" content=\"article\" \/>\n<meta property=\"og:title\" content=\"Prefeitura de Manaus abre programa\u00e7\u00e3o em comemora\u00e7\u00e3o ao Dia do Servidor P\u00fablico\" \/>\n<meta property=\"og:description\" content=\"Uma b\u00ean\u00e7\u00e3o ecum\u00eanica realizada na manh\u00e3 desta quarta-feira, 5\/10, no audit\u00f3rio Isabel Victoria de Mattos Pereira do Carmo Ribeiro, da Prefeitura de Manaus, na avenida Brasil, n\u00ba 2.979, no bairro Compensa, zona Oeste, marcou a abertura das comemora\u00e7\u00f5es do Dia do Servidor P\u00fablico, celebrado no dia 28 de outubro.\" \/>\n<meta property=\"og:url\" content=\"https:\/\/www.manaus.am.gov.br\/semcom\/prefeitura-de-manaus-abre-programacao-em-comemoracao-ao-dia-do-servidor-publico\/\" \/>\n<meta property=\"og:site_name\" content=\"SEMCOM\" \/>\n<meta property=\"article:published_time\" content=\"2022-10-05T22:06:42+00:00\" \/>\n<meta property=\"article:modified_time\" content=\"2023-12-18T15:07:11+00:00\" \/>\n<meta property=\"og:image\" content=\"https:\/\/www.manaus.am.gov.br\/semcom\/wp-content\/uploads\/sites\/5\/2023\/12\/Homenagem-Servidores-Foto-Thelson-Souza-Semad-3.jpg\" \/>\n\t<meta property=\"og:image:width\" content=\"1620\" \/>\n\t<meta property=\"og:image:height\" content=\"1080\" \/>\n\t<meta property=\"og:image:type\" content=\"image\/jpeg\" \/>\n<meta name=\"author\" content=\"Bruna Greco\" \/>\n<meta name=\"twitter:card\" content=\"summary_large_image\" \/>\n<meta name=\"twitter:label1\" content=\"Written by\" \/>\n\t<meta name=\"twitter:data1\" content=\"Bruna Greco\" \/>\n\t<meta name=\"twitter:label2\" content=\"Est. reading time\" \/>\n\t<meta name=\"twitter:data2\" content=\"4 minutos\" \/>\n<script type=\"application\/ld+json\" class=\"yoast-schema-graph\">{\"@context\":\"https:\/\/schema.org\",\"@graph\":[{\"@type\":\"WebPage\",\"@id\":\"https:\/\/www.manaus.am.gov.br\/semcom\/prefeitura-de-manaus-abre-programacao-em-comemoracao-ao-dia-do-servidor-publico\/\",\"url\":\"https:\/\/www.manaus.am.gov.br\/semcom\/prefeitura-de-manaus-abre-programacao-em-comemoracao-ao-dia-do-servidor-publico\/\",\"name\":\"Prefeitura de Manaus abre programa\u00e7\u00e3o em comemora\u00e7\u00e3o ao Dia do Servidor P\u00fablico\",\"isPartOf\":{\"@id\":\"https:\/\/www.manaus.am.gov.br\/semcom\/#website\"},\"primaryImageOfPage\":{\"@id\":\"https:\/\/www.manaus.am.gov.br\/semcom\/prefeitura-de-manaus-abre-programacao-em-comemoracao-ao-dia-do-servidor-publico\/#primaryimage\"},\"image\":{\"@id\":\"https:\/\/www.manaus.am.gov.br\/semcom\/prefeitura-de-manaus-abre-programacao-em-comemoracao-ao-dia-do-servidor-publico\/#primaryimage\"},\"thumbnailUrl\":\"https:\/\/www.manaus.am.gov.br\/semcom\/wp-content\/uploads\/sites\/5\/2023\/12\/Homenagem-Servidores-Foto-Thelson-Souza-Semad-3.jpg\",\"datePublished\":\"2022-10-05T22:06:42+00:00\",\"dateModified\":\"2023-12-18T15:07:11+00:00\",\"author\":{\"@id\":\"https:\/\/www.manaus.am.gov.br\/semcom\/#\/schema\/person\/05d223aea2bf115f9883a6ff3683d81b\"},\"description\":\"Uma b\u00ean\u00e7\u00e3o ecum\u00eanica realizada na manh\u00e3 desta quarta-feira, 5\/10, no audit\u00f3rio Isabel Victoria de Mattos Pereira do Carmo Ribeiro, da Prefeitura de Manaus, na avenida Brasil, n\u00ba 2.979, no bairro Compensa, zona Oeste, marcou a abertura das comemora\u00e7\u00f5es do Dia do Servidor P\u00fablico, celebrado no dia 28 de outubro.\",\"inLanguage\":\"pt-BR\",\"potentialAction\":[{\"@type\":\"ReadAction\",\"target\":[\"https:\/\/www.manaus.am.gov.br\/semcom\/prefeitura-de-manaus-abre-programacao-em-comemoracao-ao-dia-do-servidor-publico\/\"]}]},{\"@type\":\"ImageObject\",\"inLanguage\":\"pt-BR\",\"@id\":\"https:\/\/www.manaus.am.gov.br\/semcom\/prefeitura-de-manaus-abre-programacao-em-comemoracao-ao-dia-do-servidor-publico\/#primaryimage\",\"url\":\"https:\/\/www.manaus.am.gov.br\/semcom\/wp-content\/uploads\/sites\/5\/2023\/12\/Homenagem-Servidores-Foto-Thelson-Souza-Semad-3.jpg\",\"contentUrl\":\"https:\/\/www.manaus.am.gov.br\/semcom\/wp-content\/uploads\/sites\/5\/2023\/12\/Homenagem-Servidores-Foto-Thelson-Souza-Semad-3.jpg\",\"width\":1620,\"height\":1080},{\"@type\":\"WebSite\",\"@id\":\"https:\/\/www.manaus.am.gov.br\/semcom\/#website\",\"url\":\"https:\/\/www.manaus.am.gov.br\/semcom\/\",\"name\":\"SEMCOM\",\"description\":\"Secretaria Municipal de Comunica\u00e7\u00e3o\",\"potentialAction\":[{\"@type\":\"SearchAction\",\"target\":{\"@type\":\"EntryPoint\",\"urlTemplate\":\"https:\/\/www.manaus.am.gov.br\/semcom\/?s={search_term_string}\"},\"query-input\":\"required name=search_term_string\"}],\"inLanguage\":\"pt-BR\"},{\"@type\":\"Person\",\"@id\":\"https:\/\/www.manaus.am.gov.br\/semcom\/#\/schema\/person\/05d223aea2bf115f9883a6ff3683d81b\",\"name\":\"Bruna Greco\",\"image\":{\"@type\":\"ImageObject\",\"inLanguage\":\"pt-BR\",\"@id\":\"https:\/\/www.manaus.am.gov.br\/semcom\/#\/schema\/person\/image\/\",\"url\":\"https:\/\/secure.gravatar.com\/avatar\/9c877d1a6adc2a055330e5c09a8653ce?s=96&d=mm&r=g\",\"contentUrl\":\"https:\/\/secure.gravatar.com\/avatar\/9c877d1a6adc2a055330e5c09a8653ce?s=96&d=mm&r=g\",\"caption\":\"Bruna Greco\"}}]}<\/script>\n<!-- \/ Yoast SEO plugin. -->","yoast_head_json":{"title":"Prefeitura de Manaus abre programa\u00e7\u00e3o em comemora\u00e7\u00e3o ao Dia do Servidor P\u00fablico","description":"Uma b\u00ean\u00e7\u00e3o ecum\u00eanica realizada na manh\u00e3 desta quarta-feira, 5\/10, no audit\u00f3rio Isabel Victoria de Mattos Pereira do Carmo Ribeiro, da Prefeitura de Manaus, na avenida Brasil, n\u00ba 2.979, no bairro Compensa, zona Oeste, marcou a abertura das comemora\u00e7\u00f5es do Dia do Servidor P\u00fablico, celebrado no dia 28 de outubro.","robots":{"index":"index","follow":"follow","max-snippet":"max-snippet:-1","max-image-preview":"max-image-preview:large","max-video-preview":"max-video-preview:-1"},"canonical":"https:\/\/www.manaus.am.gov.br\/semcom\/prefeitura-de-manaus-abre-programacao-em-comemoracao-ao-dia-do-servidor-publico\/","og_locale":"pt_BR","og_type":"article","og_title":"Prefeitura de Manaus abre programa\u00e7\u00e3o em comemora\u00e7\u00e3o ao Dia do Servidor P\u00fablico","og_description":"Uma b\u00ean\u00e7\u00e3o ecum\u00eanica realizada na manh\u00e3 desta quarta-feira, 5\/10, no audit\u00f3rio Isabel Victoria de Mattos Pereira do Carmo Ribeiro, da Prefeitura de Manaus, na avenida Brasil, n\u00ba 2.979, no bairro Compensa, zona Oeste, marcou a abertura das comemora\u00e7\u00f5es do Dia do Servidor P\u00fablico, celebrado no dia 28 de outubro.","og_url":"https:\/\/www.manaus.am.gov.br\/semcom\/prefeitura-de-manaus-abre-programacao-em-comemoracao-ao-dia-do-servidor-publico\/","og_site_name":"SEMCOM","article_published_time":"2022-10-05T22:06:42+00:00","article_modified_time":"2023-12-18T15:07:11+00:00","og_image":[{"width":1620,"height":1080,"url":"https:\/\/www.manaus.am.gov.br\/semcom\/wp-content\/uploads\/sites\/5\/2023\/12\/Homenagem-Servidores-Foto-Thelson-Souza-Semad-3.jpg","type":"image\/jpeg"}],"author":"Bruna Greco","twitter_card":"summary_large_image","twitter_misc":{"Written by":"Bruna Greco","Est. reading time":"4 minutos"},"schema":{"@context":"https:\/\/schema.org","@graph":[{"@type":"WebPage","@id":"https:\/\/www.manaus.am.gov.br\/semcom\/prefeitura-de-manaus-abre-programacao-em-comemoracao-ao-dia-do-servidor-publico\/","url":"https:\/\/www.manaus.am.gov.br\/semcom\/prefeitura-de-manaus-abre-programacao-em-comemoracao-ao-dia-do-servidor-publico\/","name":"Prefeitura de Manaus abre programa\u00e7\u00e3o em comemora\u00e7\u00e3o ao Dia do Servidor P\u00fablico","isPartOf":{"@id":"https:\/\/www.manaus.am.gov.br\/semcom\/#website"},"primaryImageOfPage":{"@id":"https:\/\/www.manaus.am.gov.br\/semcom\/prefeitura-de-manaus-abre-programacao-em-comemoracao-ao-dia-do-servidor-publico\/#primaryimage"},"image":{"@id":"https:\/\/www.manaus.am.gov.br\/semcom\/prefeitura-de-manaus-abre-programacao-em-comemoracao-ao-dia-do-servidor-publico\/#primaryimage"},"thumbnailUrl":"https:\/\/www.manaus.am.gov.br\/semcom\/wp-content\/uploads\/sites\/5\/2023\/12\/Homenagem-Servidores-Foto-Thelson-Souza-Semad-3.jpg","datePublished":"2022-10-05T22:06:42+00:00","dateModified":"2023-12-18T15:07:11+00:00","author":{"@id":"https:\/\/www.manaus.am.gov.br\/semcom\/#\/schema\/person\/05d223aea2bf115f9883a6ff3683d81b"},"description":"Uma b\u00ean\u00e7\u00e3o ecum\u00eanica realizada na manh\u00e3 desta quarta-feira, 5\/10, no audit\u00f3rio Isabel Victoria de Mattos Pereira do Carmo Ribeiro, da Prefeitura de Manaus, na avenida Brasil, n\u00ba 2.979, no bairro Compensa, zona Oeste, marcou a abertura das comemora\u00e7\u00f5es do Dia do Servidor P\u00fablico, celebrado no dia 28 de outubro.","inLanguage":"pt-BR","potentialAction":[{"@type":"ReadAction","target":["https:\/\/www.manaus.am.gov.br\/semcom\/prefeitura-de-manaus-abre-programacao-em-comemoracao-ao-dia-do-servidor-publico\/"]}]},{"@type":"ImageObject","inLanguage":"pt-BR","@id":"https:\/\/www.manaus.am.gov.br\/semcom\/prefeitura-de-manaus-abre-programacao-em-comemoracao-ao-dia-do-servidor-publico\/#primaryimage","url":"https:\/\/www.manaus.am.gov.br\/semcom\/wp-content\/uploads\/sites\/5\/2023\/12\/Homenagem-Servidores-Foto-Thelson-Souza-Semad-3.jpg","contentUrl":"https:\/\/www.manaus.am.gov.br\/semcom\/wp-content\/uploads\/sites\/5\/2023\/12\/Homenagem-Servidores-Foto-Thelson-Souza-Semad-3.jpg","width":1620,"height":1080},{"@type":"WebSite","@id":"https:\/\/www.manaus.am.gov.br\/semcom\/#website","url":"https:\/\/www.manaus.am.gov.br\/semcom\/","name":"SEMCOM","description":"Secretaria Municipal de Comunica\u00e7\u00e3o","potentialAction":[{"@type":"SearchAction","target":{"@type":"EntryPoint","urlTemplate":"https:\/\/www.manaus.am.gov.br\/semcom\/?s={search_term_string}"},"query-input":"required name=search_term_string"}],"inLanguage":"pt-BR"},{"@type":"Person","@id":"https:\/\/www.manaus.am.gov.br\/semcom\/#\/schema\/person\/05d223aea2bf115f9883a6ff3683d81b","name":"Bruna Greco","image":{"@type":"ImageObject","inLanguage":"pt-BR","@id":"https:\/\/www.manaus.am.gov.br\/semcom\/#\/schema\/person\/image\/","url":"https:\/\/secure.gravatar.com\/avatar\/9c877d1a6adc2a055330e5c09a8653ce?s=96&d=mm&r=g","contentUrl":"https:\/\/secure.gravatar.com\/avatar\/9c877d1a6adc2a055330e5c09a8653ce?s=96&d=mm&r=g","caption":"Bruna Greco"}}]}},"_links":{"self":[{"href":"https:\/\/www.manaus.am.gov.br\/semcom\/wp-json\/wp\/v2\/posts\/223179"}],"collection":[{"href":"https:\/\/www.manaus.am.gov.br\/semcom\/wp-json\/wp\/v2\/posts"}],"about":[{"href":"https:\/\/www.manaus.am.gov.br\/semcom\/wp-json\/wp\/v2\/types\/post"}],"author":[{"embeddable":true,"href":"https:\/\/www.manaus.am.gov.br\/semcom\/wp-json\/wp\/v2\/users\/39"}],"replies":[{"embeddable":true,"href":"https:\/\/www.manaus.am.gov.br\/semcom\/wp-json\/wp\/v2\/comments?post=223179"}],"version-history":[{"count":0,"href":"https:\/\/www.manaus.am.gov.br\/semcom\/wp-json\/wp\/v2\/posts\/223179\/revisions"}],"wp:featuredmedia":[{"embeddable":true,"href":"https:\/\/www.manaus.am.gov.br\/semcom\/wp-json\/wp\/v2\/media\/223180"}],"wp:attachment":[{"href":"https:\/\/www.manaus.am.gov.br\/semcom\/wp-json\/wp\/v2\/media?parent=223179"}],"wp:term":[{"taxonomy":"category","embeddable":true,"href":"https:\/\/www.manaus.am.gov.br\/semcom\/wp-json\/wp\/v2\/categories?post=223179"},{"taxonomy":"post_tag","embeddable":true,"href":"https:\/\/www.manaus.am.gov.br\/semcom\/wp-json\/wp\/v2\/tags?post=223179"}],"curies":[{"name":"wp","href":"https:\/\/api.w.org\/{rel}","templated":true}]}}