{"id":223177,"date":"2022-12-06T14:30:00","date_gmt":"2022-12-06T17:30:00","guid":{"rendered":"https:\/\/www.manaus.am.gov.br\/semcom\/prefeito-david-almeida-destaca-ampliacao-da-qualidade-do-servico-oferecido-a-populacao-ao-recepcionar-agentes-comunitarios-de-saude\/"},"modified":"2023-12-18T12:04:39","modified_gmt":"2023-12-18T15:04:39","slug":"prefeito-david-almeida-destaca-ampliacao-da-qualidade-do-servico-oferecido-a-populacao-ao-recepcionar-agentes-comunitarios-de-saude","status":"publish","type":"post","link":"https:\/\/www.manaus.am.gov.br\/semcom\/prefeito-david-almeida-destaca-ampliacao-da-qualidade-do-servico-oferecido-a-populacao-ao-recepcionar-agentes-comunitarios-de-saude\/","title":{"rendered":"Prefeito David Almeida destaca amplia\u00e7\u00e3o da qualidade do servi\u00e7o oferecido \u00e0 popula\u00e7\u00e3o ao recepcionar Agentes Comunit\u00e1rios de Sa\u00fade"},"content":{"rendered":"\n<p>O prefeito de Manaus, David Almeida, recepcionou, na manh\u00e3 desta ter\u00e7a-feira, 6\/12, os 78 Agentes Comunit\u00e1rios de Sa\u00fade (ACSs) que foram aprovados no concurso p\u00fablico da Secretaria Municipal de Sa\u00fade (Semsa). A cerim\u00f4nia de integra\u00e7\u00e3o dos novos servidores foi realizada no audit\u00f3rio Dr. Deodato de Miranda Le\u00e3o, na sede da Semsa, no bairro Adrian\u00f3polis, zona Centro-Sul da cidade.<\/p>\n\n\n\n<p>\u201cOs ACSs chamados v\u00e3o se somar a nossa equipe j\u00e1 vitoriosa da Semsa, para que possamos ampliar ainda mais os servi\u00e7os ofertados \u00e0 popula\u00e7\u00e3o de Manaus. Essa equipe \u00e9 a que vai \u00e0 campo, vai \u00e0s casas, visitando as pessoas e os moradores, para fazer o primeiro atendimento, e isso vai nos trazer mais qualidade no servi\u00e7o e podemos melhorar ainda mais o atendimento\u201d, afirmou Almeida.<\/p>\n\n\n\n<p>Al\u00e9m de acolher, o evento teve o objetivo de informar aos empossados sobre a estrutura organizacional e o funcionamento da Rede de Aten\u00e7\u00e3o Prim\u00e1ria \u00e0 Sa\u00fade, gerenciada pela Semsa Manaus.&nbsp; A atividade aconteceu ao longo da manh\u00e3 com participa\u00e7\u00e3o dos gestores dos departamentos, que destacaram a import\u00e2ncia da Aten\u00e7\u00e3o Prim\u00e1ria, gerenciada pela Semsa, bem como a fun\u00e7\u00e3o fundamental de cada servidor na rede municipal de sa\u00fade. O Estatuto do servidor, O Plano de Cargos Carreiras e Subs\u00eddios (PCCS), as etapas da Avalia\u00e7\u00e3o de Desempenho, informa\u00e7\u00f5es sobre o Manual de Conduta, al\u00e9m da import\u00e2ncia da Manaus Previd\u00eancia e do Servi\u00e7o de Assist\u00eancia \u00e0 Sa\u00fade dos Servidores P\u00fablicos do Munic\u00edpio de Manaus (Manausprev) tamb\u00e9m foram destacados no evento.<\/p>\n\n\n\n<p>O subsecret\u00e1rio municipal de Gest\u00e3o da Sa\u00fade, Djalma Coelho, frisou que os novos servidores est\u00e3o entrando em um time vencedor no gerenciamento da aten\u00e7\u00e3o prim\u00e1ria, devido a&nbsp;posi\u00e7\u00e3o&nbsp;de primeiro&nbsp;lugar entre&nbsp;as capitais brasileiras que Manaus mant\u00e9m h\u00e1 quatro quadrimestres no programa Previne Brasil.<\/p>\n\n\n\n<p>\u201cOs ACSs v\u00e3o somar e fortalecer esse trabalho que a Semsa vem desenvolvendo na capital. S\u00e3o profissionais que t\u00eam um papel fundamental porque s\u00e3o os \u2018bra\u00e7os\u2019 das equipes da Estrat\u00e9gia da Fam\u00edlia uma vez que ir\u00e3o conhecer a realidade desses grupos, enxergando agravos que precisam de interven\u00e7\u00e3o, de modo a evitar que se tornem problemas mais agudos\u201d, salientou.<\/p>\n\n\n\n<p>Dos 78 ACSs que foram aprovados no concurso de 2021, 13 ser\u00e3o lotados no Distrito de Sa\u00fade (Disa) Sul, enquanto 21 v\u00e3o para o Disa Leste e 25 atuar\u00e3o no Disa Norte. O Disa Oeste contar\u00e1 com 16 agentes comunit\u00e1rios e a zona rural, com tr\u00eas.<\/p>\n\n\n\n<p>A diretora do Departamento de Gest\u00e3o e da Regula\u00e7\u00e3o do Trabalho em Sa\u00fade da Semsa (Dtrab), Mircleide Santana, explicou que cem ACSs foram nomeados e convocados, mas at\u00e9 o momento 78 se apresentaram. Os 22 convocados est\u00e3o resolvendo procedimentos admissionais e t\u00eam 30 dias para tomar posse, que s\u00e3o prorrog\u00e1veis por mais 30, se n\u00e3o se apresentarem entram em exerc\u00edcio, podendo estender por mais 30 dias o prazo para que tomem posse.<\/p>\n\n\n\n<p>\u201cEles est\u00e3o obedecendo os prazos legais para iniciar sua jornada no servi\u00e7o p\u00fablico. \u00c9 importante salientar que cada prorroga\u00e7\u00e3o precisa ser formalizada com a entrada do processo no protocolo da Semsa. Estamos muito felizes em receber os novos servidores, que, com certeza, v\u00e3o aprimorar nossos servi\u00e7os de sa\u00fade\u201d, disse Mircleide.<\/p>\n\n\n\n<p>Os agentes comunit\u00e1rios, que foram nomeados pelo prefeito David Almeida no dia 7\/11, ter\u00e3o uma jornada de trabalho de 40 horas e ser\u00e3o incorporados \u00e0s equipes de Estrat\u00e9gia de Sa\u00fade da Fam\u00edlia (ESF). Eles foram aprovados no concurso p\u00fablico realizado por meio do edital 002\/2021, que ofertou 300 vagas.<\/p>\n\n\n\n<p>Elementos fundamentais para a preven\u00e7\u00e3o de doen\u00e7as, redu\u00e7\u00e3o de agravos e promo\u00e7\u00e3o da sa\u00fade, os ACSs atuam na \u00e1rea fim, ou seja, trabalham diretamente com os usu\u00e1rios do Sistema \u00danico de Sa\u00fade (SUS) visitando suas casas, verificando fatores de risco e informando onde a atua\u00e7\u00e3o das equipes da Estrat\u00e9gia Sa\u00fade da Fam\u00edlia deve ser fortalecida. A comunica\u00e7\u00e3o com os grupos familiares \u00e9 a base para a coleta de informa\u00e7\u00f5es, que permitem que a pol\u00edtica de sa\u00fade obtenha sucesso.<\/p>\n\n\n\n<hr class=\"wp-block-separator has-alpha-channel-opacity\"\/>\n\n\n\n<p><strong>Texto \u2013\u00a0<\/strong>Thiago Fernando\/Semcom e Tania Brand\u00e3o\/Semsa<br><strong>Fotos \u2013\u00a0<\/strong>Dhyeizo Lemos e Jo\u00e3o Viana \/ Semcom<br><strong>Dispon\u00edveis em \u2013<\/strong>\u00a0<a href=\"https:\/\/flic.kr\/s\/aHBqjAi9sQ\">https:\/\/flic.kr\/s\/aHBqjAi9sQ<\/a><\/p>\n","protected":false},"excerpt":{"rendered":"","protected":false},"author":27,"featured_media":223178,"comment_status":"closed","ping_status":"closed","sticky":false,"template":"","format":"standard","meta":{"footnotes":""},"categories":[173],"tags":[],"acf":[],"yoast_head":"<!-- This site is optimized with the Yoast SEO plugin v23.0 - https:\/\/yoast.com\/wordpress\/plugins\/seo\/ -->\n<title>Prefeito David Almeida destaca amplia\u00e7\u00e3o da qualidade do servi\u00e7o oferecido \u00e0 popula\u00e7\u00e3o ao recepcionar Agentes Comunit\u00e1rios de Sa\u00fade - SEMCOM<\/title>\n<meta name=\"robots\" content=\"index, follow, max-snippet:-1, max-image-preview:large, max-video-preview:-1\" \/>\n<link rel=\"canonical\" href=\"https:\/\/www.manaus.am.gov.br\/semcom\/prefeito-david-almeida-destaca-ampliacao-da-qualidade-do-servico-oferecido-a-populacao-ao-recepcionar-agentes-comunitarios-de-saude\/\" \/>\n<meta property=\"og:locale\" content=\"pt_BR\" \/>\n<meta property=\"og:type\" content=\"article\" \/>\n<meta property=\"og:title\" content=\"Prefeito David Almeida destaca amplia\u00e7\u00e3o da qualidade do servi\u00e7o oferecido \u00e0 popula\u00e7\u00e3o ao recepcionar Agentes Comunit\u00e1rios de Sa\u00fade - SEMCOM\" \/>\n<meta property=\"og:url\" content=\"https:\/\/www.manaus.am.gov.br\/semcom\/prefeito-david-almeida-destaca-ampliacao-da-qualidade-do-servico-oferecido-a-populacao-ao-recepcionar-agentes-comunitarios-de-saude\/\" \/>\n<meta property=\"og:site_name\" content=\"SEMCOM\" \/>\n<meta property=\"article:published_time\" content=\"2022-12-06T17:30:00+00:00\" \/>\n<meta property=\"article:modified_time\" content=\"2023-12-18T15:04:39+00:00\" \/>\n<meta property=\"og:image\" content=\"https:\/\/www.manaus.am.gov.br\/semcom\/wp-content\/uploads\/sites\/5\/2023\/12\/Prefeito-David-Almeida-destaca-ampliacao-da-qualidade-do-servico-oferecido-a-populacao-ao-recepcionar-Agentes-Comunitarios-de-Saude.jpg\" \/>\n\t<meta property=\"og:image:width\" content=\"720\" \/>\n\t<meta property=\"og:image:height\" content=\"407\" \/>\n\t<meta property=\"og:image:type\" content=\"image\/jpeg\" \/>\n<meta name=\"author\" content=\"Imarketing Digital\" \/>\n<meta name=\"twitter:card\" content=\"summary_large_image\" \/>\n<meta name=\"twitter:label1\" content=\"Written by\" \/>\n\t<meta name=\"twitter:data1\" content=\"Imarketing Digital\" \/>\n\t<meta name=\"twitter:label2\" content=\"Est. reading time\" \/>\n\t<meta name=\"twitter:data2\" content=\"4 minutos\" \/>\n<script type=\"application\/ld+json\" class=\"yoast-schema-graph\">{\"@context\":\"https:\/\/schema.org\",\"@graph\":[{\"@type\":\"WebPage\",\"@id\":\"https:\/\/www.manaus.am.gov.br\/semcom\/prefeito-david-almeida-destaca-ampliacao-da-qualidade-do-servico-oferecido-a-populacao-ao-recepcionar-agentes-comunitarios-de-saude\/\",\"url\":\"https:\/\/www.manaus.am.gov.br\/semcom\/prefeito-david-almeida-destaca-ampliacao-da-qualidade-do-servico-oferecido-a-populacao-ao-recepcionar-agentes-comunitarios-de-saude\/\",\"name\":\"Prefeito David Almeida destaca amplia\u00e7\u00e3o da qualidade do servi\u00e7o oferecido \u00e0 popula\u00e7\u00e3o ao recepcionar Agentes Comunit\u00e1rios de Sa\u00fade - SEMCOM\",\"isPartOf\":{\"@id\":\"https:\/\/www.manaus.am.gov.br\/semcom\/#website\"},\"primaryImageOfPage\":{\"@id\":\"https:\/\/www.manaus.am.gov.br\/semcom\/prefeito-david-almeida-destaca-ampliacao-da-qualidade-do-servico-oferecido-a-populacao-ao-recepcionar-agentes-comunitarios-de-saude\/#primaryimage\"},\"image\":{\"@id\":\"https:\/\/www.manaus.am.gov.br\/semcom\/prefeito-david-almeida-destaca-ampliacao-da-qualidade-do-servico-oferecido-a-populacao-ao-recepcionar-agentes-comunitarios-de-saude\/#primaryimage\"},\"thumbnailUrl\":\"https:\/\/www.manaus.am.gov.br\/semcom\/wp-content\/uploads\/sites\/5\/2023\/12\/Prefeito-David-Almeida-destaca-ampliacao-da-qualidade-do-servico-oferecido-a-populacao-ao-recepcionar-Agentes-Comunitarios-de-Saude.jpg\",\"datePublished\":\"2022-12-06T17:30:00+00:00\",\"dateModified\":\"2023-12-18T15:04:39+00:00\",\"author\":{\"@id\":\"https:\/\/www.manaus.am.gov.br\/semcom\/#\/schema\/person\/79525a47ac5902f50493820d995728ee\"},\"inLanguage\":\"pt-BR\",\"potentialAction\":[{\"@type\":\"ReadAction\",\"target\":[\"https:\/\/www.manaus.am.gov.br\/semcom\/prefeito-david-almeida-destaca-ampliacao-da-qualidade-do-servico-oferecido-a-populacao-ao-recepcionar-agentes-comunitarios-de-saude\/\"]}]},{\"@type\":\"ImageObject\",\"inLanguage\":\"pt-BR\",\"@id\":\"https:\/\/www.manaus.am.gov.br\/semcom\/prefeito-david-almeida-destaca-ampliacao-da-qualidade-do-servico-oferecido-a-populacao-ao-recepcionar-agentes-comunitarios-de-saude\/#primaryimage\",\"url\":\"https:\/\/www.manaus.am.gov.br\/semcom\/wp-content\/uploads\/sites\/5\/2023\/12\/Prefeito-David-Almeida-destaca-ampliacao-da-qualidade-do-servico-oferecido-a-populacao-ao-recepcionar-Agentes-Comunitarios-de-Saude.jpg\",\"contentUrl\":\"https:\/\/www.manaus.am.gov.br\/semcom\/wp-content\/uploads\/sites\/5\/2023\/12\/Prefeito-David-Almeida-destaca-ampliacao-da-qualidade-do-servico-oferecido-a-populacao-ao-recepcionar-Agentes-Comunitarios-de-Saude.jpg\",\"width\":720,\"height\":407,\"caption\":\"Prefeito David Almeida destaca amplia\u00e7\u00e3o da qualidade do servi\u00e7o oferecido \u00e0 popula\u00e7\u00e3o ao recepcionar Agentes Comunit\u00e1rios de Sa\u00fade\"},{\"@type\":\"WebSite\",\"@id\":\"https:\/\/www.manaus.am.gov.br\/semcom\/#website\",\"url\":\"https:\/\/www.manaus.am.gov.br\/semcom\/\",\"name\":\"SEMCOM\",\"description\":\"Secretaria Municipal de Comunica\u00e7\u00e3o\",\"potentialAction\":[{\"@type\":\"SearchAction\",\"target\":{\"@type\":\"EntryPoint\",\"urlTemplate\":\"https:\/\/www.manaus.am.gov.br\/semcom\/?s={search_term_string}\"},\"query-input\":\"required name=search_term_string\"}],\"inLanguage\":\"pt-BR\"},{\"@type\":\"Person\",\"@id\":\"https:\/\/www.manaus.am.gov.br\/semcom\/#\/schema\/person\/79525a47ac5902f50493820d995728ee\",\"name\":\"Imarketing Digital\",\"image\":{\"@type\":\"ImageObject\",\"inLanguage\":\"pt-BR\",\"@id\":\"https:\/\/www.manaus.am.gov.br\/semcom\/#\/schema\/person\/image\/\",\"url\":\"https:\/\/secure.gravatar.com\/avatar\/03432d3c57b756ed9760f7019c815a3a?s=96&d=mm&r=g\",\"contentUrl\":\"https:\/\/secure.gravatar.com\/avatar\/03432d3c57b756ed9760f7019c815a3a?s=96&d=mm&r=g\",\"caption\":\"Imarketing Digital\"}}]}<\/script>\n<!-- \/ Yoast SEO plugin. -->","yoast_head_json":{"title":"Prefeito David Almeida destaca amplia\u00e7\u00e3o da qualidade do servi\u00e7o oferecido \u00e0 popula\u00e7\u00e3o ao recepcionar Agentes Comunit\u00e1rios de Sa\u00fade - SEMCOM","robots":{"index":"index","follow":"follow","max-snippet":"max-snippet:-1","max-image-preview":"max-image-preview:large","max-video-preview":"max-video-preview:-1"},"canonical":"https:\/\/www.manaus.am.gov.br\/semcom\/prefeito-david-almeida-destaca-ampliacao-da-qualidade-do-servico-oferecido-a-populacao-ao-recepcionar-agentes-comunitarios-de-saude\/","og_locale":"pt_BR","og_type":"article","og_title":"Prefeito David Almeida destaca amplia\u00e7\u00e3o da qualidade do servi\u00e7o oferecido \u00e0 popula\u00e7\u00e3o ao recepcionar Agentes Comunit\u00e1rios de Sa\u00fade - SEMCOM","og_url":"https:\/\/www.manaus.am.gov.br\/semcom\/prefeito-david-almeida-destaca-ampliacao-da-qualidade-do-servico-oferecido-a-populacao-ao-recepcionar-agentes-comunitarios-de-saude\/","og_site_name":"SEMCOM","article_published_time":"2022-12-06T17:30:00+00:00","article_modified_time":"2023-12-18T15:04:39+00:00","og_image":[{"width":720,"height":407,"url":"https:\/\/www.manaus.am.gov.br\/semcom\/wp-content\/uploads\/sites\/5\/2023\/12\/Prefeito-David-Almeida-destaca-ampliacao-da-qualidade-do-servico-oferecido-a-populacao-ao-recepcionar-Agentes-Comunitarios-de-Saude.jpg","type":"image\/jpeg"}],"author":"Imarketing Digital","twitter_card":"summary_large_image","twitter_misc":{"Written by":"Imarketing Digital","Est. reading time":"4 minutos"},"schema":{"@context":"https:\/\/schema.org","@graph":[{"@type":"WebPage","@id":"https:\/\/www.manaus.am.gov.br\/semcom\/prefeito-david-almeida-destaca-ampliacao-da-qualidade-do-servico-oferecido-a-populacao-ao-recepcionar-agentes-comunitarios-de-saude\/","url":"https:\/\/www.manaus.am.gov.br\/semcom\/prefeito-david-almeida-destaca-ampliacao-da-qualidade-do-servico-oferecido-a-populacao-ao-recepcionar-agentes-comunitarios-de-saude\/","name":"Prefeito David Almeida destaca amplia\u00e7\u00e3o da qualidade do servi\u00e7o oferecido \u00e0 popula\u00e7\u00e3o ao recepcionar Agentes Comunit\u00e1rios de Sa\u00fade - SEMCOM","isPartOf":{"@id":"https:\/\/www.manaus.am.gov.br\/semcom\/#website"},"primaryImageOfPage":{"@id":"https:\/\/www.manaus.am.gov.br\/semcom\/prefeito-david-almeida-destaca-ampliacao-da-qualidade-do-servico-oferecido-a-populacao-ao-recepcionar-agentes-comunitarios-de-saude\/#primaryimage"},"image":{"@id":"https:\/\/www.manaus.am.gov.br\/semcom\/prefeito-david-almeida-destaca-ampliacao-da-qualidade-do-servico-oferecido-a-populacao-ao-recepcionar-agentes-comunitarios-de-saude\/#primaryimage"},"thumbnailUrl":"https:\/\/www.manaus.am.gov.br\/semcom\/wp-content\/uploads\/sites\/5\/2023\/12\/Prefeito-David-Almeida-destaca-ampliacao-da-qualidade-do-servico-oferecido-a-populacao-ao-recepcionar-Agentes-Comunitarios-de-Saude.jpg","datePublished":"2022-12-06T17:30:00+00:00","dateModified":"2023-12-18T15:04:39+00:00","author":{"@id":"https:\/\/www.manaus.am.gov.br\/semcom\/#\/schema\/person\/79525a47ac5902f50493820d995728ee"},"inLanguage":"pt-BR","potentialAction":[{"@type":"ReadAction","target":["https:\/\/www.manaus.am.gov.br\/semcom\/prefeito-david-almeida-destaca-ampliacao-da-qualidade-do-servico-oferecido-a-populacao-ao-recepcionar-agentes-comunitarios-de-saude\/"]}]},{"@type":"ImageObject","inLanguage":"pt-BR","@id":"https:\/\/www.manaus.am.gov.br\/semcom\/prefeito-david-almeida-destaca-ampliacao-da-qualidade-do-servico-oferecido-a-populacao-ao-recepcionar-agentes-comunitarios-de-saude\/#primaryimage","url":"https:\/\/www.manaus.am.gov.br\/semcom\/wp-content\/uploads\/sites\/5\/2023\/12\/Prefeito-David-Almeida-destaca-ampliacao-da-qualidade-do-servico-oferecido-a-populacao-ao-recepcionar-Agentes-Comunitarios-de-Saude.jpg","contentUrl":"https:\/\/www.manaus.am.gov.br\/semcom\/wp-content\/uploads\/sites\/5\/2023\/12\/Prefeito-David-Almeida-destaca-ampliacao-da-qualidade-do-servico-oferecido-a-populacao-ao-recepcionar-Agentes-Comunitarios-de-Saude.jpg","width":720,"height":407,"caption":"Prefeito David Almeida destaca amplia\u00e7\u00e3o da qualidade do servi\u00e7o oferecido \u00e0 popula\u00e7\u00e3o ao recepcionar Agentes Comunit\u00e1rios de Sa\u00fade"},{"@type":"WebSite","@id":"https:\/\/www.manaus.am.gov.br\/semcom\/#website","url":"https:\/\/www.manaus.am.gov.br\/semcom\/","name":"SEMCOM","description":"Secretaria Municipal de Comunica\u00e7\u00e3o","potentialAction":[{"@type":"SearchAction","target":{"@type":"EntryPoint","urlTemplate":"https:\/\/www.manaus.am.gov.br\/semcom\/?s={search_term_string}"},"query-input":"required name=search_term_string"}],"inLanguage":"pt-BR"},{"@type":"Person","@id":"https:\/\/www.manaus.am.gov.br\/semcom\/#\/schema\/person\/79525a47ac5902f50493820d995728ee","name":"Imarketing Digital","image":{"@type":"ImageObject","inLanguage":"pt-BR","@id":"https:\/\/www.manaus.am.gov.br\/semcom\/#\/schema\/person\/image\/","url":"https:\/\/secure.gravatar.com\/avatar\/03432d3c57b756ed9760f7019c815a3a?s=96&d=mm&r=g","contentUrl":"https:\/\/secure.gravatar.com\/avatar\/03432d3c57b756ed9760f7019c815a3a?s=96&d=mm&r=g","caption":"Imarketing Digital"}}]}},"_links":{"self":[{"href":"https:\/\/www.manaus.am.gov.br\/semcom\/wp-json\/wp\/v2\/posts\/223177"}],"collection":[{"href":"https:\/\/www.manaus.am.gov.br\/semcom\/wp-json\/wp\/v2\/posts"}],"about":[{"href":"https:\/\/www.manaus.am.gov.br\/semcom\/wp-json\/wp\/v2\/types\/post"}],"author":[{"embeddable":true,"href":"https:\/\/www.manaus.am.gov.br\/semcom\/wp-json\/wp\/v2\/users\/27"}],"replies":[{"embeddable":true,"href":"https:\/\/www.manaus.am.gov.br\/semcom\/wp-json\/wp\/v2\/comments?post=223177"}],"version-history":[{"count":0,"href":"https:\/\/www.manaus.am.gov.br\/semcom\/wp-json\/wp\/v2\/posts\/223177\/revisions"}],"wp:featuredmedia":[{"embeddable":true,"href":"https:\/\/www.manaus.am.gov.br\/semcom\/wp-json\/wp\/v2\/media\/223178"}],"wp:attachment":[{"href":"https:\/\/www.manaus.am.gov.br\/semcom\/wp-json\/wp\/v2\/media?parent=223177"}],"wp:term":[{"taxonomy":"category","embeddable":true,"href":"https:\/\/www.manaus.am.gov.br\/semcom\/wp-json\/wp\/v2\/categories?post=223177"},{"taxonomy":"post_tag","embeddable":true,"href":"https:\/\/www.manaus.am.gov.br\/semcom\/wp-json\/wp\/v2\/tags?post=223177"}],"curies":[{"name":"wp","href":"https:\/\/api.w.org\/{rel}","templated":true}]}}