{"id":223174,"date":"2022-11-12T16:43:00","date_gmt":"2022-11-12T19:43:00","guid":{"rendered":"https:\/\/www.manaus.am.gov.br\/semcom\/manaus-e-a-grande-vencedora-da-etapa-estadual-do-premio-band-cidades-excelentes-2022-com-6-premiacoes\/"},"modified":"2023-12-18T12:04:12","modified_gmt":"2023-12-18T15:04:12","slug":"manaus-e-a-grande-vencedora-da-etapa-estadual-do-premio-band-cidades-excelentes-2022-com-6-premiacoes","status":"publish","type":"post","link":"https:\/\/www.manaus.am.gov.br\/semcom\/manaus-e-a-grande-vencedora-da-etapa-estadual-do-premio-band-cidades-excelentes-2022-com-6-premiacoes\/","title":{"rendered":"Manaus \u00e9 a grande vencedora da etapa estadual do Pr\u00eamio Band Cidades Excelentes 2022 com 6 premia\u00e7\u00f5es"},"content":{"rendered":"\n<p>A Prefeitura de Manaus participou, na noite desta sexta-feira, 11\/11, da etapa estadual da edi\u00e7\u00e3o 2022 do Pr\u00eamio Band Cidades Excelentes, que consagrou Manaus como a grande vencedora deste ano. O evento foi realizado pelo Grupo Bandeirantes de Comunica\u00e7\u00e3o, em parceria com o Instituto Aquila e apoio da Empresa \u00c1guas de Manaus.<\/p>\n\n\n\n<p>A capital amazonense foi o grande destaque da premia\u00e7\u00e3o ficando em primeiro lugar nas categorias: Infraestrutura e Mobilidade Urbana; Governan\u00e7a, Efici\u00eancia Fiscal e Transpar\u00eancia; Educa\u00e7\u00e3o; Desenvolvimento Socioecon\u00f4mico e Ordem P\u00fablica; e Sustentabilidade, al\u00e9m da premia\u00e7\u00e3o especial.<\/p>\n\n\n\n<p>Representado o prefeito David Almeida no evento, o secret\u00e1rio municipal de Comunica\u00e7\u00e3o (Semcom), Israel Conte, salientou a import\u00e2ncia da premia\u00e7\u00e3o, para motivar todos os envolvidos na gest\u00e3o a trabalharem ainda mais para o bem da popula\u00e7\u00e3o da cidade.<\/p>\n\n\n\n<p>\u201cO Grupo Bandeirantes est\u00e1 de parab\u00e9ns pela realiza\u00e7\u00e3o do evento. A gest\u00e3o do prefeito David Almeida tem colocado Manaus como exemplo para o Brasil. Na Sa\u00fade, tr\u00eas vezes ficamos em primeiro lugar no Previne Brasil; duas vezes em primeiro lugar na gera\u00e7\u00e3o de empregos com o Sine. Somos ainda o primeiro lugar na gest\u00e3o Finan\u00e7as; e pelo quarto ano seguido, primeiro lugar da Manaus Previd\u00eancia. Um pr\u00eamio como esse, entregue pelo Grupo Bandeirantes, s\u00f3 motiva a gest\u00e3o do prefeito David Almeida, aprovada por mais de 80% da popula\u00e7\u00e3o, a continuar a fazer mais e melhor para os cidad\u00e3os manauaras\u201d, destacou Conte.<\/p>\n\n\n\n<p>Com o objetivo de reconhecer, fomentar e incentivar a pr\u00e1tica da gest\u00e3o p\u00fablica, o pr\u00eamio separou os munic\u00edpios em tr\u00eas categorias: menor ou igual a 30 mil habitantes; entre 30 mil e 100 mil habitantes; e acima de 100 mil habitantes.<\/p>\n\n\n\n<p>Entre os 5.570 munic\u00edpios brasileiros, Manaus concorreu na categoria \u201cAcima de 100 mil habitantes\u201d e venceu em cinco dos seis pilares de avalia\u00e7\u00e3o, o que garantiu \u00e0 capital do Amazonas a premia\u00e7\u00e3o especial como vencedor geral entre os munic\u00edpios com mais de 100 mil habitantes.<\/p>\n\n\n\n<p>A avalia\u00e7\u00e3o e julgamento da premia\u00e7\u00e3o \u00e9 realizado pelo \u00cdndice de Gest\u00e3o Municipal Aquila (IGMA), que utiliza conceitos de big data e re\u00fane as informa\u00e7\u00f5es p\u00fablicas mais atualizadas de todos os munic\u00edpios do pa\u00eds. Essa plataforma \u00e9 estruturada com base em Intelig\u00eancia Artificial, que a partir de um algoritmo, consolida resultados de indicadores em uma \u00fanica nota final.<\/p>\n\n\n\n<p>O pr\u00eamio Band Cidades Excelentes 2022 tem transmiss\u00e3o na TV aberta no domingo, dia 20 de novembro, \u00e0s 22h30.<\/p>\n\n\n\n<hr class=\"wp-block-separator has-alpha-channel-opacity\"\/>\n\n\n\n<p><strong>Texto \u2013&nbsp;<\/strong>Thiago Fernando \/ Semcom<br><strong>Fotos \u2013<\/strong>&nbsp;Divulga\u00e7\u00e3o \/ Band Amazonas<br><strong>Dispon\u00edveis em \u2013&nbsp;<\/strong><a href=\"https:\/\/flic.kr\/s\/aHBqjAeVn9\">https:\/\/flic.kr\/s\/aHBqjAeVn9<\/a><\/p>\n","protected":false},"excerpt":{"rendered":"","protected":false},"author":27,"featured_media":223175,"comment_status":"closed","ping_status":"closed","sticky":false,"template":"","format":"standard","meta":{"footnotes":""},"categories":[166],"tags":[],"acf":[],"yoast_head":"<!-- This site is optimized with the Yoast SEO plugin v23.0 - https:\/\/yoast.com\/wordpress\/plugins\/seo\/ -->\n<title>Manaus \u00e9 a grande vencedora da etapa estadual do Pr\u00eamio Band Cidades Excelentes 2022 com 6 premia\u00e7\u00f5es - SEMCOM<\/title>\n<meta name=\"robots\" content=\"index, follow, max-snippet:-1, max-image-preview:large, max-video-preview:-1\" \/>\n<link rel=\"canonical\" href=\"https:\/\/www.manaus.am.gov.br\/semcom\/manaus-e-a-grande-vencedora-da-etapa-estadual-do-premio-band-cidades-excelentes-2022-com-6-premiacoes\/\" \/>\n<meta property=\"og:locale\" content=\"pt_BR\" \/>\n<meta property=\"og:type\" content=\"article\" \/>\n<meta property=\"og:title\" content=\"Manaus \u00e9 a grande vencedora da etapa estadual do Pr\u00eamio Band Cidades Excelentes 2022 com 6 premia\u00e7\u00f5es - SEMCOM\" \/>\n<meta property=\"og:url\" content=\"https:\/\/www.manaus.am.gov.br\/semcom\/manaus-e-a-grande-vencedora-da-etapa-estadual-do-premio-band-cidades-excelentes-2022-com-6-premiacoes\/\" \/>\n<meta property=\"og:site_name\" content=\"SEMCOM\" \/>\n<meta property=\"article:published_time\" content=\"2022-11-12T19:43:00+00:00\" \/>\n<meta property=\"article:modified_time\" content=\"2023-12-18T15:04:12+00:00\" \/>\n<meta property=\"og:image\" content=\"https:\/\/www.manaus.am.gov.br\/semcom\/wp-content\/uploads\/sites\/5\/2023\/12\/Manaus-e-a-grande-vencedora-da-etapa-estadual-do-Premio-Band-Cidades-Excelentes-2022-com-6-premiacoes-1.jpg\" \/>\n\t<meta property=\"og:image:width\" content=\"800\" \/>\n\t<meta property=\"og:image:height\" content=\"481\" \/>\n\t<meta property=\"og:image:type\" content=\"image\/jpeg\" \/>\n<meta name=\"author\" content=\"Imarketing Digital\" \/>\n<meta name=\"twitter:card\" content=\"summary_large_image\" \/>\n<meta name=\"twitter:label1\" content=\"Written by\" \/>\n\t<meta name=\"twitter:data1\" content=\"Imarketing Digital\" \/>\n\t<meta name=\"twitter:label2\" content=\"Est. reading time\" \/>\n\t<meta name=\"twitter:data2\" content=\"3 minutos\" \/>\n<script type=\"application\/ld+json\" class=\"yoast-schema-graph\">{\"@context\":\"https:\/\/schema.org\",\"@graph\":[{\"@type\":\"WebPage\",\"@id\":\"https:\/\/www.manaus.am.gov.br\/semcom\/manaus-e-a-grande-vencedora-da-etapa-estadual-do-premio-band-cidades-excelentes-2022-com-6-premiacoes\/\",\"url\":\"https:\/\/www.manaus.am.gov.br\/semcom\/manaus-e-a-grande-vencedora-da-etapa-estadual-do-premio-band-cidades-excelentes-2022-com-6-premiacoes\/\",\"name\":\"Manaus \u00e9 a grande vencedora da etapa estadual do Pr\u00eamio Band Cidades Excelentes 2022 com 6 premia\u00e7\u00f5es - SEMCOM\",\"isPartOf\":{\"@id\":\"https:\/\/www.manaus.am.gov.br\/semcom\/#website\"},\"primaryImageOfPage\":{\"@id\":\"https:\/\/www.manaus.am.gov.br\/semcom\/manaus-e-a-grande-vencedora-da-etapa-estadual-do-premio-band-cidades-excelentes-2022-com-6-premiacoes\/#primaryimage\"},\"image\":{\"@id\":\"https:\/\/www.manaus.am.gov.br\/semcom\/manaus-e-a-grande-vencedora-da-etapa-estadual-do-premio-band-cidades-excelentes-2022-com-6-premiacoes\/#primaryimage\"},\"thumbnailUrl\":\"https:\/\/www.manaus.am.gov.br\/semcom\/wp-content\/uploads\/sites\/5\/2023\/12\/Manaus-e-a-grande-vencedora-da-etapa-estadual-do-Premio-Band-Cidades-Excelentes-2022-com-6-premiacoes-1.jpg\",\"datePublished\":\"2022-11-12T19:43:00+00:00\",\"dateModified\":\"2023-12-18T15:04:12+00:00\",\"author\":{\"@id\":\"https:\/\/www.manaus.am.gov.br\/semcom\/#\/schema\/person\/79525a47ac5902f50493820d995728ee\"},\"inLanguage\":\"pt-BR\",\"potentialAction\":[{\"@type\":\"ReadAction\",\"target\":[\"https:\/\/www.manaus.am.gov.br\/semcom\/manaus-e-a-grande-vencedora-da-etapa-estadual-do-premio-band-cidades-excelentes-2022-com-6-premiacoes\/\"]}]},{\"@type\":\"ImageObject\",\"inLanguage\":\"pt-BR\",\"@id\":\"https:\/\/www.manaus.am.gov.br\/semcom\/manaus-e-a-grande-vencedora-da-etapa-estadual-do-premio-band-cidades-excelentes-2022-com-6-premiacoes\/#primaryimage\",\"url\":\"https:\/\/www.manaus.am.gov.br\/semcom\/wp-content\/uploads\/sites\/5\/2023\/12\/Manaus-e-a-grande-vencedora-da-etapa-estadual-do-Premio-Band-Cidades-Excelentes-2022-com-6-premiacoes-1.jpg\",\"contentUrl\":\"https:\/\/www.manaus.am.gov.br\/semcom\/wp-content\/uploads\/sites\/5\/2023\/12\/Manaus-e-a-grande-vencedora-da-etapa-estadual-do-Premio-Band-Cidades-Excelentes-2022-com-6-premiacoes-1.jpg\",\"width\":800,\"height\":481,\"caption\":\"Manaus \u00e9 a grande vencedora da etapa estadual do Pr\u00eamio Band Cidades Excelentes 2022 com 6 premia\u00e7\u00f5es\"},{\"@type\":\"WebSite\",\"@id\":\"https:\/\/www.manaus.am.gov.br\/semcom\/#website\",\"url\":\"https:\/\/www.manaus.am.gov.br\/semcom\/\",\"name\":\"SEMCOM\",\"description\":\"Secretaria Municipal de Comunica\u00e7\u00e3o\",\"potentialAction\":[{\"@type\":\"SearchAction\",\"target\":{\"@type\":\"EntryPoint\",\"urlTemplate\":\"https:\/\/www.manaus.am.gov.br\/semcom\/?s={search_term_string}\"},\"query-input\":\"required name=search_term_string\"}],\"inLanguage\":\"pt-BR\"},{\"@type\":\"Person\",\"@id\":\"https:\/\/www.manaus.am.gov.br\/semcom\/#\/schema\/person\/79525a47ac5902f50493820d995728ee\",\"name\":\"Imarketing Digital\",\"image\":{\"@type\":\"ImageObject\",\"inLanguage\":\"pt-BR\",\"@id\":\"https:\/\/www.manaus.am.gov.br\/semcom\/#\/schema\/person\/image\/\",\"url\":\"https:\/\/secure.gravatar.com\/avatar\/03432d3c57b756ed9760f7019c815a3a?s=96&d=mm&r=g\",\"contentUrl\":\"https:\/\/secure.gravatar.com\/avatar\/03432d3c57b756ed9760f7019c815a3a?s=96&d=mm&r=g\",\"caption\":\"Imarketing Digital\"}}]}<\/script>\n<!-- \/ Yoast SEO plugin. -->","yoast_head_json":{"title":"Manaus \u00e9 a grande vencedora da etapa estadual do Pr\u00eamio Band Cidades Excelentes 2022 com 6 premia\u00e7\u00f5es - SEMCOM","robots":{"index":"index","follow":"follow","max-snippet":"max-snippet:-1","max-image-preview":"max-image-preview:large","max-video-preview":"max-video-preview:-1"},"canonical":"https:\/\/www.manaus.am.gov.br\/semcom\/manaus-e-a-grande-vencedora-da-etapa-estadual-do-premio-band-cidades-excelentes-2022-com-6-premiacoes\/","og_locale":"pt_BR","og_type":"article","og_title":"Manaus \u00e9 a grande vencedora da etapa estadual do Pr\u00eamio Band Cidades Excelentes 2022 com 6 premia\u00e7\u00f5es - SEMCOM","og_url":"https:\/\/www.manaus.am.gov.br\/semcom\/manaus-e-a-grande-vencedora-da-etapa-estadual-do-premio-band-cidades-excelentes-2022-com-6-premiacoes\/","og_site_name":"SEMCOM","article_published_time":"2022-11-12T19:43:00+00:00","article_modified_time":"2023-12-18T15:04:12+00:00","og_image":[{"width":800,"height":481,"url":"https:\/\/www.manaus.am.gov.br\/semcom\/wp-content\/uploads\/sites\/5\/2023\/12\/Manaus-e-a-grande-vencedora-da-etapa-estadual-do-Premio-Band-Cidades-Excelentes-2022-com-6-premiacoes-1.jpg","type":"image\/jpeg"}],"author":"Imarketing Digital","twitter_card":"summary_large_image","twitter_misc":{"Written by":"Imarketing Digital","Est. reading time":"3 minutos"},"schema":{"@context":"https:\/\/schema.org","@graph":[{"@type":"WebPage","@id":"https:\/\/www.manaus.am.gov.br\/semcom\/manaus-e-a-grande-vencedora-da-etapa-estadual-do-premio-band-cidades-excelentes-2022-com-6-premiacoes\/","url":"https:\/\/www.manaus.am.gov.br\/semcom\/manaus-e-a-grande-vencedora-da-etapa-estadual-do-premio-band-cidades-excelentes-2022-com-6-premiacoes\/","name":"Manaus \u00e9 a grande vencedora da etapa estadual do Pr\u00eamio Band Cidades Excelentes 2022 com 6 premia\u00e7\u00f5es - SEMCOM","isPartOf":{"@id":"https:\/\/www.manaus.am.gov.br\/semcom\/#website"},"primaryImageOfPage":{"@id":"https:\/\/www.manaus.am.gov.br\/semcom\/manaus-e-a-grande-vencedora-da-etapa-estadual-do-premio-band-cidades-excelentes-2022-com-6-premiacoes\/#primaryimage"},"image":{"@id":"https:\/\/www.manaus.am.gov.br\/semcom\/manaus-e-a-grande-vencedora-da-etapa-estadual-do-premio-band-cidades-excelentes-2022-com-6-premiacoes\/#primaryimage"},"thumbnailUrl":"https:\/\/www.manaus.am.gov.br\/semcom\/wp-content\/uploads\/sites\/5\/2023\/12\/Manaus-e-a-grande-vencedora-da-etapa-estadual-do-Premio-Band-Cidades-Excelentes-2022-com-6-premiacoes-1.jpg","datePublished":"2022-11-12T19:43:00+00:00","dateModified":"2023-12-18T15:04:12+00:00","author":{"@id":"https:\/\/www.manaus.am.gov.br\/semcom\/#\/schema\/person\/79525a47ac5902f50493820d995728ee"},"inLanguage":"pt-BR","potentialAction":[{"@type":"ReadAction","target":["https:\/\/www.manaus.am.gov.br\/semcom\/manaus-e-a-grande-vencedora-da-etapa-estadual-do-premio-band-cidades-excelentes-2022-com-6-premiacoes\/"]}]},{"@type":"ImageObject","inLanguage":"pt-BR","@id":"https:\/\/www.manaus.am.gov.br\/semcom\/manaus-e-a-grande-vencedora-da-etapa-estadual-do-premio-band-cidades-excelentes-2022-com-6-premiacoes\/#primaryimage","url":"https:\/\/www.manaus.am.gov.br\/semcom\/wp-content\/uploads\/sites\/5\/2023\/12\/Manaus-e-a-grande-vencedora-da-etapa-estadual-do-Premio-Band-Cidades-Excelentes-2022-com-6-premiacoes-1.jpg","contentUrl":"https:\/\/www.manaus.am.gov.br\/semcom\/wp-content\/uploads\/sites\/5\/2023\/12\/Manaus-e-a-grande-vencedora-da-etapa-estadual-do-Premio-Band-Cidades-Excelentes-2022-com-6-premiacoes-1.jpg","width":800,"height":481,"caption":"Manaus \u00e9 a grande vencedora da etapa estadual do Pr\u00eamio Band Cidades Excelentes 2022 com 6 premia\u00e7\u00f5es"},{"@type":"WebSite","@id":"https:\/\/www.manaus.am.gov.br\/semcom\/#website","url":"https:\/\/www.manaus.am.gov.br\/semcom\/","name":"SEMCOM","description":"Secretaria Municipal de Comunica\u00e7\u00e3o","potentialAction":[{"@type":"SearchAction","target":{"@type":"EntryPoint","urlTemplate":"https:\/\/www.manaus.am.gov.br\/semcom\/?s={search_term_string}"},"query-input":"required name=search_term_string"}],"inLanguage":"pt-BR"},{"@type":"Person","@id":"https:\/\/www.manaus.am.gov.br\/semcom\/#\/schema\/person\/79525a47ac5902f50493820d995728ee","name":"Imarketing Digital","image":{"@type":"ImageObject","inLanguage":"pt-BR","@id":"https:\/\/www.manaus.am.gov.br\/semcom\/#\/schema\/person\/image\/","url":"https:\/\/secure.gravatar.com\/avatar\/03432d3c57b756ed9760f7019c815a3a?s=96&d=mm&r=g","contentUrl":"https:\/\/secure.gravatar.com\/avatar\/03432d3c57b756ed9760f7019c815a3a?s=96&d=mm&r=g","caption":"Imarketing Digital"}}]}},"_links":{"self":[{"href":"https:\/\/www.manaus.am.gov.br\/semcom\/wp-json\/wp\/v2\/posts\/223174"}],"collection":[{"href":"https:\/\/www.manaus.am.gov.br\/semcom\/wp-json\/wp\/v2\/posts"}],"about":[{"href":"https:\/\/www.manaus.am.gov.br\/semcom\/wp-json\/wp\/v2\/types\/post"}],"author":[{"embeddable":true,"href":"https:\/\/www.manaus.am.gov.br\/semcom\/wp-json\/wp\/v2\/users\/27"}],"replies":[{"embeddable":true,"href":"https:\/\/www.manaus.am.gov.br\/semcom\/wp-json\/wp\/v2\/comments?post=223174"}],"version-history":[{"count":0,"href":"https:\/\/www.manaus.am.gov.br\/semcom\/wp-json\/wp\/v2\/posts\/223174\/revisions"}],"wp:featuredmedia":[{"embeddable":true,"href":"https:\/\/www.manaus.am.gov.br\/semcom\/wp-json\/wp\/v2\/media\/223175"}],"wp:attachment":[{"href":"https:\/\/www.manaus.am.gov.br\/semcom\/wp-json\/wp\/v2\/media?parent=223174"}],"wp:term":[{"taxonomy":"category","embeddable":true,"href":"https:\/\/www.manaus.am.gov.br\/semcom\/wp-json\/wp\/v2\/categories?post=223174"},{"taxonomy":"post_tag","embeddable":true,"href":"https:\/\/www.manaus.am.gov.br\/semcom\/wp-json\/wp\/v2\/tags?post=223174"}],"curies":[{"name":"wp","href":"https:\/\/api.w.org\/{rel}","templated":true}]}}