{"id":223047,"date":"2023-12-15T17:15:03","date_gmt":"2023-12-15T20:15:03","guid":{"rendered":"https:\/\/www.manaus.am.gov.br\/semcom\/prefeitura-estuda-liberacao-da-praia-da-ponta-negra-com-subida-do-rio-e-medida-sera-avaliada-com-laudos-tecnicos\/"},"modified":"2023-12-15T17:17:05","modified_gmt":"2023-12-15T20:17:05","slug":"prefeitura-estuda-liberacao-da-praia-da-ponta-negra-com-subida-do-rio-e-medida-sera-avaliada-com-laudos-tecnicos","status":"publish","type":"post","link":"https:\/\/www.manaus.am.gov.br\/semcom\/prefeitura-estuda-liberacao-da-praia-da-ponta-negra-com-subida-do-rio-e-medida-sera-avaliada-com-laudos-tecnicos\/","title":{"rendered":"Prefeitura estuda libera\u00e7\u00e3o da praia da Ponta Negra com subida do rio e medida ser\u00e1 avaliada com laudos t\u00e9cnicos"},"content":{"rendered":"\n<p>A Prefeitura de Manaus solicita ao Servi\u00e7o Geol\u00f3gico do Brasil (SGB) uma nova an\u00e1lise relativa \u00e0s condi\u00e7\u00f5es do leito do rio Negro na \u00e1rea de banho do complexo tur\u00edstico Ponta Negra, na zona Oeste, para avaliar a libera\u00e7\u00e3o do espa\u00e7o para o uso da popula\u00e7\u00e3o, ap\u00f3s interdi\u00e7\u00e3o diante da vazante hist\u00f3rica ocorrida este ano.<\/p>\n\n\n\n<p>Somente ap\u00f3s o novo laudo e tendo ainda dados do Corpo de Bombeiros do Amazonas (CB-AM), cujos salva-vidas fazem atendimento no complexo, a prefeitura far\u00e1 a avalia\u00e7\u00e3o com sua equipe t\u00e9cnica para a abertura do local para banho. Todos os servi\u00e7os de manuten\u00e7\u00e3o, limpeza e seguran\u00e7a est\u00e3o funcionando plenamente no complexo.<\/p>\n\n\n\n<p>A decis\u00e3o de interdi\u00e7\u00e3o da praia da Ponta Negra para o banho, em raz\u00e3o de seguran\u00e7a e de preven\u00e7\u00e3o contra afogamentos, ocorre devido \u00e0 proximidade entre o fim do aterro perene e o leito natural do rio, que pode apresentar altera\u00e7\u00f5es no terreno, como buracos, desn\u00edveis e depress\u00f5es.<\/p>\n\n\n\n<p>Segundo o Servi\u00e7o Geol\u00f3gico do Brasil, a regi\u00e3o amaz\u00f4nica est\u00e1 passando por um processo de seca severa, com chances de seus efeitos e impactos serem repercutidos em 2024, em raz\u00e3o do processo de El Ni\u00f1o, que provavelmente atingir\u00e1 seu \u00e1pice no final deste ano, impactando o per\u00edodo chuvoso na regi\u00e3o e possivelmente resultando em anomalias negativas de precipita\u00e7\u00e3o na regi\u00e3o Amaz\u00f4nica.<\/p>\n\n\n\n<p>&#8220;O n\u00edvel do rio baixou e bateu recorde este ano, na extrema vazante, e a interdi\u00e7\u00e3o foi uma medida de seguran\u00e7a para minimizar poss\u00edveis riscos para os banhistas e com os laudos t\u00e9cnicos, que embasam a decis\u00e3o da prefeitura. Pedimos a colabora\u00e7\u00e3o da popula\u00e7\u00e3o para respeitar a interdi\u00e7\u00e3o at\u00e9 que a cheia do rio se normalize&#8221;, explicou o coordenador da comiss\u00e3o do complexo tur\u00edstico, Alberto Maciel.<\/p>\n\n\n\n<p>A interdi\u00e7\u00e3o considera as normas de uso da praia perene, definidas em um Termo de Ajustamento de Conduta (TAC) assinado pela prefeitura junto ao Minist\u00e9rio P\u00fablico do Estado do Amazonas (MP-AM), com \u00f3rg\u00e3os municipais e estaduais signat\u00e1rios do compromisso, incluindo Corpo de Bombeiros do Amazonas (CB-AM) e Pol\u00edcia Militar (PM).<\/p>\n\n\n\n<p>De acordo com a cl\u00e1usula 1, par\u00e1grafo 3\u00ba, a \u201cinterdi\u00e7\u00e3o autom\u00e1tica do uso da praia ocorrer\u00e1 sempre que os laudos e\/ou relat\u00f3rios a que se referem os par\u00e1grafos anteriores comprovarem que a praia encontra-se impr\u00f3pria para o uso dos banhistas\u201d.<\/p>\n\n\n\n<p><strong>El Ni\u00f1o<\/strong><\/p>\n\n\n\n<p>Com a atua\u00e7\u00e3o do fen\u00f4meno El Ni\u00f1o, que ocorre no oceano Pac\u00edfico Equatorial, traz para a Amaz\u00f4nia consequ\u00eancias no processo de vazante extrema, devido ao prolongamento e intensidade da seca.<\/p>\n\n\n\n<p>Os corpos permanentes de seguran\u00e7a, incluindo a Secretaria Municipal de Seguran\u00e7a P\u00fablica e Defesa Social (Semseg), com a Guarda Municipal, ciclopatrulha, Pol\u00edcia Militar e os bombeiros atuam no monitoramento da praia e na seguran\u00e7a dos banhistas, bem como na seguran\u00e7a e manuten\u00e7\u00e3o do patrim\u00f4nio de todo o complexo. Equipes da Secretaria Municipal de Limpeza Urbana (Semulsp) refor\u00e7am os servi\u00e7os de limpeza e higiene do cal\u00e7ad\u00e3o e da praia perene.<\/p>\n\n\n\n<p>Na \u00faltima interdi\u00e7\u00e3o por conta da seca dos rios, ocorrida em 2015, a praia foi interditada por medida de seguran\u00e7a quando o rio Negro ficou abaixo da cota de 16 metros, ap\u00f3s an\u00e1lise, laudo e relat\u00f3rios de \u00f3rg\u00e3os respons\u00e1veis, comprovando que a mesma n\u00e3o se encontrava pr\u00f3pria para banho, naquela \u00e9poca.<\/p>\n\n\n\n<p>&#8212; &#8212; &#8212;<\/p>\n\n\n\n<p><strong>Texto <\/strong>\u2013 Claudia do Valle \/ Implurb<\/p>\n\n\n\n<p><strong>Fotos \u2013<\/strong> Phil Limma \/ Arquivo Semcom<\/p>\n\n\n\n<p><strong>Dispon\u00edveis em \u2013 <\/strong><a href=\"https:\/\/flic.kr\/s\/aHBqjAXQMP\">https:\/\/flic.kr\/s\/aHBqjAXQMP<\/a><\/p>\n","protected":false},"excerpt":{"rendered":"","protected":false},"author":39,"featured_media":223048,"comment_status":"closed","ping_status":"closed","sticky":false,"template":"","format":"standard","meta":{"footnotes":""},"categories":[2858],"tags":[9793,65,9794,9795,77,9796,9797],"acf":[],"yoast_head":"<!-- This site is optimized with the Yoast SEO plugin v23.0 - https:\/\/yoast.com\/wordpress\/plugins\/seo\/ -->\n<title>Prefeitura estuda libera\u00e7\u00e3o da praia da Ponta Negra<\/title>\n<meta name=\"description\" content=\"Prefeitura estuda libera\u00e7\u00e3o da praia da Ponta Negra com subida do rio e medida ser\u00e1 avaliada com laudos t\u00e9cnicos.\" \/>\n<meta name=\"robots\" content=\"index, follow, max-snippet:-1, max-image-preview:large, max-video-preview:-1\" \/>\n<link rel=\"canonical\" href=\"https:\/\/www.manaus.am.gov.br\/semcom\/prefeitura-estuda-liberacao-da-praia-da-ponta-negra-com-subida-do-rio-e-medida-sera-avaliada-com-laudos-tecnicos\/\" \/>\n<meta property=\"og:locale\" content=\"pt_BR\" \/>\n<meta property=\"og:type\" content=\"article\" \/>\n<meta property=\"og:title\" content=\"Prefeitura estuda libera\u00e7\u00e3o da praia da Ponta Negra\" \/>\n<meta property=\"og:description\" content=\"Prefeitura estuda libera\u00e7\u00e3o da praia da Ponta Negra com subida do rio e medida ser\u00e1 avaliada com laudos t\u00e9cnicos.\" \/>\n<meta property=\"og:url\" content=\"https:\/\/www.manaus.am.gov.br\/semcom\/prefeitura-estuda-liberacao-da-praia-da-ponta-negra-com-subida-do-rio-e-medida-sera-avaliada-com-laudos-tecnicos\/\" \/>\n<meta property=\"og:site_name\" content=\"SEMCOM\" \/>\n<meta property=\"article:published_time\" content=\"2023-12-15T20:15:03+00:00\" \/>\n<meta property=\"article:modified_time\" content=\"2023-12-15T20:17:05+00:00\" \/>\n<meta property=\"og:image\" content=\"https:\/\/www.manaus.am.gov.br\/semcom\/wp-content\/uploads\/sites\/5\/2023\/12\/53246050446_960a33d20f_k.jpg\" \/>\n\t<meta property=\"og:image:width\" content=\"1920\" \/>\n\t<meta property=\"og:image:height\" content=\"1280\" \/>\n\t<meta property=\"og:image:type\" content=\"image\/jpeg\" \/>\n<meta name=\"author\" content=\"Bruna Greco\" \/>\n<meta name=\"twitter:card\" content=\"summary_large_image\" \/>\n<meta name=\"twitter:label1\" content=\"Written by\" \/>\n\t<meta name=\"twitter:data1\" content=\"Bruna Greco\" \/>\n\t<meta name=\"twitter:label2\" content=\"Est. reading time\" \/>\n\t<meta name=\"twitter:data2\" content=\"3 minutos\" \/>\n<script type=\"application\/ld+json\" class=\"yoast-schema-graph\">{\"@context\":\"https:\/\/schema.org\",\"@graph\":[{\"@type\":\"WebPage\",\"@id\":\"https:\/\/www.manaus.am.gov.br\/semcom\/prefeitura-estuda-liberacao-da-praia-da-ponta-negra-com-subida-do-rio-e-medida-sera-avaliada-com-laudos-tecnicos\/\",\"url\":\"https:\/\/www.manaus.am.gov.br\/semcom\/prefeitura-estuda-liberacao-da-praia-da-ponta-negra-com-subida-do-rio-e-medida-sera-avaliada-com-laudos-tecnicos\/\",\"name\":\"Prefeitura estuda libera\u00e7\u00e3o da praia da Ponta Negra\",\"isPartOf\":{\"@id\":\"https:\/\/www.manaus.am.gov.br\/semcom\/#website\"},\"primaryImageOfPage\":{\"@id\":\"https:\/\/www.manaus.am.gov.br\/semcom\/prefeitura-estuda-liberacao-da-praia-da-ponta-negra-com-subida-do-rio-e-medida-sera-avaliada-com-laudos-tecnicos\/#primaryimage\"},\"image\":{\"@id\":\"https:\/\/www.manaus.am.gov.br\/semcom\/prefeitura-estuda-liberacao-da-praia-da-ponta-negra-com-subida-do-rio-e-medida-sera-avaliada-com-laudos-tecnicos\/#primaryimage\"},\"thumbnailUrl\":\"https:\/\/www.manaus.am.gov.br\/semcom\/wp-content\/uploads\/sites\/5\/2023\/12\/53246050446_960a33d20f_k.jpg\",\"datePublished\":\"2023-12-15T20:15:03+00:00\",\"dateModified\":\"2023-12-15T20:17:05+00:00\",\"author\":{\"@id\":\"https:\/\/www.manaus.am.gov.br\/semcom\/#\/schema\/person\/05d223aea2bf115f9883a6ff3683d81b\"},\"description\":\"Prefeitura estuda libera\u00e7\u00e3o da praia da Ponta Negra com subida do rio e medida ser\u00e1 avaliada com laudos t\u00e9cnicos.\",\"inLanguage\":\"pt-BR\",\"potentialAction\":[{\"@type\":\"ReadAction\",\"target\":[\"https:\/\/www.manaus.am.gov.br\/semcom\/prefeitura-estuda-liberacao-da-praia-da-ponta-negra-com-subida-do-rio-e-medida-sera-avaliada-com-laudos-tecnicos\/\"]}]},{\"@type\":\"ImageObject\",\"inLanguage\":\"pt-BR\",\"@id\":\"https:\/\/www.manaus.am.gov.br\/semcom\/prefeitura-estuda-liberacao-da-praia-da-ponta-negra-com-subida-do-rio-e-medida-sera-avaliada-com-laudos-tecnicos\/#primaryimage\",\"url\":\"https:\/\/www.manaus.am.gov.br\/semcom\/wp-content\/uploads\/sites\/5\/2023\/12\/53246050446_960a33d20f_k.jpg\",\"contentUrl\":\"https:\/\/www.manaus.am.gov.br\/semcom\/wp-content\/uploads\/sites\/5\/2023\/12\/53246050446_960a33d20f_k.jpg\",\"width\":1920,\"height\":1280,\"caption\":\"#paratodosverem - Praia da Ponta Negra com uma placa de interditada nas cores vermelha e branca\"},{\"@type\":\"WebSite\",\"@id\":\"https:\/\/www.manaus.am.gov.br\/semcom\/#website\",\"url\":\"https:\/\/www.manaus.am.gov.br\/semcom\/\",\"name\":\"SEMCOM\",\"description\":\"Secretaria Municipal de Comunica\u00e7\u00e3o\",\"potentialAction\":[{\"@type\":\"SearchAction\",\"target\":{\"@type\":\"EntryPoint\",\"urlTemplate\":\"https:\/\/www.manaus.am.gov.br\/semcom\/?s={search_term_string}\"},\"query-input\":\"required name=search_term_string\"}],\"inLanguage\":\"pt-BR\"},{\"@type\":\"Person\",\"@id\":\"https:\/\/www.manaus.am.gov.br\/semcom\/#\/schema\/person\/05d223aea2bf115f9883a6ff3683d81b\",\"name\":\"Bruna Greco\",\"image\":{\"@type\":\"ImageObject\",\"inLanguage\":\"pt-BR\",\"@id\":\"https:\/\/www.manaus.am.gov.br\/semcom\/#\/schema\/person\/image\/\",\"url\":\"https:\/\/secure.gravatar.com\/avatar\/9c877d1a6adc2a055330e5c09a8653ce?s=96&d=mm&r=g\",\"contentUrl\":\"https:\/\/secure.gravatar.com\/avatar\/9c877d1a6adc2a055330e5c09a8653ce?s=96&d=mm&r=g\",\"caption\":\"Bruna Greco\"}}]}<\/script>\n<!-- \/ Yoast SEO plugin. -->","yoast_head_json":{"title":"Prefeitura estuda libera\u00e7\u00e3o da praia da Ponta Negra","description":"Prefeitura estuda libera\u00e7\u00e3o da praia da Ponta Negra com subida do rio e medida ser\u00e1 avaliada com laudos t\u00e9cnicos.","robots":{"index":"index","follow":"follow","max-snippet":"max-snippet:-1","max-image-preview":"max-image-preview:large","max-video-preview":"max-video-preview:-1"},"canonical":"https:\/\/www.manaus.am.gov.br\/semcom\/prefeitura-estuda-liberacao-da-praia-da-ponta-negra-com-subida-do-rio-e-medida-sera-avaliada-com-laudos-tecnicos\/","og_locale":"pt_BR","og_type":"article","og_title":"Prefeitura estuda libera\u00e7\u00e3o da praia da Ponta Negra","og_description":"Prefeitura estuda libera\u00e7\u00e3o da praia da Ponta Negra com subida do rio e medida ser\u00e1 avaliada com laudos t\u00e9cnicos.","og_url":"https:\/\/www.manaus.am.gov.br\/semcom\/prefeitura-estuda-liberacao-da-praia-da-ponta-negra-com-subida-do-rio-e-medida-sera-avaliada-com-laudos-tecnicos\/","og_site_name":"SEMCOM","article_published_time":"2023-12-15T20:15:03+00:00","article_modified_time":"2023-12-15T20:17:05+00:00","og_image":[{"width":1920,"height":1280,"url":"https:\/\/www.manaus.am.gov.br\/semcom\/wp-content\/uploads\/sites\/5\/2023\/12\/53246050446_960a33d20f_k.jpg","type":"image\/jpeg"}],"author":"Bruna Greco","twitter_card":"summary_large_image","twitter_misc":{"Written by":"Bruna Greco","Est. reading time":"3 minutos"},"schema":{"@context":"https:\/\/schema.org","@graph":[{"@type":"WebPage","@id":"https:\/\/www.manaus.am.gov.br\/semcom\/prefeitura-estuda-liberacao-da-praia-da-ponta-negra-com-subida-do-rio-e-medida-sera-avaliada-com-laudos-tecnicos\/","url":"https:\/\/www.manaus.am.gov.br\/semcom\/prefeitura-estuda-liberacao-da-praia-da-ponta-negra-com-subida-do-rio-e-medida-sera-avaliada-com-laudos-tecnicos\/","name":"Prefeitura estuda libera\u00e7\u00e3o da praia da Ponta Negra","isPartOf":{"@id":"https:\/\/www.manaus.am.gov.br\/semcom\/#website"},"primaryImageOfPage":{"@id":"https:\/\/www.manaus.am.gov.br\/semcom\/prefeitura-estuda-liberacao-da-praia-da-ponta-negra-com-subida-do-rio-e-medida-sera-avaliada-com-laudos-tecnicos\/#primaryimage"},"image":{"@id":"https:\/\/www.manaus.am.gov.br\/semcom\/prefeitura-estuda-liberacao-da-praia-da-ponta-negra-com-subida-do-rio-e-medida-sera-avaliada-com-laudos-tecnicos\/#primaryimage"},"thumbnailUrl":"https:\/\/www.manaus.am.gov.br\/semcom\/wp-content\/uploads\/sites\/5\/2023\/12\/53246050446_960a33d20f_k.jpg","datePublished":"2023-12-15T20:15:03+00:00","dateModified":"2023-12-15T20:17:05+00:00","author":{"@id":"https:\/\/www.manaus.am.gov.br\/semcom\/#\/schema\/person\/05d223aea2bf115f9883a6ff3683d81b"},"description":"Prefeitura estuda libera\u00e7\u00e3o da praia da Ponta Negra com subida do rio e medida ser\u00e1 avaliada com laudos t\u00e9cnicos.","inLanguage":"pt-BR","potentialAction":[{"@type":"ReadAction","target":["https:\/\/www.manaus.am.gov.br\/semcom\/prefeitura-estuda-liberacao-da-praia-da-ponta-negra-com-subida-do-rio-e-medida-sera-avaliada-com-laudos-tecnicos\/"]}]},{"@type":"ImageObject","inLanguage":"pt-BR","@id":"https:\/\/www.manaus.am.gov.br\/semcom\/prefeitura-estuda-liberacao-da-praia-da-ponta-negra-com-subida-do-rio-e-medida-sera-avaliada-com-laudos-tecnicos\/#primaryimage","url":"https:\/\/www.manaus.am.gov.br\/semcom\/wp-content\/uploads\/sites\/5\/2023\/12\/53246050446_960a33d20f_k.jpg","contentUrl":"https:\/\/www.manaus.am.gov.br\/semcom\/wp-content\/uploads\/sites\/5\/2023\/12\/53246050446_960a33d20f_k.jpg","width":1920,"height":1280,"caption":"#paratodosverem - Praia da Ponta Negra com uma placa de interditada nas cores vermelha e branca"},{"@type":"WebSite","@id":"https:\/\/www.manaus.am.gov.br\/semcom\/#website","url":"https:\/\/www.manaus.am.gov.br\/semcom\/","name":"SEMCOM","description":"Secretaria Municipal de Comunica\u00e7\u00e3o","potentialAction":[{"@type":"SearchAction","target":{"@type":"EntryPoint","urlTemplate":"https:\/\/www.manaus.am.gov.br\/semcom\/?s={search_term_string}"},"query-input":"required name=search_term_string"}],"inLanguage":"pt-BR"},{"@type":"Person","@id":"https:\/\/www.manaus.am.gov.br\/semcom\/#\/schema\/person\/05d223aea2bf115f9883a6ff3683d81b","name":"Bruna Greco","image":{"@type":"ImageObject","inLanguage":"pt-BR","@id":"https:\/\/www.manaus.am.gov.br\/semcom\/#\/schema\/person\/image\/","url":"https:\/\/secure.gravatar.com\/avatar\/9c877d1a6adc2a055330e5c09a8653ce?s=96&d=mm&r=g","contentUrl":"https:\/\/secure.gravatar.com\/avatar\/9c877d1a6adc2a055330e5c09a8653ce?s=96&d=mm&r=g","caption":"Bruna Greco"}}]}},"_links":{"self":[{"href":"https:\/\/www.manaus.am.gov.br\/semcom\/wp-json\/wp\/v2\/posts\/223047"}],"collection":[{"href":"https:\/\/www.manaus.am.gov.br\/semcom\/wp-json\/wp\/v2\/posts"}],"about":[{"href":"https:\/\/www.manaus.am.gov.br\/semcom\/wp-json\/wp\/v2\/types\/post"}],"author":[{"embeddable":true,"href":"https:\/\/www.manaus.am.gov.br\/semcom\/wp-json\/wp\/v2\/users\/39"}],"replies":[{"embeddable":true,"href":"https:\/\/www.manaus.am.gov.br\/semcom\/wp-json\/wp\/v2\/comments?post=223047"}],"version-history":[{"count":1,"href":"https:\/\/www.manaus.am.gov.br\/semcom\/wp-json\/wp\/v2\/posts\/223047\/revisions"}],"predecessor-version":[{"id":223049,"href":"https:\/\/www.manaus.am.gov.br\/semcom\/wp-json\/wp\/v2\/posts\/223047\/revisions\/223049"}],"wp:featuredmedia":[{"embeddable":true,"href":"https:\/\/www.manaus.am.gov.br\/semcom\/wp-json\/wp\/v2\/media\/223048"}],"wp:attachment":[{"href":"https:\/\/www.manaus.am.gov.br\/semcom\/wp-json\/wp\/v2\/media?parent=223047"}],"wp:term":[{"taxonomy":"category","embeddable":true,"href":"https:\/\/www.manaus.am.gov.br\/semcom\/wp-json\/wp\/v2\/categories?post=223047"},{"taxonomy":"post_tag","embeddable":true,"href":"https:\/\/www.manaus.am.gov.br\/semcom\/wp-json\/wp\/v2\/tags?post=223047"}],"curies":[{"name":"wp","href":"https:\/\/api.w.org\/{rel}","templated":true}]}}