{"id":223035,"date":"2023-12-15T15:43:18","date_gmt":"2023-12-15T18:43:18","guid":{"rendered":"https:\/\/www.manaus.am.gov.br\/semcom\/prefeitura-de-manaus-orienta-contemplados-no-programa-bolsa-universidade-2024-para-o-prazo-de-entrega-da-documentacao\/"},"modified":"2023-12-15T15:43:19","modified_gmt":"2023-12-15T18:43:19","slug":"prefeitura-de-manaus-orienta-contemplados-no-programa-bolsa-universidade-2024-para-o-prazo-de-entrega-da-documentacao","status":"publish","type":"post","link":"https:\/\/www.manaus.am.gov.br\/semcom\/prefeitura-de-manaus-orienta-contemplados-no-programa-bolsa-universidade-2024-para-o-prazo-de-entrega-da-documentacao\/","title":{"rendered":"Prefeitura de Manaus orienta contemplados no Programa Bolsa Universidade 2024 para o prazo de entrega da documenta\u00e7\u00e3o\u00a0\u00a0"},"content":{"rendered":"\n<p>Os candidatos contemplados na primeira chamada do Programa Bolsa Universidade (PBU) 2024, da Prefeitura de Manaus, dever\u00e3o entregar a documenta\u00e7\u00e3o indicada na inscri\u00e7\u00e3o nas Institui\u00e7\u00f5es de Ensino Superior (IES) para as quais tenham sido classificados, nos dias 18, 19 e 20\/12, no hor\u00e1rio de 8h \u00e0s 15h. A apresenta\u00e7\u00e3o dever\u00e1 ser presencial e os documentos, originais, com c\u00f3pia. Quem n\u00e3o entregar os documentos, ser\u00e1 eliminado automaticamente.<\/p>\n\n\n\n<p>Os endere\u00e7os das institui\u00e7\u00f5es podem ser encontrados no Edital n\u00ba 06\/2023, publicado na Edi\u00e7\u00e3o 5.693 do&nbsp;<a href=\"http:\/\/dom.manaus.am.gov.br\/\" target=\"_blank\" rel=\"noreferrer noopener\">Di\u00e1rio Oficial do Munic\u00edpio<\/a>&nbsp;(DOM), de 20 de outubro de 2023.<\/p>\n\n\n\n<p>A Escola de Servi\u00e7o P\u00fablico Municipal e Inclus\u00e3o Socioeducacional (Espi), \u00f3rg\u00e3o vinculado \u00e0 Secretaria Municipal de Administra\u00e7\u00e3o, Planejamento e Gest\u00e3o (Semad), respons\u00e1vel pela coordena\u00e7\u00e3o do programa, far\u00e1 a confer\u00eancia das informa\u00e7\u00f5es prestadas no ato da inscri\u00e7\u00e3o.<\/p>\n\n\n\n<p>\u201cEsta \u00e9 uma etapa muito importante para que os candidatos assegurem o direito \u00e0 bolsa e possam usufruir desse benef\u00edcio oferecido pela prefeitura, que vem recebendo refor\u00e7o na gest\u00e3o do prefeito David Almeida, com a ades\u00e3o das institui\u00e7\u00f5es e um n\u00famero maior de bolsas. Lembrando que esses tr\u00eas dias s\u00e3o apenas para valida\u00e7\u00e3o da documenta\u00e7\u00e3o, n\u00e3o sendo necess\u00e1rio, ainda, o pagamento de taxas ou matr\u00edcula\u201d, destaca o diretor-presidente da Espi, Junior Nunes.<\/p>\n\n\n\n<p>Ap\u00f3s a confer\u00eancia dos documentos, ser\u00e1 emitido, pela coordena\u00e7\u00e3o do PBU, o Encaminhamento de Matr\u00edcula para ades\u00e3o ao benef\u00edcio junto \u00e0 IES, respeitando os procedimentos e os prazos de matr\u00edcula das Institui\u00e7\u00f5es de Ensino Superior. O encaminhamento tamb\u00e9m ficar\u00e1 dispon\u00edvel no Portal do Candidato&nbsp;<a href=\"https:\/\/sgbu.manaus.am.gov.br\/\" target=\"_blank\" rel=\"noreferrer noopener\">https:\/\/sgbu.manaus.am.gov.br\/<\/a><\/p>\n\n\n\n<p>Caso a documenta\u00e7\u00e3o esteja incompleta ou apresente alguma inconsist\u00eancia, o contemplado dever\u00e1 entrar em contato diretamente com a Espi para mais informa\u00e7\u00f5es. &nbsp;<\/p>\n\n\n\n<p>&#8212; &#8212; &#8212;<\/p>\n\n\n\n<p><strong>Texto<\/strong>&nbsp;\u2013 Sandra Monteiro \/ Semad-Espi<\/p>\n\n\n\n<p><strong>Foto<\/strong>&nbsp;\u2013 Sidney William \/ Semad-Espi<\/p>\n","protected":false},"excerpt":{"rendered":"","protected":false},"author":39,"featured_media":223036,"comment_status":"closed","ping_status":"closed","sticky":false,"template":"","format":"standard","meta":{"footnotes":""},"categories":[1495],"tags":[934,9784,9785,77,8721,838],"acf":[],"yoast_head":"<!-- This site is optimized with the Yoast SEO plugin v23.0 - https:\/\/yoast.com\/wordpress\/plugins\/seo\/ -->\n<title>Prefeitura orienta contemplados no Bolsa Universidade 2024<\/title>\n<meta name=\"description\" content=\"Prefeitura de Manaus orienta contemplados no Programa Bolsa Universidade 2024 para o prazo de entrega da documenta\u00e7\u00e3o.\" \/>\n<meta name=\"robots\" content=\"index, follow, max-snippet:-1, max-image-preview:large, max-video-preview:-1\" \/>\n<link rel=\"canonical\" href=\"https:\/\/www.manaus.am.gov.br\/semcom\/prefeitura-de-manaus-orienta-contemplados-no-programa-bolsa-universidade-2024-para-o-prazo-de-entrega-da-documentacao\/\" \/>\n<meta property=\"og:locale\" content=\"pt_BR\" \/>\n<meta property=\"og:type\" content=\"article\" \/>\n<meta property=\"og:title\" content=\"Prefeitura orienta contemplados no Bolsa Universidade 2024\" \/>\n<meta property=\"og:description\" content=\"Prefeitura de Manaus orienta contemplados no Programa Bolsa Universidade 2024 para o prazo de entrega da documenta\u00e7\u00e3o.\" \/>\n<meta property=\"og:url\" content=\"https:\/\/www.manaus.am.gov.br\/semcom\/prefeitura-de-manaus-orienta-contemplados-no-programa-bolsa-universidade-2024-para-o-prazo-de-entrega-da-documentacao\/\" \/>\n<meta property=\"og:site_name\" content=\"SEMCOM\" \/>\n<meta property=\"article:published_time\" content=\"2023-12-15T18:43:18+00:00\" \/>\n<meta property=\"article:modified_time\" content=\"2023-12-15T18:43:19+00:00\" \/>\n<meta property=\"og:image\" content=\"https:\/\/www.manaus.am.gov.br\/semcom\/wp-content\/uploads\/sites\/5\/2023\/12\/Documentos-Espi-Foto-Thelson-Souza-Semad-1024x768.jpg\" \/>\n\t<meta property=\"og:image:width\" content=\"1024\" \/>\n\t<meta property=\"og:image:height\" content=\"768\" \/>\n\t<meta property=\"og:image:type\" content=\"image\/jpeg\" \/>\n<meta name=\"author\" content=\"Bruna Greco\" \/>\n<meta name=\"twitter:card\" content=\"summary_large_image\" \/>\n<meta name=\"twitter:label1\" content=\"Written by\" \/>\n\t<meta name=\"twitter:data1\" content=\"Bruna Greco\" \/>\n\t<meta name=\"twitter:label2\" content=\"Est. reading time\" \/>\n\t<meta name=\"twitter:data2\" content=\"2 minutos\" \/>\n<script type=\"application\/ld+json\" class=\"yoast-schema-graph\">{\"@context\":\"https:\/\/schema.org\",\"@graph\":[{\"@type\":\"WebPage\",\"@id\":\"https:\/\/www.manaus.am.gov.br\/semcom\/prefeitura-de-manaus-orienta-contemplados-no-programa-bolsa-universidade-2024-para-o-prazo-de-entrega-da-documentacao\/\",\"url\":\"https:\/\/www.manaus.am.gov.br\/semcom\/prefeitura-de-manaus-orienta-contemplados-no-programa-bolsa-universidade-2024-para-o-prazo-de-entrega-da-documentacao\/\",\"name\":\"Prefeitura orienta contemplados no Bolsa Universidade 2024\",\"isPartOf\":{\"@id\":\"https:\/\/www.manaus.am.gov.br\/semcom\/#website\"},\"primaryImageOfPage\":{\"@id\":\"https:\/\/www.manaus.am.gov.br\/semcom\/prefeitura-de-manaus-orienta-contemplados-no-programa-bolsa-universidade-2024-para-o-prazo-de-entrega-da-documentacao\/#primaryimage\"},\"image\":{\"@id\":\"https:\/\/www.manaus.am.gov.br\/semcom\/prefeitura-de-manaus-orienta-contemplados-no-programa-bolsa-universidade-2024-para-o-prazo-de-entrega-da-documentacao\/#primaryimage\"},\"thumbnailUrl\":\"https:\/\/www.manaus.am.gov.br\/semcom\/wp-content\/uploads\/sites\/5\/2023\/12\/Documentos-Espi-Foto-Thelson-Souza-Semad.jpg\",\"datePublished\":\"2023-12-15T18:43:18+00:00\",\"dateModified\":\"2023-12-15T18:43:19+00:00\",\"author\":{\"@id\":\"https:\/\/www.manaus.am.gov.br\/semcom\/#\/schema\/person\/05d223aea2bf115f9883a6ff3683d81b\"},\"description\":\"Prefeitura de Manaus orienta contemplados no Programa Bolsa Universidade 2024 para o prazo de entrega da documenta\u00e7\u00e3o.\",\"inLanguage\":\"pt-BR\",\"potentialAction\":[{\"@type\":\"ReadAction\",\"target\":[\"https:\/\/www.manaus.am.gov.br\/semcom\/prefeitura-de-manaus-orienta-contemplados-no-programa-bolsa-universidade-2024-para-o-prazo-de-entrega-da-documentacao\/\"]}]},{\"@type\":\"ImageObject\",\"inLanguage\":\"pt-BR\",\"@id\":\"https:\/\/www.manaus.am.gov.br\/semcom\/prefeitura-de-manaus-orienta-contemplados-no-programa-bolsa-universidade-2024-para-o-prazo-de-entrega-da-documentacao\/#primaryimage\",\"url\":\"https:\/\/www.manaus.am.gov.br\/semcom\/wp-content\/uploads\/sites\/5\/2023\/12\/Documentos-Espi-Foto-Thelson-Souza-Semad.jpg\",\"contentUrl\":\"https:\/\/www.manaus.am.gov.br\/semcom\/wp-content\/uploads\/sites\/5\/2023\/12\/Documentos-Espi-Foto-Thelson-Souza-Semad.jpg\",\"width\":4032,\"height\":3024,\"caption\":\"#paratodosverem - Jovem entregando documento para servidor municipal sentado ao lado de duas servidoras\"},{\"@type\":\"WebSite\",\"@id\":\"https:\/\/www.manaus.am.gov.br\/semcom\/#website\",\"url\":\"https:\/\/www.manaus.am.gov.br\/semcom\/\",\"name\":\"SEMCOM\",\"description\":\"Secretaria Municipal de Comunica\u00e7\u00e3o\",\"potentialAction\":[{\"@type\":\"SearchAction\",\"target\":{\"@type\":\"EntryPoint\",\"urlTemplate\":\"https:\/\/www.manaus.am.gov.br\/semcom\/?s={search_term_string}\"},\"query-input\":\"required name=search_term_string\"}],\"inLanguage\":\"pt-BR\"},{\"@type\":\"Person\",\"@id\":\"https:\/\/www.manaus.am.gov.br\/semcom\/#\/schema\/person\/05d223aea2bf115f9883a6ff3683d81b\",\"name\":\"Bruna Greco\",\"image\":{\"@type\":\"ImageObject\",\"inLanguage\":\"pt-BR\",\"@id\":\"https:\/\/www.manaus.am.gov.br\/semcom\/#\/schema\/person\/image\/\",\"url\":\"https:\/\/secure.gravatar.com\/avatar\/9c877d1a6adc2a055330e5c09a8653ce?s=96&d=mm&r=g\",\"contentUrl\":\"https:\/\/secure.gravatar.com\/avatar\/9c877d1a6adc2a055330e5c09a8653ce?s=96&d=mm&r=g\",\"caption\":\"Bruna Greco\"}}]}<\/script>\n<!-- \/ Yoast SEO plugin. -->","yoast_head_json":{"title":"Prefeitura orienta contemplados no Bolsa Universidade 2024","description":"Prefeitura de Manaus orienta contemplados no Programa Bolsa Universidade 2024 para o prazo de entrega da documenta\u00e7\u00e3o.","robots":{"index":"index","follow":"follow","max-snippet":"max-snippet:-1","max-image-preview":"max-image-preview:large","max-video-preview":"max-video-preview:-1"},"canonical":"https:\/\/www.manaus.am.gov.br\/semcom\/prefeitura-de-manaus-orienta-contemplados-no-programa-bolsa-universidade-2024-para-o-prazo-de-entrega-da-documentacao\/","og_locale":"pt_BR","og_type":"article","og_title":"Prefeitura orienta contemplados no Bolsa Universidade 2024","og_description":"Prefeitura de Manaus orienta contemplados no Programa Bolsa Universidade 2024 para o prazo de entrega da documenta\u00e7\u00e3o.","og_url":"https:\/\/www.manaus.am.gov.br\/semcom\/prefeitura-de-manaus-orienta-contemplados-no-programa-bolsa-universidade-2024-para-o-prazo-de-entrega-da-documentacao\/","og_site_name":"SEMCOM","article_published_time":"2023-12-15T18:43:18+00:00","article_modified_time":"2023-12-15T18:43:19+00:00","og_image":[{"width":1024,"height":768,"url":"https:\/\/www.manaus.am.gov.br\/semcom\/wp-content\/uploads\/sites\/5\/2023\/12\/Documentos-Espi-Foto-Thelson-Souza-Semad-1024x768.jpg","type":"image\/jpeg"}],"author":"Bruna Greco","twitter_card":"summary_large_image","twitter_misc":{"Written by":"Bruna Greco","Est. reading time":"2 minutos"},"schema":{"@context":"https:\/\/schema.org","@graph":[{"@type":"WebPage","@id":"https:\/\/www.manaus.am.gov.br\/semcom\/prefeitura-de-manaus-orienta-contemplados-no-programa-bolsa-universidade-2024-para-o-prazo-de-entrega-da-documentacao\/","url":"https:\/\/www.manaus.am.gov.br\/semcom\/prefeitura-de-manaus-orienta-contemplados-no-programa-bolsa-universidade-2024-para-o-prazo-de-entrega-da-documentacao\/","name":"Prefeitura orienta contemplados no Bolsa Universidade 2024","isPartOf":{"@id":"https:\/\/www.manaus.am.gov.br\/semcom\/#website"},"primaryImageOfPage":{"@id":"https:\/\/www.manaus.am.gov.br\/semcom\/prefeitura-de-manaus-orienta-contemplados-no-programa-bolsa-universidade-2024-para-o-prazo-de-entrega-da-documentacao\/#primaryimage"},"image":{"@id":"https:\/\/www.manaus.am.gov.br\/semcom\/prefeitura-de-manaus-orienta-contemplados-no-programa-bolsa-universidade-2024-para-o-prazo-de-entrega-da-documentacao\/#primaryimage"},"thumbnailUrl":"https:\/\/www.manaus.am.gov.br\/semcom\/wp-content\/uploads\/sites\/5\/2023\/12\/Documentos-Espi-Foto-Thelson-Souza-Semad.jpg","datePublished":"2023-12-15T18:43:18+00:00","dateModified":"2023-12-15T18:43:19+00:00","author":{"@id":"https:\/\/www.manaus.am.gov.br\/semcom\/#\/schema\/person\/05d223aea2bf115f9883a6ff3683d81b"},"description":"Prefeitura de Manaus orienta contemplados no Programa Bolsa Universidade 2024 para o prazo de entrega da documenta\u00e7\u00e3o.","inLanguage":"pt-BR","potentialAction":[{"@type":"ReadAction","target":["https:\/\/www.manaus.am.gov.br\/semcom\/prefeitura-de-manaus-orienta-contemplados-no-programa-bolsa-universidade-2024-para-o-prazo-de-entrega-da-documentacao\/"]}]},{"@type":"ImageObject","inLanguage":"pt-BR","@id":"https:\/\/www.manaus.am.gov.br\/semcom\/prefeitura-de-manaus-orienta-contemplados-no-programa-bolsa-universidade-2024-para-o-prazo-de-entrega-da-documentacao\/#primaryimage","url":"https:\/\/www.manaus.am.gov.br\/semcom\/wp-content\/uploads\/sites\/5\/2023\/12\/Documentos-Espi-Foto-Thelson-Souza-Semad.jpg","contentUrl":"https:\/\/www.manaus.am.gov.br\/semcom\/wp-content\/uploads\/sites\/5\/2023\/12\/Documentos-Espi-Foto-Thelson-Souza-Semad.jpg","width":4032,"height":3024,"caption":"#paratodosverem - Jovem entregando documento para servidor municipal sentado ao lado de duas servidoras"},{"@type":"WebSite","@id":"https:\/\/www.manaus.am.gov.br\/semcom\/#website","url":"https:\/\/www.manaus.am.gov.br\/semcom\/","name":"SEMCOM","description":"Secretaria Municipal de Comunica\u00e7\u00e3o","potentialAction":[{"@type":"SearchAction","target":{"@type":"EntryPoint","urlTemplate":"https:\/\/www.manaus.am.gov.br\/semcom\/?s={search_term_string}"},"query-input":"required name=search_term_string"}],"inLanguage":"pt-BR"},{"@type":"Person","@id":"https:\/\/www.manaus.am.gov.br\/semcom\/#\/schema\/person\/05d223aea2bf115f9883a6ff3683d81b","name":"Bruna Greco","image":{"@type":"ImageObject","inLanguage":"pt-BR","@id":"https:\/\/www.manaus.am.gov.br\/semcom\/#\/schema\/person\/image\/","url":"https:\/\/secure.gravatar.com\/avatar\/9c877d1a6adc2a055330e5c09a8653ce?s=96&d=mm&r=g","contentUrl":"https:\/\/secure.gravatar.com\/avatar\/9c877d1a6adc2a055330e5c09a8653ce?s=96&d=mm&r=g","caption":"Bruna Greco"}}]}},"_links":{"self":[{"href":"https:\/\/www.manaus.am.gov.br\/semcom\/wp-json\/wp\/v2\/posts\/223035"}],"collection":[{"href":"https:\/\/www.manaus.am.gov.br\/semcom\/wp-json\/wp\/v2\/posts"}],"about":[{"href":"https:\/\/www.manaus.am.gov.br\/semcom\/wp-json\/wp\/v2\/types\/post"}],"author":[{"embeddable":true,"href":"https:\/\/www.manaus.am.gov.br\/semcom\/wp-json\/wp\/v2\/users\/39"}],"replies":[{"embeddable":true,"href":"https:\/\/www.manaus.am.gov.br\/semcom\/wp-json\/wp\/v2\/comments?post=223035"}],"version-history":[{"count":0,"href":"https:\/\/www.manaus.am.gov.br\/semcom\/wp-json\/wp\/v2\/posts\/223035\/revisions"}],"wp:featuredmedia":[{"embeddable":true,"href":"https:\/\/www.manaus.am.gov.br\/semcom\/wp-json\/wp\/v2\/media\/223036"}],"wp:attachment":[{"href":"https:\/\/www.manaus.am.gov.br\/semcom\/wp-json\/wp\/v2\/media?parent=223035"}],"wp:term":[{"taxonomy":"category","embeddable":true,"href":"https:\/\/www.manaus.am.gov.br\/semcom\/wp-json\/wp\/v2\/categories?post=223035"},{"taxonomy":"post_tag","embeddable":true,"href":"https:\/\/www.manaus.am.gov.br\/semcom\/wp-json\/wp\/v2\/tags?post=223035"}],"curies":[{"name":"wp","href":"https:\/\/api.w.org\/{rel}","templated":true}]}}