{"id":222900,"date":"2023-12-13T12:51:08","date_gmt":"2023-12-13T15:51:08","guid":{"rendered":"https:\/\/www.manaus.am.gov.br\/semcom\/prefeitura-de-manaus-segue-com-campanha-que-oferece-descontos-de-ate-100-para-regularizacao-de-debitos-com-iptu\/"},"modified":"2023-12-13T12:51:09","modified_gmt":"2023-12-13T15:51:09","slug":"prefeitura-de-manaus-segue-com-campanha-que-oferece-descontos-de-ate-100-para-regularizacao-de-debitos-com-iptu","status":"publish","type":"post","link":"https:\/\/www.manaus.am.gov.br\/semcom\/prefeitura-de-manaus-segue-com-campanha-que-oferece-descontos-de-ate-100-para-regularizacao-de-debitos-com-iptu\/","title":{"rendered":"Prefeitura de Manaus segue com campanha que oferece descontos de at\u00e9 100% para regulariza\u00e7\u00e3o de d\u00e9bitos com IPTU"},"content":{"rendered":"\n<p>A Prefeitura de Manaus, por meio da Procuradoria Geral do Munic\u00edpio (PGM), segue realizando inscri\u00e7\u00e3o ao Programa de Transa\u00e7\u00e3o Tribut\u00e1ria por Ades\u00e3o 2023, que permite a regulariza\u00e7\u00e3o de d\u00e9bitos com o Imposto sobre a Propriedade Predial e Territorial Urbana (IPTU).<\/p>\n\n\n\n<p>O prazo de ades\u00e3o ao programa segue aberto at\u00e9 o pr\u00f3ximo dia 26 de dezembro. A inscri\u00e7\u00e3o deve ser realizada exclusivamente pela internet, no Portal da Prefeitura de Manaus, ou pelo link&nbsp;<a href=\"http:\/\/www.manaus.am.gov\/transacaotributaria2023\" target=\"_blank\" rel=\"noreferrer noopener\">www.manaus.am.gov\/transacaotributaria2023<\/a>.&nbsp;<\/p>\n\n\n\n<p>A ades\u00e3o permitir\u00e1 ao contribuinte que esteja devendo IPTU j\u00e1 na fase de cobran\u00e7a judicial, com inscri\u00e7\u00e3o na D\u00edvida Ativa, regulariza\u00e7\u00e3o de d\u00e9bitos junto \u00e0 Prefeitura de Manaus. S\u00e3o eleg\u00edveis ao programa d\u00e9bitos que tenham sido lan\u00e7ados h\u00e1, ao menos, um ano.<\/p>\n\n\n\n<p>O munic\u00edpio possui 225 mil processos judiciais relacionados ao IPTU, abrangendo pessoas f\u00edsicas e jur\u00eddicas, totalizando R$ 2 bilh\u00f5es em d\u00e9bitos, al\u00e9m dos juros e multas.<\/p>\n\n\n\n<p>O contribuinte que aderir ao Programa de Transa\u00e7\u00e3o Tribut\u00e1ria poder\u00e1 obter descontos no valor da multa e dos juros de at\u00e9 100% para pagamento \u00e0 vista, 90% (2 a 12 parcelas), 80% (13 a 24 parcelas), 70% (25 a 36 parcelas) e 60% (37 a 60 parcelas).<\/p>\n\n\n\n<p>O Programa de Transa\u00e7\u00e3o Tribut\u00e1ria 2023 \u00e9 uma forma de resolver d\u00e9bitos com o munic\u00edpio, conforme medida prevista na Lei Municipal n\u00ba 3.064, aprovada em junho deste ano.<\/p>\n\n\n\n<p>&#8212; &#8212; &#8212;<\/p>\n\n\n\n<p><strong>Texto<\/strong>&nbsp;\u2013 Geraldo Farias\/Semcom<\/p>\n\n\n\n<p><strong>Fotos<\/strong>&nbsp;\u2013 Elton Viana\/Semcom<\/p>\n","protected":false},"excerpt":{"rendered":"","protected":false},"author":23,"featured_media":222901,"comment_status":"closed","ping_status":"closed","sticky":false,"template":"","format":"standard","meta":{"footnotes":""},"categories":[6002],"tags":[7938,9730,77,559,404,9731],"acf":[],"yoast_head":"<!-- This site is optimized with the Yoast SEO plugin v23.0 - https:\/\/yoast.com\/wordpress\/plugins\/seo\/ -->\n<title>Prefeitura de Manaus segue com campanha que oferece descontos de at\u00e9 100% para regulariza\u00e7\u00e3o de d\u00e9bitos com IPTU<\/title>\n<meta name=\"description\" content=\"A Prefeitura de Manaus, por meio da Procuradoria Geral do Munic\u00edpio (PGM), segue realizando inscri\u00e7\u00e3o ao Programa de Transa\u00e7\u00e3o Tribut\u00e1ria por Ades\u00e3o 2023, que permite a regulariza\u00e7\u00e3o de d\u00e9bitos com o Imposto sobre a Propriedade Predial e Territorial Urbana (IPTU).\" \/>\n<meta name=\"robots\" content=\"index, follow, max-snippet:-1, max-image-preview:large, max-video-preview:-1\" \/>\n<link rel=\"canonical\" href=\"https:\/\/www.manaus.am.gov.br\/semcom\/prefeitura-de-manaus-segue-com-campanha-que-oferece-descontos-de-ate-100-para-regularizacao-de-debitos-com-iptu\/\" \/>\n<meta property=\"og:locale\" content=\"pt_BR\" \/>\n<meta property=\"og:type\" content=\"article\" \/>\n<meta property=\"og:title\" content=\"Prefeitura de Manaus segue com campanha que oferece descontos de at\u00e9 100% para regulariza\u00e7\u00e3o de d\u00e9bitos com IPTU\" \/>\n<meta property=\"og:description\" content=\"A Prefeitura de Manaus, por meio da Procuradoria Geral do Munic\u00edpio (PGM), segue realizando inscri\u00e7\u00e3o ao Programa de Transa\u00e7\u00e3o Tribut\u00e1ria por Ades\u00e3o 2023, que permite a regulariza\u00e7\u00e3o de d\u00e9bitos com o Imposto sobre a Propriedade Predial e Territorial Urbana (IPTU).\" \/>\n<meta property=\"og:url\" content=\"https:\/\/www.manaus.am.gov.br\/semcom\/prefeitura-de-manaus-segue-com-campanha-que-oferece-descontos-de-ate-100-para-regularizacao-de-debitos-com-iptu\/\" \/>\n<meta property=\"og:site_name\" content=\"SEMCOM\" \/>\n<meta property=\"article:published_time\" content=\"2023-12-13T15:51:08+00:00\" \/>\n<meta property=\"article:modified_time\" content=\"2023-12-13T15:51:09+00:00\" \/>\n<meta property=\"og:image\" content=\"https:\/\/www.manaus.am.gov.br\/semcom\/wp-content\/uploads\/sites\/5\/2023\/12\/iptu-3.jpeg\" \/>\n\t<meta property=\"og:image:width\" content=\"2560\" \/>\n\t<meta property=\"og:image:height\" content=\"1706\" \/>\n\t<meta property=\"og:image:type\" content=\"image\/jpeg\" \/>\n<meta name=\"author\" content=\"Adriana Costa\" \/>\n<meta name=\"twitter:card\" content=\"summary_large_image\" \/>\n<meta name=\"twitter:label1\" content=\"Written by\" \/>\n\t<meta name=\"twitter:data1\" content=\"Adriana Costa\" \/>\n\t<meta name=\"twitter:label2\" content=\"Est. reading time\" \/>\n\t<meta name=\"twitter:data2\" content=\"2 minutos\" \/>\n<script type=\"application\/ld+json\" class=\"yoast-schema-graph\">{\"@context\":\"https:\/\/schema.org\",\"@graph\":[{\"@type\":\"WebPage\",\"@id\":\"https:\/\/www.manaus.am.gov.br\/semcom\/prefeitura-de-manaus-segue-com-campanha-que-oferece-descontos-de-ate-100-para-regularizacao-de-debitos-com-iptu\/\",\"url\":\"https:\/\/www.manaus.am.gov.br\/semcom\/prefeitura-de-manaus-segue-com-campanha-que-oferece-descontos-de-ate-100-para-regularizacao-de-debitos-com-iptu\/\",\"name\":\"Prefeitura de Manaus segue com campanha que oferece descontos de at\u00e9 100% para regulariza\u00e7\u00e3o de d\u00e9bitos com IPTU\",\"isPartOf\":{\"@id\":\"https:\/\/www.manaus.am.gov.br\/semcom\/#website\"},\"primaryImageOfPage\":{\"@id\":\"https:\/\/www.manaus.am.gov.br\/semcom\/prefeitura-de-manaus-segue-com-campanha-que-oferece-descontos-de-ate-100-para-regularizacao-de-debitos-com-iptu\/#primaryimage\"},\"image\":{\"@id\":\"https:\/\/www.manaus.am.gov.br\/semcom\/prefeitura-de-manaus-segue-com-campanha-que-oferece-descontos-de-ate-100-para-regularizacao-de-debitos-com-iptu\/#primaryimage\"},\"thumbnailUrl\":\"https:\/\/www.manaus.am.gov.br\/semcom\/wp-content\/uploads\/sites\/5\/2023\/12\/iptu-3.jpeg\",\"datePublished\":\"2023-12-13T15:51:08+00:00\",\"dateModified\":\"2023-12-13T15:51:09+00:00\",\"author\":{\"@id\":\"https:\/\/www.manaus.am.gov.br\/semcom\/#\/schema\/person\/4e49f4e267757a06ca072ec61b2b9968\"},\"description\":\"A Prefeitura de Manaus, por meio da Procuradoria Geral do Munic\u00edpio (PGM), segue realizando inscri\u00e7\u00e3o ao Programa de Transa\u00e7\u00e3o Tribut\u00e1ria por Ades\u00e3o 2023, que permite a regulariza\u00e7\u00e3o de d\u00e9bitos com o Imposto sobre a Propriedade Predial e Territorial Urbana (IPTU).\",\"inLanguage\":\"pt-BR\",\"potentialAction\":[{\"@type\":\"ReadAction\",\"target\":[\"https:\/\/www.manaus.am.gov.br\/semcom\/prefeitura-de-manaus-segue-com-campanha-que-oferece-descontos-de-ate-100-para-regularizacao-de-debitos-com-iptu\/\"]}]},{\"@type\":\"ImageObject\",\"inLanguage\":\"pt-BR\",\"@id\":\"https:\/\/www.manaus.am.gov.br\/semcom\/prefeitura-de-manaus-segue-com-campanha-que-oferece-descontos-de-ate-100-para-regularizacao-de-debitos-com-iptu\/#primaryimage\",\"url\":\"https:\/\/www.manaus.am.gov.br\/semcom\/wp-content\/uploads\/sites\/5\/2023\/12\/iptu-3.jpeg\",\"contentUrl\":\"https:\/\/www.manaus.am.gov.br\/semcom\/wp-content\/uploads\/sites\/5\/2023\/12\/iptu-3.jpeg\",\"width\":2560,\"height\":1706},{\"@type\":\"WebSite\",\"@id\":\"https:\/\/www.manaus.am.gov.br\/semcom\/#website\",\"url\":\"https:\/\/www.manaus.am.gov.br\/semcom\/\",\"name\":\"SEMCOM\",\"description\":\"Secretaria Municipal de Comunica\u00e7\u00e3o\",\"potentialAction\":[{\"@type\":\"SearchAction\",\"target\":{\"@type\":\"EntryPoint\",\"urlTemplate\":\"https:\/\/www.manaus.am.gov.br\/semcom\/?s={search_term_string}\"},\"query-input\":\"required name=search_term_string\"}],\"inLanguage\":\"pt-BR\"},{\"@type\":\"Person\",\"@id\":\"https:\/\/www.manaus.am.gov.br\/semcom\/#\/schema\/person\/4e49f4e267757a06ca072ec61b2b9968\",\"name\":\"Adriana Costa\",\"image\":{\"@type\":\"ImageObject\",\"inLanguage\":\"pt-BR\",\"@id\":\"https:\/\/www.manaus.am.gov.br\/semcom\/#\/schema\/person\/image\/\",\"url\":\"https:\/\/secure.gravatar.com\/avatar\/576258617ef7194f718179e766d57bd4?s=96&d=mm&r=g\",\"contentUrl\":\"https:\/\/secure.gravatar.com\/avatar\/576258617ef7194f718179e766d57bd4?s=96&d=mm&r=g\",\"caption\":\"Adriana Costa\"}}]}<\/script>\n<!-- \/ Yoast SEO plugin. -->","yoast_head_json":{"title":"Prefeitura de Manaus segue com campanha que oferece descontos de at\u00e9 100% para regulariza\u00e7\u00e3o de d\u00e9bitos com IPTU","description":"A Prefeitura de Manaus, por meio da Procuradoria Geral do Munic\u00edpio (PGM), segue realizando inscri\u00e7\u00e3o ao Programa de Transa\u00e7\u00e3o Tribut\u00e1ria por Ades\u00e3o 2023, que permite a regulariza\u00e7\u00e3o de d\u00e9bitos com o Imposto sobre a Propriedade Predial e Territorial Urbana (IPTU).","robots":{"index":"index","follow":"follow","max-snippet":"max-snippet:-1","max-image-preview":"max-image-preview:large","max-video-preview":"max-video-preview:-1"},"canonical":"https:\/\/www.manaus.am.gov.br\/semcom\/prefeitura-de-manaus-segue-com-campanha-que-oferece-descontos-de-ate-100-para-regularizacao-de-debitos-com-iptu\/","og_locale":"pt_BR","og_type":"article","og_title":"Prefeitura de Manaus segue com campanha que oferece descontos de at\u00e9 100% para regulariza\u00e7\u00e3o de d\u00e9bitos com IPTU","og_description":"A Prefeitura de Manaus, por meio da Procuradoria Geral do Munic\u00edpio (PGM), segue realizando inscri\u00e7\u00e3o ao Programa de Transa\u00e7\u00e3o Tribut\u00e1ria por Ades\u00e3o 2023, que permite a regulariza\u00e7\u00e3o de d\u00e9bitos com o Imposto sobre a Propriedade Predial e Territorial Urbana (IPTU).","og_url":"https:\/\/www.manaus.am.gov.br\/semcom\/prefeitura-de-manaus-segue-com-campanha-que-oferece-descontos-de-ate-100-para-regularizacao-de-debitos-com-iptu\/","og_site_name":"SEMCOM","article_published_time":"2023-12-13T15:51:08+00:00","article_modified_time":"2023-12-13T15:51:09+00:00","og_image":[{"width":2560,"height":1706,"url":"https:\/\/www.manaus.am.gov.br\/semcom\/wp-content\/uploads\/sites\/5\/2023\/12\/iptu-3.jpeg","type":"image\/jpeg"}],"author":"Adriana Costa","twitter_card":"summary_large_image","twitter_misc":{"Written by":"Adriana Costa","Est. reading time":"2 minutos"},"schema":{"@context":"https:\/\/schema.org","@graph":[{"@type":"WebPage","@id":"https:\/\/www.manaus.am.gov.br\/semcom\/prefeitura-de-manaus-segue-com-campanha-que-oferece-descontos-de-ate-100-para-regularizacao-de-debitos-com-iptu\/","url":"https:\/\/www.manaus.am.gov.br\/semcom\/prefeitura-de-manaus-segue-com-campanha-que-oferece-descontos-de-ate-100-para-regularizacao-de-debitos-com-iptu\/","name":"Prefeitura de Manaus segue com campanha que oferece descontos de at\u00e9 100% para regulariza\u00e7\u00e3o de d\u00e9bitos com IPTU","isPartOf":{"@id":"https:\/\/www.manaus.am.gov.br\/semcom\/#website"},"primaryImageOfPage":{"@id":"https:\/\/www.manaus.am.gov.br\/semcom\/prefeitura-de-manaus-segue-com-campanha-que-oferece-descontos-de-ate-100-para-regularizacao-de-debitos-com-iptu\/#primaryimage"},"image":{"@id":"https:\/\/www.manaus.am.gov.br\/semcom\/prefeitura-de-manaus-segue-com-campanha-que-oferece-descontos-de-ate-100-para-regularizacao-de-debitos-com-iptu\/#primaryimage"},"thumbnailUrl":"https:\/\/www.manaus.am.gov.br\/semcom\/wp-content\/uploads\/sites\/5\/2023\/12\/iptu-3.jpeg","datePublished":"2023-12-13T15:51:08+00:00","dateModified":"2023-12-13T15:51:09+00:00","author":{"@id":"https:\/\/www.manaus.am.gov.br\/semcom\/#\/schema\/person\/4e49f4e267757a06ca072ec61b2b9968"},"description":"A Prefeitura de Manaus, por meio da Procuradoria Geral do Munic\u00edpio (PGM), segue realizando inscri\u00e7\u00e3o ao Programa de Transa\u00e7\u00e3o Tribut\u00e1ria por Ades\u00e3o 2023, que permite a regulariza\u00e7\u00e3o de d\u00e9bitos com o Imposto sobre a Propriedade Predial e Territorial Urbana (IPTU).","inLanguage":"pt-BR","potentialAction":[{"@type":"ReadAction","target":["https:\/\/www.manaus.am.gov.br\/semcom\/prefeitura-de-manaus-segue-com-campanha-que-oferece-descontos-de-ate-100-para-regularizacao-de-debitos-com-iptu\/"]}]},{"@type":"ImageObject","inLanguage":"pt-BR","@id":"https:\/\/www.manaus.am.gov.br\/semcom\/prefeitura-de-manaus-segue-com-campanha-que-oferece-descontos-de-ate-100-para-regularizacao-de-debitos-com-iptu\/#primaryimage","url":"https:\/\/www.manaus.am.gov.br\/semcom\/wp-content\/uploads\/sites\/5\/2023\/12\/iptu-3.jpeg","contentUrl":"https:\/\/www.manaus.am.gov.br\/semcom\/wp-content\/uploads\/sites\/5\/2023\/12\/iptu-3.jpeg","width":2560,"height":1706},{"@type":"WebSite","@id":"https:\/\/www.manaus.am.gov.br\/semcom\/#website","url":"https:\/\/www.manaus.am.gov.br\/semcom\/","name":"SEMCOM","description":"Secretaria Municipal de Comunica\u00e7\u00e3o","potentialAction":[{"@type":"SearchAction","target":{"@type":"EntryPoint","urlTemplate":"https:\/\/www.manaus.am.gov.br\/semcom\/?s={search_term_string}"},"query-input":"required name=search_term_string"}],"inLanguage":"pt-BR"},{"@type":"Person","@id":"https:\/\/www.manaus.am.gov.br\/semcom\/#\/schema\/person\/4e49f4e267757a06ca072ec61b2b9968","name":"Adriana Costa","image":{"@type":"ImageObject","inLanguage":"pt-BR","@id":"https:\/\/www.manaus.am.gov.br\/semcom\/#\/schema\/person\/image\/","url":"https:\/\/secure.gravatar.com\/avatar\/576258617ef7194f718179e766d57bd4?s=96&d=mm&r=g","contentUrl":"https:\/\/secure.gravatar.com\/avatar\/576258617ef7194f718179e766d57bd4?s=96&d=mm&r=g","caption":"Adriana Costa"}}]}},"_links":{"self":[{"href":"https:\/\/www.manaus.am.gov.br\/semcom\/wp-json\/wp\/v2\/posts\/222900"}],"collection":[{"href":"https:\/\/www.manaus.am.gov.br\/semcom\/wp-json\/wp\/v2\/posts"}],"about":[{"href":"https:\/\/www.manaus.am.gov.br\/semcom\/wp-json\/wp\/v2\/types\/post"}],"author":[{"embeddable":true,"href":"https:\/\/www.manaus.am.gov.br\/semcom\/wp-json\/wp\/v2\/users\/23"}],"replies":[{"embeddable":true,"href":"https:\/\/www.manaus.am.gov.br\/semcom\/wp-json\/wp\/v2\/comments?post=222900"}],"version-history":[{"count":0,"href":"https:\/\/www.manaus.am.gov.br\/semcom\/wp-json\/wp\/v2\/posts\/222900\/revisions"}],"wp:featuredmedia":[{"embeddable":true,"href":"https:\/\/www.manaus.am.gov.br\/semcom\/wp-json\/wp\/v2\/media\/222901"}],"wp:attachment":[{"href":"https:\/\/www.manaus.am.gov.br\/semcom\/wp-json\/wp\/v2\/media?parent=222900"}],"wp:term":[{"taxonomy":"category","embeddable":true,"href":"https:\/\/www.manaus.am.gov.br\/semcom\/wp-json\/wp\/v2\/categories?post=222900"},{"taxonomy":"post_tag","embeddable":true,"href":"https:\/\/www.manaus.am.gov.br\/semcom\/wp-json\/wp\/v2\/tags?post=222900"}],"curies":[{"name":"wp","href":"https:\/\/api.w.org\/{rel}","templated":true}]}}