{"id":222789,"date":"2023-12-11T17:39:39","date_gmt":"2023-12-11T20:39:39","guid":{"rendered":"https:\/\/www.manaus.am.gov.br\/semcom\/prefeitura-de-manaus-certifica-mais-de-cem-alunos-em-projeto-de-qualificacao\/"},"modified":"2023-12-11T17:47:16","modified_gmt":"2023-12-11T20:47:16","slug":"prefeitura-de-manaus-certifica-mais-de-cem-alunos-em-projeto-de-qualificacao","status":"publish","type":"post","link":"https:\/\/www.manaus.am.gov.br\/semcom\/prefeitura-de-manaus-certifica-mais-de-cem-alunos-em-projeto-de-qualificacao\/","title":{"rendered":"Prefeitura de Manaus certifica mais de cem alunos em projeto de qualifica\u00e7\u00e3o"},"content":{"rendered":"\n<p>A Prefeitura de Manaus, por meio da Secretaria Municipal do Trabalho, Empreendedorismo e Inova\u00e7\u00e3o (Semtepi), certificou, na tarde desta segunda-feira, 11\/12, mais de cem participantes de seis cursos que integram o projeto \u201cQualificar \u00e9 o Caminho Certo para Empregar e Empreender\u201d. A certifica\u00e7\u00e3o aconteceu no audit\u00f3rio do centro municipal de conviv\u00eancia da fam\u00edlia Prefeito Jos\u00e9 Fernandes, localizado na rua Barreirinha, n\u00ba 14, no bairro S\u00e3o Jos\u00e9 Oper\u00e1rio, zona Leste.<\/p>\n\n\n\n<p>O curso foi executado pelo Servi\u00e7o Nacional de Aprendizagem Comercial (Senac) e tem como objetivo capacitar e qualificar os cidad\u00e3os manauaras. Voltado para trabalhadores e empreendedores, as atividades disponibilizaram metodologias que facilitam o acesso ao mercado de trabalho e ao ambiente de neg\u00f3cios.<\/p>\n\n\n\n<p>\u201cOs cursos foram planejados e executados com muito cuidado, focando nas pessoas que desejam se preparar para uma vaga de emprego ou entrar no ramo do empreendedorismo. Nosso compromisso \u00e9 fornecer a qualifica\u00e7\u00e3o para que mais manauaras possam ser contratados para trabalhar. O cidad\u00e3o precisa entender que o mercado de trabalho est\u00e1 cada vez mais exigente e competitivo\u201d, destacou o secret\u00e1rio da Semtepi, Radyr J\u00fanior.<\/p>\n\n\n\n<p>Dentre os cursos que foram certificados est\u00e3o \u201cPreparo de P\u00e3es Artesanais\u201d, \u201cSustentabilidade Aplicada \u00e0 Cozinha\u201d, \u201cOrganiza\u00e7\u00e3o do Ambiente de Trabalho na Cozinha\u201d, \u201cPreparo de salgados\u201d, \u201cPreparo de Pizzas\u201d e \u201cInform\u00e1tica B\u00e1sica\u201d.<\/p>\n\n\n\n<p>Para a assistente social Ane Caroline, que participou do curso &#8220;Preparo de Salgados&#8221;, a iniciativa prepara o aluno para o mercado e fortalece o v\u00ednculo do trabalhador com o mercado de trabalho.<\/p>\n\n\n\n<p>&#8220;Decidi fazer o curso de culin\u00e1ria, porque achei muito interessante. A comunidade pede esses servi\u00e7os e eles s\u00e3o totalmente gratuitos. Ent\u00e3o, achei que valia muito a pena fazer, me dedicar, tirar um pouco do meu tempo para aprender mais sobre esse ramo que ajuda muito na renda familiar&#8221;, frisou a participante.<\/p>\n\n\n\n<p>&#8212; &#8212; &#8212;<\/p>\n\n\n\n<p><strong>Texto \u2013 <\/strong>Fabiane Monteiro \/ Semtepi<\/p>\n\n\n\n<p><strong>Fotos \u2013 <\/strong>Divulga\u00e7\u00e3o \/ Semtepi<\/p>\n","protected":false},"excerpt":{"rendered":"","protected":false},"author":39,"featured_media":222790,"comment_status":"closed","ping_status":"closed","sticky":false,"template":"","format":"standard","meta":{"footnotes":""},"categories":[233],"tags":[2314,9687,77,9087,9688,22],"acf":[],"yoast_head":"<!-- This site is optimized with the Yoast SEO plugin v23.0 - https:\/\/yoast.com\/wordpress\/plugins\/seo\/ -->\n<title>Certifica\u00e7\u00e3o de participantes em projeto de qualifica\u00e7\u00e3o<\/title>\n<meta name=\"description\" content=\"A Prefeitura de Manaus, por meio da Semtepi, certificou mais de cem participantes de seis cursos que integram o projeto de qualifica\u00e7\u00e3o.\" \/>\n<meta name=\"robots\" content=\"index, follow, max-snippet:-1, max-image-preview:large, max-video-preview:-1\" \/>\n<link rel=\"canonical\" href=\"https:\/\/www.manaus.am.gov.br\/semcom\/prefeitura-de-manaus-certifica-mais-de-cem-alunos-em-projeto-de-qualificacao\/\" \/>\n<meta property=\"og:locale\" content=\"pt_BR\" \/>\n<meta property=\"og:type\" content=\"article\" \/>\n<meta property=\"og:title\" content=\"Certifica\u00e7\u00e3o de participantes em projeto de qualifica\u00e7\u00e3o\" \/>\n<meta property=\"og:description\" content=\"A Prefeitura de Manaus, por meio da Semtepi, certificou mais de cem participantes de seis cursos que integram o projeto de qualifica\u00e7\u00e3o.\" \/>\n<meta property=\"og:url\" content=\"https:\/\/www.manaus.am.gov.br\/semcom\/prefeitura-de-manaus-certifica-mais-de-cem-alunos-em-projeto-de-qualificacao\/\" \/>\n<meta property=\"og:site_name\" content=\"SEMCOM\" \/>\n<meta property=\"article:published_time\" content=\"2023-12-11T20:39:39+00:00\" \/>\n<meta property=\"article:modified_time\" content=\"2023-12-11T20:47:16+00:00\" \/>\n<meta property=\"og:image\" content=\"https:\/\/www.manaus.am.gov.br\/semcom\/wp-content\/uploads\/sites\/5\/2023\/12\/20231211_143650-1024x768.png\" \/>\n\t<meta property=\"og:image:width\" content=\"1024\" \/>\n\t<meta property=\"og:image:height\" content=\"768\" \/>\n\t<meta property=\"og:image:type\" content=\"image\/png\" \/>\n<meta name=\"author\" content=\"Bruna Greco\" \/>\n<meta name=\"twitter:card\" content=\"summary_large_image\" \/>\n<meta name=\"twitter:label1\" content=\"Written by\" \/>\n\t<meta name=\"twitter:data1\" content=\"Bruna Greco\" \/>\n\t<meta name=\"twitter:label2\" content=\"Est. reading time\" \/>\n\t<meta name=\"twitter:data2\" content=\"2 minutos\" \/>\n<script type=\"application\/ld+json\" class=\"yoast-schema-graph\">{\"@context\":\"https:\/\/schema.org\",\"@graph\":[{\"@type\":\"WebPage\",\"@id\":\"https:\/\/www.manaus.am.gov.br\/semcom\/prefeitura-de-manaus-certifica-mais-de-cem-alunos-em-projeto-de-qualificacao\/\",\"url\":\"https:\/\/www.manaus.am.gov.br\/semcom\/prefeitura-de-manaus-certifica-mais-de-cem-alunos-em-projeto-de-qualificacao\/\",\"name\":\"Certifica\u00e7\u00e3o de participantes em projeto de qualifica\u00e7\u00e3o\",\"isPartOf\":{\"@id\":\"https:\/\/www.manaus.am.gov.br\/semcom\/#website\"},\"primaryImageOfPage\":{\"@id\":\"https:\/\/www.manaus.am.gov.br\/semcom\/prefeitura-de-manaus-certifica-mais-de-cem-alunos-em-projeto-de-qualificacao\/#primaryimage\"},\"image\":{\"@id\":\"https:\/\/www.manaus.am.gov.br\/semcom\/prefeitura-de-manaus-certifica-mais-de-cem-alunos-em-projeto-de-qualificacao\/#primaryimage\"},\"thumbnailUrl\":\"https:\/\/www.manaus.am.gov.br\/semcom\/wp-content\/uploads\/sites\/5\/2023\/12\/20231211_143650.png\",\"datePublished\":\"2023-12-11T20:39:39+00:00\",\"dateModified\":\"2023-12-11T20:47:16+00:00\",\"author\":{\"@id\":\"https:\/\/www.manaus.am.gov.br\/semcom\/#\/schema\/person\/05d223aea2bf115f9883a6ff3683d81b\"},\"description\":\"A Prefeitura de Manaus, por meio da Semtepi, certificou mais de cem participantes de seis cursos que integram o projeto de qualifica\u00e7\u00e3o.\",\"inLanguage\":\"pt-BR\",\"potentialAction\":[{\"@type\":\"ReadAction\",\"target\":[\"https:\/\/www.manaus.am.gov.br\/semcom\/prefeitura-de-manaus-certifica-mais-de-cem-alunos-em-projeto-de-qualificacao\/\"]}]},{\"@type\":\"ImageObject\",\"inLanguage\":\"pt-BR\",\"@id\":\"https:\/\/www.manaus.am.gov.br\/semcom\/prefeitura-de-manaus-certifica-mais-de-cem-alunos-em-projeto-de-qualificacao\/#primaryimage\",\"url\":\"https:\/\/www.manaus.am.gov.br\/semcom\/wp-content\/uploads\/sites\/5\/2023\/12\/20231211_143650.png\",\"contentUrl\":\"https:\/\/www.manaus.am.gov.br\/semcom\/wp-content\/uploads\/sites\/5\/2023\/12\/20231211_143650.png\",\"width\":2800,\"height\":2100,\"caption\":\"#paratodosverem - Jovem sentada em frente de servidora municipal preenchendo pap\u00e9is\"},{\"@type\":\"WebSite\",\"@id\":\"https:\/\/www.manaus.am.gov.br\/semcom\/#website\",\"url\":\"https:\/\/www.manaus.am.gov.br\/semcom\/\",\"name\":\"SEMCOM\",\"description\":\"Secretaria Municipal de Comunica\u00e7\u00e3o\",\"potentialAction\":[{\"@type\":\"SearchAction\",\"target\":{\"@type\":\"EntryPoint\",\"urlTemplate\":\"https:\/\/www.manaus.am.gov.br\/semcom\/?s={search_term_string}\"},\"query-input\":\"required name=search_term_string\"}],\"inLanguage\":\"pt-BR\"},{\"@type\":\"Person\",\"@id\":\"https:\/\/www.manaus.am.gov.br\/semcom\/#\/schema\/person\/05d223aea2bf115f9883a6ff3683d81b\",\"name\":\"Bruna Greco\",\"image\":{\"@type\":\"ImageObject\",\"inLanguage\":\"pt-BR\",\"@id\":\"https:\/\/www.manaus.am.gov.br\/semcom\/#\/schema\/person\/image\/\",\"url\":\"https:\/\/secure.gravatar.com\/avatar\/9c877d1a6adc2a055330e5c09a8653ce?s=96&d=mm&r=g\",\"contentUrl\":\"https:\/\/secure.gravatar.com\/avatar\/9c877d1a6adc2a055330e5c09a8653ce?s=96&d=mm&r=g\",\"caption\":\"Bruna Greco\"}}]}<\/script>\n<!-- \/ Yoast SEO plugin. -->","yoast_head_json":{"title":"Certifica\u00e7\u00e3o de participantes em projeto de qualifica\u00e7\u00e3o","description":"A Prefeitura de Manaus, por meio da Semtepi, certificou mais de cem participantes de seis cursos que integram o projeto de qualifica\u00e7\u00e3o.","robots":{"index":"index","follow":"follow","max-snippet":"max-snippet:-1","max-image-preview":"max-image-preview:large","max-video-preview":"max-video-preview:-1"},"canonical":"https:\/\/www.manaus.am.gov.br\/semcom\/prefeitura-de-manaus-certifica-mais-de-cem-alunos-em-projeto-de-qualificacao\/","og_locale":"pt_BR","og_type":"article","og_title":"Certifica\u00e7\u00e3o de participantes em projeto de qualifica\u00e7\u00e3o","og_description":"A Prefeitura de Manaus, por meio da Semtepi, certificou mais de cem participantes de seis cursos que integram o projeto de qualifica\u00e7\u00e3o.","og_url":"https:\/\/www.manaus.am.gov.br\/semcom\/prefeitura-de-manaus-certifica-mais-de-cem-alunos-em-projeto-de-qualificacao\/","og_site_name":"SEMCOM","article_published_time":"2023-12-11T20:39:39+00:00","article_modified_time":"2023-12-11T20:47:16+00:00","og_image":[{"width":1024,"height":768,"url":"https:\/\/www.manaus.am.gov.br\/semcom\/wp-content\/uploads\/sites\/5\/2023\/12\/20231211_143650-1024x768.png","type":"image\/png"}],"author":"Bruna Greco","twitter_card":"summary_large_image","twitter_misc":{"Written by":"Bruna Greco","Est. reading time":"2 minutos"},"schema":{"@context":"https:\/\/schema.org","@graph":[{"@type":"WebPage","@id":"https:\/\/www.manaus.am.gov.br\/semcom\/prefeitura-de-manaus-certifica-mais-de-cem-alunos-em-projeto-de-qualificacao\/","url":"https:\/\/www.manaus.am.gov.br\/semcom\/prefeitura-de-manaus-certifica-mais-de-cem-alunos-em-projeto-de-qualificacao\/","name":"Certifica\u00e7\u00e3o de participantes em projeto de qualifica\u00e7\u00e3o","isPartOf":{"@id":"https:\/\/www.manaus.am.gov.br\/semcom\/#website"},"primaryImageOfPage":{"@id":"https:\/\/www.manaus.am.gov.br\/semcom\/prefeitura-de-manaus-certifica-mais-de-cem-alunos-em-projeto-de-qualificacao\/#primaryimage"},"image":{"@id":"https:\/\/www.manaus.am.gov.br\/semcom\/prefeitura-de-manaus-certifica-mais-de-cem-alunos-em-projeto-de-qualificacao\/#primaryimage"},"thumbnailUrl":"https:\/\/www.manaus.am.gov.br\/semcom\/wp-content\/uploads\/sites\/5\/2023\/12\/20231211_143650.png","datePublished":"2023-12-11T20:39:39+00:00","dateModified":"2023-12-11T20:47:16+00:00","author":{"@id":"https:\/\/www.manaus.am.gov.br\/semcom\/#\/schema\/person\/05d223aea2bf115f9883a6ff3683d81b"},"description":"A Prefeitura de Manaus, por meio da Semtepi, certificou mais de cem participantes de seis cursos que integram o projeto de qualifica\u00e7\u00e3o.","inLanguage":"pt-BR","potentialAction":[{"@type":"ReadAction","target":["https:\/\/www.manaus.am.gov.br\/semcom\/prefeitura-de-manaus-certifica-mais-de-cem-alunos-em-projeto-de-qualificacao\/"]}]},{"@type":"ImageObject","inLanguage":"pt-BR","@id":"https:\/\/www.manaus.am.gov.br\/semcom\/prefeitura-de-manaus-certifica-mais-de-cem-alunos-em-projeto-de-qualificacao\/#primaryimage","url":"https:\/\/www.manaus.am.gov.br\/semcom\/wp-content\/uploads\/sites\/5\/2023\/12\/20231211_143650.png","contentUrl":"https:\/\/www.manaus.am.gov.br\/semcom\/wp-content\/uploads\/sites\/5\/2023\/12\/20231211_143650.png","width":2800,"height":2100,"caption":"#paratodosverem - Jovem sentada em frente de servidora municipal preenchendo pap\u00e9is"},{"@type":"WebSite","@id":"https:\/\/www.manaus.am.gov.br\/semcom\/#website","url":"https:\/\/www.manaus.am.gov.br\/semcom\/","name":"SEMCOM","description":"Secretaria Municipal de Comunica\u00e7\u00e3o","potentialAction":[{"@type":"SearchAction","target":{"@type":"EntryPoint","urlTemplate":"https:\/\/www.manaus.am.gov.br\/semcom\/?s={search_term_string}"},"query-input":"required name=search_term_string"}],"inLanguage":"pt-BR"},{"@type":"Person","@id":"https:\/\/www.manaus.am.gov.br\/semcom\/#\/schema\/person\/05d223aea2bf115f9883a6ff3683d81b","name":"Bruna Greco","image":{"@type":"ImageObject","inLanguage":"pt-BR","@id":"https:\/\/www.manaus.am.gov.br\/semcom\/#\/schema\/person\/image\/","url":"https:\/\/secure.gravatar.com\/avatar\/9c877d1a6adc2a055330e5c09a8653ce?s=96&d=mm&r=g","contentUrl":"https:\/\/secure.gravatar.com\/avatar\/9c877d1a6adc2a055330e5c09a8653ce?s=96&d=mm&r=g","caption":"Bruna Greco"}}]}},"_links":{"self":[{"href":"https:\/\/www.manaus.am.gov.br\/semcom\/wp-json\/wp\/v2\/posts\/222789"}],"collection":[{"href":"https:\/\/www.manaus.am.gov.br\/semcom\/wp-json\/wp\/v2\/posts"}],"about":[{"href":"https:\/\/www.manaus.am.gov.br\/semcom\/wp-json\/wp\/v2\/types\/post"}],"author":[{"embeddable":true,"href":"https:\/\/www.manaus.am.gov.br\/semcom\/wp-json\/wp\/v2\/users\/39"}],"replies":[{"embeddable":true,"href":"https:\/\/www.manaus.am.gov.br\/semcom\/wp-json\/wp\/v2\/comments?post=222789"}],"version-history":[{"count":1,"href":"https:\/\/www.manaus.am.gov.br\/semcom\/wp-json\/wp\/v2\/posts\/222789\/revisions"}],"predecessor-version":[{"id":222795,"href":"https:\/\/www.manaus.am.gov.br\/semcom\/wp-json\/wp\/v2\/posts\/222789\/revisions\/222795"}],"wp:featuredmedia":[{"embeddable":true,"href":"https:\/\/www.manaus.am.gov.br\/semcom\/wp-json\/wp\/v2\/media\/222790"}],"wp:attachment":[{"href":"https:\/\/www.manaus.am.gov.br\/semcom\/wp-json\/wp\/v2\/media?parent=222789"}],"wp:term":[{"taxonomy":"category","embeddable":true,"href":"https:\/\/www.manaus.am.gov.br\/semcom\/wp-json\/wp\/v2\/categories?post=222789"},{"taxonomy":"post_tag","embeddable":true,"href":"https:\/\/www.manaus.am.gov.br\/semcom\/wp-json\/wp\/v2\/tags?post=222789"}],"curies":[{"name":"wp","href":"https:\/\/api.w.org\/{rel}","templated":true}]}}