{"id":222763,"date":"2023-12-11T12:51:17","date_gmt":"2023-12-11T15:51:17","guid":{"rendered":"https:\/\/www.manaus.am.gov.br\/semcom\/prefeitura-reforca-interdicao-da-praia-da-ponta-negra-para-banho-devido-baixa-do-rio-negro\/"},"modified":"2023-12-11T12:57:07","modified_gmt":"2023-12-11T15:57:07","slug":"prefeitura-reforca-interdicao-da-praia-da-ponta-negra-para-banho-devido-baixa-do-rio-negro","status":"publish","type":"post","link":"https:\/\/www.manaus.am.gov.br\/semcom\/prefeitura-reforca-interdicao-da-praia-da-ponta-negra-para-banho-devido-baixa-do-rio-negro\/","title":{"rendered":"Prefeitura refor\u00e7a interdi\u00e7\u00e3o da praia da Ponta Negra para banho devido baixa do rio Negro"},"content":{"rendered":"\n<p>Com a cota do rio Negro na marca de 15,34 metros nesta segunda-feira, 11\/12, a Prefeitura de Manaus informa que a praia do complexo tur\u00edstico Ponta Negra, na zona Oeste da capital, permanece interditada para banho. Decretada no dia 2 de outubro, em raz\u00e3o&nbsp;da&nbsp;extrema vazante que atinge o Estado, neste ano, a interdi\u00e7\u00e3o tem validade de 90 dias e segue em vigor.&nbsp;<\/p>\n\n\n\n<p>Apesar das 30 placas de sinaliza\u00e7\u00e3o de&nbsp;interdi\u00e7\u00e3o&nbsp;e de barreira com cerquite, a comiss\u00e3o do complexo tem retirado das \u00e1guas da praia pessoas que insistem em descumprir a medida. Os frequentadores seguem sendo orientados a n\u00e3o entrar na \u00e1gua. A retirada dos banhistas, que se colocam em risco n\u00e3o atendendo aos avisos, \u00e9 feita com apoio da Guarda Municipal, com a equipe da base Oeste, no aux\u00edlio da orienta\u00e7\u00e3o para a proibi\u00e7\u00e3o de banho no balne\u00e1rio.<\/p>\n\n\n\n<p>&#8220;Temos placas informativas, em destaque vermelho, espalhadas pela praia orientando sobre a proibi\u00e7\u00e3o de uso para o banho, em diversos pontos da faixa de areia e nos acessos, e ainda tem a cerca. Mas, infelizmente, tem pessoas que insistem em n\u00e3o atender e se colocar em risco, inclusive com crian\u00e7as. Pedimos, novamente, o apoio da popula\u00e7\u00e3o para respeitar a&nbsp;interdi\u00e7\u00e3o&nbsp;at\u00e9 que a cheia do rio se normalize&#8221;, explicou o coordenador da comiss\u00e3o, Alberto Maciel.&nbsp;<\/p>\n\n\n\n<p>A decis\u00e3o de&nbsp;interditar&nbsp;a&nbsp;praia&nbsp;para o banho, em raz\u00e3o de seguran\u00e7a e de preven\u00e7\u00e3o contra afogamentos, ocorre devido \u00e0 proximidade entre o fim do aterro perene e o leito natural do rio, que pode apresentar altera\u00e7\u00f5es no terreno, como buracos, desn\u00edveis e depress\u00f5es.<\/p>\n\n\n\n<p>O prefeito assinou o decreto 5.697, no dia 2 de outubro, sobre a medida.&nbsp;A&nbsp;interdi\u00e7\u00e3o&nbsp;considera as normas de uso da&nbsp;praia&nbsp;perene, definidas em um Termo de Ajustamento de Conduta (TAC) assinado pela prefeitura junto ao Minist\u00e9rio P\u00fablico do Estado do Amazonas (MP-AM), com \u00f3rg\u00e3os municipais e estaduais signat\u00e1rios do compromisso, incluindo Corpo de Bombeiros do Amazonas (CB-AM) e Pol\u00edcia Militar (PM).<\/p>\n\n\n\n<p>De acordo com a cl\u00e1usula 1, par\u00e1grafo 3\u00ba, a \u201cinterdi\u00e7\u00e3o&nbsp;autom\u00e1tica do uso da&nbsp;praia&nbsp;ocorrer\u00e1 sempre que os laudos e\/ou relat\u00f3rios a que se referem os par\u00e1grafos anteriores comprovarem que a&nbsp;praia&nbsp;encontra-se impr\u00f3pria para o uso dos banhistas\u201d.<\/p>\n\n\n\n<p>A faixa de areia da&nbsp;praia&nbsp;da&nbsp;Ponta&nbsp;Negra&nbsp;est\u00e1 ampliada com a grande descida das \u00e1guas e segue acess\u00edvel para atividades esportivas e recreativas, assim como o funcionamento de todo o cal\u00e7ad\u00e3o e demais estruturas do complexo.<\/p>\n\n\n\n<p><strong><br>El Ni\u00f1o<\/strong><\/p>\n\n\n\n<p>Com a atua\u00e7\u00e3o do fen\u00f4meno El Ni\u00f1o, que ocorre no oceano Pac\u00edfico Equatorial, traz para a Amaz\u00f4nia consequ\u00eancias no processo de vazante extrema, devido ao prolongamento e intensidade da seca.<\/p>\n\n\n\n<p>Os corpos permanentes de seguran\u00e7a, incluindo a Secretaria Municipal de Seguran\u00e7a P\u00fablica e Defesa Social (Semseg), com a Guarda Municipal, ciclopatrulha, a Pol\u00edcia Militar e bombeiros atuam no monitoramento da&nbsp;praia&nbsp;e na seguran\u00e7a dos banhistas, bem como na seguran\u00e7a e manuten\u00e7\u00e3o do patrim\u00f4nio de todo o complexo. Equipes da Secretaria Municipal de Limpeza Urbana (Semulsp) refor\u00e7am os servi\u00e7os de limpeza e higiene do cal\u00e7ad\u00e3o e da&nbsp;praia&nbsp;perene.<\/p>\n\n\n\n<p>Na \u00faltima&nbsp;interdi\u00e7\u00e3o&nbsp;por conta da seca dos rios, ocorrida em 2015, a praia foi&nbsp;interditada&nbsp;por medida&nbsp;de seguran\u00e7a quando o rio&nbsp;Negro&nbsp;ficou abaixo da cota de 16 metros, ap\u00f3s an\u00e1lise, laudo e relat\u00f3rios de \u00f3rg\u00e3os respons\u00e1veis, comprovando que a mesma n\u00e3o se&nbsp;encontrava pr\u00f3pria para banho, naquela \u00e9poca.<\/p>\n\n\n\n<p>&#8212; &#8212; &#8212;<\/p>\n\n\n\n<p><strong>Texto \u2013 <\/strong>Cl\u00e1udia do Valle \/ Implurb<\/p>\n\n\n\n<p><strong>Foto \u2013 <\/strong>Divulga\u00e7\u00e3o \/ Implurb<\/p>\n","protected":false},"excerpt":{"rendered":"","protected":false},"author":39,"featured_media":222764,"comment_status":"closed","ping_status":"closed","sticky":false,"template":"","format":"standard","meta":{"footnotes":""},"categories":[2858],"tags":[9673,65,9674,2861,77],"acf":[],"yoast_head":"<!-- This site is optimized with the Yoast SEO plugin v23.0 - https:\/\/yoast.com\/wordpress\/plugins\/seo\/ -->\n<title>Praia da Ponta Negra permanece interditada para banho<\/title>\n<meta name=\"description\" content=\"Prefeitura de Manaus informa que a praia do complexo tur\u00edstico Ponta Negra, na zona Oeste da capital, permanece interditada para banho.\" \/>\n<meta name=\"robots\" content=\"index, follow, max-snippet:-1, max-image-preview:large, max-video-preview:-1\" \/>\n<link rel=\"canonical\" href=\"https:\/\/www.manaus.am.gov.br\/semcom\/prefeitura-reforca-interdicao-da-praia-da-ponta-negra-para-banho-devido-baixa-do-rio-negro\/\" \/>\n<meta property=\"og:locale\" content=\"pt_BR\" \/>\n<meta property=\"og:type\" content=\"article\" \/>\n<meta property=\"og:title\" content=\"Praia da Ponta Negra permanece interditada para banho\" \/>\n<meta property=\"og:description\" content=\"Prefeitura de Manaus informa que a praia do complexo tur\u00edstico Ponta Negra, na zona Oeste da capital, permanece interditada para banho.\" \/>\n<meta property=\"og:url\" content=\"https:\/\/www.manaus.am.gov.br\/semcom\/prefeitura-reforca-interdicao-da-praia-da-ponta-negra-para-banho-devido-baixa-do-rio-negro\/\" \/>\n<meta property=\"og:site_name\" content=\"SEMCOM\" \/>\n<meta property=\"article:published_time\" content=\"2023-12-11T15:51:17+00:00\" \/>\n<meta property=\"article:modified_time\" content=\"2023-12-11T15:57:07+00:00\" \/>\n<meta property=\"og:image\" content=\"https:\/\/www.manaus.am.gov.br\/semcom\/wp-content\/uploads\/sites\/5\/2023\/12\/praiainterdicao3.jpg\" \/>\n\t<meta property=\"og:image:width\" content=\"1280\" \/>\n\t<meta property=\"og:image:height\" content=\"963\" \/>\n\t<meta property=\"og:image:type\" content=\"image\/jpeg\" \/>\n<meta name=\"author\" content=\"Bruna Greco\" \/>\n<meta name=\"twitter:card\" content=\"summary_large_image\" \/>\n<meta name=\"twitter:label1\" content=\"Written by\" \/>\n\t<meta name=\"twitter:data1\" content=\"Bruna Greco\" \/>\n\t<meta name=\"twitter:label2\" content=\"Est. reading time\" \/>\n\t<meta name=\"twitter:data2\" content=\"4 minutos\" \/>\n<script type=\"application\/ld+json\" class=\"yoast-schema-graph\">{\"@context\":\"https:\/\/schema.org\",\"@graph\":[{\"@type\":\"WebPage\",\"@id\":\"https:\/\/www.manaus.am.gov.br\/semcom\/prefeitura-reforca-interdicao-da-praia-da-ponta-negra-para-banho-devido-baixa-do-rio-negro\/\",\"url\":\"https:\/\/www.manaus.am.gov.br\/semcom\/prefeitura-reforca-interdicao-da-praia-da-ponta-negra-para-banho-devido-baixa-do-rio-negro\/\",\"name\":\"Praia da Ponta Negra permanece interditada para banho\",\"isPartOf\":{\"@id\":\"https:\/\/www.manaus.am.gov.br\/semcom\/#website\"},\"primaryImageOfPage\":{\"@id\":\"https:\/\/www.manaus.am.gov.br\/semcom\/prefeitura-reforca-interdicao-da-praia-da-ponta-negra-para-banho-devido-baixa-do-rio-negro\/#primaryimage\"},\"image\":{\"@id\":\"https:\/\/www.manaus.am.gov.br\/semcom\/prefeitura-reforca-interdicao-da-praia-da-ponta-negra-para-banho-devido-baixa-do-rio-negro\/#primaryimage\"},\"thumbnailUrl\":\"https:\/\/www.manaus.am.gov.br\/semcom\/wp-content\/uploads\/sites\/5\/2023\/12\/praiainterdicao3.jpg\",\"datePublished\":\"2023-12-11T15:51:17+00:00\",\"dateModified\":\"2023-12-11T15:57:07+00:00\",\"author\":{\"@id\":\"https:\/\/www.manaus.am.gov.br\/semcom\/#\/schema\/person\/05d223aea2bf115f9883a6ff3683d81b\"},\"description\":\"Prefeitura de Manaus informa que a praia do complexo tur\u00edstico Ponta Negra, na zona Oeste da capital, permanece interditada para banho.\",\"inLanguage\":\"pt-BR\",\"potentialAction\":[{\"@type\":\"ReadAction\",\"target\":[\"https:\/\/www.manaus.am.gov.br\/semcom\/prefeitura-reforca-interdicao-da-praia-da-ponta-negra-para-banho-devido-baixa-do-rio-negro\/\"]}]},{\"@type\":\"ImageObject\",\"inLanguage\":\"pt-BR\",\"@id\":\"https:\/\/www.manaus.am.gov.br\/semcom\/prefeitura-reforca-interdicao-da-praia-da-ponta-negra-para-banho-devido-baixa-do-rio-negro\/#primaryimage\",\"url\":\"https:\/\/www.manaus.am.gov.br\/semcom\/wp-content\/uploads\/sites\/5\/2023\/12\/praiainterdicao3.jpg\",\"contentUrl\":\"https:\/\/www.manaus.am.gov.br\/semcom\/wp-content\/uploads\/sites\/5\/2023\/12\/praiainterdicao3.jpg\",\"width\":1280,\"height\":963,\"caption\":\"#paratodosverem - Servidores municipais caminhando na praia da Ponta Negra\"},{\"@type\":\"WebSite\",\"@id\":\"https:\/\/www.manaus.am.gov.br\/semcom\/#website\",\"url\":\"https:\/\/www.manaus.am.gov.br\/semcom\/\",\"name\":\"SEMCOM\",\"description\":\"Secretaria Municipal de Comunica\u00e7\u00e3o\",\"potentialAction\":[{\"@type\":\"SearchAction\",\"target\":{\"@type\":\"EntryPoint\",\"urlTemplate\":\"https:\/\/www.manaus.am.gov.br\/semcom\/?s={search_term_string}\"},\"query-input\":\"required name=search_term_string\"}],\"inLanguage\":\"pt-BR\"},{\"@type\":\"Person\",\"@id\":\"https:\/\/www.manaus.am.gov.br\/semcom\/#\/schema\/person\/05d223aea2bf115f9883a6ff3683d81b\",\"name\":\"Bruna Greco\",\"image\":{\"@type\":\"ImageObject\",\"inLanguage\":\"pt-BR\",\"@id\":\"https:\/\/www.manaus.am.gov.br\/semcom\/#\/schema\/person\/image\/\",\"url\":\"https:\/\/secure.gravatar.com\/avatar\/9c877d1a6adc2a055330e5c09a8653ce?s=96&d=mm&r=g\",\"contentUrl\":\"https:\/\/secure.gravatar.com\/avatar\/9c877d1a6adc2a055330e5c09a8653ce?s=96&d=mm&r=g\",\"caption\":\"Bruna Greco\"}}]}<\/script>\n<!-- \/ Yoast SEO plugin. -->","yoast_head_json":{"title":"Praia da Ponta Negra permanece interditada para banho","description":"Prefeitura de Manaus informa que a praia do complexo tur\u00edstico Ponta Negra, na zona Oeste da capital, permanece interditada para banho.","robots":{"index":"index","follow":"follow","max-snippet":"max-snippet:-1","max-image-preview":"max-image-preview:large","max-video-preview":"max-video-preview:-1"},"canonical":"https:\/\/www.manaus.am.gov.br\/semcom\/prefeitura-reforca-interdicao-da-praia-da-ponta-negra-para-banho-devido-baixa-do-rio-negro\/","og_locale":"pt_BR","og_type":"article","og_title":"Praia da Ponta Negra permanece interditada para banho","og_description":"Prefeitura de Manaus informa que a praia do complexo tur\u00edstico Ponta Negra, na zona Oeste da capital, permanece interditada para banho.","og_url":"https:\/\/www.manaus.am.gov.br\/semcom\/prefeitura-reforca-interdicao-da-praia-da-ponta-negra-para-banho-devido-baixa-do-rio-negro\/","og_site_name":"SEMCOM","article_published_time":"2023-12-11T15:51:17+00:00","article_modified_time":"2023-12-11T15:57:07+00:00","og_image":[{"width":1280,"height":963,"url":"https:\/\/www.manaus.am.gov.br\/semcom\/wp-content\/uploads\/sites\/5\/2023\/12\/praiainterdicao3.jpg","type":"image\/jpeg"}],"author":"Bruna Greco","twitter_card":"summary_large_image","twitter_misc":{"Written by":"Bruna Greco","Est. reading time":"4 minutos"},"schema":{"@context":"https:\/\/schema.org","@graph":[{"@type":"WebPage","@id":"https:\/\/www.manaus.am.gov.br\/semcom\/prefeitura-reforca-interdicao-da-praia-da-ponta-negra-para-banho-devido-baixa-do-rio-negro\/","url":"https:\/\/www.manaus.am.gov.br\/semcom\/prefeitura-reforca-interdicao-da-praia-da-ponta-negra-para-banho-devido-baixa-do-rio-negro\/","name":"Praia da Ponta Negra permanece interditada para banho","isPartOf":{"@id":"https:\/\/www.manaus.am.gov.br\/semcom\/#website"},"primaryImageOfPage":{"@id":"https:\/\/www.manaus.am.gov.br\/semcom\/prefeitura-reforca-interdicao-da-praia-da-ponta-negra-para-banho-devido-baixa-do-rio-negro\/#primaryimage"},"image":{"@id":"https:\/\/www.manaus.am.gov.br\/semcom\/prefeitura-reforca-interdicao-da-praia-da-ponta-negra-para-banho-devido-baixa-do-rio-negro\/#primaryimage"},"thumbnailUrl":"https:\/\/www.manaus.am.gov.br\/semcom\/wp-content\/uploads\/sites\/5\/2023\/12\/praiainterdicao3.jpg","datePublished":"2023-12-11T15:51:17+00:00","dateModified":"2023-12-11T15:57:07+00:00","author":{"@id":"https:\/\/www.manaus.am.gov.br\/semcom\/#\/schema\/person\/05d223aea2bf115f9883a6ff3683d81b"},"description":"Prefeitura de Manaus informa que a praia do complexo tur\u00edstico Ponta Negra, na zona Oeste da capital, permanece interditada para banho.","inLanguage":"pt-BR","potentialAction":[{"@type":"ReadAction","target":["https:\/\/www.manaus.am.gov.br\/semcom\/prefeitura-reforca-interdicao-da-praia-da-ponta-negra-para-banho-devido-baixa-do-rio-negro\/"]}]},{"@type":"ImageObject","inLanguage":"pt-BR","@id":"https:\/\/www.manaus.am.gov.br\/semcom\/prefeitura-reforca-interdicao-da-praia-da-ponta-negra-para-banho-devido-baixa-do-rio-negro\/#primaryimage","url":"https:\/\/www.manaus.am.gov.br\/semcom\/wp-content\/uploads\/sites\/5\/2023\/12\/praiainterdicao3.jpg","contentUrl":"https:\/\/www.manaus.am.gov.br\/semcom\/wp-content\/uploads\/sites\/5\/2023\/12\/praiainterdicao3.jpg","width":1280,"height":963,"caption":"#paratodosverem - Servidores municipais caminhando na praia da Ponta Negra"},{"@type":"WebSite","@id":"https:\/\/www.manaus.am.gov.br\/semcom\/#website","url":"https:\/\/www.manaus.am.gov.br\/semcom\/","name":"SEMCOM","description":"Secretaria Municipal de Comunica\u00e7\u00e3o","potentialAction":[{"@type":"SearchAction","target":{"@type":"EntryPoint","urlTemplate":"https:\/\/www.manaus.am.gov.br\/semcom\/?s={search_term_string}"},"query-input":"required name=search_term_string"}],"inLanguage":"pt-BR"},{"@type":"Person","@id":"https:\/\/www.manaus.am.gov.br\/semcom\/#\/schema\/person\/05d223aea2bf115f9883a6ff3683d81b","name":"Bruna Greco","image":{"@type":"ImageObject","inLanguage":"pt-BR","@id":"https:\/\/www.manaus.am.gov.br\/semcom\/#\/schema\/person\/image\/","url":"https:\/\/secure.gravatar.com\/avatar\/9c877d1a6adc2a055330e5c09a8653ce?s=96&d=mm&r=g","contentUrl":"https:\/\/secure.gravatar.com\/avatar\/9c877d1a6adc2a055330e5c09a8653ce?s=96&d=mm&r=g","caption":"Bruna Greco"}}]}},"_links":{"self":[{"href":"https:\/\/www.manaus.am.gov.br\/semcom\/wp-json\/wp\/v2\/posts\/222763"}],"collection":[{"href":"https:\/\/www.manaus.am.gov.br\/semcom\/wp-json\/wp\/v2\/posts"}],"about":[{"href":"https:\/\/www.manaus.am.gov.br\/semcom\/wp-json\/wp\/v2\/types\/post"}],"author":[{"embeddable":true,"href":"https:\/\/www.manaus.am.gov.br\/semcom\/wp-json\/wp\/v2\/users\/39"}],"replies":[{"embeddable":true,"href":"https:\/\/www.manaus.am.gov.br\/semcom\/wp-json\/wp\/v2\/comments?post=222763"}],"version-history":[{"count":1,"href":"https:\/\/www.manaus.am.gov.br\/semcom\/wp-json\/wp\/v2\/posts\/222763\/revisions"}],"predecessor-version":[{"id":222766,"href":"https:\/\/www.manaus.am.gov.br\/semcom\/wp-json\/wp\/v2\/posts\/222763\/revisions\/222766"}],"wp:featuredmedia":[{"embeddable":true,"href":"https:\/\/www.manaus.am.gov.br\/semcom\/wp-json\/wp\/v2\/media\/222764"}],"wp:attachment":[{"href":"https:\/\/www.manaus.am.gov.br\/semcom\/wp-json\/wp\/v2\/media?parent=222763"}],"wp:term":[{"taxonomy":"category","embeddable":true,"href":"https:\/\/www.manaus.am.gov.br\/semcom\/wp-json\/wp\/v2\/categories?post=222763"},{"taxonomy":"post_tag","embeddable":true,"href":"https:\/\/www.manaus.am.gov.br\/semcom\/wp-json\/wp\/v2\/tags?post=222763"}],"curies":[{"name":"wp","href":"https:\/\/api.w.org\/{rel}","templated":true}]}}