{"id":222701,"date":"2023-12-08T12:59:39","date_gmt":"2023-12-08T15:59:39","guid":{"rendered":"https:\/\/www.manaus.am.gov.br\/semcom\/prefeitura-de-manaus-recupera-area-verde-degradada-na-zona-norte-da-cidade\/"},"modified":"2023-12-08T13:08:24","modified_gmt":"2023-12-08T16:08:24","slug":"prefeitura-de-manaus-recupera-area-verde-degradada-na-zona-norte-da-cidade","status":"publish","type":"post","link":"https:\/\/www.manaus.am.gov.br\/semcom\/prefeitura-de-manaus-recupera-area-verde-degradada-na-zona-norte-da-cidade\/","title":{"rendered":"Prefeitura de Manaus recupera \u00e1rea verde degradada na zona Norte da cidade"},"content":{"rendered":"\n<p>A Prefeitura de Manaus, por meio da Secretaria Municipal de Meio Ambiente e Sustentabilidade (Semmas), realizou, ao longo dessa semana e encerrou nesta quinta-feira, 7\/12, o plantio de mil mudas em \u00e1rea verde degradada, localizada na avenida Governador Jos\u00e9 Lindoso (avenida das Torres), no bairro Nova Cidade, zona Norte da capital. A \u00e1rea, que recebeu o plantio, j\u00e1 sofreu diversas tentativas de ocupa\u00e7\u00e3o irregular e teve a vegeta\u00e7\u00e3o suprimida de forma ilegal.<\/p>\n\n\n\n<p>A a\u00e7\u00e3o foi realizada com o apoio do professor Marcelo Gordo, da Universidade Federal do Amazonas (Ufam), que \u00e9 doutor em Zoologia e coordenador do Projeto Sauim-de-Coleira, desenvolvendo diversas a\u00e7\u00f5es de preserva\u00e7\u00e3o da esp\u00e9cie.<\/p>\n\n\n\n<p>\u201cEstamos realizando uma atividade que visa \u00e0 recupera\u00e7\u00e3o de \u00e1rea degradada, em parceria com o professor Marcelo Gordo, da Ufam. Al\u00e9m de recuperar a cobertura vegetal da \u00e1rea, busca-se como objetivo maior a conex\u00e3o de fragmentos florestais, possibilitando o fluxo de fauna, como o sauim-de-coleira e outras esp\u00e9cies que habitam esses fragmentos. A maioria das esp\u00e9cies plantadas tem potencial de atratividade para a fauna, fazendo parte da dieta desses animais\u201d, afirmou o diretor de Arboriza\u00e7\u00e3o da Semmas, Deyvson Braga.<\/p>\n\n\n\n<p>Al\u00e9m das a\u00e7\u00f5es de plantio, Marcelo Gordo tem realizado a instala\u00e7\u00e3o de passarelas a\u00e9reas para fauna e trabalhado em parceria com a Semmas na indica\u00e7\u00e3o de \u00e1reas para plantio e de esp\u00e9cies nativas a serem utilizadas. O professor afirmou que a \u00e1rea deste plantio foi muito degradada.<\/p>\n\n\n\n<p>\u201c\u00c9 importante para o sauim-de-coleira e outras esp\u00e9cies. A restaura\u00e7\u00e3o da \u00e1rea \u00e9 muito importante para se conseguir fazer a conex\u00e3o com outras \u00e1reas pr\u00f3ximas\u201d, informou o professor.<\/p>\n\n\n\n<p>Al\u00e9m do plantio neste local, foi realizada mais uma a\u00e7\u00e3o, com o plantio de 500 mudas, ao longo do Igarap\u00e9 Goiabinha, no bairro Novo Aleixo. Ambas as \u00e1reas fazem parte da \u00c1rea de Prote\u00e7\u00e3o Ambiental (APA) Sauim de Manaus.<\/p>\n\n\n\n<p>&#8212; &#8212; &#8212;<\/p>\n\n\n\n<p><strong>Texto<\/strong> &#8211; Taianna Castro \/ Semmas<\/p>\n\n\n\n<p><strong>Fotos &#8211;<\/strong> Taianna Castro, Vanessa Parintins e Deyvson Braga \/ Semmas<\/p>\n","protected":false},"excerpt":{"rendered":"","protected":false},"author":39,"featured_media":222702,"comment_status":"closed","ping_status":"closed","sticky":false,"template":"","format":"standard","meta":{"footnotes":""},"categories":[3878],"tags":[9658,7007,9659,9660,9661,77,19],"acf":[],"yoast_head":"<!-- This site is optimized with the Yoast SEO plugin v23.0 - https:\/\/yoast.com\/wordpress\/plugins\/seo\/ -->\n<title>Plantio de mil mudas em \u00e1rea verde degradada<\/title>\n<meta name=\"description\" content=\"A Prefeitura de Manaus, por meio da Semmas, realizou o plantio de mil mudas em \u00e1rea verde degradada na zona Norte da capital.\" \/>\n<meta name=\"robots\" content=\"index, follow, max-snippet:-1, max-image-preview:large, max-video-preview:-1\" \/>\n<link rel=\"canonical\" href=\"https:\/\/www.manaus.am.gov.br\/semcom\/prefeitura-de-manaus-recupera-area-verde-degradada-na-zona-norte-da-cidade\/\" \/>\n<meta property=\"og:locale\" content=\"pt_BR\" \/>\n<meta property=\"og:type\" content=\"article\" \/>\n<meta property=\"og:title\" content=\"Plantio de mil mudas em \u00e1rea verde degradada\" \/>\n<meta property=\"og:description\" content=\"A Prefeitura de Manaus, por meio da Semmas, realizou o plantio de mil mudas em \u00e1rea verde degradada na zona Norte da capital.\" \/>\n<meta property=\"og:url\" content=\"https:\/\/www.manaus.am.gov.br\/semcom\/prefeitura-de-manaus-recupera-area-verde-degradada-na-zona-norte-da-cidade\/\" \/>\n<meta property=\"og:site_name\" content=\"SEMCOM\" \/>\n<meta property=\"article:published_time\" content=\"2023-12-08T15:59:39+00:00\" \/>\n<meta property=\"article:modified_time\" content=\"2023-12-08T16:08:24+00:00\" \/>\n<meta property=\"og:image\" content=\"https:\/\/www.manaus.am.gov.br\/semcom\/wp-content\/uploads\/sites\/5\/2023\/12\/Arborizacao-1.jpeg\" \/>\n\t<meta property=\"og:image:width\" content=\"1200\" \/>\n\t<meta property=\"og:image:height\" content=\"1176\" \/>\n\t<meta property=\"og:image:type\" content=\"image\/jpeg\" \/>\n<meta name=\"author\" content=\"Bruna Greco\" \/>\n<meta name=\"twitter:card\" content=\"summary_large_image\" \/>\n<meta name=\"twitter:label1\" content=\"Written by\" \/>\n\t<meta name=\"twitter:data1\" content=\"Bruna Greco\" \/>\n\t<meta name=\"twitter:label2\" content=\"Est. reading time\" \/>\n\t<meta name=\"twitter:data2\" content=\"2 minutos\" \/>\n<script type=\"application\/ld+json\" class=\"yoast-schema-graph\">{\"@context\":\"https:\/\/schema.org\",\"@graph\":[{\"@type\":\"WebPage\",\"@id\":\"https:\/\/www.manaus.am.gov.br\/semcom\/prefeitura-de-manaus-recupera-area-verde-degradada-na-zona-norte-da-cidade\/\",\"url\":\"https:\/\/www.manaus.am.gov.br\/semcom\/prefeitura-de-manaus-recupera-area-verde-degradada-na-zona-norte-da-cidade\/\",\"name\":\"Plantio de mil mudas em \u00e1rea verde degradada\",\"isPartOf\":{\"@id\":\"https:\/\/www.manaus.am.gov.br\/semcom\/#website\"},\"primaryImageOfPage\":{\"@id\":\"https:\/\/www.manaus.am.gov.br\/semcom\/prefeitura-de-manaus-recupera-area-verde-degradada-na-zona-norte-da-cidade\/#primaryimage\"},\"image\":{\"@id\":\"https:\/\/www.manaus.am.gov.br\/semcom\/prefeitura-de-manaus-recupera-area-verde-degradada-na-zona-norte-da-cidade\/#primaryimage\"},\"thumbnailUrl\":\"https:\/\/www.manaus.am.gov.br\/semcom\/wp-content\/uploads\/sites\/5\/2023\/12\/Arborizacao-1.jpeg\",\"datePublished\":\"2023-12-08T15:59:39+00:00\",\"dateModified\":\"2023-12-08T16:08:24+00:00\",\"author\":{\"@id\":\"https:\/\/www.manaus.am.gov.br\/semcom\/#\/schema\/person\/05d223aea2bf115f9883a6ff3683d81b\"},\"description\":\"A Prefeitura de Manaus, por meio da Semmas, realizou o plantio de mil mudas em \u00e1rea verde degradada na zona Norte da capital.\",\"inLanguage\":\"pt-BR\",\"potentialAction\":[{\"@type\":\"ReadAction\",\"target\":[\"https:\/\/www.manaus.am.gov.br\/semcom\/prefeitura-de-manaus-recupera-area-verde-degradada-na-zona-norte-da-cidade\/\"]}]},{\"@type\":\"ImageObject\",\"inLanguage\":\"pt-BR\",\"@id\":\"https:\/\/www.manaus.am.gov.br\/semcom\/prefeitura-de-manaus-recupera-area-verde-degradada-na-zona-norte-da-cidade\/#primaryimage\",\"url\":\"https:\/\/www.manaus.am.gov.br\/semcom\/wp-content\/uploads\/sites\/5\/2023\/12\/Arborizacao-1.jpeg\",\"contentUrl\":\"https:\/\/www.manaus.am.gov.br\/semcom\/wp-content\/uploads\/sites\/5\/2023\/12\/Arborizacao-1.jpeg\",\"width\":1200,\"height\":1176,\"caption\":\"#paratodosverem - Servidores municipais em \u00e1rea verde degradada realizando o plantio de mudas\"},{\"@type\":\"WebSite\",\"@id\":\"https:\/\/www.manaus.am.gov.br\/semcom\/#website\",\"url\":\"https:\/\/www.manaus.am.gov.br\/semcom\/\",\"name\":\"SEMCOM\",\"description\":\"Secretaria Municipal de Comunica\u00e7\u00e3o\",\"potentialAction\":[{\"@type\":\"SearchAction\",\"target\":{\"@type\":\"EntryPoint\",\"urlTemplate\":\"https:\/\/www.manaus.am.gov.br\/semcom\/?s={search_term_string}\"},\"query-input\":\"required name=search_term_string\"}],\"inLanguage\":\"pt-BR\"},{\"@type\":\"Person\",\"@id\":\"https:\/\/www.manaus.am.gov.br\/semcom\/#\/schema\/person\/05d223aea2bf115f9883a6ff3683d81b\",\"name\":\"Bruna Greco\",\"image\":{\"@type\":\"ImageObject\",\"inLanguage\":\"pt-BR\",\"@id\":\"https:\/\/www.manaus.am.gov.br\/semcom\/#\/schema\/person\/image\/\",\"url\":\"https:\/\/secure.gravatar.com\/avatar\/9c877d1a6adc2a055330e5c09a8653ce?s=96&d=mm&r=g\",\"contentUrl\":\"https:\/\/secure.gravatar.com\/avatar\/9c877d1a6adc2a055330e5c09a8653ce?s=96&d=mm&r=g\",\"caption\":\"Bruna Greco\"}}]}<\/script>\n<!-- \/ Yoast SEO plugin. -->","yoast_head_json":{"title":"Plantio de mil mudas em \u00e1rea verde degradada","description":"A Prefeitura de Manaus, por meio da Semmas, realizou o plantio de mil mudas em \u00e1rea verde degradada na zona Norte da capital.","robots":{"index":"index","follow":"follow","max-snippet":"max-snippet:-1","max-image-preview":"max-image-preview:large","max-video-preview":"max-video-preview:-1"},"canonical":"https:\/\/www.manaus.am.gov.br\/semcom\/prefeitura-de-manaus-recupera-area-verde-degradada-na-zona-norte-da-cidade\/","og_locale":"pt_BR","og_type":"article","og_title":"Plantio de mil mudas em \u00e1rea verde degradada","og_description":"A Prefeitura de Manaus, por meio da Semmas, realizou o plantio de mil mudas em \u00e1rea verde degradada na zona Norte da capital.","og_url":"https:\/\/www.manaus.am.gov.br\/semcom\/prefeitura-de-manaus-recupera-area-verde-degradada-na-zona-norte-da-cidade\/","og_site_name":"SEMCOM","article_published_time":"2023-12-08T15:59:39+00:00","article_modified_time":"2023-12-08T16:08:24+00:00","og_image":[{"width":1200,"height":1176,"url":"https:\/\/www.manaus.am.gov.br\/semcom\/wp-content\/uploads\/sites\/5\/2023\/12\/Arborizacao-1.jpeg","type":"image\/jpeg"}],"author":"Bruna Greco","twitter_card":"summary_large_image","twitter_misc":{"Written by":"Bruna Greco","Est. reading time":"2 minutos"},"schema":{"@context":"https:\/\/schema.org","@graph":[{"@type":"WebPage","@id":"https:\/\/www.manaus.am.gov.br\/semcom\/prefeitura-de-manaus-recupera-area-verde-degradada-na-zona-norte-da-cidade\/","url":"https:\/\/www.manaus.am.gov.br\/semcom\/prefeitura-de-manaus-recupera-area-verde-degradada-na-zona-norte-da-cidade\/","name":"Plantio de mil mudas em \u00e1rea verde degradada","isPartOf":{"@id":"https:\/\/www.manaus.am.gov.br\/semcom\/#website"},"primaryImageOfPage":{"@id":"https:\/\/www.manaus.am.gov.br\/semcom\/prefeitura-de-manaus-recupera-area-verde-degradada-na-zona-norte-da-cidade\/#primaryimage"},"image":{"@id":"https:\/\/www.manaus.am.gov.br\/semcom\/prefeitura-de-manaus-recupera-area-verde-degradada-na-zona-norte-da-cidade\/#primaryimage"},"thumbnailUrl":"https:\/\/www.manaus.am.gov.br\/semcom\/wp-content\/uploads\/sites\/5\/2023\/12\/Arborizacao-1.jpeg","datePublished":"2023-12-08T15:59:39+00:00","dateModified":"2023-12-08T16:08:24+00:00","author":{"@id":"https:\/\/www.manaus.am.gov.br\/semcom\/#\/schema\/person\/05d223aea2bf115f9883a6ff3683d81b"},"description":"A Prefeitura de Manaus, por meio da Semmas, realizou o plantio de mil mudas em \u00e1rea verde degradada na zona Norte da capital.","inLanguage":"pt-BR","potentialAction":[{"@type":"ReadAction","target":["https:\/\/www.manaus.am.gov.br\/semcom\/prefeitura-de-manaus-recupera-area-verde-degradada-na-zona-norte-da-cidade\/"]}]},{"@type":"ImageObject","inLanguage":"pt-BR","@id":"https:\/\/www.manaus.am.gov.br\/semcom\/prefeitura-de-manaus-recupera-area-verde-degradada-na-zona-norte-da-cidade\/#primaryimage","url":"https:\/\/www.manaus.am.gov.br\/semcom\/wp-content\/uploads\/sites\/5\/2023\/12\/Arborizacao-1.jpeg","contentUrl":"https:\/\/www.manaus.am.gov.br\/semcom\/wp-content\/uploads\/sites\/5\/2023\/12\/Arborizacao-1.jpeg","width":1200,"height":1176,"caption":"#paratodosverem - Servidores municipais em \u00e1rea verde degradada realizando o plantio de mudas"},{"@type":"WebSite","@id":"https:\/\/www.manaus.am.gov.br\/semcom\/#website","url":"https:\/\/www.manaus.am.gov.br\/semcom\/","name":"SEMCOM","description":"Secretaria Municipal de Comunica\u00e7\u00e3o","potentialAction":[{"@type":"SearchAction","target":{"@type":"EntryPoint","urlTemplate":"https:\/\/www.manaus.am.gov.br\/semcom\/?s={search_term_string}"},"query-input":"required name=search_term_string"}],"inLanguage":"pt-BR"},{"@type":"Person","@id":"https:\/\/www.manaus.am.gov.br\/semcom\/#\/schema\/person\/05d223aea2bf115f9883a6ff3683d81b","name":"Bruna Greco","image":{"@type":"ImageObject","inLanguage":"pt-BR","@id":"https:\/\/www.manaus.am.gov.br\/semcom\/#\/schema\/person\/image\/","url":"https:\/\/secure.gravatar.com\/avatar\/9c877d1a6adc2a055330e5c09a8653ce?s=96&d=mm&r=g","contentUrl":"https:\/\/secure.gravatar.com\/avatar\/9c877d1a6adc2a055330e5c09a8653ce?s=96&d=mm&r=g","caption":"Bruna Greco"}}]}},"_links":{"self":[{"href":"https:\/\/www.manaus.am.gov.br\/semcom\/wp-json\/wp\/v2\/posts\/222701"}],"collection":[{"href":"https:\/\/www.manaus.am.gov.br\/semcom\/wp-json\/wp\/v2\/posts"}],"about":[{"href":"https:\/\/www.manaus.am.gov.br\/semcom\/wp-json\/wp\/v2\/types\/post"}],"author":[{"embeddable":true,"href":"https:\/\/www.manaus.am.gov.br\/semcom\/wp-json\/wp\/v2\/users\/39"}],"replies":[{"embeddable":true,"href":"https:\/\/www.manaus.am.gov.br\/semcom\/wp-json\/wp\/v2\/comments?post=222701"}],"version-history":[{"count":1,"href":"https:\/\/www.manaus.am.gov.br\/semcom\/wp-json\/wp\/v2\/posts\/222701\/revisions"}],"predecessor-version":[{"id":222703,"href":"https:\/\/www.manaus.am.gov.br\/semcom\/wp-json\/wp\/v2\/posts\/222701\/revisions\/222703"}],"wp:featuredmedia":[{"embeddable":true,"href":"https:\/\/www.manaus.am.gov.br\/semcom\/wp-json\/wp\/v2\/media\/222702"}],"wp:attachment":[{"href":"https:\/\/www.manaus.am.gov.br\/semcom\/wp-json\/wp\/v2\/media?parent=222701"}],"wp:term":[{"taxonomy":"category","embeddable":true,"href":"https:\/\/www.manaus.am.gov.br\/semcom\/wp-json\/wp\/v2\/categories?post=222701"},{"taxonomy":"post_tag","embeddable":true,"href":"https:\/\/www.manaus.am.gov.br\/semcom\/wp-json\/wp\/v2\/tags?post=222701"}],"curies":[{"name":"wp","href":"https:\/\/api.w.org\/{rel}","templated":true}]}}