{"id":222279,"date":"2023-12-03T22:15:27","date_gmt":"2023-12-04T02:15:27","guid":{"rendered":"https:\/\/www.manaus.am.gov.br\/semcom\/prefeitura-de-manaus-apresenta-o-espetaculo-um-sonho-de-natal-em-parceria-com-a-nova-igreja-batista-2\/"},"modified":"2023-12-03T22:15:27","modified_gmt":"2023-12-04T02:15:27","slug":"prefeitura-de-manaus-apresenta-o-espetaculo-um-sonho-de-natal-em-parceria-com-a-nova-igreja-batista-2","status":"publish","type":"post","link":"https:\/\/www.manaus.am.gov.br\/semcom\/prefeitura-de-manaus-apresenta-o-espetaculo-um-sonho-de-natal-em-parceria-com-a-nova-igreja-batista-2\/","title":{"rendered":"Prefeitura de Manaus apresenta o espet\u00e1culo \u2018Um Sonho de Natal\u2019 em parceria com a Nova Igreja Batista"},"content":{"rendered":"\n<p>O prefeito de Manaus, David Almeida, prestigiou, na noite deste domingo, 3\/12, o espet\u00e1culo \u201cUm Sonho de Natal &#8211; O Circo da Vida\u201d, promovido pela prefeitura, por meio do Fundo Manaus Solid\u00e1ria (FMS), em parceria com a Nova Igreja Batista (NIB). O evento, que faz parte da programa\u00e7\u00e3o do \u2018Natal das \u00c1guas \u2013 Esperan\u00e7a que se renova\u2019, aconteceu no anfiteatro da Ponta Negra, zona Oeste da cidade, e contou com a presen\u00e7a de mais de 25 mil pessoas nas duas sess\u00f5es do espet\u00e1culo.<\/p>\n\n\n\n<p>Na ocasi\u00e3o, o prefeito de Manaus, David Almeida, destacou que o evento \u00e9 um presente para a capital amazonense.<\/p>\n\n\n\n<p>\u201c\u00c9 um presente que Manaus recebe da Nova Igreja Batista. Esse espet\u00e1culo \u00e9 um sonho de Natal e vem exatamente ao encontro daquilo que Manaus precisa, da presen\u00e7a, da palavra de Deus, e acima de tudo, trazendo esse clima de Natal sensacional que est\u00e1 sobre toda a nossa cidade. Manaus est\u00e1 sendo aben\u00e7oada com este evento\u201d, disse Almeida.<\/p>\n\n\n\n<figure class=\"wp-block-image size-full\"><img loading=\"lazy\" decoding=\"async\" width=\"799\" height=\"533\" src=\"https:\/\/www.manaus.am.gov.br\/semcom\/wp-content\/uploads\/sites\/5\/2023\/12\/53373944253_cd0c6e98ab_c.jpg\" alt=\"\" class=\"wp-image-222282\" srcset=\"https:\/\/www.manaus.am.gov.br\/semcom\/wp-content\/uploads\/sites\/5\/2023\/12\/53373944253_cd0c6e98ab_c.jpg 799w, https:\/\/www.manaus.am.gov.br\/semcom\/wp-content\/uploads\/sites\/5\/2023\/12\/53373944253_cd0c6e98ab_c-300x200.jpg 300w, https:\/\/www.manaus.am.gov.br\/semcom\/wp-content\/uploads\/sites\/5\/2023\/12\/53373944253_cd0c6e98ab_c-768x512.jpg 768w\" sizes=\"(max-width: 799px) 100vw, 799px\" \/><\/figure>\n\n\n\n<p>A apresenta\u00e7\u00e3o, que pelo segundo ano integra o cronograma festivo natalino de Manaus, foi realizada em duas sess\u00f5es, com participa\u00e7\u00e3o de mais de 500 volunt\u00e1rios envolvidos. O espet\u00e1culo \u201cUm Sonho de Natal &#8211; O Circo da Vida\u201d, se passa dentro de um circo, proporcionando uma experi\u00eancia m\u00e1gica e emocionante para toda a fam\u00edlia.<\/p>\n\n\n\n<p>\u201c\u00c9 o nosso segundo ano consecutivo trazendo o espet\u00e1culo, que \u00e9 uma parceria da Prefeitura de Manaus com a Nova Igreja Batista, onde hoje estamos trazendo aqui o sonho de Natal, atendendo todas as pessoas que vieram aqui para a Ponta Negra. Al\u00e9m disso, aqui n\u00f3s temos tamb\u00e9m o apoio de v\u00e1rias secretarias envolvidas, trabalhando de forma integrada, para que a gente possa prestar um melhor atendimento para a popula\u00e7\u00e3o de Manaus\u201d, pontuou o Presidente do FMS, Emerson Castro.<\/p>\n\n\n\n<p>Quem passou pelo local, aprovou cada detalhe da programa\u00e7\u00e3o, como a aut\u00f4noma Sabrina Mar\u00edcia, que foi prestigiar o espet\u00e1culo com a fam\u00edlia. Para ela, a iniciativa traz \u00e0 tona o sentimento natalino.<\/p>\n\n\n\n<p>\u201cEu estou muito feliz de poder estar assistindo e fazendo parte deste momento. Essa iniciativa \u00e9 uma forma de trazer \u00e0 tona, a lembran\u00e7a desse esp\u00edrito natalino, a bondade, a esperan\u00e7a das pessoas, e \u00e9 muito legal para mim\u201d, disse Sabrina.<\/p>\n\n\n\n<figure class=\"wp-block-image size-full\"><img loading=\"lazy\" decoding=\"async\" width=\"799\" height=\"533\" src=\"https:\/\/www.manaus.am.gov.br\/semcom\/wp-content\/uploads\/sites\/5\/2023\/12\/53372850457_24e34f219b_c.jpg\" alt=\"\" class=\"wp-image-222281\" srcset=\"https:\/\/www.manaus.am.gov.br\/semcom\/wp-content\/uploads\/sites\/5\/2023\/12\/53372850457_24e34f219b_c.jpg 799w, https:\/\/www.manaus.am.gov.br\/semcom\/wp-content\/uploads\/sites\/5\/2023\/12\/53372850457_24e34f219b_c-300x200.jpg 300w, https:\/\/www.manaus.am.gov.br\/semcom\/wp-content\/uploads\/sites\/5\/2023\/12\/53372850457_24e34f219b_c-768x512.jpg 768w\" sizes=\"(max-width: 799px) 100vw, 799px\" \/><\/figure>\n\n\n\n<p><strong>\u2018Um Sonho de Natal\u2019<\/strong><\/p>\n\n\n\n<p>O espet\u00e1culo \u2018Um Sonho de Natal \u2013 O Circo da Vida\u2019 tem sua estreia marcada para o dia 9\/12, \u00e0s 20h. Promovido pela Nova Igreja Batista (NIB), o evento contar\u00e1 com sess\u00f5es em dois locais: no audit\u00f3rio da Nova Igreja Batista, localizado na avenida Torquato Tapaj\u00f3s, 4.444, bairro Col\u00f4nia Santo Ant\u00f4nio, zona Norte; e na Nova Igreja Batista Tabern\u00e1culo, que fica na avenida Japur\u00e1, 2.020, bairro Cachoeirinha, zona Sul.<\/p>\n\n\n\n<figure class=\"wp-block-image size-full\"><img loading=\"lazy\" decoding=\"async\" width=\"799\" height=\"533\" src=\"https:\/\/www.manaus.am.gov.br\/semcom\/wp-content\/uploads\/sites\/5\/2023\/12\/53374213830_616c116319_c.jpg\" alt=\"\" class=\"wp-image-222280\" srcset=\"https:\/\/www.manaus.am.gov.br\/semcom\/wp-content\/uploads\/sites\/5\/2023\/12\/53374213830_616c116319_c.jpg 799w, https:\/\/www.manaus.am.gov.br\/semcom\/wp-content\/uploads\/sites\/5\/2023\/12\/53374213830_616c116319_c-300x200.jpg 300w, https:\/\/www.manaus.am.gov.br\/semcom\/wp-content\/uploads\/sites\/5\/2023\/12\/53374213830_616c116319_c-768x512.jpg 768w\" sizes=\"(max-width: 799px) 100vw, 799px\" \/><\/figure>\n\n\n\n<p>Com entrada e estacionamento gratuito, as apresenta\u00e7\u00f5es ser\u00e3o realizadas entre os dias 9 e 25 de dezembro, com exce\u00e7\u00e3o do dia 24.<\/p>\n\n\n\n<p>\u2014\u2014\u2014<\/p>\n\n\n\n<p><strong>Texto &#8211;<\/strong>&nbsp;Beathriz Torres \/ Semcom e Divulga\u00e7\u00e3o\/ Fundo Manaus Solid\u00e1ria<\/p>\n\n\n\n<p><strong>Fotos \u2013<\/strong>&nbsp;Jo\u00e3o Viana \/ Semcom<\/p>\n","protected":false},"excerpt":{"rendered":"","protected":false},"author":52,"featured_media":222284,"comment_status":"closed","ping_status":"closed","sticky":false,"template":"","format":"standard","meta":{"footnotes":""},"categories":[8875],"tags":[9046,77,9538],"acf":[],"yoast_head":"<!-- This site is optimized with the Yoast SEO plugin v23.0 - https:\/\/yoast.com\/wordpress\/plugins\/seo\/ -->\n<title>Prefeitura de Manaus apresenta o espet\u00e1culo \u2018Um Sonho de Natal\u2019 em parceria com a Nova Igreja Batista<\/title>\n<meta name=\"description\" content=\"O prefeito de Manaus, David Almeida, prestigiou, na noite deste domingo, 3\/12, o espet\u00e1culo \u201cUm Sonho de Natal - O Circo da Vida\u201d.\" \/>\n<meta name=\"robots\" content=\"index, follow, max-snippet:-1, max-image-preview:large, max-video-preview:-1\" \/>\n<link rel=\"canonical\" href=\"https:\/\/www.manaus.am.gov.br\/semcom\/prefeitura-de-manaus-apresenta-o-espetaculo-um-sonho-de-natal-em-parceria-com-a-nova-igreja-batista-2\/\" \/>\n<meta property=\"og:locale\" content=\"pt_BR\" \/>\n<meta property=\"og:type\" content=\"article\" \/>\n<meta property=\"og:title\" content=\"Prefeitura de Manaus apresenta o espet\u00e1culo \u2018Um Sonho de Natal\u2019 em parceria com a Nova Igreja Batista\" \/>\n<meta property=\"og:description\" content=\"O prefeito de Manaus, David Almeida, prestigiou, na noite deste domingo, 3\/12, o espet\u00e1culo \u201cUm Sonho de Natal - O Circo da Vida\u201d.\" \/>\n<meta property=\"og:url\" content=\"https:\/\/www.manaus.am.gov.br\/semcom\/prefeitura-de-manaus-apresenta-o-espetaculo-um-sonho-de-natal-em-parceria-com-a-nova-igreja-batista-2\/\" \/>\n<meta property=\"og:site_name\" content=\"SEMCOM\" \/>\n<meta property=\"article:published_time\" content=\"2023-12-04T02:15:27+00:00\" \/>\n<meta property=\"og:image\" content=\"https:\/\/www.manaus.am.gov.br\/semcom\/wp-content\/uploads\/sites\/5\/2023\/12\/53372962877_accf6a576f_c.jpg\" \/>\n\t<meta property=\"og:image:width\" content=\"799\" \/>\n\t<meta property=\"og:image:height\" content=\"533\" \/>\n\t<meta property=\"og:image:type\" content=\"image\/jpeg\" \/>\n<meta name=\"author\" content=\"csilveira\" \/>\n<meta name=\"twitter:card\" content=\"summary_large_image\" \/>\n<meta name=\"twitter:label1\" content=\"Written by\" \/>\n\t<meta name=\"twitter:data1\" content=\"csilveira\" \/>\n\t<meta name=\"twitter:label2\" content=\"Est. reading time\" \/>\n\t<meta name=\"twitter:data2\" content=\"4 minutos\" \/>\n<script type=\"application\/ld+json\" class=\"yoast-schema-graph\">{\"@context\":\"https:\/\/schema.org\",\"@graph\":[{\"@type\":\"WebPage\",\"@id\":\"https:\/\/www.manaus.am.gov.br\/semcom\/prefeitura-de-manaus-apresenta-o-espetaculo-um-sonho-de-natal-em-parceria-com-a-nova-igreja-batista-2\/\",\"url\":\"https:\/\/www.manaus.am.gov.br\/semcom\/prefeitura-de-manaus-apresenta-o-espetaculo-um-sonho-de-natal-em-parceria-com-a-nova-igreja-batista-2\/\",\"name\":\"Prefeitura de Manaus apresenta o espet\u00e1culo \u2018Um Sonho de Natal\u2019 em parceria com a Nova Igreja Batista\",\"isPartOf\":{\"@id\":\"https:\/\/www.manaus.am.gov.br\/semcom\/#website\"},\"primaryImageOfPage\":{\"@id\":\"https:\/\/www.manaus.am.gov.br\/semcom\/prefeitura-de-manaus-apresenta-o-espetaculo-um-sonho-de-natal-em-parceria-com-a-nova-igreja-batista-2\/#primaryimage\"},\"image\":{\"@id\":\"https:\/\/www.manaus.am.gov.br\/semcom\/prefeitura-de-manaus-apresenta-o-espetaculo-um-sonho-de-natal-em-parceria-com-a-nova-igreja-batista-2\/#primaryimage\"},\"thumbnailUrl\":\"https:\/\/www.manaus.am.gov.br\/semcom\/wp-content\/uploads\/sites\/5\/2023\/12\/53372962877_accf6a576f_c.jpg\",\"datePublished\":\"2023-12-04T02:15:27+00:00\",\"dateModified\":\"2023-12-04T02:15:27+00:00\",\"author\":{\"@id\":\"https:\/\/www.manaus.am.gov.br\/semcom\/#\/schema\/person\/bfafc779be2e19b3d3ef4a59d418b606\"},\"description\":\"O prefeito de Manaus, David Almeida, prestigiou, na noite deste domingo, 3\/12, o espet\u00e1culo \u201cUm Sonho de Natal - O Circo da Vida\u201d.\",\"inLanguage\":\"pt-BR\",\"potentialAction\":[{\"@type\":\"ReadAction\",\"target\":[\"https:\/\/www.manaus.am.gov.br\/semcom\/prefeitura-de-manaus-apresenta-o-espetaculo-um-sonho-de-natal-em-parceria-com-a-nova-igreja-batista-2\/\"]}]},{\"@type\":\"ImageObject\",\"inLanguage\":\"pt-BR\",\"@id\":\"https:\/\/www.manaus.am.gov.br\/semcom\/prefeitura-de-manaus-apresenta-o-espetaculo-um-sonho-de-natal-em-parceria-com-a-nova-igreja-batista-2\/#primaryimage\",\"url\":\"https:\/\/www.manaus.am.gov.br\/semcom\/wp-content\/uploads\/sites\/5\/2023\/12\/53372962877_accf6a576f_c.jpg\",\"contentUrl\":\"https:\/\/www.manaus.am.gov.br\/semcom\/wp-content\/uploads\/sites\/5\/2023\/12\/53372962877_accf6a576f_c.jpg\",\"width\":799,\"height\":533},{\"@type\":\"WebSite\",\"@id\":\"https:\/\/www.manaus.am.gov.br\/semcom\/#website\",\"url\":\"https:\/\/www.manaus.am.gov.br\/semcom\/\",\"name\":\"SEMCOM\",\"description\":\"Secretaria Municipal de Comunica\u00e7\u00e3o\",\"potentialAction\":[{\"@type\":\"SearchAction\",\"target\":{\"@type\":\"EntryPoint\",\"urlTemplate\":\"https:\/\/www.manaus.am.gov.br\/semcom\/?s={search_term_string}\"},\"query-input\":\"required name=search_term_string\"}],\"inLanguage\":\"pt-BR\"},{\"@type\":\"Person\",\"@id\":\"https:\/\/www.manaus.am.gov.br\/semcom\/#\/schema\/person\/bfafc779be2e19b3d3ef4a59d418b606\",\"name\":\"csilveira\",\"image\":{\"@type\":\"ImageObject\",\"inLanguage\":\"pt-BR\",\"@id\":\"https:\/\/www.manaus.am.gov.br\/semcom\/#\/schema\/person\/image\/\",\"url\":\"https:\/\/secure.gravatar.com\/avatar\/9c2e2f00138fcd35401c748bd030d3b5?s=96&d=mm&r=g\",\"contentUrl\":\"https:\/\/secure.gravatar.com\/avatar\/9c2e2f00138fcd35401c748bd030d3b5?s=96&d=mm&r=g\",\"caption\":\"csilveira\"}}]}<\/script>\n<!-- \/ Yoast SEO plugin. -->","yoast_head_json":{"title":"Prefeitura de Manaus apresenta o espet\u00e1culo \u2018Um Sonho de Natal\u2019 em parceria com a Nova Igreja Batista","description":"O prefeito de Manaus, David Almeida, prestigiou, na noite deste domingo, 3\/12, o espet\u00e1culo \u201cUm Sonho de Natal - O Circo da Vida\u201d.","robots":{"index":"index","follow":"follow","max-snippet":"max-snippet:-1","max-image-preview":"max-image-preview:large","max-video-preview":"max-video-preview:-1"},"canonical":"https:\/\/www.manaus.am.gov.br\/semcom\/prefeitura-de-manaus-apresenta-o-espetaculo-um-sonho-de-natal-em-parceria-com-a-nova-igreja-batista-2\/","og_locale":"pt_BR","og_type":"article","og_title":"Prefeitura de Manaus apresenta o espet\u00e1culo \u2018Um Sonho de Natal\u2019 em parceria com a Nova Igreja Batista","og_description":"O prefeito de Manaus, David Almeida, prestigiou, na noite deste domingo, 3\/12, o espet\u00e1culo \u201cUm Sonho de Natal - O Circo da Vida\u201d.","og_url":"https:\/\/www.manaus.am.gov.br\/semcom\/prefeitura-de-manaus-apresenta-o-espetaculo-um-sonho-de-natal-em-parceria-com-a-nova-igreja-batista-2\/","og_site_name":"SEMCOM","article_published_time":"2023-12-04T02:15:27+00:00","og_image":[{"width":799,"height":533,"url":"https:\/\/www.manaus.am.gov.br\/semcom\/wp-content\/uploads\/sites\/5\/2023\/12\/53372962877_accf6a576f_c.jpg","type":"image\/jpeg"}],"author":"csilveira","twitter_card":"summary_large_image","twitter_misc":{"Written by":"csilveira","Est. reading time":"4 minutos"},"schema":{"@context":"https:\/\/schema.org","@graph":[{"@type":"WebPage","@id":"https:\/\/www.manaus.am.gov.br\/semcom\/prefeitura-de-manaus-apresenta-o-espetaculo-um-sonho-de-natal-em-parceria-com-a-nova-igreja-batista-2\/","url":"https:\/\/www.manaus.am.gov.br\/semcom\/prefeitura-de-manaus-apresenta-o-espetaculo-um-sonho-de-natal-em-parceria-com-a-nova-igreja-batista-2\/","name":"Prefeitura de Manaus apresenta o espet\u00e1culo \u2018Um Sonho de Natal\u2019 em parceria com a Nova Igreja Batista","isPartOf":{"@id":"https:\/\/www.manaus.am.gov.br\/semcom\/#website"},"primaryImageOfPage":{"@id":"https:\/\/www.manaus.am.gov.br\/semcom\/prefeitura-de-manaus-apresenta-o-espetaculo-um-sonho-de-natal-em-parceria-com-a-nova-igreja-batista-2\/#primaryimage"},"image":{"@id":"https:\/\/www.manaus.am.gov.br\/semcom\/prefeitura-de-manaus-apresenta-o-espetaculo-um-sonho-de-natal-em-parceria-com-a-nova-igreja-batista-2\/#primaryimage"},"thumbnailUrl":"https:\/\/www.manaus.am.gov.br\/semcom\/wp-content\/uploads\/sites\/5\/2023\/12\/53372962877_accf6a576f_c.jpg","datePublished":"2023-12-04T02:15:27+00:00","dateModified":"2023-12-04T02:15:27+00:00","author":{"@id":"https:\/\/www.manaus.am.gov.br\/semcom\/#\/schema\/person\/bfafc779be2e19b3d3ef4a59d418b606"},"description":"O prefeito de Manaus, David Almeida, prestigiou, na noite deste domingo, 3\/12, o espet\u00e1culo \u201cUm Sonho de Natal - O Circo da Vida\u201d.","inLanguage":"pt-BR","potentialAction":[{"@type":"ReadAction","target":["https:\/\/www.manaus.am.gov.br\/semcom\/prefeitura-de-manaus-apresenta-o-espetaculo-um-sonho-de-natal-em-parceria-com-a-nova-igreja-batista-2\/"]}]},{"@type":"ImageObject","inLanguage":"pt-BR","@id":"https:\/\/www.manaus.am.gov.br\/semcom\/prefeitura-de-manaus-apresenta-o-espetaculo-um-sonho-de-natal-em-parceria-com-a-nova-igreja-batista-2\/#primaryimage","url":"https:\/\/www.manaus.am.gov.br\/semcom\/wp-content\/uploads\/sites\/5\/2023\/12\/53372962877_accf6a576f_c.jpg","contentUrl":"https:\/\/www.manaus.am.gov.br\/semcom\/wp-content\/uploads\/sites\/5\/2023\/12\/53372962877_accf6a576f_c.jpg","width":799,"height":533},{"@type":"WebSite","@id":"https:\/\/www.manaus.am.gov.br\/semcom\/#website","url":"https:\/\/www.manaus.am.gov.br\/semcom\/","name":"SEMCOM","description":"Secretaria Municipal de Comunica\u00e7\u00e3o","potentialAction":[{"@type":"SearchAction","target":{"@type":"EntryPoint","urlTemplate":"https:\/\/www.manaus.am.gov.br\/semcom\/?s={search_term_string}"},"query-input":"required name=search_term_string"}],"inLanguage":"pt-BR"},{"@type":"Person","@id":"https:\/\/www.manaus.am.gov.br\/semcom\/#\/schema\/person\/bfafc779be2e19b3d3ef4a59d418b606","name":"csilveira","image":{"@type":"ImageObject","inLanguage":"pt-BR","@id":"https:\/\/www.manaus.am.gov.br\/semcom\/#\/schema\/person\/image\/","url":"https:\/\/secure.gravatar.com\/avatar\/9c2e2f00138fcd35401c748bd030d3b5?s=96&d=mm&r=g","contentUrl":"https:\/\/secure.gravatar.com\/avatar\/9c2e2f00138fcd35401c748bd030d3b5?s=96&d=mm&r=g","caption":"csilveira"}}]}},"_links":{"self":[{"href":"https:\/\/www.manaus.am.gov.br\/semcom\/wp-json\/wp\/v2\/posts\/222279"}],"collection":[{"href":"https:\/\/www.manaus.am.gov.br\/semcom\/wp-json\/wp\/v2\/posts"}],"about":[{"href":"https:\/\/www.manaus.am.gov.br\/semcom\/wp-json\/wp\/v2\/types\/post"}],"author":[{"embeddable":true,"href":"https:\/\/www.manaus.am.gov.br\/semcom\/wp-json\/wp\/v2\/users\/52"}],"replies":[{"embeddable":true,"href":"https:\/\/www.manaus.am.gov.br\/semcom\/wp-json\/wp\/v2\/comments?post=222279"}],"version-history":[{"count":1,"href":"https:\/\/www.manaus.am.gov.br\/semcom\/wp-json\/wp\/v2\/posts\/222279\/revisions"}],"predecessor-version":[{"id":222285,"href":"https:\/\/www.manaus.am.gov.br\/semcom\/wp-json\/wp\/v2\/posts\/222279\/revisions\/222285"}],"wp:featuredmedia":[{"embeddable":true,"href":"https:\/\/www.manaus.am.gov.br\/semcom\/wp-json\/wp\/v2\/media\/222284"}],"wp:attachment":[{"href":"https:\/\/www.manaus.am.gov.br\/semcom\/wp-json\/wp\/v2\/media?parent=222279"}],"wp:term":[{"taxonomy":"category","embeddable":true,"href":"https:\/\/www.manaus.am.gov.br\/semcom\/wp-json\/wp\/v2\/categories?post=222279"},{"taxonomy":"post_tag","embeddable":true,"href":"https:\/\/www.manaus.am.gov.br\/semcom\/wp-json\/wp\/v2\/tags?post=222279"}],"curies":[{"name":"wp","href":"https:\/\/api.w.org\/{rel}","templated":true}]}}