{"id":222178,"date":"2023-12-01T15:07:44","date_gmt":"2023-12-01T18:07:44","guid":{"rendered":"https:\/\/www.manaus.am.gov.br\/semcom\/prefeito-david-almeida-prestigia-cerimonia-de-posse-dos-novos-dirigentes-do-tce-am\/"},"modified":"2023-12-01T15:07:46","modified_gmt":"2023-12-01T18:07:46","slug":"prefeito-david-almeida-prestigia-cerimonia-de-posse-dos-novos-dirigentes-do-tce-am","status":"publish","type":"post","link":"https:\/\/www.manaus.am.gov.br\/semcom\/prefeito-david-almeida-prestigia-cerimonia-de-posse-dos-novos-dirigentes-do-tce-am\/","title":{"rendered":"Prefeito David Almeida prestigia cerim\u00f4nia de posse dos novos dirigentes do TCE-AM"},"content":{"rendered":"\n<p>O prefeito de Manaus, David Almeida, prestigiou, na manh\u00e3 desta sexta-feira, 1\u00ba\/12, a cerim\u00f4nia de posse dos novos dirigentes do Tribunal de Contas do Estado do Amazonas (TCE-AM), para o bi\u00eanio 2024\/2025. A solenidade, que foi realizada no Teatro Amazonas, no centro da cidade, contou com a presen\u00e7a de autoridades dos poderes Legislativo, Executivo e Judici\u00e1rio do Amazonas.<\/p>\n\n\n\n<p>Ap\u00f3s elei\u00e7\u00e3o para o novo Corpo Diretivo, a conselheira Yara Lins tomou posse como presidente da Corte de Contas amazonense. Na ocasi\u00e3o, o chefe do Executivo municipal desejou votos de sucesso \u00e0 nova presidente.<\/p>\n\n\n\n<p>\u201cDesejo \u00eaxito e sucesso \u00e0 conselheira e, agora, presidente Yara Lins. Conselheira experiente dos quadros do Tribunal de Contas. Tenho certeza que, com a sua experi\u00eancia e compet\u00eancia, ir\u00e1 conduzir a nossa Corte de Contas de forma equilibrada e republicana\u201d, disse Almeida.<\/p>\n\n\n\n<p>Al\u00e9m de Yara Lins, os conselheiros Luis Fabian, Josu\u00e9 Cl\u00e1udio, Mario Mello e J\u00falio Pinheiro tamb\u00e9m foram empossados para o novo bi\u00eanio. A nova diretoria vai comandar o TCE-AM nos anos de 2024 e 2025.<\/p>\n\n\n\n<p>&#8212; &#8212; &#8212;<\/p>\n\n\n\n<p><strong>Texto<\/strong>&nbsp;\u2013 Beathriz Torres\/Semcom<\/p>\n\n\n\n<p><strong>Fotos<\/strong>&nbsp;\u2013 Ant\u00f4nio Pereira\/Casa Civil<\/p>\n\n\n\n<p><\/p>\n","protected":false},"excerpt":{"rendered":"","protected":false},"author":23,"featured_media":222179,"comment_status":"closed","ping_status":"closed","sticky":false,"template":"","format":"standard","meta":{"footnotes":""},"categories":[15],"tags":[1596,484,77,4199,9513],"acf":[],"yoast_head":"<!-- This site is optimized with the Yoast SEO plugin v23.0 - https:\/\/yoast.com\/wordpress\/plugins\/seo\/ -->\n<title>Prefeito David Almeida prestigia cerim\u00f4nia de posse dos novos dirigentes do TCE-AM<\/title>\n<meta name=\"description\" content=\"O prefeito de Manaus, David Almeida, prestigiou, na manh\u00e3 desta sexta-feira, 1\u00ba\/12, a cerim\u00f4nia de posse dos novos dirigentes do Tribunal de Contas do Estado do Amazonas (TCE-AM), para o bi\u00eanio 2024\/2025. A solenidade, que foi realizada no Teatro Amazonas, no centro da cidade, contou com a presen\u00e7a de autoridades dos poderes Legislativo, Executivo e Judici\u00e1rio do Amazonas.\" \/>\n<meta name=\"robots\" content=\"index, follow, max-snippet:-1, max-image-preview:large, max-video-preview:-1\" \/>\n<link rel=\"canonical\" href=\"https:\/\/www.manaus.am.gov.br\/semcom\/prefeito-david-almeida-prestigia-cerimonia-de-posse-dos-novos-dirigentes-do-tce-am\/\" \/>\n<meta property=\"og:locale\" content=\"pt_BR\" \/>\n<meta property=\"og:type\" content=\"article\" \/>\n<meta property=\"og:title\" content=\"Prefeito David Almeida prestigia cerim\u00f4nia de posse dos novos dirigentes do TCE-AM\" \/>\n<meta property=\"og:description\" content=\"O prefeito de Manaus, David Almeida, prestigiou, na manh\u00e3 desta sexta-feira, 1\u00ba\/12, a cerim\u00f4nia de posse dos novos dirigentes do Tribunal de Contas do Estado do Amazonas (TCE-AM), para o bi\u00eanio 2024\/2025. A solenidade, que foi realizada no Teatro Amazonas, no centro da cidade, contou com a presen\u00e7a de autoridades dos poderes Legislativo, Executivo e Judici\u00e1rio do Amazonas.\" \/>\n<meta property=\"og:url\" content=\"https:\/\/www.manaus.am.gov.br\/semcom\/prefeito-david-almeida-prestigia-cerimonia-de-posse-dos-novos-dirigentes-do-tce-am\/\" \/>\n<meta property=\"og:site_name\" content=\"SEMCOM\" \/>\n<meta property=\"article:published_time\" content=\"2023-12-01T18:07:44+00:00\" \/>\n<meta property=\"article:modified_time\" content=\"2023-12-01T18:07:46+00:00\" \/>\n<meta property=\"og:image\" content=\"https:\/\/www.manaus.am.gov.br\/semcom\/wp-content\/uploads\/sites\/5\/2023\/12\/WhatsApp-Image-2023-12-01-at-11.52.01.jpeg\" \/>\n\t<meta property=\"og:image:width\" content=\"4160\" \/>\n\t<meta property=\"og:image:height\" content=\"2774\" \/>\n\t<meta property=\"og:image:type\" content=\"image\/jpeg\" \/>\n<meta name=\"author\" content=\"Adriana Costa\" \/>\n<meta name=\"twitter:card\" content=\"summary_large_image\" \/>\n<meta name=\"twitter:label1\" content=\"Written by\" \/>\n\t<meta name=\"twitter:data1\" content=\"Adriana Costa\" \/>\n\t<meta name=\"twitter:label2\" content=\"Est. reading time\" \/>\n\t<meta name=\"twitter:data2\" content=\"1 minuto\" \/>\n<script type=\"application\/ld+json\" class=\"yoast-schema-graph\">{\"@context\":\"https:\/\/schema.org\",\"@graph\":[{\"@type\":\"WebPage\",\"@id\":\"https:\/\/www.manaus.am.gov.br\/semcom\/prefeito-david-almeida-prestigia-cerimonia-de-posse-dos-novos-dirigentes-do-tce-am\/\",\"url\":\"https:\/\/www.manaus.am.gov.br\/semcom\/prefeito-david-almeida-prestigia-cerimonia-de-posse-dos-novos-dirigentes-do-tce-am\/\",\"name\":\"Prefeito David Almeida prestigia cerim\u00f4nia de posse dos novos dirigentes do TCE-AM\",\"isPartOf\":{\"@id\":\"https:\/\/www.manaus.am.gov.br\/semcom\/#website\"},\"primaryImageOfPage\":{\"@id\":\"https:\/\/www.manaus.am.gov.br\/semcom\/prefeito-david-almeida-prestigia-cerimonia-de-posse-dos-novos-dirigentes-do-tce-am\/#primaryimage\"},\"image\":{\"@id\":\"https:\/\/www.manaus.am.gov.br\/semcom\/prefeito-david-almeida-prestigia-cerimonia-de-posse-dos-novos-dirigentes-do-tce-am\/#primaryimage\"},\"thumbnailUrl\":\"https:\/\/www.manaus.am.gov.br\/semcom\/wp-content\/uploads\/sites\/5\/2023\/12\/WhatsApp-Image-2023-12-01-at-11.52.01.jpeg\",\"datePublished\":\"2023-12-01T18:07:44+00:00\",\"dateModified\":\"2023-12-01T18:07:46+00:00\",\"author\":{\"@id\":\"https:\/\/www.manaus.am.gov.br\/semcom\/#\/schema\/person\/4e49f4e267757a06ca072ec61b2b9968\"},\"description\":\"O prefeito de Manaus, David Almeida, prestigiou, na manh\u00e3 desta sexta-feira, 1\u00ba\/12, a cerim\u00f4nia de posse dos novos dirigentes do Tribunal de Contas do Estado do Amazonas (TCE-AM), para o bi\u00eanio 2024\/2025. A solenidade, que foi realizada no Teatro Amazonas, no centro da cidade, contou com a presen\u00e7a de autoridades dos poderes Legislativo, Executivo e Judici\u00e1rio do Amazonas.\",\"inLanguage\":\"pt-BR\",\"potentialAction\":[{\"@type\":\"ReadAction\",\"target\":[\"https:\/\/www.manaus.am.gov.br\/semcom\/prefeito-david-almeida-prestigia-cerimonia-de-posse-dos-novos-dirigentes-do-tce-am\/\"]}]},{\"@type\":\"ImageObject\",\"inLanguage\":\"pt-BR\",\"@id\":\"https:\/\/www.manaus.am.gov.br\/semcom\/prefeito-david-almeida-prestigia-cerimonia-de-posse-dos-novos-dirigentes-do-tce-am\/#primaryimage\",\"url\":\"https:\/\/www.manaus.am.gov.br\/semcom\/wp-content\/uploads\/sites\/5\/2023\/12\/WhatsApp-Image-2023-12-01-at-11.52.01.jpeg\",\"contentUrl\":\"https:\/\/www.manaus.am.gov.br\/semcom\/wp-content\/uploads\/sites\/5\/2023\/12\/WhatsApp-Image-2023-12-01-at-11.52.01.jpeg\",\"width\":4160,\"height\":2774},{\"@type\":\"WebSite\",\"@id\":\"https:\/\/www.manaus.am.gov.br\/semcom\/#website\",\"url\":\"https:\/\/www.manaus.am.gov.br\/semcom\/\",\"name\":\"SEMCOM\",\"description\":\"Secretaria Municipal de Comunica\u00e7\u00e3o\",\"potentialAction\":[{\"@type\":\"SearchAction\",\"target\":{\"@type\":\"EntryPoint\",\"urlTemplate\":\"https:\/\/www.manaus.am.gov.br\/semcom\/?s={search_term_string}\"},\"query-input\":\"required name=search_term_string\"}],\"inLanguage\":\"pt-BR\"},{\"@type\":\"Person\",\"@id\":\"https:\/\/www.manaus.am.gov.br\/semcom\/#\/schema\/person\/4e49f4e267757a06ca072ec61b2b9968\",\"name\":\"Adriana Costa\",\"image\":{\"@type\":\"ImageObject\",\"inLanguage\":\"pt-BR\",\"@id\":\"https:\/\/www.manaus.am.gov.br\/semcom\/#\/schema\/person\/image\/\",\"url\":\"https:\/\/secure.gravatar.com\/avatar\/576258617ef7194f718179e766d57bd4?s=96&d=mm&r=g\",\"contentUrl\":\"https:\/\/secure.gravatar.com\/avatar\/576258617ef7194f718179e766d57bd4?s=96&d=mm&r=g\",\"caption\":\"Adriana Costa\"}}]}<\/script>\n<!-- \/ Yoast SEO plugin. -->","yoast_head_json":{"title":"Prefeito David Almeida prestigia cerim\u00f4nia de posse dos novos dirigentes do TCE-AM","description":"O prefeito de Manaus, David Almeida, prestigiou, na manh\u00e3 desta sexta-feira, 1\u00ba\/12, a cerim\u00f4nia de posse dos novos dirigentes do Tribunal de Contas do Estado do Amazonas (TCE-AM), para o bi\u00eanio 2024\/2025. A solenidade, que foi realizada no Teatro Amazonas, no centro da cidade, contou com a presen\u00e7a de autoridades dos poderes Legislativo, Executivo e Judici\u00e1rio do Amazonas.","robots":{"index":"index","follow":"follow","max-snippet":"max-snippet:-1","max-image-preview":"max-image-preview:large","max-video-preview":"max-video-preview:-1"},"canonical":"https:\/\/www.manaus.am.gov.br\/semcom\/prefeito-david-almeida-prestigia-cerimonia-de-posse-dos-novos-dirigentes-do-tce-am\/","og_locale":"pt_BR","og_type":"article","og_title":"Prefeito David Almeida prestigia cerim\u00f4nia de posse dos novos dirigentes do TCE-AM","og_description":"O prefeito de Manaus, David Almeida, prestigiou, na manh\u00e3 desta sexta-feira, 1\u00ba\/12, a cerim\u00f4nia de posse dos novos dirigentes do Tribunal de Contas do Estado do Amazonas (TCE-AM), para o bi\u00eanio 2024\/2025. A solenidade, que foi realizada no Teatro Amazonas, no centro da cidade, contou com a presen\u00e7a de autoridades dos poderes Legislativo, Executivo e Judici\u00e1rio do Amazonas.","og_url":"https:\/\/www.manaus.am.gov.br\/semcom\/prefeito-david-almeida-prestigia-cerimonia-de-posse-dos-novos-dirigentes-do-tce-am\/","og_site_name":"SEMCOM","article_published_time":"2023-12-01T18:07:44+00:00","article_modified_time":"2023-12-01T18:07:46+00:00","og_image":[{"width":4160,"height":2774,"url":"https:\/\/www.manaus.am.gov.br\/semcom\/wp-content\/uploads\/sites\/5\/2023\/12\/WhatsApp-Image-2023-12-01-at-11.52.01.jpeg","type":"image\/jpeg"}],"author":"Adriana Costa","twitter_card":"summary_large_image","twitter_misc":{"Written by":"Adriana Costa","Est. reading time":"1 minuto"},"schema":{"@context":"https:\/\/schema.org","@graph":[{"@type":"WebPage","@id":"https:\/\/www.manaus.am.gov.br\/semcom\/prefeito-david-almeida-prestigia-cerimonia-de-posse-dos-novos-dirigentes-do-tce-am\/","url":"https:\/\/www.manaus.am.gov.br\/semcom\/prefeito-david-almeida-prestigia-cerimonia-de-posse-dos-novos-dirigentes-do-tce-am\/","name":"Prefeito David Almeida prestigia cerim\u00f4nia de posse dos novos dirigentes do TCE-AM","isPartOf":{"@id":"https:\/\/www.manaus.am.gov.br\/semcom\/#website"},"primaryImageOfPage":{"@id":"https:\/\/www.manaus.am.gov.br\/semcom\/prefeito-david-almeida-prestigia-cerimonia-de-posse-dos-novos-dirigentes-do-tce-am\/#primaryimage"},"image":{"@id":"https:\/\/www.manaus.am.gov.br\/semcom\/prefeito-david-almeida-prestigia-cerimonia-de-posse-dos-novos-dirigentes-do-tce-am\/#primaryimage"},"thumbnailUrl":"https:\/\/www.manaus.am.gov.br\/semcom\/wp-content\/uploads\/sites\/5\/2023\/12\/WhatsApp-Image-2023-12-01-at-11.52.01.jpeg","datePublished":"2023-12-01T18:07:44+00:00","dateModified":"2023-12-01T18:07:46+00:00","author":{"@id":"https:\/\/www.manaus.am.gov.br\/semcom\/#\/schema\/person\/4e49f4e267757a06ca072ec61b2b9968"},"description":"O prefeito de Manaus, David Almeida, prestigiou, na manh\u00e3 desta sexta-feira, 1\u00ba\/12, a cerim\u00f4nia de posse dos novos dirigentes do Tribunal de Contas do Estado do Amazonas (TCE-AM), para o bi\u00eanio 2024\/2025. A solenidade, que foi realizada no Teatro Amazonas, no centro da cidade, contou com a presen\u00e7a de autoridades dos poderes Legislativo, Executivo e Judici\u00e1rio do Amazonas.","inLanguage":"pt-BR","potentialAction":[{"@type":"ReadAction","target":["https:\/\/www.manaus.am.gov.br\/semcom\/prefeito-david-almeida-prestigia-cerimonia-de-posse-dos-novos-dirigentes-do-tce-am\/"]}]},{"@type":"ImageObject","inLanguage":"pt-BR","@id":"https:\/\/www.manaus.am.gov.br\/semcom\/prefeito-david-almeida-prestigia-cerimonia-de-posse-dos-novos-dirigentes-do-tce-am\/#primaryimage","url":"https:\/\/www.manaus.am.gov.br\/semcom\/wp-content\/uploads\/sites\/5\/2023\/12\/WhatsApp-Image-2023-12-01-at-11.52.01.jpeg","contentUrl":"https:\/\/www.manaus.am.gov.br\/semcom\/wp-content\/uploads\/sites\/5\/2023\/12\/WhatsApp-Image-2023-12-01-at-11.52.01.jpeg","width":4160,"height":2774},{"@type":"WebSite","@id":"https:\/\/www.manaus.am.gov.br\/semcom\/#website","url":"https:\/\/www.manaus.am.gov.br\/semcom\/","name":"SEMCOM","description":"Secretaria Municipal de Comunica\u00e7\u00e3o","potentialAction":[{"@type":"SearchAction","target":{"@type":"EntryPoint","urlTemplate":"https:\/\/www.manaus.am.gov.br\/semcom\/?s={search_term_string}"},"query-input":"required name=search_term_string"}],"inLanguage":"pt-BR"},{"@type":"Person","@id":"https:\/\/www.manaus.am.gov.br\/semcom\/#\/schema\/person\/4e49f4e267757a06ca072ec61b2b9968","name":"Adriana Costa","image":{"@type":"ImageObject","inLanguage":"pt-BR","@id":"https:\/\/www.manaus.am.gov.br\/semcom\/#\/schema\/person\/image\/","url":"https:\/\/secure.gravatar.com\/avatar\/576258617ef7194f718179e766d57bd4?s=96&d=mm&r=g","contentUrl":"https:\/\/secure.gravatar.com\/avatar\/576258617ef7194f718179e766d57bd4?s=96&d=mm&r=g","caption":"Adriana Costa"}}]}},"_links":{"self":[{"href":"https:\/\/www.manaus.am.gov.br\/semcom\/wp-json\/wp\/v2\/posts\/222178"}],"collection":[{"href":"https:\/\/www.manaus.am.gov.br\/semcom\/wp-json\/wp\/v2\/posts"}],"about":[{"href":"https:\/\/www.manaus.am.gov.br\/semcom\/wp-json\/wp\/v2\/types\/post"}],"author":[{"embeddable":true,"href":"https:\/\/www.manaus.am.gov.br\/semcom\/wp-json\/wp\/v2\/users\/23"}],"replies":[{"embeddable":true,"href":"https:\/\/www.manaus.am.gov.br\/semcom\/wp-json\/wp\/v2\/comments?post=222178"}],"version-history":[{"count":0,"href":"https:\/\/www.manaus.am.gov.br\/semcom\/wp-json\/wp\/v2\/posts\/222178\/revisions"}],"wp:featuredmedia":[{"embeddable":true,"href":"https:\/\/www.manaus.am.gov.br\/semcom\/wp-json\/wp\/v2\/media\/222179"}],"wp:attachment":[{"href":"https:\/\/www.manaus.am.gov.br\/semcom\/wp-json\/wp\/v2\/media?parent=222178"}],"wp:term":[{"taxonomy":"category","embeddable":true,"href":"https:\/\/www.manaus.am.gov.br\/semcom\/wp-json\/wp\/v2\/categories?post=222178"},{"taxonomy":"post_tag","embeddable":true,"href":"https:\/\/www.manaus.am.gov.br\/semcom\/wp-json\/wp\/v2\/tags?post=222178"}],"curies":[{"name":"wp","href":"https:\/\/api.w.org\/{rel}","templated":true}]}}