{"id":222081,"date":"2017-05-30T13:02:04","date_gmt":"2017-05-30T16:02:04","guid":{"rendered":"https:\/\/www.manaus.am.gov.br\/semcom\/suhbaf-e-implurb-recebem-proposta-para-ampliacao-de-programa-habitacional-para-o-servidor-publico\/"},"modified":"2023-11-30T16:47:40","modified_gmt":"2023-11-30T19:47:40","slug":"suhbaf-e-implurb-recebem-proposta-para-ampliacao-de-programa-habitacional-para-o-servidor-publico","status":"publish","type":"post","link":"https:\/\/www.manaus.am.gov.br\/semcom\/suhbaf-e-implurb-recebem-proposta-para-ampliacao-de-programa-habitacional-para-o-servidor-publico\/","title":{"rendered":"Suhbaf e Implurb recebem proposta para amplia\u00e7\u00e3o de programa habitacional para o servidor p\u00fablico"},"content":{"rendered":"\n<p>Lan\u00e7ado no in\u00edcio do m\u00eas, o programa de habita\u00e7\u00e3o para servidores p\u00fablicos tem n\u00fameros acima das expectativas da Prefeitura de Manaus, com mais de 22 mil pessoas j\u00e1 inscritas. E os n\u00fameros podem ser ampliados com a ades\u00e3o de mais incorporadoras e at\u00e9 mesmo bancos para oferecer mais linhas de cr\u00e9dito.<\/p>\n\n\n\n<p>Este foi um dos pontos levantados durante reuni\u00e3o entre o subsecret\u00e1rio municipal de Habita\u00e7\u00e3o e Assuntos Fundi\u00e1rios (Subhaf), Arimat\u00e9ia Viana, o diretor-presidente do Instituto Municipal de Planejamento Urbano (Implurb), Cl\u00e1udio Guenka, e representantes do Sindicato da Ind\u00fastria da Constru\u00e7\u00e3o Civil do Amazonas (Sinduscon-AM), nesta segunda-feira, 29.<\/p>\n\n\n\n<p>O encontro serviu para o Sinducon apresentar propostas para ampliar o programa e aumentar o leque de unidades habitacionais dispon\u00edveis, estendendo o acesso ao conv\u00eanio para construtoras associadas e ofertar ainda im\u00f3veis para quem est\u00e1 fora das faixas lan\u00e7adas (faixa 1, faixa 1,5, faixa 2 e faixa 3).<\/p>\n\n\n\n<p>O projeto teve seu lan\u00e7amento no Dia do Trabalhador, pelo prefeito Arthur Virg\u00edlio Neto, sendo vinculado ao Minha Casa Minha Vida, do Governo Federal. O objetivo inicial \u00e9 de oferecer de 5 mil a 7 mil unidades habitacionais, com condi\u00e7\u00f5es de pagamento exclusivas e especiais, al\u00e9m de descontos atrativos. O programa tamb\u00e9m faz parte da pol\u00edtica habitacional municipal e visa atender servidores com renda a partir de R$ 1.801,00 at\u00e9 R$ 9.000,00.<\/p>\n\n\n\n<p>\u201cO programa \u00e9 uma realidade e est\u00e1 em pleno funcionamento. A reuni\u00e3o mostra sugest\u00f5es para aumentar o leque de ofertas aos servidores municipais, sempre valorizando as melhores condi\u00e7\u00f5es para o trabalhador. Com isso podemos agregar novas empresas e outros bancos, fomentando a economia municipal e ajudando o servidor a ter uma moradia digna\u201d, afirma Arimat\u00e9ia.<\/p>\n\n\n\n<p>Para o subsecret\u00e1rio, a proposta do Sinduscon-AM \u00e9 v\u00e1lida e passar\u00e1 por an\u00e1lise t\u00e9cnica al\u00e9m de novas reuni\u00f5es. \u201cO diferencial ser\u00e1 sempre o servidor, podermos oferecer descontos atrativos. Quem j\u00e1 se inscreveu j\u00e1 est\u00e1 recebendo contatos, avaliando produtos e pre\u00e7os. Vamos reduzir o d\u00e9ficit habitacional e ainda buscar avan\u00e7ar na faixa 1, para pessoas de baixa renda. \u00c9 um compromisso e uma miss\u00e3o do prefeito Arthur\u201d, fala Arimat\u00e9ia.<\/p>\n\n\n\n<p>Para o presidente da Comiss\u00e3o da Ind\u00fastria Imobili\u00e1ria do Sinduscon, Marco Bolognese, o programa da Prefeitura \u00e9 extremamente interessante. \u201cViemos apresentar a ideia de abrir para mais empresas, como de pequeno e m\u00e9dio portes, que j\u00e1 trabalham no mercado e est\u00e3o aptas a oferecer habita\u00e7\u00f5es na linha do Minha Casa Minha Vida. E tamb\u00e9m temos incorporadoras maiores, que podem atender servidores que n\u00e3o est\u00e3o nas faixas do projeto, mas que podem ter um servi\u00e7o diferenciado. Esta \u00e9 uma iniciativa interessante para o servidor p\u00fablico e para o mercado imobili\u00e1rio\u201d, fala Bolognese.<\/p>\n\n\n\n<p>O Sinduscon apresentar\u00e1 o programa aos seus associados para que fa\u00e7am propostas para participar com itens e descontos atrativos, dando uma maior abrang\u00eancia ao atendimento, com aval da Subhaf e da Prefeitura para se desenhar novos e futuros conv\u00eanios. \u201cH\u00e1 nichos de mercado n\u00e3o atingidos ainda e que poder\u00e3o ter oportunidade com uma amplia\u00e7\u00e3o das faixas e linhas dispon\u00edveis, para que o servidor possa escolher onde quer morar. E ainda temos o aquecimento econ\u00f4mico, impulsionando um importante setor, que \u00e9 o da constru\u00e7\u00e3o civil\u201d, explicou Cl\u00e1udio Guenka.<\/p>\n\n\n\n<p>Participaram da reuni\u00e3o ainda os conselheiros do sindicato da constru\u00e7\u00e3o Rob\u00e9rio Arruda (Comiss\u00e3o de Materiais), e Rog\u00e9rio Menezes (segundo vice-presidente).<\/p>\n\n\n\n<h2 class=\"wp-block-heading\">O programa<\/h2>\n\n\n\n<p>Podem participar do programa servidores p\u00fablicos municipais ativos e inativos, sejam efetivos, celetistas, RDAs e at\u00e9 mesmo os comissionados. O servidor interessado deve primeiramente procurar o setor de recursos humanos de sua secretaria e pedir a inclus\u00e3o do nome no programa para, posteriormente, realizar seu cadastro com o agente financeiro.<\/p>\n\n\n\n<h2 class=\"wp-block-heading\">Ades\u00e3o<\/h2>\n\n\n\n<p>Dentro dos tr\u00e2mites necess\u00e1rios, haver\u00e1 a classifica\u00e7\u00e3o dos servidores, com previs\u00e3o de se iniciar na primeira quinzena de maio pela Subhaf. Ap\u00f3s a lista dos contemplados, a segunda etapa ser\u00e1 a entrega da documenta\u00e7\u00e3o: RG, CPF, comprovante de renda dos&nbsp;\u00faltimos seis meses, FGTS, CLT, IR pessoa f\u00edsica e certid\u00e3o de casamento.<\/p>\n\n\n\n<p>Os servidores interessados nos im\u00f3veis devem preencher ainda outros requisitos: como se encaixar nas determinadas faixas salariais exigidas pelo programa; o funcion\u00e1rio n\u00e3o pode possuir o nome negativado e n\u00e3o pode ser beneficiado por outros programas do Governo que visam o cr\u00e9dito imobili\u00e1rio. A ades\u00e3o dos contemplados ser\u00e1 procedida pelo agente financeiro, de acordo com os crit\u00e9rios Minha Casa Minha Vida em cada faixa do programa.<\/p>\n\n\n\n<p>&#8212;<\/p>\n\n\n\n<p><strong>Sugest\u00e3o de fotos:<\/strong> Ricardo Oliveira \/ Arquivo Semcom<\/p>\n\n\n\n<p><strong>Dispon\u00edveis em: <\/strong><a href=\"https:\/\/flic.kr\/s\/aHskVqFufN\">https:\/\/flic.kr\/s\/aHskVqFufN<\/a><\/p>\n\n\n\n<p>Assessoria de Comunica\u00e7\u00e3o do Instituto Municipal de Planejamento Urbano (Implurb): (92) 3625-6287<\/p>\n","protected":false},"excerpt":{"rendered":"","protected":false},"author":8,"featured_media":222082,"comment_status":"closed","ping_status":"closed","sticky":false,"template":"","format":"standard","meta":{"footnotes":""},"categories":[400],"tags":[],"acf":[],"yoast_head":"<!-- This site is optimized with the Yoast SEO plugin v23.0 - https:\/\/yoast.com\/wordpress\/plugins\/seo\/ -->\n<title>Suhbaf e Implurb recebem proposta para amplia\u00e7\u00e3o de programa habitacional para o servidor p\u00fablico - SEMCOM<\/title>\n<meta name=\"robots\" content=\"index, follow, max-snippet:-1, max-image-preview:large, max-video-preview:-1\" \/>\n<link rel=\"canonical\" href=\"https:\/\/www.manaus.am.gov.br\/semcom\/suhbaf-e-implurb-recebem-proposta-para-ampliacao-de-programa-habitacional-para-o-servidor-publico\/\" \/>\n<meta property=\"og:locale\" content=\"pt_BR\" \/>\n<meta property=\"og:type\" content=\"article\" \/>\n<meta property=\"og:title\" content=\"Suhbaf e Implurb recebem proposta para amplia\u00e7\u00e3o de programa habitacional para o servidor p\u00fablico - SEMCOM\" \/>\n<meta property=\"og:url\" content=\"https:\/\/www.manaus.am.gov.br\/semcom\/suhbaf-e-implurb-recebem-proposta-para-ampliacao-de-programa-habitacional-para-o-servidor-publico\/\" \/>\n<meta property=\"og:site_name\" content=\"SEMCOM\" \/>\n<meta property=\"article:published_time\" content=\"2017-05-30T16:02:04+00:00\" \/>\n<meta property=\"article:modified_time\" content=\"2023-11-30T19:47:40+00:00\" \/>\n<meta property=\"og:image\" content=\"https:\/\/www.manaus.am.gov.br\/semcom\/wp-content\/uploads\/sites\/5\/2023\/11\/34233612270_2a57945bfb_c.jpg\" \/>\n\t<meta property=\"og:image:width\" content=\"800\" \/>\n\t<meta property=\"og:image:height\" content=\"441\" \/>\n\t<meta property=\"og:image:type\" content=\"image\/jpeg\" \/>\n<meta name=\"author\" content=\"Glauber Farias\" \/>\n<meta name=\"twitter:card\" content=\"summary_large_image\" \/>\n<meta name=\"twitter:label1\" content=\"Written by\" \/>\n\t<meta name=\"twitter:data1\" content=\"Glauber Farias\" \/>\n\t<meta name=\"twitter:label2\" content=\"Est. reading time\" \/>\n\t<meta name=\"twitter:data2\" content=\"5 minutos\" \/>\n<script type=\"application\/ld+json\" class=\"yoast-schema-graph\">{\"@context\":\"https:\/\/schema.org\",\"@graph\":[{\"@type\":\"WebPage\",\"@id\":\"https:\/\/www.manaus.am.gov.br\/semcom\/suhbaf-e-implurb-recebem-proposta-para-ampliacao-de-programa-habitacional-para-o-servidor-publico\/\",\"url\":\"https:\/\/www.manaus.am.gov.br\/semcom\/suhbaf-e-implurb-recebem-proposta-para-ampliacao-de-programa-habitacional-para-o-servidor-publico\/\",\"name\":\"Suhbaf e Implurb recebem proposta para amplia\u00e7\u00e3o de programa habitacional para o servidor p\u00fablico - SEMCOM\",\"isPartOf\":{\"@id\":\"https:\/\/www.manaus.am.gov.br\/semcom\/#website\"},\"primaryImageOfPage\":{\"@id\":\"https:\/\/www.manaus.am.gov.br\/semcom\/suhbaf-e-implurb-recebem-proposta-para-ampliacao-de-programa-habitacional-para-o-servidor-publico\/#primaryimage\"},\"image\":{\"@id\":\"https:\/\/www.manaus.am.gov.br\/semcom\/suhbaf-e-implurb-recebem-proposta-para-ampliacao-de-programa-habitacional-para-o-servidor-publico\/#primaryimage\"},\"thumbnailUrl\":\"https:\/\/www.manaus.am.gov.br\/semcom\/wp-content\/uploads\/sites\/5\/2023\/11\/34233612270_2a57945bfb_c.jpg\",\"datePublished\":\"2017-05-30T16:02:04+00:00\",\"dateModified\":\"2023-11-30T19:47:40+00:00\",\"author\":{\"@id\":\"https:\/\/www.manaus.am.gov.br\/semcom\/#\/schema\/person\/fe69d2249d78e7a3112d42bc34c44a58\"},\"inLanguage\":\"pt-BR\",\"potentialAction\":[{\"@type\":\"ReadAction\",\"target\":[\"https:\/\/www.manaus.am.gov.br\/semcom\/suhbaf-e-implurb-recebem-proposta-para-ampliacao-de-programa-habitacional-para-o-servidor-publico\/\"]}]},{\"@type\":\"ImageObject\",\"inLanguage\":\"pt-BR\",\"@id\":\"https:\/\/www.manaus.am.gov.br\/semcom\/suhbaf-e-implurb-recebem-proposta-para-ampliacao-de-programa-habitacional-para-o-servidor-publico\/#primaryimage\",\"url\":\"https:\/\/www.manaus.am.gov.br\/semcom\/wp-content\/uploads\/sites\/5\/2023\/11\/34233612270_2a57945bfb_c.jpg\",\"contentUrl\":\"https:\/\/www.manaus.am.gov.br\/semcom\/wp-content\/uploads\/sites\/5\/2023\/11\/34233612270_2a57945bfb_c.jpg\",\"width\":800,\"height\":441},{\"@type\":\"WebSite\",\"@id\":\"https:\/\/www.manaus.am.gov.br\/semcom\/#website\",\"url\":\"https:\/\/www.manaus.am.gov.br\/semcom\/\",\"name\":\"SEMCOM\",\"description\":\"Secretaria Municipal de Comunica\u00e7\u00e3o\",\"potentialAction\":[{\"@type\":\"SearchAction\",\"target\":{\"@type\":\"EntryPoint\",\"urlTemplate\":\"https:\/\/www.manaus.am.gov.br\/semcom\/?s={search_term_string}\"},\"query-input\":\"required name=search_term_string\"}],\"inLanguage\":\"pt-BR\"},{\"@type\":\"Person\",\"@id\":\"https:\/\/www.manaus.am.gov.br\/semcom\/#\/schema\/person\/fe69d2249d78e7a3112d42bc34c44a58\",\"name\":\"Glauber Farias\",\"image\":{\"@type\":\"ImageObject\",\"inLanguage\":\"pt-BR\",\"@id\":\"https:\/\/www.manaus.am.gov.br\/semcom\/#\/schema\/person\/image\/\",\"url\":\"https:\/\/secure.gravatar.com\/avatar\/eb33200ffd19538372f635b2165531c0?s=96&d=mm&r=g\",\"contentUrl\":\"https:\/\/secure.gravatar.com\/avatar\/eb33200ffd19538372f635b2165531c0?s=96&d=mm&r=g\",\"caption\":\"Glauber Farias\"}}]}<\/script>\n<!-- \/ Yoast SEO plugin. -->","yoast_head_json":{"title":"Suhbaf e Implurb recebem proposta para amplia\u00e7\u00e3o de programa habitacional para o servidor p\u00fablico - SEMCOM","robots":{"index":"index","follow":"follow","max-snippet":"max-snippet:-1","max-image-preview":"max-image-preview:large","max-video-preview":"max-video-preview:-1"},"canonical":"https:\/\/www.manaus.am.gov.br\/semcom\/suhbaf-e-implurb-recebem-proposta-para-ampliacao-de-programa-habitacional-para-o-servidor-publico\/","og_locale":"pt_BR","og_type":"article","og_title":"Suhbaf e Implurb recebem proposta para amplia\u00e7\u00e3o de programa habitacional para o servidor p\u00fablico - SEMCOM","og_url":"https:\/\/www.manaus.am.gov.br\/semcom\/suhbaf-e-implurb-recebem-proposta-para-ampliacao-de-programa-habitacional-para-o-servidor-publico\/","og_site_name":"SEMCOM","article_published_time":"2017-05-30T16:02:04+00:00","article_modified_time":"2023-11-30T19:47:40+00:00","og_image":[{"width":800,"height":441,"url":"https:\/\/www.manaus.am.gov.br\/semcom\/wp-content\/uploads\/sites\/5\/2023\/11\/34233612270_2a57945bfb_c.jpg","type":"image\/jpeg"}],"author":"Glauber Farias","twitter_card":"summary_large_image","twitter_misc":{"Written by":"Glauber Farias","Est. reading time":"5 minutos"},"schema":{"@context":"https:\/\/schema.org","@graph":[{"@type":"WebPage","@id":"https:\/\/www.manaus.am.gov.br\/semcom\/suhbaf-e-implurb-recebem-proposta-para-ampliacao-de-programa-habitacional-para-o-servidor-publico\/","url":"https:\/\/www.manaus.am.gov.br\/semcom\/suhbaf-e-implurb-recebem-proposta-para-ampliacao-de-programa-habitacional-para-o-servidor-publico\/","name":"Suhbaf e Implurb recebem proposta para amplia\u00e7\u00e3o de programa habitacional para o servidor p\u00fablico - SEMCOM","isPartOf":{"@id":"https:\/\/www.manaus.am.gov.br\/semcom\/#website"},"primaryImageOfPage":{"@id":"https:\/\/www.manaus.am.gov.br\/semcom\/suhbaf-e-implurb-recebem-proposta-para-ampliacao-de-programa-habitacional-para-o-servidor-publico\/#primaryimage"},"image":{"@id":"https:\/\/www.manaus.am.gov.br\/semcom\/suhbaf-e-implurb-recebem-proposta-para-ampliacao-de-programa-habitacional-para-o-servidor-publico\/#primaryimage"},"thumbnailUrl":"https:\/\/www.manaus.am.gov.br\/semcom\/wp-content\/uploads\/sites\/5\/2023\/11\/34233612270_2a57945bfb_c.jpg","datePublished":"2017-05-30T16:02:04+00:00","dateModified":"2023-11-30T19:47:40+00:00","author":{"@id":"https:\/\/www.manaus.am.gov.br\/semcom\/#\/schema\/person\/fe69d2249d78e7a3112d42bc34c44a58"},"inLanguage":"pt-BR","potentialAction":[{"@type":"ReadAction","target":["https:\/\/www.manaus.am.gov.br\/semcom\/suhbaf-e-implurb-recebem-proposta-para-ampliacao-de-programa-habitacional-para-o-servidor-publico\/"]}]},{"@type":"ImageObject","inLanguage":"pt-BR","@id":"https:\/\/www.manaus.am.gov.br\/semcom\/suhbaf-e-implurb-recebem-proposta-para-ampliacao-de-programa-habitacional-para-o-servidor-publico\/#primaryimage","url":"https:\/\/www.manaus.am.gov.br\/semcom\/wp-content\/uploads\/sites\/5\/2023\/11\/34233612270_2a57945bfb_c.jpg","contentUrl":"https:\/\/www.manaus.am.gov.br\/semcom\/wp-content\/uploads\/sites\/5\/2023\/11\/34233612270_2a57945bfb_c.jpg","width":800,"height":441},{"@type":"WebSite","@id":"https:\/\/www.manaus.am.gov.br\/semcom\/#website","url":"https:\/\/www.manaus.am.gov.br\/semcom\/","name":"SEMCOM","description":"Secretaria Municipal de Comunica\u00e7\u00e3o","potentialAction":[{"@type":"SearchAction","target":{"@type":"EntryPoint","urlTemplate":"https:\/\/www.manaus.am.gov.br\/semcom\/?s={search_term_string}"},"query-input":"required name=search_term_string"}],"inLanguage":"pt-BR"},{"@type":"Person","@id":"https:\/\/www.manaus.am.gov.br\/semcom\/#\/schema\/person\/fe69d2249d78e7a3112d42bc34c44a58","name":"Glauber Farias","image":{"@type":"ImageObject","inLanguage":"pt-BR","@id":"https:\/\/www.manaus.am.gov.br\/semcom\/#\/schema\/person\/image\/","url":"https:\/\/secure.gravatar.com\/avatar\/eb33200ffd19538372f635b2165531c0?s=96&d=mm&r=g","contentUrl":"https:\/\/secure.gravatar.com\/avatar\/eb33200ffd19538372f635b2165531c0?s=96&d=mm&r=g","caption":"Glauber Farias"}}]}},"_links":{"self":[{"href":"https:\/\/www.manaus.am.gov.br\/semcom\/wp-json\/wp\/v2\/posts\/222081"}],"collection":[{"href":"https:\/\/www.manaus.am.gov.br\/semcom\/wp-json\/wp\/v2\/posts"}],"about":[{"href":"https:\/\/www.manaus.am.gov.br\/semcom\/wp-json\/wp\/v2\/types\/post"}],"author":[{"embeddable":true,"href":"https:\/\/www.manaus.am.gov.br\/semcom\/wp-json\/wp\/v2\/users\/8"}],"replies":[{"embeddable":true,"href":"https:\/\/www.manaus.am.gov.br\/semcom\/wp-json\/wp\/v2\/comments?post=222081"}],"version-history":[{"count":0,"href":"https:\/\/www.manaus.am.gov.br\/semcom\/wp-json\/wp\/v2\/posts\/222081\/revisions"}],"wp:featuredmedia":[{"embeddable":true,"href":"https:\/\/www.manaus.am.gov.br\/semcom\/wp-json\/wp\/v2\/media\/222082"}],"wp:attachment":[{"href":"https:\/\/www.manaus.am.gov.br\/semcom\/wp-json\/wp\/v2\/media?parent=222081"}],"wp:term":[{"taxonomy":"category","embeddable":true,"href":"https:\/\/www.manaus.am.gov.br\/semcom\/wp-json\/wp\/v2\/categories?post=222081"},{"taxonomy":"post_tag","embeddable":true,"href":"https:\/\/www.manaus.am.gov.br\/semcom\/wp-json\/wp\/v2\/tags?post=222081"}],"curies":[{"name":"wp","href":"https:\/\/api.w.org\/{rel}","templated":true}]}}