{"id":221998,"date":"2023-11-29T17:12:06","date_gmt":"2023-11-29T20:12:06","guid":{"rendered":"https:\/\/www.manaus.am.gov.br\/semcom\/prefeitura-de-manaus-realiza-mais-um-teste-de-funcionalidade-na-feira-itinerante\/"},"modified":"2023-11-29T17:12:06","modified_gmt":"2023-11-29T20:12:06","slug":"prefeitura-de-manaus-realiza-mais-um-teste-de-funcionalidade-na-feira-itinerante","status":"publish","type":"post","link":"https:\/\/www.manaus.am.gov.br\/semcom\/prefeitura-de-manaus-realiza-mais-um-teste-de-funcionalidade-na-feira-itinerante\/","title":{"rendered":"Prefeitura de Manaus realiza mais um teste de funcionalidade na feira itinerante\u00a0"},"content":{"rendered":"\n<p>A Prefeitura de Manaus, por meio da Secretaria Municipal de Agricultura, Abastecimento, Centro e Com\u00e9rcio Informal (Semacc), realiza, nesta quarta-feira, 29\/11, novos testes e adapta\u00e7\u00f5es para funcionalidade da feira&nbsp;itinerante do prefeito II, localizada no conjunto Eldorado, bairro Parque 10, zona Centro- Sul da capital.&nbsp;<\/p>\n\n\n\n<p>Com o intuito de melhorar, cada dia mais, todas as feiras da cidade, a Semacc tem realizado testes de adapta\u00e7\u00e3o das novas barracas desmont\u00e1veis e&nbsp;padronizadas onde os permission\u00e1rios trabalham semanalmente nas feiras itinerantes ou feiras volantes, que nunca passaram por moderniza\u00e7\u00e3o dos equipamentos, nos seus mais de 50 anos de atividades. &nbsp;<\/p>\n\n\n\n<p>De acordo com Roberto Menezes, diretor do departamento de feiras e mercados da Semacc, a padroniza\u00e7\u00e3o beneficia todos os feirantes e traz um visual moderno, salutar e humanizado para esses espa\u00e7os.&nbsp;&nbsp;Os equipamentos antigos est\u00e3o muito desgastados, fora do padr\u00e3o e n\u00e3o cabem mais na estrutura que a prefeita tem buscado. &nbsp;<\/p>\n\n\n\n<p>&nbsp;\u201cA padroniza\u00e7\u00e3o e moderniza\u00e7\u00e3o faz parte do projeto que abrange as reformas tamb\u00e9m das feiras e mercados f\u00edsicos da cidade. O prefeito David Almeida determinou que as feiras itinerantes tamb\u00e9m fossem inclu\u00eddas na moderniza\u00e7\u00e3o, iguais as feiras f\u00edsicas. Estamos fazendo testes de funcionalidade para ver onde acertamos e onde precisamos ajustar. Por\u00e9m, desde j\u00e1 est\u00e1&nbsp;&nbsp;sendo muito aceito por todos\u201d, concluiu Bezerra. &nbsp;<\/p>\n\n\n\n<p>Frequentadora da feira e cliente ass\u00eddua, a odont\u00f3loga Isabele de Oliveira est\u00e1 muito contente com o novo espa\u00e7o, padroniza\u00e7\u00e3o e moderniza\u00e7\u00e3o das barracas, que agora oferecem um espa\u00e7o salutar e humanizado. &nbsp;<\/p>\n\n\n\n<p>\u201cAgora desse jeitinho podemos voltar a frequentar com mais seguran\u00e7a na hora da compra. O espa\u00e7o est\u00e1 limpo, amplo, organizado e humanizado, tanto para os feirantes, como para n\u00f3s clientes. Gostei demais de ver esse espa\u00e7o organizado. Pe\u00e7o ao prefeito David, que continue realizando essas moderniza\u00e7\u00f5es, pois todos ganhamos. Eu amo feira, e assim novinha \u00e9 bom demais\u201d, concluiu Isabele.&nbsp;<\/p>\n\n\n\n<p>A feira municipal itinerante Prefeito II surgiu em 1970, possui 36 bancas, gera cerca de 110 empregos diretos e 3 mil indiretos. A feira funciona duas vezes por semana: quarta-feira \u2013 Conjunto Eldorado; e quinta-feira \u2013 Centro Comercial Campos El\u00edseos.&nbsp;<\/p>\n\n\n\n<p>&#8212; &#8212; &#8212;<\/p>\n\n\n\n<p><strong>Texto &#8211;<\/strong> Polyana Brelaz \/ Semacc<\/p>\n\n\n\n<p><strong>Fotos &#8211;<\/strong> Gildo Smith&nbsp;\/ Semacc<\/p>\n\n\n\n<p><strong>Dispon\u00edveis em \u2013 <\/strong><a href=\"https:\/\/flic.kr\/s\/aHBqjB54tK\">https:\/\/flic.kr\/s\/aHBqjB54tK<\/a><\/p>\n","protected":false},"excerpt":{"rendered":"","protected":false},"author":57,"featured_media":221999,"comment_status":"closed","ping_status":"closed","sticky":false,"template":"","format":"standard","meta":{"footnotes":""},"categories":[6],"tags":[692,4777,55],"acf":[],"yoast_head":"<!-- This site is optimized with the Yoast SEO plugin v23.0 - https:\/\/yoast.com\/wordpress\/plugins\/seo\/ -->\n<title>Prefeitura realiza teste de funcionalidade na feira itinerante\u00a0<\/title>\n<meta name=\"description\" content=\"A Prefeitura de Manaus, por meio da Semacc, realiza, nesta quarta-feira, 29\/11, novos testes e adapta\u00e7\u00f5es na feira\u00a0itinerante\" \/>\n<meta name=\"robots\" content=\"index, follow, max-snippet:-1, max-image-preview:large, max-video-preview:-1\" \/>\n<link rel=\"canonical\" href=\"https:\/\/www.manaus.am.gov.br\/semcom\/prefeitura-de-manaus-realiza-mais-um-teste-de-funcionalidade-na-feira-itinerante\/\" \/>\n<meta property=\"og:locale\" content=\"pt_BR\" \/>\n<meta property=\"og:type\" content=\"article\" \/>\n<meta property=\"og:title\" content=\"Prefeitura realiza teste de funcionalidade na feira itinerante\u00a0\" \/>\n<meta property=\"og:description\" content=\"A Prefeitura de Manaus, por meio da Semacc, realiza, nesta quarta-feira, 29\/11, novos testes e adapta\u00e7\u00f5es na feira\u00a0itinerante\" \/>\n<meta property=\"og:url\" content=\"https:\/\/www.manaus.am.gov.br\/semcom\/prefeitura-de-manaus-realiza-mais-um-teste-de-funcionalidade-na-feira-itinerante\/\" \/>\n<meta property=\"og:site_name\" content=\"SEMCOM\" \/>\n<meta property=\"article:published_time\" content=\"2023-11-29T20:12:06+00:00\" \/>\n<meta property=\"og:image\" content=\"https:\/\/www.manaus.am.gov.br\/semcom\/wp-content\/uploads\/sites\/5\/2023\/11\/53364603426_751cbe9430_c.jpg\" \/>\n\t<meta property=\"og:image:width\" content=\"800\" \/>\n\t<meta property=\"og:image:height\" content=\"600\" \/>\n\t<meta property=\"og:image:type\" content=\"image\/jpeg\" \/>\n<meta name=\"author\" content=\"Thiago Fernando\" \/>\n<meta name=\"twitter:card\" content=\"summary_large_image\" \/>\n<meta name=\"twitter:label1\" content=\"Written by\" \/>\n\t<meta name=\"twitter:data1\" content=\"Thiago Fernando\" \/>\n\t<meta name=\"twitter:label2\" content=\"Est. reading time\" \/>\n\t<meta name=\"twitter:data2\" content=\"2 minutos\" \/>\n<script type=\"application\/ld+json\" class=\"yoast-schema-graph\">{\"@context\":\"https:\/\/schema.org\",\"@graph\":[{\"@type\":\"WebPage\",\"@id\":\"https:\/\/www.manaus.am.gov.br\/semcom\/prefeitura-de-manaus-realiza-mais-um-teste-de-funcionalidade-na-feira-itinerante\/\",\"url\":\"https:\/\/www.manaus.am.gov.br\/semcom\/prefeitura-de-manaus-realiza-mais-um-teste-de-funcionalidade-na-feira-itinerante\/\",\"name\":\"Prefeitura realiza teste de funcionalidade na feira itinerante\u00a0\",\"isPartOf\":{\"@id\":\"https:\/\/www.manaus.am.gov.br\/semcom\/#website\"},\"primaryImageOfPage\":{\"@id\":\"https:\/\/www.manaus.am.gov.br\/semcom\/prefeitura-de-manaus-realiza-mais-um-teste-de-funcionalidade-na-feira-itinerante\/#primaryimage\"},\"image\":{\"@id\":\"https:\/\/www.manaus.am.gov.br\/semcom\/prefeitura-de-manaus-realiza-mais-um-teste-de-funcionalidade-na-feira-itinerante\/#primaryimage\"},\"thumbnailUrl\":\"https:\/\/www.manaus.am.gov.br\/semcom\/wp-content\/uploads\/sites\/5\/2023\/11\/53364603426_751cbe9430_c.jpg\",\"datePublished\":\"2023-11-29T20:12:06+00:00\",\"dateModified\":\"2023-11-29T20:12:06+00:00\",\"author\":{\"@id\":\"https:\/\/www.manaus.am.gov.br\/semcom\/#\/schema\/person\/a5ee5376db6e21af026374b369f30882\"},\"description\":\"A Prefeitura de Manaus, por meio da Semacc, realiza, nesta quarta-feira, 29\/11, novos testes e adapta\u00e7\u00f5es na feira\u00a0itinerante\",\"inLanguage\":\"pt-BR\",\"potentialAction\":[{\"@type\":\"ReadAction\",\"target\":[\"https:\/\/www.manaus.am.gov.br\/semcom\/prefeitura-de-manaus-realiza-mais-um-teste-de-funcionalidade-na-feira-itinerante\/\"]}]},{\"@type\":\"ImageObject\",\"inLanguage\":\"pt-BR\",\"@id\":\"https:\/\/www.manaus.am.gov.br\/semcom\/prefeitura-de-manaus-realiza-mais-um-teste-de-funcionalidade-na-feira-itinerante\/#primaryimage\",\"url\":\"https:\/\/www.manaus.am.gov.br\/semcom\/wp-content\/uploads\/sites\/5\/2023\/11\/53364603426_751cbe9430_c.jpg\",\"contentUrl\":\"https:\/\/www.manaus.am.gov.br\/semcom\/wp-content\/uploads\/sites\/5\/2023\/11\/53364603426_751cbe9430_c.jpg\",\"width\":800,\"height\":600,\"caption\":\"#paratodosverem - Semacc testa novo formato da feira itinerante\"},{\"@type\":\"WebSite\",\"@id\":\"https:\/\/www.manaus.am.gov.br\/semcom\/#website\",\"url\":\"https:\/\/www.manaus.am.gov.br\/semcom\/\",\"name\":\"SEMCOM\",\"description\":\"Secretaria Municipal de Comunica\u00e7\u00e3o\",\"potentialAction\":[{\"@type\":\"SearchAction\",\"target\":{\"@type\":\"EntryPoint\",\"urlTemplate\":\"https:\/\/www.manaus.am.gov.br\/semcom\/?s={search_term_string}\"},\"query-input\":\"required name=search_term_string\"}],\"inLanguage\":\"pt-BR\"},{\"@type\":\"Person\",\"@id\":\"https:\/\/www.manaus.am.gov.br\/semcom\/#\/schema\/person\/a5ee5376db6e21af026374b369f30882\",\"name\":\"Thiago Fernando\",\"image\":{\"@type\":\"ImageObject\",\"inLanguage\":\"pt-BR\",\"@id\":\"https:\/\/www.manaus.am.gov.br\/semcom\/#\/schema\/person\/image\/\",\"url\":\"https:\/\/secure.gravatar.com\/avatar\/f5aab8722444041451501c077052ac07?s=96&d=mm&r=g\",\"contentUrl\":\"https:\/\/secure.gravatar.com\/avatar\/f5aab8722444041451501c077052ac07?s=96&d=mm&r=g\",\"caption\":\"Thiago Fernando\"}}]}<\/script>\n<!-- \/ Yoast SEO plugin. -->","yoast_head_json":{"title":"Prefeitura realiza teste de funcionalidade na feira itinerante\u00a0","description":"A Prefeitura de Manaus, por meio da Semacc, realiza, nesta quarta-feira, 29\/11, novos testes e adapta\u00e7\u00f5es na feira\u00a0itinerante","robots":{"index":"index","follow":"follow","max-snippet":"max-snippet:-1","max-image-preview":"max-image-preview:large","max-video-preview":"max-video-preview:-1"},"canonical":"https:\/\/www.manaus.am.gov.br\/semcom\/prefeitura-de-manaus-realiza-mais-um-teste-de-funcionalidade-na-feira-itinerante\/","og_locale":"pt_BR","og_type":"article","og_title":"Prefeitura realiza teste de funcionalidade na feira itinerante\u00a0","og_description":"A Prefeitura de Manaus, por meio da Semacc, realiza, nesta quarta-feira, 29\/11, novos testes e adapta\u00e7\u00f5es na feira\u00a0itinerante","og_url":"https:\/\/www.manaus.am.gov.br\/semcom\/prefeitura-de-manaus-realiza-mais-um-teste-de-funcionalidade-na-feira-itinerante\/","og_site_name":"SEMCOM","article_published_time":"2023-11-29T20:12:06+00:00","og_image":[{"width":800,"height":600,"url":"https:\/\/www.manaus.am.gov.br\/semcom\/wp-content\/uploads\/sites\/5\/2023\/11\/53364603426_751cbe9430_c.jpg","type":"image\/jpeg"}],"author":"Thiago Fernando","twitter_card":"summary_large_image","twitter_misc":{"Written by":"Thiago Fernando","Est. reading time":"2 minutos"},"schema":{"@context":"https:\/\/schema.org","@graph":[{"@type":"WebPage","@id":"https:\/\/www.manaus.am.gov.br\/semcom\/prefeitura-de-manaus-realiza-mais-um-teste-de-funcionalidade-na-feira-itinerante\/","url":"https:\/\/www.manaus.am.gov.br\/semcom\/prefeitura-de-manaus-realiza-mais-um-teste-de-funcionalidade-na-feira-itinerante\/","name":"Prefeitura realiza teste de funcionalidade na feira itinerante\u00a0","isPartOf":{"@id":"https:\/\/www.manaus.am.gov.br\/semcom\/#website"},"primaryImageOfPage":{"@id":"https:\/\/www.manaus.am.gov.br\/semcom\/prefeitura-de-manaus-realiza-mais-um-teste-de-funcionalidade-na-feira-itinerante\/#primaryimage"},"image":{"@id":"https:\/\/www.manaus.am.gov.br\/semcom\/prefeitura-de-manaus-realiza-mais-um-teste-de-funcionalidade-na-feira-itinerante\/#primaryimage"},"thumbnailUrl":"https:\/\/www.manaus.am.gov.br\/semcom\/wp-content\/uploads\/sites\/5\/2023\/11\/53364603426_751cbe9430_c.jpg","datePublished":"2023-11-29T20:12:06+00:00","dateModified":"2023-11-29T20:12:06+00:00","author":{"@id":"https:\/\/www.manaus.am.gov.br\/semcom\/#\/schema\/person\/a5ee5376db6e21af026374b369f30882"},"description":"A Prefeitura de Manaus, por meio da Semacc, realiza, nesta quarta-feira, 29\/11, novos testes e adapta\u00e7\u00f5es na feira\u00a0itinerante","inLanguage":"pt-BR","potentialAction":[{"@type":"ReadAction","target":["https:\/\/www.manaus.am.gov.br\/semcom\/prefeitura-de-manaus-realiza-mais-um-teste-de-funcionalidade-na-feira-itinerante\/"]}]},{"@type":"ImageObject","inLanguage":"pt-BR","@id":"https:\/\/www.manaus.am.gov.br\/semcom\/prefeitura-de-manaus-realiza-mais-um-teste-de-funcionalidade-na-feira-itinerante\/#primaryimage","url":"https:\/\/www.manaus.am.gov.br\/semcom\/wp-content\/uploads\/sites\/5\/2023\/11\/53364603426_751cbe9430_c.jpg","contentUrl":"https:\/\/www.manaus.am.gov.br\/semcom\/wp-content\/uploads\/sites\/5\/2023\/11\/53364603426_751cbe9430_c.jpg","width":800,"height":600,"caption":"#paratodosverem - Semacc testa novo formato da feira itinerante"},{"@type":"WebSite","@id":"https:\/\/www.manaus.am.gov.br\/semcom\/#website","url":"https:\/\/www.manaus.am.gov.br\/semcom\/","name":"SEMCOM","description":"Secretaria Municipal de Comunica\u00e7\u00e3o","potentialAction":[{"@type":"SearchAction","target":{"@type":"EntryPoint","urlTemplate":"https:\/\/www.manaus.am.gov.br\/semcom\/?s={search_term_string}"},"query-input":"required name=search_term_string"}],"inLanguage":"pt-BR"},{"@type":"Person","@id":"https:\/\/www.manaus.am.gov.br\/semcom\/#\/schema\/person\/a5ee5376db6e21af026374b369f30882","name":"Thiago Fernando","image":{"@type":"ImageObject","inLanguage":"pt-BR","@id":"https:\/\/www.manaus.am.gov.br\/semcom\/#\/schema\/person\/image\/","url":"https:\/\/secure.gravatar.com\/avatar\/f5aab8722444041451501c077052ac07?s=96&d=mm&r=g","contentUrl":"https:\/\/secure.gravatar.com\/avatar\/f5aab8722444041451501c077052ac07?s=96&d=mm&r=g","caption":"Thiago Fernando"}}]}},"_links":{"self":[{"href":"https:\/\/www.manaus.am.gov.br\/semcom\/wp-json\/wp\/v2\/posts\/221998"}],"collection":[{"href":"https:\/\/www.manaus.am.gov.br\/semcom\/wp-json\/wp\/v2\/posts"}],"about":[{"href":"https:\/\/www.manaus.am.gov.br\/semcom\/wp-json\/wp\/v2\/types\/post"}],"author":[{"embeddable":true,"href":"https:\/\/www.manaus.am.gov.br\/semcom\/wp-json\/wp\/v2\/users\/57"}],"replies":[{"embeddable":true,"href":"https:\/\/www.manaus.am.gov.br\/semcom\/wp-json\/wp\/v2\/comments?post=221998"}],"version-history":[{"count":0,"href":"https:\/\/www.manaus.am.gov.br\/semcom\/wp-json\/wp\/v2\/posts\/221998\/revisions"}],"wp:featuredmedia":[{"embeddable":true,"href":"https:\/\/www.manaus.am.gov.br\/semcom\/wp-json\/wp\/v2\/media\/221999"}],"wp:attachment":[{"href":"https:\/\/www.manaus.am.gov.br\/semcom\/wp-json\/wp\/v2\/media?parent=221998"}],"wp:term":[{"taxonomy":"category","embeddable":true,"href":"https:\/\/www.manaus.am.gov.br\/semcom\/wp-json\/wp\/v2\/categories?post=221998"},{"taxonomy":"post_tag","embeddable":true,"href":"https:\/\/www.manaus.am.gov.br\/semcom\/wp-json\/wp\/v2\/tags?post=221998"}],"curies":[{"name":"wp","href":"https:\/\/api.w.org\/{rel}","templated":true}]}}