{"id":221946,"date":"2023-11-29T09:47:50","date_gmt":"2023-11-29T12:47:50","guid":{"rendered":"https:\/\/www.manaus.am.gov.br\/semcom\/prefeitura-apresenta-plano-de-acoes-integradas-para-ordenamento-do-boi-manaus-2023\/"},"modified":"2023-11-29T09:47:52","modified_gmt":"2023-11-29T12:47:52","slug":"prefeitura-apresenta-plano-de-acoes-integradas-para-ordenamento-do-boi-manaus-2023","status":"publish","type":"post","link":"https:\/\/www.manaus.am.gov.br\/semcom\/prefeitura-apresenta-plano-de-acoes-integradas-para-ordenamento-do-boi-manaus-2023\/","title":{"rendered":"Prefeitura apresenta Plano de A\u00e7\u00f5es Integradas para ordenamento do Boi Manaus 2023"},"content":{"rendered":"\n<p>A Prefeitura de Manaus, por meio do Centro de Coopera\u00e7\u00e3o da Cidade (CCC), apresentou o Plano de A\u00e7\u00f5es Integradas (PAI), para os dois dias do \u201cBoi Manaus 2023\u201d, \u00e0s equipes da Secretaria Executiva Adjunta de Planejamento e Gest\u00e3o Integrada de Seguran\u00e7a (Seagi), \u00f3rg\u00e3o vinculado \u00e0 Secretaria de Seguran\u00e7a P\u00fablica do Amazonas (SSP-AM).<\/p>\n\n\n\n<p>Em reuni\u00e3o, na ter\u00e7a-feira, 28\/11, o gerente de Projetos do CCC, M\u00e1rio Henrique, apresentou o novo plano ao titular da Seagi, coronel Almir Cavalcante, e demais representantes das pastas envolvidas na realiza\u00e7\u00e3o da tradicional festa bovina da capital, que ocorre nos dias 1\u00ba e 2 de dezembro, no centro de conven\u00e7\u00f5es Professor Gilberto Mestrinho, o samb\u00f3dromo.&nbsp;<\/p>\n\n\n\n<p>O PAI re\u00fane diversas secretarias das esferas municipal e estadual e desempenha o papel estrat\u00e9gico de integra\u00e7\u00e3o dessas pastas, a fim de fortalecer pol\u00edticas p\u00fablicas conjuntas, orientar e acompanhar os trabalhos de planejamento durante o evento.&nbsp;<\/p>\n\n\n\n<p>O plano estabelece, portanto, que o CCC desempenhar\u00e1 a estrutura\u00e7\u00e3o e ativa\u00e7\u00e3o da base do Colegiado Municipal no samb\u00f3dromo, que ser\u00e1 o ponto de encontro para reuni\u00f5es setoriais durante o evento, al\u00e9m de realizar o monitoramento por imagens no per\u00edmetro externo do centro de conven\u00e7\u00f5es.<\/p>\n\n\n\n<p>O intuito, conforme M\u00e1rio Henrique, \u00e9 que todas as secretarias tenham a oportunidade de se comunicar, compartilhar informa\u00e7\u00f5es e contribuir para alcan\u00e7ar objetivos em suas a\u00e7\u00f5es durante o \u201cBoi Manaus 2023\u201d.&nbsp;<\/p>\n\n\n\n<p>\u201c\u00c9 um mecanismo que facilita o alinhamento e coopera\u00e7\u00e3o entre os entes envolvidos. Temos a premissa de que a organiza\u00e7\u00e3o aliada \u00e0 comunica\u00e7\u00e3o funcional torna o evento mais seguro e confort\u00e1vel para os brincantes\u201d, explica.&nbsp;<\/p>\n\n\n\n<p>Para M\u00e1rio Henrique, ao compartilhar o PAI com o Centro Integrado de Comando e Controle (CICC), \u00f3rg\u00e3o vinculado \u00e0 Seagi, e demais autoridades, se registra o compromisso da coopera\u00e7\u00e3o entre diferentes entidades governamentais.<\/p>\n\n\n\n<p>\u201cDurante as reuni\u00f5es do Colegiado Municipal, trazemos todas as pastas envolvidas na opera\u00e7\u00e3o para o cen\u00e1rio de planejamento, onde apoiamos suas a\u00e7\u00f5es e cooperamos na gest\u00e3o de poss\u00edveis acontecimentos, para que tudo flua da melhor maneira\u201d, pontuou.<\/p>\n\n\n\n<p>\u2028&#8221;Em nome da Funda\u00e7\u00e3o Municipal de Cultura, Turismo e Eventos (Manauscult), expresso nosso profundo agradecimento ao CCC pelo apoio estrat\u00e9gico e dedicado na elabora\u00e7\u00e3o de mais um Plano de A\u00e7\u00f5es Integradas direcionado para o planejamento do \u2018Boi Manaus 2023\u2019. Essa parceria \u00e9 essencial para a efici\u00eancia do evento, proporcionando uma experi\u00eancia segura e memor\u00e1vel para todos os participantes\u201d, expressou o diretor de Grandes Eventos da Manauscult, Reginei Rodrigues.<\/p>\n\n\n\n<p>O secret\u00e1rio da Seagi, coronel Almir Cavalcante, ressaltou o reconhecimento p\u00fablico do empenho do CCC e da Manauscult na organiza\u00e7\u00e3o do \u201cBoi Manaus\u201d.<\/p>\n\n\n\n<p>\u201cA efici\u00eancia e colabora\u00e7\u00e3o dessas entidades na promo\u00e7\u00e3o de um evento seguro e bem-sucedido traduz a parceria que existe na Prefeitura de Manaus, atrav\u00e9s do CCC e da Manauscult, que demonstram o comprometimento com a excel\u00eancia na realiza\u00e7\u00e3o de festividades que celebram a cultura local, consolidando Manaus como um polo de eventos culturalmente ricos e seguros. Por isso, acreditamos e somamos junto com eles\u201d, afirmou.<\/p>\n\n\n\n<p><strong>Participa\u00e7\u00e3o infantojuvenil<\/strong><\/p>\n\n\n\n<p>Durante a reuni\u00e3o, o Juizado da Inf\u00e2ncia e Juventude Infracional, do Tribunal de Justi\u00e7a do Amazonas (JiJi\/TJAM), por meio da portaria n\u00ba 002\/2023-GJ\/JiJi, expedida pelo juiz Titular da Inf\u00e2ncia e da Juventude Infracional, Eliezer Fernandes J\u00fanior, regulamentou controle disciplinado da entrada, perman\u00eancia e participa\u00e7\u00e3o de crian\u00e7as e adolescentes nas festividades do \u201cBoi Manaus 2023\u201d.<\/p>\n\n\n\n<p>Fica definido que a idade m\u00ednima permitida para participa\u00e7\u00e3o no evento, acompanhado dos pais, \u00e9 entre 12 e 15 anos. A portaria tamb\u00e9m regula criteriosamente a entrada desse p\u00fablico em outros eventos noturnos, como os festejos carnavalescos, o \u201cBar do Boi\u201d e o \u201cCarnaboi\u201d.<\/p>\n\n\n\n<p>O magistrado ainda enfatizou que a portaria considera de responsabilidade de todos a preven\u00e7\u00e3o de viola\u00e7\u00f5es ou amea\u00e7as aos direitos de crian\u00e7as e adolescentes e que esse cuidado se torna especialmente relevante em eventos de geradores de grande p\u00fablico.<\/p>\n\n\n\n<p>_ _ _&nbsp;<\/p>\n\n\n\n<p><strong>Texto<\/strong> &#8211; Samira El kebbe \/ CCC<\/p>\n\n\n\n<p><strong>Foto<\/strong> \u2013 Cl\u00f3vis Miranda\/Semcom<\/p>\n\n\n\n<p><strong>Dispon\u00edveis em<\/strong> &#8211;&nbsp;<a href=\"https:\/\/flic.kr\/p\/2pitwg2\" target=\"_blank\" rel=\"noreferrer noopener\">https:\/\/flic.kr\/p\/2pitwg2<\/a><\/p>\n","protected":false},"excerpt":{"rendered":"","protected":false},"author":23,"featured_media":221947,"comment_status":"closed","ping_status":"closed","sticky":false,"template":"","format":"standard","meta":{"footnotes":""},"categories":[1156],"tags":[146,9158,9443,77],"acf":[],"yoast_head":"<!-- This site is optimized with the Yoast SEO plugin v23.0 - https:\/\/yoast.com\/wordpress\/plugins\/seo\/ -->\n<title>Prefeitura apresenta Plano de A\u00e7\u00f5es Integradas para ordenamento do Boi Manaus 2023<\/title>\n<meta name=\"description\" content=\"A Prefeitura de Manaus, por meio do Centro de Coopera\u00e7\u00e3o da Cidade (CCC), apresentou o Plano de A\u00e7\u00f5es Integradas (PAI), para os dois dias do \u201cBoi Manaus 2023\u201d, \u00e0s equipes da Secretaria Executiva Adjunta de Planejamento e Gest\u00e3o Integrada de Seguran\u00e7a (Seagi), \u00f3rg\u00e3o vinculado \u00e0 Secretaria de Seguran\u00e7a P\u00fablica do Amazonas (SSP-AM).\" \/>\n<meta name=\"robots\" content=\"index, follow, max-snippet:-1, max-image-preview:large, max-video-preview:-1\" \/>\n<link rel=\"canonical\" href=\"https:\/\/www.manaus.am.gov.br\/semcom\/prefeitura-apresenta-plano-de-acoes-integradas-para-ordenamento-do-boi-manaus-2023\/\" \/>\n<meta property=\"og:locale\" content=\"pt_BR\" \/>\n<meta property=\"og:type\" content=\"article\" \/>\n<meta property=\"og:title\" content=\"Prefeitura apresenta Plano de A\u00e7\u00f5es Integradas para ordenamento do Boi Manaus 2023\" \/>\n<meta property=\"og:description\" content=\"A Prefeitura de Manaus, por meio do Centro de Coopera\u00e7\u00e3o da Cidade (CCC), apresentou o Plano de A\u00e7\u00f5es Integradas (PAI), para os dois dias do \u201cBoi Manaus 2023\u201d, \u00e0s equipes da Secretaria Executiva Adjunta de Planejamento e Gest\u00e3o Integrada de Seguran\u00e7a (Seagi), \u00f3rg\u00e3o vinculado \u00e0 Secretaria de Seguran\u00e7a P\u00fablica do Amazonas (SSP-AM).\" \/>\n<meta property=\"og:url\" content=\"https:\/\/www.manaus.am.gov.br\/semcom\/prefeitura-apresenta-plano-de-acoes-integradas-para-ordenamento-do-boi-manaus-2023\/\" \/>\n<meta property=\"og:site_name\" content=\"SEMCOM\" \/>\n<meta property=\"article:published_time\" content=\"2023-11-29T12:47:50+00:00\" \/>\n<meta property=\"article:modified_time\" content=\"2023-11-29T12:47:52+00:00\" \/>\n<meta property=\"og:image\" content=\"https:\/\/www.manaus.am.gov.br\/semcom\/wp-content\/uploads\/sites\/5\/2023\/11\/53362648455_23380738d3_c.jpg\" \/>\n\t<meta property=\"og:image:width\" content=\"799\" \/>\n\t<meta property=\"og:image:height\" content=\"533\" \/>\n\t<meta property=\"og:image:type\" content=\"image\/jpeg\" \/>\n<meta name=\"author\" content=\"Adriana Costa\" \/>\n<meta name=\"twitter:card\" content=\"summary_large_image\" \/>\n<meta name=\"twitter:label1\" content=\"Written by\" \/>\n\t<meta name=\"twitter:data1\" content=\"Adriana Costa\" \/>\n\t<meta name=\"twitter:label2\" content=\"Est. reading time\" \/>\n\t<meta name=\"twitter:data2\" content=\"4 minutos\" \/>\n<script type=\"application\/ld+json\" class=\"yoast-schema-graph\">{\"@context\":\"https:\/\/schema.org\",\"@graph\":[{\"@type\":\"WebPage\",\"@id\":\"https:\/\/www.manaus.am.gov.br\/semcom\/prefeitura-apresenta-plano-de-acoes-integradas-para-ordenamento-do-boi-manaus-2023\/\",\"url\":\"https:\/\/www.manaus.am.gov.br\/semcom\/prefeitura-apresenta-plano-de-acoes-integradas-para-ordenamento-do-boi-manaus-2023\/\",\"name\":\"Prefeitura apresenta Plano de A\u00e7\u00f5es Integradas para ordenamento do Boi Manaus 2023\",\"isPartOf\":{\"@id\":\"https:\/\/www.manaus.am.gov.br\/semcom\/#website\"},\"primaryImageOfPage\":{\"@id\":\"https:\/\/www.manaus.am.gov.br\/semcom\/prefeitura-apresenta-plano-de-acoes-integradas-para-ordenamento-do-boi-manaus-2023\/#primaryimage\"},\"image\":{\"@id\":\"https:\/\/www.manaus.am.gov.br\/semcom\/prefeitura-apresenta-plano-de-acoes-integradas-para-ordenamento-do-boi-manaus-2023\/#primaryimage\"},\"thumbnailUrl\":\"https:\/\/www.manaus.am.gov.br\/semcom\/wp-content\/uploads\/sites\/5\/2023\/11\/53362648455_23380738d3_c.jpg\",\"datePublished\":\"2023-11-29T12:47:50+00:00\",\"dateModified\":\"2023-11-29T12:47:52+00:00\",\"author\":{\"@id\":\"https:\/\/www.manaus.am.gov.br\/semcom\/#\/schema\/person\/4e49f4e267757a06ca072ec61b2b9968\"},\"description\":\"A Prefeitura de Manaus, por meio do Centro de Coopera\u00e7\u00e3o da Cidade (CCC), apresentou o Plano de A\u00e7\u00f5es Integradas (PAI), para os dois dias do \u201cBoi Manaus 2023\u201d, \u00e0s equipes da Secretaria Executiva Adjunta de Planejamento e Gest\u00e3o Integrada de Seguran\u00e7a (Seagi), \u00f3rg\u00e3o vinculado \u00e0 Secretaria de Seguran\u00e7a P\u00fablica do Amazonas (SSP-AM).\",\"inLanguage\":\"pt-BR\",\"potentialAction\":[{\"@type\":\"ReadAction\",\"target\":[\"https:\/\/www.manaus.am.gov.br\/semcom\/prefeitura-apresenta-plano-de-acoes-integradas-para-ordenamento-do-boi-manaus-2023\/\"]}]},{\"@type\":\"ImageObject\",\"inLanguage\":\"pt-BR\",\"@id\":\"https:\/\/www.manaus.am.gov.br\/semcom\/prefeitura-apresenta-plano-de-acoes-integradas-para-ordenamento-do-boi-manaus-2023\/#primaryimage\",\"url\":\"https:\/\/www.manaus.am.gov.br\/semcom\/wp-content\/uploads\/sites\/5\/2023\/11\/53362648455_23380738d3_c.jpg\",\"contentUrl\":\"https:\/\/www.manaus.am.gov.br\/semcom\/wp-content\/uploads\/sites\/5\/2023\/11\/53362648455_23380738d3_c.jpg\",\"width\":799,\"height\":533},{\"@type\":\"WebSite\",\"@id\":\"https:\/\/www.manaus.am.gov.br\/semcom\/#website\",\"url\":\"https:\/\/www.manaus.am.gov.br\/semcom\/\",\"name\":\"SEMCOM\",\"description\":\"Secretaria Municipal de Comunica\u00e7\u00e3o\",\"potentialAction\":[{\"@type\":\"SearchAction\",\"target\":{\"@type\":\"EntryPoint\",\"urlTemplate\":\"https:\/\/www.manaus.am.gov.br\/semcom\/?s={search_term_string}\"},\"query-input\":\"required name=search_term_string\"}],\"inLanguage\":\"pt-BR\"},{\"@type\":\"Person\",\"@id\":\"https:\/\/www.manaus.am.gov.br\/semcom\/#\/schema\/person\/4e49f4e267757a06ca072ec61b2b9968\",\"name\":\"Adriana Costa\",\"image\":{\"@type\":\"ImageObject\",\"inLanguage\":\"pt-BR\",\"@id\":\"https:\/\/www.manaus.am.gov.br\/semcom\/#\/schema\/person\/image\/\",\"url\":\"https:\/\/secure.gravatar.com\/avatar\/576258617ef7194f718179e766d57bd4?s=96&d=mm&r=g\",\"contentUrl\":\"https:\/\/secure.gravatar.com\/avatar\/576258617ef7194f718179e766d57bd4?s=96&d=mm&r=g\",\"caption\":\"Adriana Costa\"}}]}<\/script>\n<!-- \/ Yoast SEO plugin. -->","yoast_head_json":{"title":"Prefeitura apresenta Plano de A\u00e7\u00f5es Integradas para ordenamento do Boi Manaus 2023","description":"A Prefeitura de Manaus, por meio do Centro de Coopera\u00e7\u00e3o da Cidade (CCC), apresentou o Plano de A\u00e7\u00f5es Integradas (PAI), para os dois dias do \u201cBoi Manaus 2023\u201d, \u00e0s equipes da Secretaria Executiva Adjunta de Planejamento e Gest\u00e3o Integrada de Seguran\u00e7a (Seagi), \u00f3rg\u00e3o vinculado \u00e0 Secretaria de Seguran\u00e7a P\u00fablica do Amazonas (SSP-AM).","robots":{"index":"index","follow":"follow","max-snippet":"max-snippet:-1","max-image-preview":"max-image-preview:large","max-video-preview":"max-video-preview:-1"},"canonical":"https:\/\/www.manaus.am.gov.br\/semcom\/prefeitura-apresenta-plano-de-acoes-integradas-para-ordenamento-do-boi-manaus-2023\/","og_locale":"pt_BR","og_type":"article","og_title":"Prefeitura apresenta Plano de A\u00e7\u00f5es Integradas para ordenamento do Boi Manaus 2023","og_description":"A Prefeitura de Manaus, por meio do Centro de Coopera\u00e7\u00e3o da Cidade (CCC), apresentou o Plano de A\u00e7\u00f5es Integradas (PAI), para os dois dias do \u201cBoi Manaus 2023\u201d, \u00e0s equipes da Secretaria Executiva Adjunta de Planejamento e Gest\u00e3o Integrada de Seguran\u00e7a (Seagi), \u00f3rg\u00e3o vinculado \u00e0 Secretaria de Seguran\u00e7a P\u00fablica do Amazonas (SSP-AM).","og_url":"https:\/\/www.manaus.am.gov.br\/semcom\/prefeitura-apresenta-plano-de-acoes-integradas-para-ordenamento-do-boi-manaus-2023\/","og_site_name":"SEMCOM","article_published_time":"2023-11-29T12:47:50+00:00","article_modified_time":"2023-11-29T12:47:52+00:00","og_image":[{"width":799,"height":533,"url":"https:\/\/www.manaus.am.gov.br\/semcom\/wp-content\/uploads\/sites\/5\/2023\/11\/53362648455_23380738d3_c.jpg","type":"image\/jpeg"}],"author":"Adriana Costa","twitter_card":"summary_large_image","twitter_misc":{"Written by":"Adriana Costa","Est. reading time":"4 minutos"},"schema":{"@context":"https:\/\/schema.org","@graph":[{"@type":"WebPage","@id":"https:\/\/www.manaus.am.gov.br\/semcom\/prefeitura-apresenta-plano-de-acoes-integradas-para-ordenamento-do-boi-manaus-2023\/","url":"https:\/\/www.manaus.am.gov.br\/semcom\/prefeitura-apresenta-plano-de-acoes-integradas-para-ordenamento-do-boi-manaus-2023\/","name":"Prefeitura apresenta Plano de A\u00e7\u00f5es Integradas para ordenamento do Boi Manaus 2023","isPartOf":{"@id":"https:\/\/www.manaus.am.gov.br\/semcom\/#website"},"primaryImageOfPage":{"@id":"https:\/\/www.manaus.am.gov.br\/semcom\/prefeitura-apresenta-plano-de-acoes-integradas-para-ordenamento-do-boi-manaus-2023\/#primaryimage"},"image":{"@id":"https:\/\/www.manaus.am.gov.br\/semcom\/prefeitura-apresenta-plano-de-acoes-integradas-para-ordenamento-do-boi-manaus-2023\/#primaryimage"},"thumbnailUrl":"https:\/\/www.manaus.am.gov.br\/semcom\/wp-content\/uploads\/sites\/5\/2023\/11\/53362648455_23380738d3_c.jpg","datePublished":"2023-11-29T12:47:50+00:00","dateModified":"2023-11-29T12:47:52+00:00","author":{"@id":"https:\/\/www.manaus.am.gov.br\/semcom\/#\/schema\/person\/4e49f4e267757a06ca072ec61b2b9968"},"description":"A Prefeitura de Manaus, por meio do Centro de Coopera\u00e7\u00e3o da Cidade (CCC), apresentou o Plano de A\u00e7\u00f5es Integradas (PAI), para os dois dias do \u201cBoi Manaus 2023\u201d, \u00e0s equipes da Secretaria Executiva Adjunta de Planejamento e Gest\u00e3o Integrada de Seguran\u00e7a (Seagi), \u00f3rg\u00e3o vinculado \u00e0 Secretaria de Seguran\u00e7a P\u00fablica do Amazonas (SSP-AM).","inLanguage":"pt-BR","potentialAction":[{"@type":"ReadAction","target":["https:\/\/www.manaus.am.gov.br\/semcom\/prefeitura-apresenta-plano-de-acoes-integradas-para-ordenamento-do-boi-manaus-2023\/"]}]},{"@type":"ImageObject","inLanguage":"pt-BR","@id":"https:\/\/www.manaus.am.gov.br\/semcom\/prefeitura-apresenta-plano-de-acoes-integradas-para-ordenamento-do-boi-manaus-2023\/#primaryimage","url":"https:\/\/www.manaus.am.gov.br\/semcom\/wp-content\/uploads\/sites\/5\/2023\/11\/53362648455_23380738d3_c.jpg","contentUrl":"https:\/\/www.manaus.am.gov.br\/semcom\/wp-content\/uploads\/sites\/5\/2023\/11\/53362648455_23380738d3_c.jpg","width":799,"height":533},{"@type":"WebSite","@id":"https:\/\/www.manaus.am.gov.br\/semcom\/#website","url":"https:\/\/www.manaus.am.gov.br\/semcom\/","name":"SEMCOM","description":"Secretaria Municipal de Comunica\u00e7\u00e3o","potentialAction":[{"@type":"SearchAction","target":{"@type":"EntryPoint","urlTemplate":"https:\/\/www.manaus.am.gov.br\/semcom\/?s={search_term_string}"},"query-input":"required name=search_term_string"}],"inLanguage":"pt-BR"},{"@type":"Person","@id":"https:\/\/www.manaus.am.gov.br\/semcom\/#\/schema\/person\/4e49f4e267757a06ca072ec61b2b9968","name":"Adriana Costa","image":{"@type":"ImageObject","inLanguage":"pt-BR","@id":"https:\/\/www.manaus.am.gov.br\/semcom\/#\/schema\/person\/image\/","url":"https:\/\/secure.gravatar.com\/avatar\/576258617ef7194f718179e766d57bd4?s=96&d=mm&r=g","contentUrl":"https:\/\/secure.gravatar.com\/avatar\/576258617ef7194f718179e766d57bd4?s=96&d=mm&r=g","caption":"Adriana Costa"}}]}},"_links":{"self":[{"href":"https:\/\/www.manaus.am.gov.br\/semcom\/wp-json\/wp\/v2\/posts\/221946"}],"collection":[{"href":"https:\/\/www.manaus.am.gov.br\/semcom\/wp-json\/wp\/v2\/posts"}],"about":[{"href":"https:\/\/www.manaus.am.gov.br\/semcom\/wp-json\/wp\/v2\/types\/post"}],"author":[{"embeddable":true,"href":"https:\/\/www.manaus.am.gov.br\/semcom\/wp-json\/wp\/v2\/users\/23"}],"replies":[{"embeddable":true,"href":"https:\/\/www.manaus.am.gov.br\/semcom\/wp-json\/wp\/v2\/comments?post=221946"}],"version-history":[{"count":0,"href":"https:\/\/www.manaus.am.gov.br\/semcom\/wp-json\/wp\/v2\/posts\/221946\/revisions"}],"wp:featuredmedia":[{"embeddable":true,"href":"https:\/\/www.manaus.am.gov.br\/semcom\/wp-json\/wp\/v2\/media\/221947"}],"wp:attachment":[{"href":"https:\/\/www.manaus.am.gov.br\/semcom\/wp-json\/wp\/v2\/media?parent=221946"}],"wp:term":[{"taxonomy":"category","embeddable":true,"href":"https:\/\/www.manaus.am.gov.br\/semcom\/wp-json\/wp\/v2\/categories?post=221946"},{"taxonomy":"post_tag","embeddable":true,"href":"https:\/\/www.manaus.am.gov.br\/semcom\/wp-json\/wp\/v2\/tags?post=221946"}],"curies":[{"name":"wp","href":"https:\/\/api.w.org\/{rel}","templated":true}]}}