{"id":221901,"date":"2023-11-28T20:33:44","date_gmt":"2023-11-28T23:33:44","guid":{"rendered":"https:\/\/www.manaus.am.gov.br\/semcom\/prefeitura-de-manaus-realiza-reuniao-de-avaliacao-tecnica-com-ouvidorias-setoriais\/"},"modified":"2023-11-28T20:33:46","modified_gmt":"2023-11-28T23:33:46","slug":"prefeitura-de-manaus-realiza-reuniao-de-avaliacao-tecnica-com-ouvidorias-setoriais","status":"publish","type":"post","link":"https:\/\/www.manaus.am.gov.br\/semcom\/prefeitura-de-manaus-realiza-reuniao-de-avaliacao-tecnica-com-ouvidorias-setoriais\/","title":{"rendered":"Prefeitura de Manaus realiza reuni\u00e3o de avalia\u00e7\u00e3o t\u00e9cnica com ouvidorias setoriais"},"content":{"rendered":"\n<p>A Prefeitura de Manaus\u200b, por meio da Ouvidoria Geral do Munic\u00edpio\u200b, realizou, nesta ter\u00e7a-feira, 28\/11, uma reuni\u00e3o com as ouvidorias das secretarias na sede da Escola do Servidor P\u00fablico Municipal (ESPI), no bairro Compensa, zona Oeste da capital. O encontro teve como objetivo alinhar as diretrizes e fazer um balan\u00e7o do trabalho executado pela pasta ao longo deste ano.<\/p>\n\n\n\n<p>\u201cN\u00f3s estamos aqui em uma reuni\u00e3o de avalia\u00e7\u00e3o t\u00e9cnica com os ouvidores e ouvidoras setoriais para o alinhamento de ideias e de aprimoramento de m\u00e9todos operacionais para que na gest\u00e3o do prefeito David Almeida, cada vez mais, a Ouvidoria preste o melhor servi\u00e7o poss\u00edvel\u201d, disse o ouvidor-geral do Munic\u00edpio, Nonato Oliveira.<\/p>\n\n\n\n<p>Al\u00e9m da presen\u00e7a dos 55 ouvidores setoriais, a reuni\u00e3o contou ainda com a presen\u00e7a do controlador-geral do Munic\u00edpio, Arnaldo Flores, que destacou a import\u00e2ncia da integra\u00e7\u00e3o setorial para o bom funcionamento das ouvidorias de cada \u00f3rg\u00e3o.<\/p>\n\n\n\n<p>\u201cA ouvidoria \u00e9 um canal de comunica\u00e7\u00e3o que faz a ponte entre o poder p\u00fablico e o cidad\u00e3o que tem o direito de receber bons servi\u00e7os e isso passa por uma ouvidoria atuante e que responda as demandas que a sociedade faz para a gest\u00e3o municipal\u201d, refor\u00e7ou Flores.&nbsp;&nbsp;&nbsp;&nbsp;<\/p>\n\n\n\n<p>Para os ouvidores setoriais, este \u00e9 um trabalho fundamental para continuar oferecendo \u00e0 popula\u00e7\u00e3o os melhores atendimentos e servi\u00e7os de forma integrada.<\/p>\n\n\n\n<p>\u201cAs ouvidorias foram implantadas em todo o munic\u00edpio e depois as ouvidorias setoriais tamb\u00e9m foram criadas. Hoje, trabalhamos com o sistema de plataforma fala.br que realiza essa integra\u00e7\u00e3o com o estado e governo federal\u201d, enfatizou Nafran Evangelista&nbsp;<\/p>\n\n\n\n<p>&#8212; &#8212; &#8212;<\/p>\n\n\n\n<p><strong>Texto \u2013<\/strong> Hellen Miranda \/ Semcom<\/p>\n\n\n\n<p><strong>Foto \u2013<\/strong> Jair Costa \/ Semcom<\/p>\n\n\n\n<p><strong>Dispon\u00edveis em &#8211;<\/strong> <a href=\"https:\/\/www.flickr.com\/photos\/prefeiturademanaus\/albums\/72177720313000136\">https:\/\/www.flickr.com\/photos\/prefeiturademanaus\/albums\/72177720313000136<\/a><\/p>\n\n\n\n<p><\/p>\n","protected":false},"excerpt":{"rendered":"","protected":false},"author":57,"featured_media":221902,"comment_status":"closed","ping_status":"closed","sticky":false,"template":"","format":"standard","meta":{"footnotes":""},"categories":[67],"tags":[4299,9440,220],"acf":[],"yoast_head":"<!-- This site is optimized with the Yoast SEO plugin v23.0 - https:\/\/yoast.com\/wordpress\/plugins\/seo\/ -->\n<title>Prefeitura realiza reuni\u00e3o de avalia\u00e7\u00e3o t\u00e9cnica com ouvidorias<\/title>\n<meta name=\"description\" content=\"A Prefeitura de Manaus\u200b realizou uma reuni\u00e3o com as ouvidorias das secretarias com o objetivo alinhar as diretrizes para 2024.\" \/>\n<meta name=\"robots\" content=\"index, follow, max-snippet:-1, max-image-preview:large, max-video-preview:-1\" \/>\n<link rel=\"canonical\" href=\"https:\/\/www.manaus.am.gov.br\/semcom\/prefeitura-de-manaus-realiza-reuniao-de-avaliacao-tecnica-com-ouvidorias-setoriais\/\" \/>\n<meta property=\"og:locale\" content=\"pt_BR\" \/>\n<meta property=\"og:type\" content=\"article\" \/>\n<meta property=\"og:title\" content=\"Prefeitura realiza reuni\u00e3o de avalia\u00e7\u00e3o t\u00e9cnica com ouvidorias\" \/>\n<meta property=\"og:description\" content=\"A Prefeitura de Manaus\u200b realizou uma reuni\u00e3o com as ouvidorias das secretarias com o objetivo alinhar as diretrizes para 2024.\" \/>\n<meta property=\"og:url\" content=\"https:\/\/www.manaus.am.gov.br\/semcom\/prefeitura-de-manaus-realiza-reuniao-de-avaliacao-tecnica-com-ouvidorias-setoriais\/\" \/>\n<meta property=\"og:site_name\" content=\"SEMCOM\" \/>\n<meta property=\"article:published_time\" content=\"2023-11-28T23:33:44+00:00\" \/>\n<meta property=\"article:modified_time\" content=\"2023-11-28T23:33:46+00:00\" \/>\n<meta property=\"og:image\" content=\"https:\/\/www.manaus.am.gov.br\/semcom\/wp-content\/uploads\/sites\/5\/2023\/11\/53362384801_99481a7e67_c.jpg\" \/>\n\t<meta property=\"og:image:width\" content=\"799\" \/>\n\t<meta property=\"og:image:height\" content=\"533\" \/>\n\t<meta property=\"og:image:type\" content=\"image\/jpeg\" \/>\n<meta name=\"author\" content=\"Thiago Fernando\" \/>\n<meta name=\"twitter:card\" content=\"summary_large_image\" \/>\n<meta name=\"twitter:label1\" content=\"Written by\" \/>\n\t<meta name=\"twitter:data1\" content=\"Thiago Fernando\" \/>\n\t<meta name=\"twitter:label2\" content=\"Est. reading time\" \/>\n\t<meta name=\"twitter:data2\" content=\"2 minutos\" \/>\n<script type=\"application\/ld+json\" class=\"yoast-schema-graph\">{\"@context\":\"https:\/\/schema.org\",\"@graph\":[{\"@type\":\"WebPage\",\"@id\":\"https:\/\/www.manaus.am.gov.br\/semcom\/prefeitura-de-manaus-realiza-reuniao-de-avaliacao-tecnica-com-ouvidorias-setoriais\/\",\"url\":\"https:\/\/www.manaus.am.gov.br\/semcom\/prefeitura-de-manaus-realiza-reuniao-de-avaliacao-tecnica-com-ouvidorias-setoriais\/\",\"name\":\"Prefeitura realiza reuni\u00e3o de avalia\u00e7\u00e3o t\u00e9cnica com ouvidorias\",\"isPartOf\":{\"@id\":\"https:\/\/www.manaus.am.gov.br\/semcom\/#website\"},\"primaryImageOfPage\":{\"@id\":\"https:\/\/www.manaus.am.gov.br\/semcom\/prefeitura-de-manaus-realiza-reuniao-de-avaliacao-tecnica-com-ouvidorias-setoriais\/#primaryimage\"},\"image\":{\"@id\":\"https:\/\/www.manaus.am.gov.br\/semcom\/prefeitura-de-manaus-realiza-reuniao-de-avaliacao-tecnica-com-ouvidorias-setoriais\/#primaryimage\"},\"thumbnailUrl\":\"https:\/\/www.manaus.am.gov.br\/semcom\/wp-content\/uploads\/sites\/5\/2023\/11\/53362384801_99481a7e67_c.jpg\",\"datePublished\":\"2023-11-28T23:33:44+00:00\",\"dateModified\":\"2023-11-28T23:33:46+00:00\",\"author\":{\"@id\":\"https:\/\/www.manaus.am.gov.br\/semcom\/#\/schema\/person\/a5ee5376db6e21af026374b369f30882\"},\"description\":\"A Prefeitura de Manaus\u200b realizou uma reuni\u00e3o com as ouvidorias das secretarias com o objetivo alinhar as diretrizes para 2024.\",\"inLanguage\":\"pt-BR\",\"potentialAction\":[{\"@type\":\"ReadAction\",\"target\":[\"https:\/\/www.manaus.am.gov.br\/semcom\/prefeitura-de-manaus-realiza-reuniao-de-avaliacao-tecnica-com-ouvidorias-setoriais\/\"]}]},{\"@type\":\"ImageObject\",\"inLanguage\":\"pt-BR\",\"@id\":\"https:\/\/www.manaus.am.gov.br\/semcom\/prefeitura-de-manaus-realiza-reuniao-de-avaliacao-tecnica-com-ouvidorias-setoriais\/#primaryimage\",\"url\":\"https:\/\/www.manaus.am.gov.br\/semcom\/wp-content\/uploads\/sites\/5\/2023\/11\/53362384801_99481a7e67_c.jpg\",\"contentUrl\":\"https:\/\/www.manaus.am.gov.br\/semcom\/wp-content\/uploads\/sites\/5\/2023\/11\/53362384801_99481a7e67_c.jpg\",\"width\":799,\"height\":533,\"caption\":\"#paratodosverem - Ouvidor-geral do Munic\u00edpio, Nonato Oliveira, fala com os demais ouvidores do munic\u00edpio\"},{\"@type\":\"WebSite\",\"@id\":\"https:\/\/www.manaus.am.gov.br\/semcom\/#website\",\"url\":\"https:\/\/www.manaus.am.gov.br\/semcom\/\",\"name\":\"SEMCOM\",\"description\":\"Secretaria Municipal de Comunica\u00e7\u00e3o\",\"potentialAction\":[{\"@type\":\"SearchAction\",\"target\":{\"@type\":\"EntryPoint\",\"urlTemplate\":\"https:\/\/www.manaus.am.gov.br\/semcom\/?s={search_term_string}\"},\"query-input\":\"required name=search_term_string\"}],\"inLanguage\":\"pt-BR\"},{\"@type\":\"Person\",\"@id\":\"https:\/\/www.manaus.am.gov.br\/semcom\/#\/schema\/person\/a5ee5376db6e21af026374b369f30882\",\"name\":\"Thiago Fernando\",\"image\":{\"@type\":\"ImageObject\",\"inLanguage\":\"pt-BR\",\"@id\":\"https:\/\/www.manaus.am.gov.br\/semcom\/#\/schema\/person\/image\/\",\"url\":\"https:\/\/secure.gravatar.com\/avatar\/f5aab8722444041451501c077052ac07?s=96&d=mm&r=g\",\"contentUrl\":\"https:\/\/secure.gravatar.com\/avatar\/f5aab8722444041451501c077052ac07?s=96&d=mm&r=g\",\"caption\":\"Thiago Fernando\"}}]}<\/script>\n<!-- \/ Yoast SEO plugin. -->","yoast_head_json":{"title":"Prefeitura realiza reuni\u00e3o de avalia\u00e7\u00e3o t\u00e9cnica com ouvidorias","description":"A Prefeitura de Manaus\u200b realizou uma reuni\u00e3o com as ouvidorias das secretarias com o objetivo alinhar as diretrizes para 2024.","robots":{"index":"index","follow":"follow","max-snippet":"max-snippet:-1","max-image-preview":"max-image-preview:large","max-video-preview":"max-video-preview:-1"},"canonical":"https:\/\/www.manaus.am.gov.br\/semcom\/prefeitura-de-manaus-realiza-reuniao-de-avaliacao-tecnica-com-ouvidorias-setoriais\/","og_locale":"pt_BR","og_type":"article","og_title":"Prefeitura realiza reuni\u00e3o de avalia\u00e7\u00e3o t\u00e9cnica com ouvidorias","og_description":"A Prefeitura de Manaus\u200b realizou uma reuni\u00e3o com as ouvidorias das secretarias com o objetivo alinhar as diretrizes para 2024.","og_url":"https:\/\/www.manaus.am.gov.br\/semcom\/prefeitura-de-manaus-realiza-reuniao-de-avaliacao-tecnica-com-ouvidorias-setoriais\/","og_site_name":"SEMCOM","article_published_time":"2023-11-28T23:33:44+00:00","article_modified_time":"2023-11-28T23:33:46+00:00","og_image":[{"width":799,"height":533,"url":"https:\/\/www.manaus.am.gov.br\/semcom\/wp-content\/uploads\/sites\/5\/2023\/11\/53362384801_99481a7e67_c.jpg","type":"image\/jpeg"}],"author":"Thiago Fernando","twitter_card":"summary_large_image","twitter_misc":{"Written by":"Thiago Fernando","Est. reading time":"2 minutos"},"schema":{"@context":"https:\/\/schema.org","@graph":[{"@type":"WebPage","@id":"https:\/\/www.manaus.am.gov.br\/semcom\/prefeitura-de-manaus-realiza-reuniao-de-avaliacao-tecnica-com-ouvidorias-setoriais\/","url":"https:\/\/www.manaus.am.gov.br\/semcom\/prefeitura-de-manaus-realiza-reuniao-de-avaliacao-tecnica-com-ouvidorias-setoriais\/","name":"Prefeitura realiza reuni\u00e3o de avalia\u00e7\u00e3o t\u00e9cnica com ouvidorias","isPartOf":{"@id":"https:\/\/www.manaus.am.gov.br\/semcom\/#website"},"primaryImageOfPage":{"@id":"https:\/\/www.manaus.am.gov.br\/semcom\/prefeitura-de-manaus-realiza-reuniao-de-avaliacao-tecnica-com-ouvidorias-setoriais\/#primaryimage"},"image":{"@id":"https:\/\/www.manaus.am.gov.br\/semcom\/prefeitura-de-manaus-realiza-reuniao-de-avaliacao-tecnica-com-ouvidorias-setoriais\/#primaryimage"},"thumbnailUrl":"https:\/\/www.manaus.am.gov.br\/semcom\/wp-content\/uploads\/sites\/5\/2023\/11\/53362384801_99481a7e67_c.jpg","datePublished":"2023-11-28T23:33:44+00:00","dateModified":"2023-11-28T23:33:46+00:00","author":{"@id":"https:\/\/www.manaus.am.gov.br\/semcom\/#\/schema\/person\/a5ee5376db6e21af026374b369f30882"},"description":"A Prefeitura de Manaus\u200b realizou uma reuni\u00e3o com as ouvidorias das secretarias com o objetivo alinhar as diretrizes para 2024.","inLanguage":"pt-BR","potentialAction":[{"@type":"ReadAction","target":["https:\/\/www.manaus.am.gov.br\/semcom\/prefeitura-de-manaus-realiza-reuniao-de-avaliacao-tecnica-com-ouvidorias-setoriais\/"]}]},{"@type":"ImageObject","inLanguage":"pt-BR","@id":"https:\/\/www.manaus.am.gov.br\/semcom\/prefeitura-de-manaus-realiza-reuniao-de-avaliacao-tecnica-com-ouvidorias-setoriais\/#primaryimage","url":"https:\/\/www.manaus.am.gov.br\/semcom\/wp-content\/uploads\/sites\/5\/2023\/11\/53362384801_99481a7e67_c.jpg","contentUrl":"https:\/\/www.manaus.am.gov.br\/semcom\/wp-content\/uploads\/sites\/5\/2023\/11\/53362384801_99481a7e67_c.jpg","width":799,"height":533,"caption":"#paratodosverem - Ouvidor-geral do Munic\u00edpio, Nonato Oliveira, fala com os demais ouvidores do munic\u00edpio"},{"@type":"WebSite","@id":"https:\/\/www.manaus.am.gov.br\/semcom\/#website","url":"https:\/\/www.manaus.am.gov.br\/semcom\/","name":"SEMCOM","description":"Secretaria Municipal de Comunica\u00e7\u00e3o","potentialAction":[{"@type":"SearchAction","target":{"@type":"EntryPoint","urlTemplate":"https:\/\/www.manaus.am.gov.br\/semcom\/?s={search_term_string}"},"query-input":"required name=search_term_string"}],"inLanguage":"pt-BR"},{"@type":"Person","@id":"https:\/\/www.manaus.am.gov.br\/semcom\/#\/schema\/person\/a5ee5376db6e21af026374b369f30882","name":"Thiago Fernando","image":{"@type":"ImageObject","inLanguage":"pt-BR","@id":"https:\/\/www.manaus.am.gov.br\/semcom\/#\/schema\/person\/image\/","url":"https:\/\/secure.gravatar.com\/avatar\/f5aab8722444041451501c077052ac07?s=96&d=mm&r=g","contentUrl":"https:\/\/secure.gravatar.com\/avatar\/f5aab8722444041451501c077052ac07?s=96&d=mm&r=g","caption":"Thiago Fernando"}}]}},"_links":{"self":[{"href":"https:\/\/www.manaus.am.gov.br\/semcom\/wp-json\/wp\/v2\/posts\/221901"}],"collection":[{"href":"https:\/\/www.manaus.am.gov.br\/semcom\/wp-json\/wp\/v2\/posts"}],"about":[{"href":"https:\/\/www.manaus.am.gov.br\/semcom\/wp-json\/wp\/v2\/types\/post"}],"author":[{"embeddable":true,"href":"https:\/\/www.manaus.am.gov.br\/semcom\/wp-json\/wp\/v2\/users\/57"}],"replies":[{"embeddable":true,"href":"https:\/\/www.manaus.am.gov.br\/semcom\/wp-json\/wp\/v2\/comments?post=221901"}],"version-history":[{"count":0,"href":"https:\/\/www.manaus.am.gov.br\/semcom\/wp-json\/wp\/v2\/posts\/221901\/revisions"}],"wp:featuredmedia":[{"embeddable":true,"href":"https:\/\/www.manaus.am.gov.br\/semcom\/wp-json\/wp\/v2\/media\/221902"}],"wp:attachment":[{"href":"https:\/\/www.manaus.am.gov.br\/semcom\/wp-json\/wp\/v2\/media?parent=221901"}],"wp:term":[{"taxonomy":"category","embeddable":true,"href":"https:\/\/www.manaus.am.gov.br\/semcom\/wp-json\/wp\/v2\/categories?post=221901"},{"taxonomy":"post_tag","embeddable":true,"href":"https:\/\/www.manaus.am.gov.br\/semcom\/wp-json\/wp\/v2\/tags?post=221901"}],"curies":[{"name":"wp","href":"https:\/\/api.w.org\/{rel}","templated":true}]}}