{"id":221835,"date":"2021-11-05T18:45:12","date_gmt":"2021-11-05T21:45:12","guid":{"rendered":"https:\/\/www.manaus.am.gov.br\/semcom\/contribuintes-com-pendencias-no-implurb-poderao-aderir-ao-programa-para-quitar-debitos\/"},"modified":"2023-11-28T10:46:42","modified_gmt":"2023-11-28T13:46:42","slug":"contribuintes-com-pendencias-no-implurb-poderao-aderir-ao-programa-para-quitar-debitos","status":"publish","type":"post","link":"https:\/\/www.manaus.am.gov.br\/semcom\/contribuintes-com-pendencias-no-implurb-poderao-aderir-ao-programa-para-quitar-debitos\/","title":{"rendered":"Contribuintes com pend\u00eancias no Implurb poder\u00e3o aderir ao programa para quitar d\u00e9bitos"},"content":{"rendered":"\n<p>Dentro de 45 dias, pessoas f\u00edsicas e jur\u00eddicas com d\u00edvidas de taxas referentes a engenhos publicit\u00e1rios, multas e licenciamentos urbanos poder\u00e3o aderir ou quitar os d\u00e9bitos com o Instituto Municipal de Planejamento Urbano (Implurb), por meio de descontos sobre juros e multas, pelo Programa de Recupera\u00e7\u00e3o Fiscal do Munic\u00edpio de <a href=\"https:\/\/www.manaus.am.gov.br\">Manaus<\/a>, o&nbsp;Refis&nbsp;Municipal, que segue at\u00e9 20\/12.<\/p>\n\n\n\n<p>Por meio da lei municipal n\u00ba 2.795\/2021, sancionada pelo prefeito David Almeida, e publicada na edi\u00e7\u00e3o n\u00ba 5.201, do Di\u00e1rio Oficial do Munic\u00edpio (DOM), do dia 8\/10, o Refis Municipal foi institu\u00eddo com descontos sobre os juros e multas.<\/p>\n\n\n\n<p>O contribuinte poder\u00e1 negociar os d\u00e9bitos em atraso de todos os tributos municipais vencidos at\u00e9 a data da celebra\u00e7\u00e3o da ades\u00e3o, al\u00e9m de poder efetuar o pagamento em at\u00e9 60 parcelas mensais e sucessivas ou quitar a d\u00edvida a vista \u2013 neste caso com desconto de 100% dos juros e multas.<\/p>\n\n\n\n<p>Quem optar pelo parcelamento, o desconto sobre os encargos ser\u00e1 menor, conforme a quantidade de parcelas. Para d\u00edvidas com o Implurb os parcelamentos ser\u00e3o feitos conforme os seguintes crit\u00e9rios: 90% para pagamento de 2 a 12 parcelas, 80% para 13 a 24 parcelas, 70% para 25 a 36 parcelas, e 60% para 37 a 60 parcelas.<\/p>\n\n\n\n<p>No caso de pagamento \u00e0 vista haver\u00e1 abatimento de 100% dos juros e multa acumulados, cabendo ao contribuinte pagar somente o valor do d\u00e9bito inicial.<\/p>\n\n\n\n<p>Para aderir ao&nbsp;Refis&nbsp;dever\u00e1 ser feito cadastro pr\u00e9vio no Portal de Servi\u00e7os da Prefeitura, criando&nbsp;<em>login<\/em>&nbsp;e senha individualizada, ficando dispensada essa cria\u00e7\u00e3o para os casos de pagamento em cota \u00fanica. Basta acessar o portal Manaus Atende (<a href=\"http:\/\/manausatende.manaus.am.gov.br\/\" data-saferedirecturl=\"https:\/\/www.google.com\/url?q=http:\/\/manausatende.manaus.am.gov.br&amp;source=gmail&amp;ust=1636234812981000&amp;usg=AFQjCNGN8n44B0tQpBozxk1o6Pr01gvvDQ\">http:\/\/manausatende.manaus.am.gov.br<\/a>).<\/p>\n\n\n\n<p>S\u00e3o aptos ao&nbsp;Refis&nbsp;d\u00e9bitos referentes ao Imposto Predial e Territorial Urbano (IPTU), Imposto Sobre Servi\u00e7os (ISS), al\u00e9m de taxas municipais e multas tribut\u00e1rias, inscritas ou n\u00e3o em d\u00edvida ativa.<\/p>\n\n\n\n<p>Contribuintes com cr\u00e9ditos tribut\u00e1rios que j\u00e1 tenham sido objetos de parcelamentos ou reparcelamentos anteriores, n\u00e3o integralmente quitados, ainda que cancelados por falta de pagamentos, tamb\u00e9m poder\u00e3o usufruir dos benef\u00edcios estabelecidos na lei do&nbsp;Refis.<\/p>\n\n\n\n<p>Em raz\u00e3o da preven\u00e7\u00e3o e da suspens\u00e3o do atendimento presencial por conta da pandemia da Covid-19, o contribuinte que tem d\u00e9bitos com o&nbsp;Implurb&nbsp;pode buscar informa\u00e7\u00f5es sobre parcelamentos pelos telefones (92) 3625-5020, no hor\u00e1rio de 8h \u00e0s 13h, de segunda a sexta-feira, exceto feriados e pontos facultativos, junto \u00e0 Ger\u00eancia de C\u00e1lculo (GCA).<\/p>\n\n\n\n<p>N\u00e3o entram no&nbsp;Refis&nbsp;d\u00e9bitos decorrentes de outorgas onerosas, medidas compensat\u00f3rias e equipamentos comunit\u00e1rios.&nbsp;<strong>&nbsp;<\/strong><\/p>\n\n\n\n<p>&#8212; &#8212; &#8212;<\/p>\n\n\n\n<p><strong>Texto \u2013 <\/strong>Cl\u00e1udia do Valle \/ Implurb<br><strong>Foto \u2013 <\/strong>Jo\u00e3o Viana \/ Semcom<\/p>\n","protected":false},"excerpt":{"rendered":"","protected":false},"author":8,"featured_media":221836,"comment_status":"closed","ping_status":"closed","sticky":false,"template":"","format":"standard","meta":{"footnotes":""},"categories":[977],"tags":[],"acf":[],"yoast_head":"<!-- This site is optimized with the Yoast SEO plugin v23.0 - https:\/\/yoast.com\/wordpress\/plugins\/seo\/ -->\n<title>Contribuintes com pend\u00eancias no Implurb poder\u00e3o quitar d\u00e9bitos<\/title>\n<meta name=\"description\" content=\"Contribuintes com pend\u00eancias no Implurb poder\u00e3o aderir ao programa para quitar d\u00e9bitos, dentro de 45 dias, por meio do Refis Municipal...\" \/>\n<meta name=\"robots\" content=\"index, follow, max-snippet:-1, max-image-preview:large, max-video-preview:-1\" \/>\n<link rel=\"canonical\" href=\"https:\/\/www.manaus.am.gov.br\/semcom\/contribuintes-com-pendencias-no-implurb-poderao-aderir-ao-programa-para-quitar-debitos\/\" \/>\n<meta property=\"og:locale\" content=\"pt_BR\" \/>\n<meta property=\"og:type\" content=\"article\" \/>\n<meta property=\"og:title\" content=\"Contribuintes com pend\u00eancias no Implurb poder\u00e3o quitar d\u00e9bitos\" \/>\n<meta property=\"og:description\" content=\"Contribuintes com pend\u00eancias no Implurb poder\u00e3o aderir ao programa para quitar d\u00e9bitos, dentro de 45 dias, por meio do Refis Municipal...\" \/>\n<meta property=\"og:url\" content=\"https:\/\/www.manaus.am.gov.br\/semcom\/contribuintes-com-pendencias-no-implurb-poderao-aderir-ao-programa-para-quitar-debitos\/\" \/>\n<meta property=\"og:site_name\" content=\"SEMCOM\" \/>\n<meta property=\"article:published_time\" content=\"2021-11-05T21:45:12+00:00\" \/>\n<meta property=\"article:modified_time\" content=\"2023-11-28T13:46:42+00:00\" \/>\n<meta property=\"og:image\" content=\"https:\/\/www.manaus.am.gov.br\/semcom\/wp-content\/uploads\/sites\/5\/2023\/11\/51536705570_c86f8358f8_k-e1636148867662.jpg\" \/>\n\t<meta property=\"og:image:width\" content=\"720\" \/>\n\t<meta property=\"og:image:height\" content=\"480\" \/>\n\t<meta property=\"og:image:type\" content=\"image\/jpeg\" \/>\n<meta name=\"author\" content=\"Glauber Farias\" \/>\n<meta name=\"twitter:card\" content=\"summary_large_image\" \/>\n<meta name=\"twitter:label1\" content=\"Written by\" \/>\n\t<meta name=\"twitter:data1\" content=\"Glauber Farias\" \/>\n\t<meta name=\"twitter:label2\" content=\"Est. reading time\" \/>\n\t<meta name=\"twitter:data2\" content=\"3 minutos\" \/>\n<script type=\"application\/ld+json\" class=\"yoast-schema-graph\">{\"@context\":\"https:\/\/schema.org\",\"@graph\":[{\"@type\":\"WebPage\",\"@id\":\"https:\/\/www.manaus.am.gov.br\/semcom\/contribuintes-com-pendencias-no-implurb-poderao-aderir-ao-programa-para-quitar-debitos\/\",\"url\":\"https:\/\/www.manaus.am.gov.br\/semcom\/contribuintes-com-pendencias-no-implurb-poderao-aderir-ao-programa-para-quitar-debitos\/\",\"name\":\"Contribuintes com pend\u00eancias no Implurb poder\u00e3o quitar d\u00e9bitos\",\"isPartOf\":{\"@id\":\"https:\/\/www.manaus.am.gov.br\/semcom\/#website\"},\"primaryImageOfPage\":{\"@id\":\"https:\/\/www.manaus.am.gov.br\/semcom\/contribuintes-com-pendencias-no-implurb-poderao-aderir-ao-programa-para-quitar-debitos\/#primaryimage\"},\"image\":{\"@id\":\"https:\/\/www.manaus.am.gov.br\/semcom\/contribuintes-com-pendencias-no-implurb-poderao-aderir-ao-programa-para-quitar-debitos\/#primaryimage\"},\"thumbnailUrl\":\"https:\/\/www.manaus.am.gov.br\/semcom\/wp-content\/uploads\/sites\/5\/2023\/11\/51536705570_c86f8358f8_k-e1636148867662.jpg\",\"datePublished\":\"2021-11-05T21:45:12+00:00\",\"dateModified\":\"2023-11-28T13:46:42+00:00\",\"author\":{\"@id\":\"https:\/\/www.manaus.am.gov.br\/semcom\/#\/schema\/person\/fe69d2249d78e7a3112d42bc34c44a58\"},\"description\":\"Contribuintes com pend\u00eancias no Implurb poder\u00e3o aderir ao programa para quitar d\u00e9bitos, dentro de 45 dias, por meio do Refis Municipal...\",\"inLanguage\":\"pt-BR\",\"potentialAction\":[{\"@type\":\"ReadAction\",\"target\":[\"https:\/\/www.manaus.am.gov.br\/semcom\/contribuintes-com-pendencias-no-implurb-poderao-aderir-ao-programa-para-quitar-debitos\/\"]}]},{\"@type\":\"ImageObject\",\"inLanguage\":\"pt-BR\",\"@id\":\"https:\/\/www.manaus.am.gov.br\/semcom\/contribuintes-com-pendencias-no-implurb-poderao-aderir-ao-programa-para-quitar-debitos\/#primaryimage\",\"url\":\"https:\/\/www.manaus.am.gov.br\/semcom\/wp-content\/uploads\/sites\/5\/2023\/11\/51536705570_c86f8358f8_k-e1636148867662.jpg\",\"contentUrl\":\"https:\/\/www.manaus.am.gov.br\/semcom\/wp-content\/uploads\/sites\/5\/2023\/11\/51536705570_c86f8358f8_k-e1636148867662.jpg\",\"width\":720,\"height\":480},{\"@type\":\"WebSite\",\"@id\":\"https:\/\/www.manaus.am.gov.br\/semcom\/#website\",\"url\":\"https:\/\/www.manaus.am.gov.br\/semcom\/\",\"name\":\"SEMCOM\",\"description\":\"Secretaria Municipal de Comunica\u00e7\u00e3o\",\"potentialAction\":[{\"@type\":\"SearchAction\",\"target\":{\"@type\":\"EntryPoint\",\"urlTemplate\":\"https:\/\/www.manaus.am.gov.br\/semcom\/?s={search_term_string}\"},\"query-input\":\"required name=search_term_string\"}],\"inLanguage\":\"pt-BR\"},{\"@type\":\"Person\",\"@id\":\"https:\/\/www.manaus.am.gov.br\/semcom\/#\/schema\/person\/fe69d2249d78e7a3112d42bc34c44a58\",\"name\":\"Glauber Farias\",\"image\":{\"@type\":\"ImageObject\",\"inLanguage\":\"pt-BR\",\"@id\":\"https:\/\/www.manaus.am.gov.br\/semcom\/#\/schema\/person\/image\/\",\"url\":\"https:\/\/secure.gravatar.com\/avatar\/eb33200ffd19538372f635b2165531c0?s=96&d=mm&r=g\",\"contentUrl\":\"https:\/\/secure.gravatar.com\/avatar\/eb33200ffd19538372f635b2165531c0?s=96&d=mm&r=g\",\"caption\":\"Glauber Farias\"}}]}<\/script>\n<!-- \/ Yoast SEO plugin. -->","yoast_head_json":{"title":"Contribuintes com pend\u00eancias no Implurb poder\u00e3o quitar d\u00e9bitos","description":"Contribuintes com pend\u00eancias no Implurb poder\u00e3o aderir ao programa para quitar d\u00e9bitos, dentro de 45 dias, por meio do Refis Municipal...","robots":{"index":"index","follow":"follow","max-snippet":"max-snippet:-1","max-image-preview":"max-image-preview:large","max-video-preview":"max-video-preview:-1"},"canonical":"https:\/\/www.manaus.am.gov.br\/semcom\/contribuintes-com-pendencias-no-implurb-poderao-aderir-ao-programa-para-quitar-debitos\/","og_locale":"pt_BR","og_type":"article","og_title":"Contribuintes com pend\u00eancias no Implurb poder\u00e3o quitar d\u00e9bitos","og_description":"Contribuintes com pend\u00eancias no Implurb poder\u00e3o aderir ao programa para quitar d\u00e9bitos, dentro de 45 dias, por meio do Refis Municipal...","og_url":"https:\/\/www.manaus.am.gov.br\/semcom\/contribuintes-com-pendencias-no-implurb-poderao-aderir-ao-programa-para-quitar-debitos\/","og_site_name":"SEMCOM","article_published_time":"2021-11-05T21:45:12+00:00","article_modified_time":"2023-11-28T13:46:42+00:00","og_image":[{"width":720,"height":480,"url":"https:\/\/www.manaus.am.gov.br\/semcom\/wp-content\/uploads\/sites\/5\/2023\/11\/51536705570_c86f8358f8_k-e1636148867662.jpg","type":"image\/jpeg"}],"author":"Glauber Farias","twitter_card":"summary_large_image","twitter_misc":{"Written by":"Glauber Farias","Est. reading time":"3 minutos"},"schema":{"@context":"https:\/\/schema.org","@graph":[{"@type":"WebPage","@id":"https:\/\/www.manaus.am.gov.br\/semcom\/contribuintes-com-pendencias-no-implurb-poderao-aderir-ao-programa-para-quitar-debitos\/","url":"https:\/\/www.manaus.am.gov.br\/semcom\/contribuintes-com-pendencias-no-implurb-poderao-aderir-ao-programa-para-quitar-debitos\/","name":"Contribuintes com pend\u00eancias no Implurb poder\u00e3o quitar d\u00e9bitos","isPartOf":{"@id":"https:\/\/www.manaus.am.gov.br\/semcom\/#website"},"primaryImageOfPage":{"@id":"https:\/\/www.manaus.am.gov.br\/semcom\/contribuintes-com-pendencias-no-implurb-poderao-aderir-ao-programa-para-quitar-debitos\/#primaryimage"},"image":{"@id":"https:\/\/www.manaus.am.gov.br\/semcom\/contribuintes-com-pendencias-no-implurb-poderao-aderir-ao-programa-para-quitar-debitos\/#primaryimage"},"thumbnailUrl":"https:\/\/www.manaus.am.gov.br\/semcom\/wp-content\/uploads\/sites\/5\/2023\/11\/51536705570_c86f8358f8_k-e1636148867662.jpg","datePublished":"2021-11-05T21:45:12+00:00","dateModified":"2023-11-28T13:46:42+00:00","author":{"@id":"https:\/\/www.manaus.am.gov.br\/semcom\/#\/schema\/person\/fe69d2249d78e7a3112d42bc34c44a58"},"description":"Contribuintes com pend\u00eancias no Implurb poder\u00e3o aderir ao programa para quitar d\u00e9bitos, dentro de 45 dias, por meio do Refis Municipal...","inLanguage":"pt-BR","potentialAction":[{"@type":"ReadAction","target":["https:\/\/www.manaus.am.gov.br\/semcom\/contribuintes-com-pendencias-no-implurb-poderao-aderir-ao-programa-para-quitar-debitos\/"]}]},{"@type":"ImageObject","inLanguage":"pt-BR","@id":"https:\/\/www.manaus.am.gov.br\/semcom\/contribuintes-com-pendencias-no-implurb-poderao-aderir-ao-programa-para-quitar-debitos\/#primaryimage","url":"https:\/\/www.manaus.am.gov.br\/semcom\/wp-content\/uploads\/sites\/5\/2023\/11\/51536705570_c86f8358f8_k-e1636148867662.jpg","contentUrl":"https:\/\/www.manaus.am.gov.br\/semcom\/wp-content\/uploads\/sites\/5\/2023\/11\/51536705570_c86f8358f8_k-e1636148867662.jpg","width":720,"height":480},{"@type":"WebSite","@id":"https:\/\/www.manaus.am.gov.br\/semcom\/#website","url":"https:\/\/www.manaus.am.gov.br\/semcom\/","name":"SEMCOM","description":"Secretaria Municipal de Comunica\u00e7\u00e3o","potentialAction":[{"@type":"SearchAction","target":{"@type":"EntryPoint","urlTemplate":"https:\/\/www.manaus.am.gov.br\/semcom\/?s={search_term_string}"},"query-input":"required name=search_term_string"}],"inLanguage":"pt-BR"},{"@type":"Person","@id":"https:\/\/www.manaus.am.gov.br\/semcom\/#\/schema\/person\/fe69d2249d78e7a3112d42bc34c44a58","name":"Glauber Farias","image":{"@type":"ImageObject","inLanguage":"pt-BR","@id":"https:\/\/www.manaus.am.gov.br\/semcom\/#\/schema\/person\/image\/","url":"https:\/\/secure.gravatar.com\/avatar\/eb33200ffd19538372f635b2165531c0?s=96&d=mm&r=g","contentUrl":"https:\/\/secure.gravatar.com\/avatar\/eb33200ffd19538372f635b2165531c0?s=96&d=mm&r=g","caption":"Glauber Farias"}}]}},"_links":{"self":[{"href":"https:\/\/www.manaus.am.gov.br\/semcom\/wp-json\/wp\/v2\/posts\/221835"}],"collection":[{"href":"https:\/\/www.manaus.am.gov.br\/semcom\/wp-json\/wp\/v2\/posts"}],"about":[{"href":"https:\/\/www.manaus.am.gov.br\/semcom\/wp-json\/wp\/v2\/types\/post"}],"author":[{"embeddable":true,"href":"https:\/\/www.manaus.am.gov.br\/semcom\/wp-json\/wp\/v2\/users\/8"}],"replies":[{"embeddable":true,"href":"https:\/\/www.manaus.am.gov.br\/semcom\/wp-json\/wp\/v2\/comments?post=221835"}],"version-history":[{"count":0,"href":"https:\/\/www.manaus.am.gov.br\/semcom\/wp-json\/wp\/v2\/posts\/221835\/revisions"}],"wp:featuredmedia":[{"embeddable":true,"href":"https:\/\/www.manaus.am.gov.br\/semcom\/wp-json\/wp\/v2\/media\/221836"}],"wp:attachment":[{"href":"https:\/\/www.manaus.am.gov.br\/semcom\/wp-json\/wp\/v2\/media?parent=221835"}],"wp:term":[{"taxonomy":"category","embeddable":true,"href":"https:\/\/www.manaus.am.gov.br\/semcom\/wp-json\/wp\/v2\/categories?post=221835"},{"taxonomy":"post_tag","embeddable":true,"href":"https:\/\/www.manaus.am.gov.br\/semcom\/wp-json\/wp\/v2\/tags?post=221835"}],"curies":[{"name":"wp","href":"https:\/\/api.w.org\/{rel}","templated":true}]}}