{"id":221444,"date":"2023-11-21T13:31:27","date_gmt":"2023-11-21T16:31:27","guid":{"rendered":"https:\/\/www.manaus.am.gov.br\/semcom\/asfalta-manaus-da-prefeitura-aplica-mais-de-530-toneladas-de-massa-asfaltica-em-trecho-do-bairro-petropolis\/"},"modified":"2023-11-21T13:31:28","modified_gmt":"2023-11-21T16:31:28","slug":"asfalta-manaus-da-prefeitura-aplica-mais-de-530-toneladas-de-massa-asfaltica-em-trecho-do-bairro-petropolis","status":"publish","type":"post","link":"https:\/\/www.manaus.am.gov.br\/semcom\/asfalta-manaus-da-prefeitura-aplica-mais-de-530-toneladas-de-massa-asfaltica-em-trecho-do-bairro-petropolis\/","title":{"rendered":"\u2018Asfalta Manaus\u2019 da prefeitura aplica mais de 530 toneladas de massa asf\u00e1ltica em trecho do bairro Petr\u00f3polis"},"content":{"rendered":"\n<p>A Prefeitura de Manaus, por meio da Secretaria Municipal de Infraestrutura (Seminf), trabalha, nesta ter\u00e7a-feira, 21\/11, na finaliza\u00e7\u00e3o da rua Fragata, no bairro Petr\u00f3polis, zona Sul, que recebe mais de 530 toneladas de massa asf\u00e1ltica em toda a extens\u00e3o da via. A a\u00e7\u00e3o faz parte do programa \u201cAsfalta Manaus\u201d, que atua por todos os bairros da capital.&nbsp;<\/p>\n\n\n\n<p>A equipe t\u00e9cnica de engenharia da Seminf acompanha a execu\u00e7\u00e3o da obra no trecho que \u00e9 bastante comprido e estava comprometido por buracos em toda a sua extens\u00e3o.<\/p>\n\n\n\n<p>\u201cA equipe da Seminf acompanha o andamento das obras de pavimenta\u00e7\u00e3o aqui na rua Fragata, que iniciou com a fresagem, imprima\u00e7\u00e3o, e agora atua na aplica\u00e7\u00e3o do novo asfalto. N\u00f3s contamos com o apoio dos maquin\u00e1rios que garantem o alinhamento do trecho para que n\u00e3o haja deformidades, e desta forma, os moradores possam trafegar com seguran\u00e7a\u201d, explica o subsecret\u00e1rio de Servi\u00e7os B\u00e1sicos, Efrain Arag\u00e3o.&nbsp;<\/p>\n\n\n\n<p>Morador do bairro h\u00e1 55 anos, o t\u00e9cnico em eletr\u00f4nica Washington Fonseca, de 55 anos, disse que a \u00e1rea sempre foi prec\u00e1ria e com o per\u00edodo chuvoso as ruas alagavam e os buracos s\u00f3 aumentavam. \u201cAgora est\u00e1 maravilhoso, a Prefeitura de Manaus atendeu nosso pedido e proporcionou esse grande benef\u00edcio. Somos gratos ao prefeito David Almeida e ao secret\u00e1rio de Obras Renato Junior\u201d, disse.<\/p>\n\n\n\n<p>A comerciante Neuza Neves, de 59 anos, n\u00e3o conteve a alegria ao sair de casa para trabalhar e se deparar com a mudan\u00e7a da sua rua.&nbsp;<\/p>\n\n\n\n<p>\u201cMe belisca que eu estou sonhando, n\u00e3o acredito que tem asfalto novo na minha rua depois de 40 anos esperando. Obrigada prefeito David Almeida e secret\u00e1rio de Obras, Renato Junior. Est\u00e1 ficando show\u201d, comemora a moradora.&nbsp;<\/p>\n\n\n\n<p>&#8212; &#8212; &#8212;<\/p>\n\n\n\n<p><strong>Texto <\/strong>&#8211; Rayana Coutinho \/ Seminf&nbsp;<\/p>\n\n\n\n<p><strong>Fotos <\/strong>&#8211; M\u00e1rcio Melo \/ Seminf&nbsp;<\/p>\n\n\n\n<p><strong>Dispon\u00edveis em &#8211;<\/strong>&nbsp;<a href=\"https:\/\/flic.kr\/s\/aHBqjB47Ag\">https:\/\/flic.kr\/s\/aHBqjB47Ag<\/a><\/p>\n","protected":false},"excerpt":{"rendered":"","protected":false},"author":39,"featured_media":221445,"comment_status":"closed","ping_status":"closed","sticky":false,"template":"","format":"standard","meta":{"footnotes":""},"categories":[201],"tags":[9213,9214,77,1500,33,9215],"acf":[],"yoast_head":"<!-- This site is optimized with the Yoast SEO plugin v23.0 - https:\/\/yoast.com\/wordpress\/plugins\/seo\/ -->\n<title>Asfalta Manaus\u2019 aplica mais de 530 toneladas de massa asf\u00e1ltica<\/title>\n<meta name=\"description\" content=\"Asfalta Manaus\u2019 da prefeitura aplica mais de 530 toneladas de massa asf\u00e1ltica em trecho do bairro Petr\u00f3polis\" \/>\n<meta name=\"robots\" content=\"index, follow, max-snippet:-1, max-image-preview:large, max-video-preview:-1\" \/>\n<link rel=\"canonical\" href=\"https:\/\/www.manaus.am.gov.br\/semcom\/asfalta-manaus-da-prefeitura-aplica-mais-de-530-toneladas-de-massa-asfaltica-em-trecho-do-bairro-petropolis\/\" \/>\n<meta property=\"og:locale\" content=\"pt_BR\" \/>\n<meta property=\"og:type\" content=\"article\" \/>\n<meta property=\"og:title\" content=\"Asfalta Manaus\u2019 aplica mais de 530 toneladas de massa asf\u00e1ltica\" \/>\n<meta property=\"og:description\" content=\"Asfalta Manaus\u2019 da prefeitura aplica mais de 530 toneladas de massa asf\u00e1ltica em trecho do bairro Petr\u00f3polis\" \/>\n<meta property=\"og:url\" content=\"https:\/\/www.manaus.am.gov.br\/semcom\/asfalta-manaus-da-prefeitura-aplica-mais-de-530-toneladas-de-massa-asfaltica-em-trecho-do-bairro-petropolis\/\" \/>\n<meta property=\"og:site_name\" content=\"SEMCOM\" \/>\n<meta property=\"article:published_time\" content=\"2023-11-21T16:31:27+00:00\" \/>\n<meta property=\"article:modified_time\" content=\"2023-11-21T16:31:28+00:00\" \/>\n<meta property=\"og:image\" content=\"https:\/\/www.manaus.am.gov.br\/semcom\/wp-content\/uploads\/sites\/5\/2023\/11\/53347074188_7a8a42c571_k.jpg\" \/>\n\t<meta property=\"og:image:width\" content=\"2048\" \/>\n\t<meta property=\"og:image:height\" content=\"1365\" \/>\n\t<meta property=\"og:image:type\" content=\"image\/jpeg\" \/>\n<meta name=\"author\" content=\"Bruna Greco\" \/>\n<meta name=\"twitter:card\" content=\"summary_large_image\" \/>\n<meta name=\"twitter:label1\" content=\"Written by\" \/>\n\t<meta name=\"twitter:data1\" content=\"Bruna Greco\" \/>\n\t<meta name=\"twitter:label2\" content=\"Est. reading time\" \/>\n\t<meta name=\"twitter:data2\" content=\"2 minutos\" \/>\n<script type=\"application\/ld+json\" class=\"yoast-schema-graph\">{\"@context\":\"https:\/\/schema.org\",\"@graph\":[{\"@type\":\"WebPage\",\"@id\":\"https:\/\/www.manaus.am.gov.br\/semcom\/asfalta-manaus-da-prefeitura-aplica-mais-de-530-toneladas-de-massa-asfaltica-em-trecho-do-bairro-petropolis\/\",\"url\":\"https:\/\/www.manaus.am.gov.br\/semcom\/asfalta-manaus-da-prefeitura-aplica-mais-de-530-toneladas-de-massa-asfaltica-em-trecho-do-bairro-petropolis\/\",\"name\":\"Asfalta Manaus\u2019 aplica mais de 530 toneladas de massa asf\u00e1ltica\",\"isPartOf\":{\"@id\":\"https:\/\/www.manaus.am.gov.br\/semcom\/#website\"},\"primaryImageOfPage\":{\"@id\":\"https:\/\/www.manaus.am.gov.br\/semcom\/asfalta-manaus-da-prefeitura-aplica-mais-de-530-toneladas-de-massa-asfaltica-em-trecho-do-bairro-petropolis\/#primaryimage\"},\"image\":{\"@id\":\"https:\/\/www.manaus.am.gov.br\/semcom\/asfalta-manaus-da-prefeitura-aplica-mais-de-530-toneladas-de-massa-asfaltica-em-trecho-do-bairro-petropolis\/#primaryimage\"},\"thumbnailUrl\":\"https:\/\/www.manaus.am.gov.br\/semcom\/wp-content\/uploads\/sites\/5\/2023\/11\/53347074188_7a8a42c571_k.jpg\",\"datePublished\":\"2023-11-21T16:31:27+00:00\",\"dateModified\":\"2023-11-21T16:31:28+00:00\",\"author\":{\"@id\":\"https:\/\/www.manaus.am.gov.br\/semcom\/#\/schema\/person\/05d223aea2bf115f9883a6ff3683d81b\"},\"description\":\"Asfalta Manaus\u2019 da prefeitura aplica mais de 530 toneladas de massa asf\u00e1ltica em trecho do bairro Petr\u00f3polis\",\"inLanguage\":\"pt-BR\",\"potentialAction\":[{\"@type\":\"ReadAction\",\"target\":[\"https:\/\/www.manaus.am.gov.br\/semcom\/asfalta-manaus-da-prefeitura-aplica-mais-de-530-toneladas-de-massa-asfaltica-em-trecho-do-bairro-petropolis\/\"]}]},{\"@type\":\"ImageObject\",\"inLanguage\":\"pt-BR\",\"@id\":\"https:\/\/www.manaus.am.gov.br\/semcom\/asfalta-manaus-da-prefeitura-aplica-mais-de-530-toneladas-de-massa-asfaltica-em-trecho-do-bairro-petropolis\/#primaryimage\",\"url\":\"https:\/\/www.manaus.am.gov.br\/semcom\/wp-content\/uploads\/sites\/5\/2023\/11\/53347074188_7a8a42c571_k.jpg\",\"contentUrl\":\"https:\/\/www.manaus.am.gov.br\/semcom\/wp-content\/uploads\/sites\/5\/2023\/11\/53347074188_7a8a42c571_k.jpg\",\"width\":2048,\"height\":1365,\"caption\":\"#paratodosverem Dois servidores p\u00fablicos trabalhando no recapeamento de via\"},{\"@type\":\"WebSite\",\"@id\":\"https:\/\/www.manaus.am.gov.br\/semcom\/#website\",\"url\":\"https:\/\/www.manaus.am.gov.br\/semcom\/\",\"name\":\"SEMCOM\",\"description\":\"Secretaria Municipal de Comunica\u00e7\u00e3o\",\"potentialAction\":[{\"@type\":\"SearchAction\",\"target\":{\"@type\":\"EntryPoint\",\"urlTemplate\":\"https:\/\/www.manaus.am.gov.br\/semcom\/?s={search_term_string}\"},\"query-input\":\"required name=search_term_string\"}],\"inLanguage\":\"pt-BR\"},{\"@type\":\"Person\",\"@id\":\"https:\/\/www.manaus.am.gov.br\/semcom\/#\/schema\/person\/05d223aea2bf115f9883a6ff3683d81b\",\"name\":\"Bruna Greco\",\"image\":{\"@type\":\"ImageObject\",\"inLanguage\":\"pt-BR\",\"@id\":\"https:\/\/www.manaus.am.gov.br\/semcom\/#\/schema\/person\/image\/\",\"url\":\"https:\/\/secure.gravatar.com\/avatar\/9c877d1a6adc2a055330e5c09a8653ce?s=96&d=mm&r=g\",\"contentUrl\":\"https:\/\/secure.gravatar.com\/avatar\/9c877d1a6adc2a055330e5c09a8653ce?s=96&d=mm&r=g\",\"caption\":\"Bruna Greco\"}}]}<\/script>\n<!-- \/ Yoast SEO plugin. -->","yoast_head_json":{"title":"Asfalta Manaus\u2019 aplica mais de 530 toneladas de massa asf\u00e1ltica","description":"Asfalta Manaus\u2019 da prefeitura aplica mais de 530 toneladas de massa asf\u00e1ltica em trecho do bairro Petr\u00f3polis","robots":{"index":"index","follow":"follow","max-snippet":"max-snippet:-1","max-image-preview":"max-image-preview:large","max-video-preview":"max-video-preview:-1"},"canonical":"https:\/\/www.manaus.am.gov.br\/semcom\/asfalta-manaus-da-prefeitura-aplica-mais-de-530-toneladas-de-massa-asfaltica-em-trecho-do-bairro-petropolis\/","og_locale":"pt_BR","og_type":"article","og_title":"Asfalta Manaus\u2019 aplica mais de 530 toneladas de massa asf\u00e1ltica","og_description":"Asfalta Manaus\u2019 da prefeitura aplica mais de 530 toneladas de massa asf\u00e1ltica em trecho do bairro Petr\u00f3polis","og_url":"https:\/\/www.manaus.am.gov.br\/semcom\/asfalta-manaus-da-prefeitura-aplica-mais-de-530-toneladas-de-massa-asfaltica-em-trecho-do-bairro-petropolis\/","og_site_name":"SEMCOM","article_published_time":"2023-11-21T16:31:27+00:00","article_modified_time":"2023-11-21T16:31:28+00:00","og_image":[{"width":2048,"height":1365,"url":"https:\/\/www.manaus.am.gov.br\/semcom\/wp-content\/uploads\/sites\/5\/2023\/11\/53347074188_7a8a42c571_k.jpg","type":"image\/jpeg"}],"author":"Bruna Greco","twitter_card":"summary_large_image","twitter_misc":{"Written by":"Bruna Greco","Est. reading time":"2 minutos"},"schema":{"@context":"https:\/\/schema.org","@graph":[{"@type":"WebPage","@id":"https:\/\/www.manaus.am.gov.br\/semcom\/asfalta-manaus-da-prefeitura-aplica-mais-de-530-toneladas-de-massa-asfaltica-em-trecho-do-bairro-petropolis\/","url":"https:\/\/www.manaus.am.gov.br\/semcom\/asfalta-manaus-da-prefeitura-aplica-mais-de-530-toneladas-de-massa-asfaltica-em-trecho-do-bairro-petropolis\/","name":"Asfalta Manaus\u2019 aplica mais de 530 toneladas de massa asf\u00e1ltica","isPartOf":{"@id":"https:\/\/www.manaus.am.gov.br\/semcom\/#website"},"primaryImageOfPage":{"@id":"https:\/\/www.manaus.am.gov.br\/semcom\/asfalta-manaus-da-prefeitura-aplica-mais-de-530-toneladas-de-massa-asfaltica-em-trecho-do-bairro-petropolis\/#primaryimage"},"image":{"@id":"https:\/\/www.manaus.am.gov.br\/semcom\/asfalta-manaus-da-prefeitura-aplica-mais-de-530-toneladas-de-massa-asfaltica-em-trecho-do-bairro-petropolis\/#primaryimage"},"thumbnailUrl":"https:\/\/www.manaus.am.gov.br\/semcom\/wp-content\/uploads\/sites\/5\/2023\/11\/53347074188_7a8a42c571_k.jpg","datePublished":"2023-11-21T16:31:27+00:00","dateModified":"2023-11-21T16:31:28+00:00","author":{"@id":"https:\/\/www.manaus.am.gov.br\/semcom\/#\/schema\/person\/05d223aea2bf115f9883a6ff3683d81b"},"description":"Asfalta Manaus\u2019 da prefeitura aplica mais de 530 toneladas de massa asf\u00e1ltica em trecho do bairro Petr\u00f3polis","inLanguage":"pt-BR","potentialAction":[{"@type":"ReadAction","target":["https:\/\/www.manaus.am.gov.br\/semcom\/asfalta-manaus-da-prefeitura-aplica-mais-de-530-toneladas-de-massa-asfaltica-em-trecho-do-bairro-petropolis\/"]}]},{"@type":"ImageObject","inLanguage":"pt-BR","@id":"https:\/\/www.manaus.am.gov.br\/semcom\/asfalta-manaus-da-prefeitura-aplica-mais-de-530-toneladas-de-massa-asfaltica-em-trecho-do-bairro-petropolis\/#primaryimage","url":"https:\/\/www.manaus.am.gov.br\/semcom\/wp-content\/uploads\/sites\/5\/2023\/11\/53347074188_7a8a42c571_k.jpg","contentUrl":"https:\/\/www.manaus.am.gov.br\/semcom\/wp-content\/uploads\/sites\/5\/2023\/11\/53347074188_7a8a42c571_k.jpg","width":2048,"height":1365,"caption":"#paratodosverem Dois servidores p\u00fablicos trabalhando no recapeamento de via"},{"@type":"WebSite","@id":"https:\/\/www.manaus.am.gov.br\/semcom\/#website","url":"https:\/\/www.manaus.am.gov.br\/semcom\/","name":"SEMCOM","description":"Secretaria Municipal de Comunica\u00e7\u00e3o","potentialAction":[{"@type":"SearchAction","target":{"@type":"EntryPoint","urlTemplate":"https:\/\/www.manaus.am.gov.br\/semcom\/?s={search_term_string}"},"query-input":"required name=search_term_string"}],"inLanguage":"pt-BR"},{"@type":"Person","@id":"https:\/\/www.manaus.am.gov.br\/semcom\/#\/schema\/person\/05d223aea2bf115f9883a6ff3683d81b","name":"Bruna Greco","image":{"@type":"ImageObject","inLanguage":"pt-BR","@id":"https:\/\/www.manaus.am.gov.br\/semcom\/#\/schema\/person\/image\/","url":"https:\/\/secure.gravatar.com\/avatar\/9c877d1a6adc2a055330e5c09a8653ce?s=96&d=mm&r=g","contentUrl":"https:\/\/secure.gravatar.com\/avatar\/9c877d1a6adc2a055330e5c09a8653ce?s=96&d=mm&r=g","caption":"Bruna Greco"}}]}},"_links":{"self":[{"href":"https:\/\/www.manaus.am.gov.br\/semcom\/wp-json\/wp\/v2\/posts\/221444"}],"collection":[{"href":"https:\/\/www.manaus.am.gov.br\/semcom\/wp-json\/wp\/v2\/posts"}],"about":[{"href":"https:\/\/www.manaus.am.gov.br\/semcom\/wp-json\/wp\/v2\/types\/post"}],"author":[{"embeddable":true,"href":"https:\/\/www.manaus.am.gov.br\/semcom\/wp-json\/wp\/v2\/users\/39"}],"replies":[{"embeddable":true,"href":"https:\/\/www.manaus.am.gov.br\/semcom\/wp-json\/wp\/v2\/comments?post=221444"}],"version-history":[{"count":0,"href":"https:\/\/www.manaus.am.gov.br\/semcom\/wp-json\/wp\/v2\/posts\/221444\/revisions"}],"wp:featuredmedia":[{"embeddable":true,"href":"https:\/\/www.manaus.am.gov.br\/semcom\/wp-json\/wp\/v2\/media\/221445"}],"wp:attachment":[{"href":"https:\/\/www.manaus.am.gov.br\/semcom\/wp-json\/wp\/v2\/media?parent=221444"}],"wp:term":[{"taxonomy":"category","embeddable":true,"href":"https:\/\/www.manaus.am.gov.br\/semcom\/wp-json\/wp\/v2\/categories?post=221444"},{"taxonomy":"post_tag","embeddable":true,"href":"https:\/\/www.manaus.am.gov.br\/semcom\/wp-json\/wp\/v2\/tags?post=221444"}],"curies":[{"name":"wp","href":"https:\/\/api.w.org\/{rel}","templated":true}]}}