{"id":221261,"date":"2023-11-16T15:22:26","date_gmt":"2023-11-16T18:22:26","guid":{"rendered":"https:\/\/www.manaus.am.gov.br\/semcom\/prefeitura-de-manaus-inicia-pesquisa-de-necessidades-de-capacitacao-nas-unidades-administrativas\/"},"modified":"2023-11-16T15:22:27","modified_gmt":"2023-11-16T18:22:27","slug":"prefeitura-de-manaus-inicia-pesquisa-de-necessidades-de-capacitacao-nas-unidades-administrativas","status":"publish","type":"post","link":"https:\/\/www.manaus.am.gov.br\/semcom\/prefeitura-de-manaus-inicia-pesquisa-de-necessidades-de-capacitacao-nas-unidades-administrativas\/","title":{"rendered":"Prefeitura de Manaus inicia pesquisa de necessidades de capacita\u00e7\u00e3o nas unidades administrativas"},"content":{"rendered":"\n<p>A Prefeitura de Manaus deu in\u00edcio ao cronograma de atividades para a realiza\u00e7\u00e3o do Levantamento de Necessidades de Capacita\u00e7\u00e3o (LNC) para 2024, junto \u00e0s unidades administrativas do munic\u00edpio. Coordenado pela Escola de Servi\u00e7o P\u00fablico Municipal e Inclus\u00e3o Socioeducacional (Espi), \u00f3rg\u00e3o vinculado \u00e0 Secretaria Municipal de Administra\u00e7\u00e3o, Planejamento e Gest\u00e3o (Semad), o LNC serve de base para a elabora\u00e7\u00e3o da programa\u00e7\u00e3o de cursos, palestras e todos os tipos de capacita\u00e7\u00e3o a serem ofertados, gratuitamente, a servidores e agentes p\u00fablicos, no exerc\u00edcio seguinte.<\/p>\n\n\n\n<p>\u201cEste levantamento \u00e9 uma etapa fundamental no processo de universaliza\u00e7\u00e3o do acesso \u00e0 Pol\u00edtica de Capacita\u00e7\u00e3o de Pessoal, institu\u00edda pela prefeitura, e que, na gest\u00e3o do prefeito David Almeida, tem sido conduzida de forma exitosa pela Espi. O LNC \u00e9 uma oportunidade por meio da qual nossos servidores podem manifestar o que precisam para estarem cada vez mais qualificados profissionalmente. Ganham os servidores, que enriquecem seus curr\u00edculos e, consequentemente, o servi\u00e7o p\u00fablico, que passa a oferecer servi\u00e7os com qualidade cada vez maior\u201d, destaca o titular da Semad, Ebenezer Bezerra. &nbsp;&nbsp;<\/p>\n\n\n\n<p>A diretora do Departamento de Educa\u00e7\u00e3o e Aperfei\u00e7oamento (Deap), da Espi, Je\u00e2nia Bezerra, explica como acontece a pesquisa. \u201cO levantamento tem quatro etapas. Na primeira, fazemos a sensibiliza\u00e7\u00e3o pr\u00e9via dos gestores e servidores. Depois, \u00e9 feita uma reuni\u00e3o de diagn\u00f3stico entre os gestores de departamentos com os respectivos servidores que comp\u00f5em a equipe, para a identifica\u00e7\u00e3o das a\u00e7\u00f5es de capacita\u00e7\u00e3o necess\u00e1rias. Em outro momento, acontece o registro das a\u00e7\u00f5es de capacita\u00e7\u00e3o sugeridas em planilha digital. Por fim, o preenchimento das a\u00e7\u00f5es de capacita\u00e7\u00e3o sugeridas no Sistema de Gerenciamento de Cursos e Eventos da Espi, para o envio da demanda geral de capacita\u00e7\u00e3o da Secretaria\u201d, afirmou.<\/p>\n\n\n\n<p>As sugest\u00f5es de capacita\u00e7\u00e3o devem ser informadas \u00e0 chefia imediata de cada secretaria no per\u00edodo de 27\/11 a 1\u00ba\/12 deste ano.<\/p>\n\n\n\n<p><strong>LNC<\/strong><\/p>\n\n\n\n<p>Durante o levantamento, dever\u00e3o ser apontadas as a\u00e7\u00f5es de capacita\u00e7\u00e3o de diferentes formatos \u2013 de curta, m\u00e9dia e longa dura\u00e7\u00e3o \u2013, que auxiliem no desenvolvimento das compet\u00eancias profissionais. Estas a\u00e7\u00f5es devem estar alinhadas \u00e0s atividades desempenhadas pelo servidor e ao alcance dos objetivos institucionais, levando em considera\u00e7\u00e3o tamb\u00e9m a miss\u00e3o da secretaria em que atua.<\/p>\n\n\n\n<p>Os trabalhos do LNC s\u00e3o coordenados pela equipe t\u00e9cnica do Departamento de Educa\u00e7\u00e3o e Aperfei\u00e7oamento (Deap\/Espi), agentes Espi que atuam em cada unidade da Prefeitura de Manaus, e\/ou profissionais indicados pelos setores de recursos humanos, ou dos respons\u00e1veis pela capacita\u00e7\u00e3o nas secretarias.<\/p>\n\n\n\n<p>A Espi disponibiliza os n\u00fameros de WhatsApp 98842-1206 e 99962-9348 para maiores esclarecimentos, e orienta que, em caso de d\u00favidas, procurem o Agente Espi, no \u00f3rg\u00e3o de lota\u00e7\u00e3o.<\/p>\n\n\n\n<p>&#8212; &#8212; &#8212;<\/p>\n\n\n\n<p><strong>Texto &#8211;<\/strong>&nbsp;Sandra Monteiro \/ Semad-Espi<\/p>\n\n\n\n<p><strong>Foto &#8211;<\/strong>&nbsp;Arquivo \/ Semad<\/p>\n","protected":false},"excerpt":{"rendered":"","protected":false},"author":39,"featured_media":221262,"comment_status":"closed","ping_status":"closed","sticky":false,"template":"","format":"standard","meta":{"footnotes":""},"categories":[223],"tags":[9140,9141,8306,9142,77,838,9143],"acf":[],"yoast_head":"<!-- This site is optimized with the Yoast SEO plugin v23.0 - https:\/\/yoast.com\/wordpress\/plugins\/seo\/ -->\n<title>Prefeitura de Manaus inicia pesquisa de necessidades de capacita\u00e7\u00e3o nas unidades administrativas<\/title>\n<meta name=\"description\" content=\"Coordenado pela Escola de Servi\u00e7o P\u00fablico Municipal e Inclus\u00e3o Socioeducacional (Espi), \u00f3rg\u00e3o vinculado \u00e0 Secretaria Municipal de Administra\u00e7\u00e3o, Planejamento e Gest\u00e3o (Semad), o LNC serve de base para a elabora\u00e7\u00e3o da programa\u00e7\u00e3o de cursos, palestras e todos os tipos de capacita\u00e7\u00e3o a serem ofertados, gratuitamente, a servidores e agentes p\u00fablicos, no exerc\u00edcio seguinte.\" \/>\n<meta name=\"robots\" content=\"index, follow, max-snippet:-1, max-image-preview:large, max-video-preview:-1\" \/>\n<link rel=\"canonical\" href=\"https:\/\/www.manaus.am.gov.br\/semcom\/prefeitura-de-manaus-inicia-pesquisa-de-necessidades-de-capacitacao-nas-unidades-administrativas\/\" \/>\n<meta property=\"og:locale\" content=\"pt_BR\" \/>\n<meta property=\"og:type\" content=\"article\" \/>\n<meta property=\"og:title\" content=\"Prefeitura de Manaus inicia pesquisa de necessidades de capacita\u00e7\u00e3o nas unidades administrativas\" \/>\n<meta property=\"og:description\" content=\"Coordenado pela Escola de Servi\u00e7o P\u00fablico Municipal e Inclus\u00e3o Socioeducacional (Espi), \u00f3rg\u00e3o vinculado \u00e0 Secretaria Municipal de Administra\u00e7\u00e3o, Planejamento e Gest\u00e3o (Semad), o LNC serve de base para a elabora\u00e7\u00e3o da programa\u00e7\u00e3o de cursos, palestras e todos os tipos de capacita\u00e7\u00e3o a serem ofertados, gratuitamente, a servidores e agentes p\u00fablicos, no exerc\u00edcio seguinte.\" \/>\n<meta property=\"og:url\" content=\"https:\/\/www.manaus.am.gov.br\/semcom\/prefeitura-de-manaus-inicia-pesquisa-de-necessidades-de-capacitacao-nas-unidades-administrativas\/\" \/>\n<meta property=\"og:site_name\" content=\"SEMCOM\" \/>\n<meta property=\"article:published_time\" content=\"2023-11-16T18:22:26+00:00\" \/>\n<meta property=\"article:modified_time\" content=\"2023-11-16T18:22:27+00:00\" \/>\n<meta property=\"og:image\" content=\"https:\/\/www.manaus.am.gov.br\/semcom\/wp-content\/uploads\/sites\/5\/2023\/11\/Catalogo-Espi-2.jpg\" \/>\n\t<meta property=\"og:image:width\" content=\"3456\" \/>\n\t<meta property=\"og:image:height\" content=\"2304\" \/>\n\t<meta property=\"og:image:type\" content=\"image\/jpeg\" \/>\n<meta name=\"author\" content=\"Bruna Greco\" \/>\n<meta name=\"twitter:card\" content=\"summary_large_image\" \/>\n<meta name=\"twitter:label1\" content=\"Written by\" \/>\n\t<meta name=\"twitter:data1\" content=\"Bruna Greco\" \/>\n\t<meta name=\"twitter:label2\" content=\"Est. reading time\" \/>\n\t<meta name=\"twitter:data2\" content=\"3 minutos\" \/>\n<script type=\"application\/ld+json\" class=\"yoast-schema-graph\">{\"@context\":\"https:\/\/schema.org\",\"@graph\":[{\"@type\":\"WebPage\",\"@id\":\"https:\/\/www.manaus.am.gov.br\/semcom\/prefeitura-de-manaus-inicia-pesquisa-de-necessidades-de-capacitacao-nas-unidades-administrativas\/\",\"url\":\"https:\/\/www.manaus.am.gov.br\/semcom\/prefeitura-de-manaus-inicia-pesquisa-de-necessidades-de-capacitacao-nas-unidades-administrativas\/\",\"name\":\"Prefeitura de Manaus inicia pesquisa de necessidades de capacita\u00e7\u00e3o nas unidades administrativas\",\"isPartOf\":{\"@id\":\"https:\/\/www.manaus.am.gov.br\/semcom\/#website\"},\"primaryImageOfPage\":{\"@id\":\"https:\/\/www.manaus.am.gov.br\/semcom\/prefeitura-de-manaus-inicia-pesquisa-de-necessidades-de-capacitacao-nas-unidades-administrativas\/#primaryimage\"},\"image\":{\"@id\":\"https:\/\/www.manaus.am.gov.br\/semcom\/prefeitura-de-manaus-inicia-pesquisa-de-necessidades-de-capacitacao-nas-unidades-administrativas\/#primaryimage\"},\"thumbnailUrl\":\"https:\/\/www.manaus.am.gov.br\/semcom\/wp-content\/uploads\/sites\/5\/2023\/11\/Catalogo-Espi-2.jpg\",\"datePublished\":\"2023-11-16T18:22:26+00:00\",\"dateModified\":\"2023-11-16T18:22:27+00:00\",\"author\":{\"@id\":\"https:\/\/www.manaus.am.gov.br\/semcom\/#\/schema\/person\/05d223aea2bf115f9883a6ff3683d81b\"},\"description\":\"Coordenado pela Escola de Servi\u00e7o P\u00fablico Municipal e Inclus\u00e3o Socioeducacional (Espi), \u00f3rg\u00e3o vinculado \u00e0 Secretaria Municipal de Administra\u00e7\u00e3o, Planejamento e Gest\u00e3o (Semad), o LNC serve de base para a elabora\u00e7\u00e3o da programa\u00e7\u00e3o de cursos, palestras e todos os tipos de capacita\u00e7\u00e3o a serem ofertados, gratuitamente, a servidores e agentes p\u00fablicos, no exerc\u00edcio seguinte.\",\"inLanguage\":\"pt-BR\",\"potentialAction\":[{\"@type\":\"ReadAction\",\"target\":[\"https:\/\/www.manaus.am.gov.br\/semcom\/prefeitura-de-manaus-inicia-pesquisa-de-necessidades-de-capacitacao-nas-unidades-administrativas\/\"]}]},{\"@type\":\"ImageObject\",\"inLanguage\":\"pt-BR\",\"@id\":\"https:\/\/www.manaus.am.gov.br\/semcom\/prefeitura-de-manaus-inicia-pesquisa-de-necessidades-de-capacitacao-nas-unidades-administrativas\/#primaryimage\",\"url\":\"https:\/\/www.manaus.am.gov.br\/semcom\/wp-content\/uploads\/sites\/5\/2023\/11\/Catalogo-Espi-2.jpg\",\"contentUrl\":\"https:\/\/www.manaus.am.gov.br\/semcom\/wp-content\/uploads\/sites\/5\/2023\/11\/Catalogo-Espi-2.jpg\",\"width\":3456,\"height\":2304,\"caption\":\"#paratodosverem Duas servidores p\u00fablicas lendo o cat\u00e1logo de cursos da Espi em audit\u00f3rio\"},{\"@type\":\"WebSite\",\"@id\":\"https:\/\/www.manaus.am.gov.br\/semcom\/#website\",\"url\":\"https:\/\/www.manaus.am.gov.br\/semcom\/\",\"name\":\"SEMCOM\",\"description\":\"Secretaria Municipal de Comunica\u00e7\u00e3o\",\"potentialAction\":[{\"@type\":\"SearchAction\",\"target\":{\"@type\":\"EntryPoint\",\"urlTemplate\":\"https:\/\/www.manaus.am.gov.br\/semcom\/?s={search_term_string}\"},\"query-input\":\"required name=search_term_string\"}],\"inLanguage\":\"pt-BR\"},{\"@type\":\"Person\",\"@id\":\"https:\/\/www.manaus.am.gov.br\/semcom\/#\/schema\/person\/05d223aea2bf115f9883a6ff3683d81b\",\"name\":\"Bruna Greco\",\"image\":{\"@type\":\"ImageObject\",\"inLanguage\":\"pt-BR\",\"@id\":\"https:\/\/www.manaus.am.gov.br\/semcom\/#\/schema\/person\/image\/\",\"url\":\"https:\/\/secure.gravatar.com\/avatar\/9c877d1a6adc2a055330e5c09a8653ce?s=96&d=mm&r=g\",\"contentUrl\":\"https:\/\/secure.gravatar.com\/avatar\/9c877d1a6adc2a055330e5c09a8653ce?s=96&d=mm&r=g\",\"caption\":\"Bruna Greco\"}}]}<\/script>\n<!-- \/ Yoast SEO plugin. -->","yoast_head_json":{"title":"Prefeitura de Manaus inicia pesquisa de necessidades de capacita\u00e7\u00e3o nas unidades administrativas","description":"Coordenado pela Escola de Servi\u00e7o P\u00fablico Municipal e Inclus\u00e3o Socioeducacional (Espi), \u00f3rg\u00e3o vinculado \u00e0 Secretaria Municipal de Administra\u00e7\u00e3o, Planejamento e Gest\u00e3o (Semad), o LNC serve de base para a elabora\u00e7\u00e3o da programa\u00e7\u00e3o de cursos, palestras e todos os tipos de capacita\u00e7\u00e3o a serem ofertados, gratuitamente, a servidores e agentes p\u00fablicos, no exerc\u00edcio seguinte.","robots":{"index":"index","follow":"follow","max-snippet":"max-snippet:-1","max-image-preview":"max-image-preview:large","max-video-preview":"max-video-preview:-1"},"canonical":"https:\/\/www.manaus.am.gov.br\/semcom\/prefeitura-de-manaus-inicia-pesquisa-de-necessidades-de-capacitacao-nas-unidades-administrativas\/","og_locale":"pt_BR","og_type":"article","og_title":"Prefeitura de Manaus inicia pesquisa de necessidades de capacita\u00e7\u00e3o nas unidades administrativas","og_description":"Coordenado pela Escola de Servi\u00e7o P\u00fablico Municipal e Inclus\u00e3o Socioeducacional (Espi), \u00f3rg\u00e3o vinculado \u00e0 Secretaria Municipal de Administra\u00e7\u00e3o, Planejamento e Gest\u00e3o (Semad), o LNC serve de base para a elabora\u00e7\u00e3o da programa\u00e7\u00e3o de cursos, palestras e todos os tipos de capacita\u00e7\u00e3o a serem ofertados, gratuitamente, a servidores e agentes p\u00fablicos, no exerc\u00edcio seguinte.","og_url":"https:\/\/www.manaus.am.gov.br\/semcom\/prefeitura-de-manaus-inicia-pesquisa-de-necessidades-de-capacitacao-nas-unidades-administrativas\/","og_site_name":"SEMCOM","article_published_time":"2023-11-16T18:22:26+00:00","article_modified_time":"2023-11-16T18:22:27+00:00","og_image":[{"width":3456,"height":2304,"url":"https:\/\/www.manaus.am.gov.br\/semcom\/wp-content\/uploads\/sites\/5\/2023\/11\/Catalogo-Espi-2.jpg","type":"image\/jpeg"}],"author":"Bruna Greco","twitter_card":"summary_large_image","twitter_misc":{"Written by":"Bruna Greco","Est. reading time":"3 minutos"},"schema":{"@context":"https:\/\/schema.org","@graph":[{"@type":"WebPage","@id":"https:\/\/www.manaus.am.gov.br\/semcom\/prefeitura-de-manaus-inicia-pesquisa-de-necessidades-de-capacitacao-nas-unidades-administrativas\/","url":"https:\/\/www.manaus.am.gov.br\/semcom\/prefeitura-de-manaus-inicia-pesquisa-de-necessidades-de-capacitacao-nas-unidades-administrativas\/","name":"Prefeitura de Manaus inicia pesquisa de necessidades de capacita\u00e7\u00e3o nas unidades administrativas","isPartOf":{"@id":"https:\/\/www.manaus.am.gov.br\/semcom\/#website"},"primaryImageOfPage":{"@id":"https:\/\/www.manaus.am.gov.br\/semcom\/prefeitura-de-manaus-inicia-pesquisa-de-necessidades-de-capacitacao-nas-unidades-administrativas\/#primaryimage"},"image":{"@id":"https:\/\/www.manaus.am.gov.br\/semcom\/prefeitura-de-manaus-inicia-pesquisa-de-necessidades-de-capacitacao-nas-unidades-administrativas\/#primaryimage"},"thumbnailUrl":"https:\/\/www.manaus.am.gov.br\/semcom\/wp-content\/uploads\/sites\/5\/2023\/11\/Catalogo-Espi-2.jpg","datePublished":"2023-11-16T18:22:26+00:00","dateModified":"2023-11-16T18:22:27+00:00","author":{"@id":"https:\/\/www.manaus.am.gov.br\/semcom\/#\/schema\/person\/05d223aea2bf115f9883a6ff3683d81b"},"description":"Coordenado pela Escola de Servi\u00e7o P\u00fablico Municipal e Inclus\u00e3o Socioeducacional (Espi), \u00f3rg\u00e3o vinculado \u00e0 Secretaria Municipal de Administra\u00e7\u00e3o, Planejamento e Gest\u00e3o (Semad), o LNC serve de base para a elabora\u00e7\u00e3o da programa\u00e7\u00e3o de cursos, palestras e todos os tipos de capacita\u00e7\u00e3o a serem ofertados, gratuitamente, a servidores e agentes p\u00fablicos, no exerc\u00edcio seguinte.","inLanguage":"pt-BR","potentialAction":[{"@type":"ReadAction","target":["https:\/\/www.manaus.am.gov.br\/semcom\/prefeitura-de-manaus-inicia-pesquisa-de-necessidades-de-capacitacao-nas-unidades-administrativas\/"]}]},{"@type":"ImageObject","inLanguage":"pt-BR","@id":"https:\/\/www.manaus.am.gov.br\/semcom\/prefeitura-de-manaus-inicia-pesquisa-de-necessidades-de-capacitacao-nas-unidades-administrativas\/#primaryimage","url":"https:\/\/www.manaus.am.gov.br\/semcom\/wp-content\/uploads\/sites\/5\/2023\/11\/Catalogo-Espi-2.jpg","contentUrl":"https:\/\/www.manaus.am.gov.br\/semcom\/wp-content\/uploads\/sites\/5\/2023\/11\/Catalogo-Espi-2.jpg","width":3456,"height":2304,"caption":"#paratodosverem Duas servidores p\u00fablicas lendo o cat\u00e1logo de cursos da Espi em audit\u00f3rio"},{"@type":"WebSite","@id":"https:\/\/www.manaus.am.gov.br\/semcom\/#website","url":"https:\/\/www.manaus.am.gov.br\/semcom\/","name":"SEMCOM","description":"Secretaria Municipal de Comunica\u00e7\u00e3o","potentialAction":[{"@type":"SearchAction","target":{"@type":"EntryPoint","urlTemplate":"https:\/\/www.manaus.am.gov.br\/semcom\/?s={search_term_string}"},"query-input":"required name=search_term_string"}],"inLanguage":"pt-BR"},{"@type":"Person","@id":"https:\/\/www.manaus.am.gov.br\/semcom\/#\/schema\/person\/05d223aea2bf115f9883a6ff3683d81b","name":"Bruna Greco","image":{"@type":"ImageObject","inLanguage":"pt-BR","@id":"https:\/\/www.manaus.am.gov.br\/semcom\/#\/schema\/person\/image\/","url":"https:\/\/secure.gravatar.com\/avatar\/9c877d1a6adc2a055330e5c09a8653ce?s=96&d=mm&r=g","contentUrl":"https:\/\/secure.gravatar.com\/avatar\/9c877d1a6adc2a055330e5c09a8653ce?s=96&d=mm&r=g","caption":"Bruna Greco"}}]}},"_links":{"self":[{"href":"https:\/\/www.manaus.am.gov.br\/semcom\/wp-json\/wp\/v2\/posts\/221261"}],"collection":[{"href":"https:\/\/www.manaus.am.gov.br\/semcom\/wp-json\/wp\/v2\/posts"}],"about":[{"href":"https:\/\/www.manaus.am.gov.br\/semcom\/wp-json\/wp\/v2\/types\/post"}],"author":[{"embeddable":true,"href":"https:\/\/www.manaus.am.gov.br\/semcom\/wp-json\/wp\/v2\/users\/39"}],"replies":[{"embeddable":true,"href":"https:\/\/www.manaus.am.gov.br\/semcom\/wp-json\/wp\/v2\/comments?post=221261"}],"version-history":[{"count":0,"href":"https:\/\/www.manaus.am.gov.br\/semcom\/wp-json\/wp\/v2\/posts\/221261\/revisions"}],"wp:featuredmedia":[{"embeddable":true,"href":"https:\/\/www.manaus.am.gov.br\/semcom\/wp-json\/wp\/v2\/media\/221262"}],"wp:attachment":[{"href":"https:\/\/www.manaus.am.gov.br\/semcom\/wp-json\/wp\/v2\/media?parent=221261"}],"wp:term":[{"taxonomy":"category","embeddable":true,"href":"https:\/\/www.manaus.am.gov.br\/semcom\/wp-json\/wp\/v2\/categories?post=221261"},{"taxonomy":"post_tag","embeddable":true,"href":"https:\/\/www.manaus.am.gov.br\/semcom\/wp-json\/wp\/v2\/tags?post=221261"}],"curies":[{"name":"wp","href":"https:\/\/api.w.org\/{rel}","templated":true}]}}