{"id":221107,"date":"2023-11-12T13:56:57","date_gmt":"2023-11-12T16:56:57","guid":{"rendered":"https:\/\/www.manaus.am.gov.br\/semcom\/prefeitura-de-manaus-segue-com-campanha-de-vacinacao-antrrabica-animal-na-zona-urbana-da-capital\/"},"modified":"2023-11-12T13:56:58","modified_gmt":"2023-11-12T16:56:58","slug":"prefeitura-de-manaus-segue-com-campanha-de-vacinacao-antrrabica-animal-na-zona-urbana-da-capital","status":"publish","type":"post","link":"https:\/\/www.manaus.am.gov.br\/semcom\/prefeitura-de-manaus-segue-com-campanha-de-vacinacao-antrrabica-animal-na-zona-urbana-da-capital\/","title":{"rendered":"Prefeitura de Manaus segue com campanha de vacina\u00e7\u00e3o antirr\u00e1bica animal na zona urbana da capital"},"content":{"rendered":"\n<p>Com a meta de imunizar 255 mil c\u00e3es e gatos contra a raiva animal, a Prefeitura de Manaus prossegue com a vacina\u00e7\u00e3o antirr\u00e1bica na capital. As equipes de vacinadores percorrer\u00e3o as vias dos bairros e comunidades de todas as zonas geogr\u00e1ficas de Manaus, conforme planejamento, na segunda, 13\/11, ter\u00e7a, 14\/11, quinta,16\/11, sexta, 17\/11, e s\u00e1bado, 18\/11, no hor\u00e1rio das 8h \u00e0s 12h. O servi\u00e7o n\u00e3o ser\u00e1 ofertado na quarta-feira, 15\/11, devido ao feriado nacional da Proclama\u00e7\u00e3o da Rep\u00fablica, mas as atividades prosseguem nos demais dias do planejamento.<\/p>\n\n\n\n<p>Coordenada pela Secretaria Municipal de Sa\u00fade (Semsa) e executada pelo Centro de Controle de Zoonoses (CCZ) Dr. Carlos Durand, a campanha tamb\u00e9m oferta o imunizante contra a raiva animal em pontos fixos, que funcionam nos Centros de&nbsp; Conviv\u00eancia da Fam\u00edlia S\u00e3o Jos\u00e9, na rua Barreirinha, n\u00ba 14, quadra 45, no bairro S\u00e3o Jos\u00e9; no Centro de Conviv\u00eancia da Fam\u00edlia Padre Pedro Vignola, na rua Tupinamb\u00e1, 119, na&nbsp; Cidade Nova, e ainda no CCZ Manaus, na avenida Brasil, s\/n\u00ba, no bairro Compensa, de segunda a sexta-feira, das 8h \u00e0s 16h.<\/p>\n\n\n\n<p>O gerente do CCZ, Rodrigo Ara\u00fajo, reitera que a colabora\u00e7\u00e3o da popula\u00e7\u00e3o \u00e9 essencial para os bons resultados da campanha. \u201cA vacina\u00e7\u00e3o contra a raiva \u00e9 obrigat\u00f3ria e cada tutor precisa assumir o compromisso de vacinar seu animal e, assim, contribuir com a sa\u00fade coletiva. Apelamos para que os tutores recebam bem os vacinadores e contenham seus animais para colaborar com o trabalho das equipes\u201d, assinala.<\/p>\n\n\n\n<p><strong>Cronograma<\/strong><\/p>\n\n\n\n<p>Na segunda-feira, 13\/11, as equipes de vacinadores, que atuam em duplas e est\u00e3o devidamente identificadas, percorrer\u00e3o os bairros e comunidades S\u00e3o L\u00e1zaro e Crespo (zona Sul), Osvaldo Frota e S\u00e9rgio Pessoa Neto (zona Norte), S\u00e3o Jos\u00e9 2 (zona Leste) e Tarum\u00e3\/Parque S\u00e3o Pedro (zona Oeste).<\/p>\n\n\n\n<p>Na ter\u00e7a-feira, 14\/11, as equipes levar\u00e3o a vacina contra a raiva animal aos c\u00e3es e gatos dos bairros Bet\u00e2nia e Morro da Liberdade (zona Sul), Osvaldo Frota e Sergio Pessoa (zona Norte), S\u00e3o Jos\u00e9 (zona Leste) e Tarum\u00e3 e Campos Sales (zona Oeste).<\/p>\n\n\n\n<p>Os agentes de sa\u00fade seguem com o planejamento de imuniza\u00e7\u00e3o na quinta-feira, 16, percorrendo as vias dos bairros Santa Luzia e Educandos (zona Sul), comunidade Campo Dourado (zona Norte), Col\u00f4nia Santo Ant\u00f4nio Aleixo (zona Leste) e Parque Riachuelo 1 e 2 (zona Oeste).&nbsp;<\/p>\n\n\n\n<p>O cronograma da vacina\u00e7\u00e3o antirr\u00e1bica prossegue na sexta-feira, 17, nas ruas dos bairros Col\u00f4nia Oliveira Machado e Centro (zona Sul), comunidade Campo Dourado (zona Norte), Col\u00f4nia Santo Ant\u00f4nio Aleixo (zona Leste) e Parque Riachuelo 1 e 2 (zona Oeste).<\/p>\n\n\n\n<p>A programa\u00e7\u00e3o semanal continua no s\u00e1bado, 18, nos bairros Pra\u00e7a 14 e Cachoeirinha (zona Sul), comunidade Campo Dourado (zona Norte), Col\u00f4nia Ant\u00f4nio Aleixo (zona Leste) e Parque Riachuelo 1 e 2 e tamb\u00e9m no conjunto Cidad\u00e3o 10 (zona Oeste).<\/p>\n\n\n\n<p>A prote\u00e7\u00e3o contra a raiva animal \u00e9 obrigat\u00f3ria para c\u00e3es e gatos a partir dos 6 meses de idade. Os tutores precisam verificar se seus animais est\u00e3o em boas condi\u00e7\u00f5es de sa\u00fade, antes de receber a vacina.<\/p>\n\n\n\n<p>Este ano, a etapa urbana da campanha de vacina\u00e7\u00e3o antirr\u00e1bica teve in\u00edcio no dia 20\/9, com previs\u00e3o de encerramento no dia 6\/12. A etapa rural ocorreu no per\u00edodo de 12\/6 a 30\/8, em comunidades terrestres e fluviais da zona rural do munic\u00edpio.<\/p>\n\n\n\n<p>A Semsa informa que o servi\u00e7o de vacina\u00e7\u00e3o \u00e9 ofertado durante todo o ano no CCZ Manaus, na avenida Brasil, s\/n\u00ba, no bairro Compensa, sempre de segunda a sexta-feira, das 8h \u00e0s 16h.<\/p>\n\n\n\n<p><strong>Campanha de Vacina\u00e7\u00e3o Antirr\u00e1bica Animal 2023<\/strong><\/p>\n\n\n\n<p>Cronograma de 13 a 14\/11 e de 16 a 18\/11<\/p>\n\n\n\n<p><strong>Zona Sul<\/strong><\/p>\n\n\n\n<p>13\/11 \u2013 S\u00e3o L\u00e1zaro e Crespo<\/p>\n\n\n\n<p>14\/11 \u2013 Bet\u00e2nia e Morro da Liberdade<\/p>\n\n\n\n<p>16\/11 \u2013 Santa Luzia e Educandos<\/p>\n\n\n\n<p>17\/11 \u2013 Col\u00f4nia Oliveira Machado e Centro<\/p>\n\n\n\n<p>18\/11 \u2013 Pra\u00e7a 14 e Cachoeira<\/p>\n\n\n\n<p><strong>Zona Norte<\/strong><\/p>\n\n\n\n<p>13\/11 e 14\/11 \u2013 Oswaldo Frota e S\u00e9rgio Pessoa Neto<\/p>\n\n\n\n<p>16\/11 a 18\/11\u2013 Campo Dourado<\/p>\n\n\n\n<p><strong>Zona Leste<\/strong><\/p>\n\n\n\n<p>13\/11 e 14\/11 \u2013 S\u00e3o Jos\u00e9 2<\/p>\n\n\n\n<p>16\/11 a 18\/11 \u2013 Col\u00f4nia Ant\u00f4nio Aleixo<\/p>\n\n\n\n<p><strong>Zona Oeste<\/strong><\/p>\n\n\n\n<p>13\/11 \u2013 Tarum\u00e3 e Parque S\u00e3o Pedro<\/p>\n\n\n\n<p>14\/11 \u2013 Tarum\u00e3 e Campos Sales<\/p>\n\n\n\n<p>16\/11 e 17\/11 \u2013 Parque Riachuelo 1 e 2<\/p>\n\n\n\n<p>18\/11 \u2013 Parque Riachuelo 1 e 2 e Cidad\u00e3o 10<\/p>\n\n\n\n<p>&#8212;-<\/p>\n\n\n\n<p><strong>Texto &#8211;<\/strong> T\u00e2nia Brand\u00e3o \/ Semsa<\/p>\n\n\n\n<p><strong>Foto &#8211;<\/strong> Artur Barbosa \/ Semsa<\/p>\n","protected":false},"excerpt":{"rendered":"","protected":false},"author":52,"featured_media":221108,"comment_status":"closed","ping_status":"closed","sticky":false,"template":"","format":"standard","meta":{"footnotes":""},"categories":[2009],"tags":[77,162,9045],"acf":[],"yoast_head":"<!-- This site is optimized with the Yoast SEO plugin v23.0 - https:\/\/yoast.com\/wordpress\/plugins\/seo\/ -->\n<title>Prefeitura de Manaus segue com campanha de vacina\u00e7\u00e3o antirr\u00e1bica animal na zona urbana da capital<\/title>\n<meta name=\"description\" content=\"Com a meta de imunizar 255 mil c\u00e3es e gatos contra a raiva animal, a Prefeitura de Manaus prossegue com a vacina\u00e7\u00e3o antirr\u00e1bica na capital.\" \/>\n<meta name=\"robots\" content=\"index, follow, max-snippet:-1, max-image-preview:large, max-video-preview:-1\" \/>\n<link rel=\"canonical\" href=\"https:\/\/www.manaus.am.gov.br\/semcom\/prefeitura-de-manaus-segue-com-campanha-de-vacinacao-antrrabica-animal-na-zona-urbana-da-capital\/\" \/>\n<meta property=\"og:locale\" content=\"pt_BR\" \/>\n<meta property=\"og:type\" content=\"article\" \/>\n<meta property=\"og:title\" content=\"Prefeitura de Manaus segue com campanha de vacina\u00e7\u00e3o antirr\u00e1bica animal na zona urbana da capital\" \/>\n<meta property=\"og:description\" content=\"Com a meta de imunizar 255 mil c\u00e3es e gatos contra a raiva animal, a Prefeitura de Manaus prossegue com a vacina\u00e7\u00e3o antirr\u00e1bica na capital.\" \/>\n<meta property=\"og:url\" content=\"https:\/\/www.manaus.am.gov.br\/semcom\/prefeitura-de-manaus-segue-com-campanha-de-vacinacao-antrrabica-animal-na-zona-urbana-da-capital\/\" \/>\n<meta property=\"og:site_name\" content=\"SEMCOM\" \/>\n<meta property=\"article:published_time\" content=\"2023-11-12T16:56:57+00:00\" \/>\n<meta property=\"article:modified_time\" content=\"2023-11-12T16:56:58+00:00\" \/>\n<meta property=\"og:image\" content=\"https:\/\/www.manaus.am.gov.br\/semcom\/wp-content\/uploads\/sites\/5\/2023\/11\/Vacinacao-antirrabica_2.jpg\" \/>\n\t<meta property=\"og:image:width\" content=\"1600\" \/>\n\t<meta property=\"og:image:height\" content=\"1066\" \/>\n\t<meta property=\"og:image:type\" content=\"image\/jpeg\" \/>\n<meta name=\"author\" content=\"csilveira\" \/>\n<meta name=\"twitter:card\" content=\"summary_large_image\" \/>\n<meta name=\"twitter:label1\" content=\"Written by\" \/>\n\t<meta name=\"twitter:data1\" content=\"csilveira\" \/>\n\t<meta name=\"twitter:label2\" content=\"Est. reading time\" \/>\n\t<meta name=\"twitter:data2\" content=\"4 minutos\" \/>\n<script type=\"application\/ld+json\" class=\"yoast-schema-graph\">{\"@context\":\"https:\/\/schema.org\",\"@graph\":[{\"@type\":\"WebPage\",\"@id\":\"https:\/\/www.manaus.am.gov.br\/semcom\/prefeitura-de-manaus-segue-com-campanha-de-vacinacao-antrrabica-animal-na-zona-urbana-da-capital\/\",\"url\":\"https:\/\/www.manaus.am.gov.br\/semcom\/prefeitura-de-manaus-segue-com-campanha-de-vacinacao-antrrabica-animal-na-zona-urbana-da-capital\/\",\"name\":\"Prefeitura de Manaus segue com campanha de vacina\u00e7\u00e3o antirr\u00e1bica animal na zona urbana da capital\",\"isPartOf\":{\"@id\":\"https:\/\/www.manaus.am.gov.br\/semcom\/#website\"},\"primaryImageOfPage\":{\"@id\":\"https:\/\/www.manaus.am.gov.br\/semcom\/prefeitura-de-manaus-segue-com-campanha-de-vacinacao-antrrabica-animal-na-zona-urbana-da-capital\/#primaryimage\"},\"image\":{\"@id\":\"https:\/\/www.manaus.am.gov.br\/semcom\/prefeitura-de-manaus-segue-com-campanha-de-vacinacao-antrrabica-animal-na-zona-urbana-da-capital\/#primaryimage\"},\"thumbnailUrl\":\"https:\/\/www.manaus.am.gov.br\/semcom\/wp-content\/uploads\/sites\/5\/2023\/11\/Vacinacao-antirrabica_2.jpg\",\"datePublished\":\"2023-11-12T16:56:57+00:00\",\"dateModified\":\"2023-11-12T16:56:58+00:00\",\"author\":{\"@id\":\"https:\/\/www.manaus.am.gov.br\/semcom\/#\/schema\/person\/bfafc779be2e19b3d3ef4a59d418b606\"},\"description\":\"Com a meta de imunizar 255 mil c\u00e3es e gatos contra a raiva animal, a Prefeitura de Manaus prossegue com a vacina\u00e7\u00e3o antirr\u00e1bica na capital.\",\"inLanguage\":\"pt-BR\",\"potentialAction\":[{\"@type\":\"ReadAction\",\"target\":[\"https:\/\/www.manaus.am.gov.br\/semcom\/prefeitura-de-manaus-segue-com-campanha-de-vacinacao-antrrabica-animal-na-zona-urbana-da-capital\/\"]}]},{\"@type\":\"ImageObject\",\"inLanguage\":\"pt-BR\",\"@id\":\"https:\/\/www.manaus.am.gov.br\/semcom\/prefeitura-de-manaus-segue-com-campanha-de-vacinacao-antrrabica-animal-na-zona-urbana-da-capital\/#primaryimage\",\"url\":\"https:\/\/www.manaus.am.gov.br\/semcom\/wp-content\/uploads\/sites\/5\/2023\/11\/Vacinacao-antirrabica_2.jpg\",\"contentUrl\":\"https:\/\/www.manaus.am.gov.br\/semcom\/wp-content\/uploads\/sites\/5\/2023\/11\/Vacinacao-antirrabica_2.jpg\",\"width\":1600,\"height\":1066},{\"@type\":\"WebSite\",\"@id\":\"https:\/\/www.manaus.am.gov.br\/semcom\/#website\",\"url\":\"https:\/\/www.manaus.am.gov.br\/semcom\/\",\"name\":\"SEMCOM\",\"description\":\"Secretaria Municipal de Comunica\u00e7\u00e3o\",\"potentialAction\":[{\"@type\":\"SearchAction\",\"target\":{\"@type\":\"EntryPoint\",\"urlTemplate\":\"https:\/\/www.manaus.am.gov.br\/semcom\/?s={search_term_string}\"},\"query-input\":\"required name=search_term_string\"}],\"inLanguage\":\"pt-BR\"},{\"@type\":\"Person\",\"@id\":\"https:\/\/www.manaus.am.gov.br\/semcom\/#\/schema\/person\/bfafc779be2e19b3d3ef4a59d418b606\",\"name\":\"csilveira\",\"image\":{\"@type\":\"ImageObject\",\"inLanguage\":\"pt-BR\",\"@id\":\"https:\/\/www.manaus.am.gov.br\/semcom\/#\/schema\/person\/image\/\",\"url\":\"https:\/\/secure.gravatar.com\/avatar\/9c2e2f00138fcd35401c748bd030d3b5?s=96&d=mm&r=g\",\"contentUrl\":\"https:\/\/secure.gravatar.com\/avatar\/9c2e2f00138fcd35401c748bd030d3b5?s=96&d=mm&r=g\",\"caption\":\"csilveira\"}}]}<\/script>\n<!-- \/ Yoast SEO plugin. -->","yoast_head_json":{"title":"Prefeitura de Manaus segue com campanha de vacina\u00e7\u00e3o antirr\u00e1bica animal na zona urbana da capital","description":"Com a meta de imunizar 255 mil c\u00e3es e gatos contra a raiva animal, a Prefeitura de Manaus prossegue com a vacina\u00e7\u00e3o antirr\u00e1bica na capital.","robots":{"index":"index","follow":"follow","max-snippet":"max-snippet:-1","max-image-preview":"max-image-preview:large","max-video-preview":"max-video-preview:-1"},"canonical":"https:\/\/www.manaus.am.gov.br\/semcom\/prefeitura-de-manaus-segue-com-campanha-de-vacinacao-antrrabica-animal-na-zona-urbana-da-capital\/","og_locale":"pt_BR","og_type":"article","og_title":"Prefeitura de Manaus segue com campanha de vacina\u00e7\u00e3o antirr\u00e1bica animal na zona urbana da capital","og_description":"Com a meta de imunizar 255 mil c\u00e3es e gatos contra a raiva animal, a Prefeitura de Manaus prossegue com a vacina\u00e7\u00e3o antirr\u00e1bica na capital.","og_url":"https:\/\/www.manaus.am.gov.br\/semcom\/prefeitura-de-manaus-segue-com-campanha-de-vacinacao-antrrabica-animal-na-zona-urbana-da-capital\/","og_site_name":"SEMCOM","article_published_time":"2023-11-12T16:56:57+00:00","article_modified_time":"2023-11-12T16:56:58+00:00","og_image":[{"width":1600,"height":1066,"url":"https:\/\/www.manaus.am.gov.br\/semcom\/wp-content\/uploads\/sites\/5\/2023\/11\/Vacinacao-antirrabica_2.jpg","type":"image\/jpeg"}],"author":"csilveira","twitter_card":"summary_large_image","twitter_misc":{"Written by":"csilveira","Est. reading time":"4 minutos"},"schema":{"@context":"https:\/\/schema.org","@graph":[{"@type":"WebPage","@id":"https:\/\/www.manaus.am.gov.br\/semcom\/prefeitura-de-manaus-segue-com-campanha-de-vacinacao-antrrabica-animal-na-zona-urbana-da-capital\/","url":"https:\/\/www.manaus.am.gov.br\/semcom\/prefeitura-de-manaus-segue-com-campanha-de-vacinacao-antrrabica-animal-na-zona-urbana-da-capital\/","name":"Prefeitura de Manaus segue com campanha de vacina\u00e7\u00e3o antirr\u00e1bica animal na zona urbana da capital","isPartOf":{"@id":"https:\/\/www.manaus.am.gov.br\/semcom\/#website"},"primaryImageOfPage":{"@id":"https:\/\/www.manaus.am.gov.br\/semcom\/prefeitura-de-manaus-segue-com-campanha-de-vacinacao-antrrabica-animal-na-zona-urbana-da-capital\/#primaryimage"},"image":{"@id":"https:\/\/www.manaus.am.gov.br\/semcom\/prefeitura-de-manaus-segue-com-campanha-de-vacinacao-antrrabica-animal-na-zona-urbana-da-capital\/#primaryimage"},"thumbnailUrl":"https:\/\/www.manaus.am.gov.br\/semcom\/wp-content\/uploads\/sites\/5\/2023\/11\/Vacinacao-antirrabica_2.jpg","datePublished":"2023-11-12T16:56:57+00:00","dateModified":"2023-11-12T16:56:58+00:00","author":{"@id":"https:\/\/www.manaus.am.gov.br\/semcom\/#\/schema\/person\/bfafc779be2e19b3d3ef4a59d418b606"},"description":"Com a meta de imunizar 255 mil c\u00e3es e gatos contra a raiva animal, a Prefeitura de Manaus prossegue com a vacina\u00e7\u00e3o antirr\u00e1bica na capital.","inLanguage":"pt-BR","potentialAction":[{"@type":"ReadAction","target":["https:\/\/www.manaus.am.gov.br\/semcom\/prefeitura-de-manaus-segue-com-campanha-de-vacinacao-antrrabica-animal-na-zona-urbana-da-capital\/"]}]},{"@type":"ImageObject","inLanguage":"pt-BR","@id":"https:\/\/www.manaus.am.gov.br\/semcom\/prefeitura-de-manaus-segue-com-campanha-de-vacinacao-antrrabica-animal-na-zona-urbana-da-capital\/#primaryimage","url":"https:\/\/www.manaus.am.gov.br\/semcom\/wp-content\/uploads\/sites\/5\/2023\/11\/Vacinacao-antirrabica_2.jpg","contentUrl":"https:\/\/www.manaus.am.gov.br\/semcom\/wp-content\/uploads\/sites\/5\/2023\/11\/Vacinacao-antirrabica_2.jpg","width":1600,"height":1066},{"@type":"WebSite","@id":"https:\/\/www.manaus.am.gov.br\/semcom\/#website","url":"https:\/\/www.manaus.am.gov.br\/semcom\/","name":"SEMCOM","description":"Secretaria Municipal de Comunica\u00e7\u00e3o","potentialAction":[{"@type":"SearchAction","target":{"@type":"EntryPoint","urlTemplate":"https:\/\/www.manaus.am.gov.br\/semcom\/?s={search_term_string}"},"query-input":"required name=search_term_string"}],"inLanguage":"pt-BR"},{"@type":"Person","@id":"https:\/\/www.manaus.am.gov.br\/semcom\/#\/schema\/person\/bfafc779be2e19b3d3ef4a59d418b606","name":"csilveira","image":{"@type":"ImageObject","inLanguage":"pt-BR","@id":"https:\/\/www.manaus.am.gov.br\/semcom\/#\/schema\/person\/image\/","url":"https:\/\/secure.gravatar.com\/avatar\/9c2e2f00138fcd35401c748bd030d3b5?s=96&d=mm&r=g","contentUrl":"https:\/\/secure.gravatar.com\/avatar\/9c2e2f00138fcd35401c748bd030d3b5?s=96&d=mm&r=g","caption":"csilveira"}}]}},"_links":{"self":[{"href":"https:\/\/www.manaus.am.gov.br\/semcom\/wp-json\/wp\/v2\/posts\/221107"}],"collection":[{"href":"https:\/\/www.manaus.am.gov.br\/semcom\/wp-json\/wp\/v2\/posts"}],"about":[{"href":"https:\/\/www.manaus.am.gov.br\/semcom\/wp-json\/wp\/v2\/types\/post"}],"author":[{"embeddable":true,"href":"https:\/\/www.manaus.am.gov.br\/semcom\/wp-json\/wp\/v2\/users\/52"}],"replies":[{"embeddable":true,"href":"https:\/\/www.manaus.am.gov.br\/semcom\/wp-json\/wp\/v2\/comments?post=221107"}],"version-history":[{"count":0,"href":"https:\/\/www.manaus.am.gov.br\/semcom\/wp-json\/wp\/v2\/posts\/221107\/revisions"}],"wp:featuredmedia":[{"embeddable":true,"href":"https:\/\/www.manaus.am.gov.br\/semcom\/wp-json\/wp\/v2\/media\/221108"}],"wp:attachment":[{"href":"https:\/\/www.manaus.am.gov.br\/semcom\/wp-json\/wp\/v2\/media?parent=221107"}],"wp:term":[{"taxonomy":"category","embeddable":true,"href":"https:\/\/www.manaus.am.gov.br\/semcom\/wp-json\/wp\/v2\/categories?post=221107"},{"taxonomy":"post_tag","embeddable":true,"href":"https:\/\/www.manaus.am.gov.br\/semcom\/wp-json\/wp\/v2\/tags?post=221107"}],"curies":[{"name":"wp","href":"https:\/\/api.w.org\/{rel}","templated":true}]}}