{"id":220706,"date":"2023-10-31T20:57:49","date_gmt":"2023-11-01T00:57:49","guid":{"rendered":"https:\/\/www.manaus.am.gov.br\/semcom\/prefeitura-de-manaus-anuncia-vencedores-do-concurso-sarau-do-servidor\/"},"modified":"2023-10-31T22:27:06","modified_gmt":"2023-11-01T01:27:06","slug":"prefeitura-de-manaus-anuncia-vencedores-do-concurso-sarau-do-servidor","status":"publish","type":"post","link":"https:\/\/www.manaus.am.gov.br\/semcom\/prefeitura-de-manaus-anuncia-vencedores-do-concurso-sarau-do-servidor\/","title":{"rendered":"Prefeitura de Manaus anuncia vencedores do concurso &#8216;Sarau do Servidor&#8217;"},"content":{"rendered":"\n<p>A Prefeitura de Manaus divulga, nesta ter\u00e7a-feira, 31\/10, os vencedores do concurso \u201cSarau Liter\u00e1rio do Servidor\u201d. A atividade foi inserida este ano na programa\u00e7\u00e3o em comemora\u00e7\u00e3o ao Dia do Servidor P\u00fablico Municipal. Coordenada pela Secretaria Municipal de Administra\u00e7\u00e3o, Planejamento e Gest\u00e3o (Semad), a competi\u00e7\u00e3o que, al\u00e9m de homenagear os trabalhadores, teve o objetivo de incentivar a divulga\u00e7\u00e3o dos talentos, por meio de material liter\u00e1rio produzido pelos pr\u00f3prios servidores, foi dividida em tr\u00eas g\u00eaneros: Conto, Cr\u00f4nica e Poema.<\/p>\n\n\n\n<p>As obras vencedoras do concurso liter\u00e1rio s\u00e3o, na categoria Conto,&nbsp;<a href=\"https:\/\/drive.google.com\/file\/d\/1mMsi-bb1b120RGgljhAj_gcx1LqAzoIg\/view?usp=sharing\" target=\"_blank\" rel=\"noreferrer noopener\">\u201cLuiGrante: o menino que veio distante\u201d<\/a>, de autoria da servidora Maria Raquel Souza dos Santos, professora da Semed, lotada, h\u00e1 18 anos, na Creche Municipal Magdalena Arce Daou. Na categoria Cr\u00f4nica,&nbsp;<a href=\"https:\/\/drive.google.com\/file\/d\/1MC-n1hDxcM8ANpGYNQt_LGOEllEBHH7k\/view?usp=sharing\" target=\"_blank\" rel=\"noreferrer noopener\">\u201cA vida secreta dos bules\u201d<\/a>, escrita pela servidora Grace da Silva Cordeiro, da Secretaria Municipal de Sa\u00fade (Semsa), onde \u00e9 lotada na ger\u00eancia de Administra\u00e7\u00e3o do Distrito Oeste. E, por fim,&nbsp;<a href=\"https:\/\/drive.google.com\/file\/d\/1_QsjZWPW8RwVzqTGlX3Nx0_lr7cRZH-b\/view?usp=sharing\" target=\"_blank\" rel=\"noreferrer noopener\">\u201cMulheres da Prefeitura\u201d<\/a>&nbsp;venceu na categoria Poema. A obra foi escrita pelo servidor Vitor S\u00e9rgio Freitas de Souza, lotado na Secretaria Municipal de Agricultura, Abastecimento, Centro e Com\u00e9rcio Informal (Semacc).<\/p>\n\n\n\n<p>Segundo o titular da Semad, Ebenezer Bezerra, o concurso \u201cSarau do Servidor\u201d teve car\u00e1ter recreativo, visando a promo\u00e7\u00e3o, incentivo e divulga\u00e7\u00e3o dos talentos dos servidores do poder p\u00fablico municipal.<\/p>\n\n\n\n<p>\u201cTivemos uma grata surpresa, n\u00e3o s\u00f3 com a quantidade, mas principalmente pela qualidade das obras inscritas. Recebemos cinco contos, tr\u00eas cr\u00f4nicas e 33 poemas. Isso demonstra que, al\u00e9m da capacidade t\u00e9cnica e administrativa, nossos servidores possuem talentos art\u00edsticos que devem ser estimulados e valorizados. Criar o sarau foi uma iniciativa bem-sucedida da gest\u00e3o do prefeito David Almeida, com um olhar diferenciado para os servidores\u201d, destacou o secret\u00e1rio.<\/p>\n\n\n\n<p>A banca julgadora do \u201cSarau Liter\u00e1rio do Servidor\u201d, edi\u00e7\u00e3o 2023, foi composta por tr\u00eas professores da Secretaria Municipal de Educa\u00e7\u00e3o (Semed), especialistas em Literatura e L\u00edngua Portuguesa: Darcley Abreu dos Santos Barros, Leandro Harrison da Silva Vasconcelos e Tatiana Ara\u00fajo Moreira. \u00a0<\/p>\n\n\n\n<div data-wp-interactive=\"\" class=\"wp-block-file\"><object data-wp-bind--hidden=\"!selectors.core.file.hasPdfPreview\" hidden class=\"wp-block-file__embed\" data=\"https:\/\/www.manaus.am.gov.br\/semcom\/wp-content\/uploads\/sites\/5\/2023\/10\/POEMA-MULHERES-DA-PREFEITURA.pdf\" type=\"application\/pdf\" style=\"width:100%;height:600px\" aria-label=\"Incorporado de POEMA-MULHERES-DA-PREFEITURA.\"><\/object><a id=\"wp-block-file--media-2b48828d-d43e-4022-bce3-bbf6096bcae8\" href=\"https:\/\/www.manaus.am.gov.br\/semcom\/wp-content\/uploads\/sites\/5\/2023\/10\/POEMA-MULHERES-DA-PREFEITURA.pdf\">POEMA-MULHERES-DA-PREFEITURA<\/a><a href=\"https:\/\/www.manaus.am.gov.br\/semcom\/wp-content\/uploads\/sites\/5\/2023\/10\/POEMA-MULHERES-DA-PREFEITURA.pdf\" class=\"wp-block-file__button wp-element-button\" download aria-describedby=\"wp-block-file--media-2b48828d-d43e-4022-bce3-bbf6096bcae8\">Baixar<\/a><\/div>\n\n\n\n<div data-wp-interactive=\"\" class=\"wp-block-file\"><object data-wp-bind--hidden=\"!selectors.core.file.hasPdfPreview\" hidden class=\"wp-block-file__embed\" data=\"https:\/\/www.manaus.am.gov.br\/semcom\/wp-content\/uploads\/sites\/5\/2023\/10\/CRONICA-A-VIDA-SECRETA-DOS-BULES.pdf\" type=\"application\/pdf\" style=\"width:100%;height:600px\" aria-label=\"Incorporado de CRONICA-A-VIDA-SECRETA-DOS-BULES.\"><\/object><a id=\"wp-block-file--media-339b5323-b162-46d3-b47f-af9bbbb13714\" href=\"https:\/\/www.manaus.am.gov.br\/semcom\/wp-content\/uploads\/sites\/5\/2023\/10\/CRONICA-A-VIDA-SECRETA-DOS-BULES.pdf\">CRONICA-A-VIDA-SECRETA-DOS-BULES<\/a><a href=\"https:\/\/www.manaus.am.gov.br\/semcom\/wp-content\/uploads\/sites\/5\/2023\/10\/CRONICA-A-VIDA-SECRETA-DOS-BULES.pdf\" class=\"wp-block-file__button wp-element-button\" download aria-describedby=\"wp-block-file--media-339b5323-b162-46d3-b47f-af9bbbb13714\">Baixar<\/a><\/div>\n\n\n\n<div data-wp-interactive=\"\" class=\"wp-block-file\"><object data-wp-bind--hidden=\"!selectors.core.file.hasPdfPreview\" hidden class=\"wp-block-file__embed\" data=\"https:\/\/www.manaus.am.gov.br\/semcom\/wp-content\/uploads\/sites\/5\/2023\/10\/POEMA-MULHERES-DA-PREFEITURA-1.pdf\" type=\"application\/pdf\" style=\"width:100%;height:600px\" aria-label=\"Incorporado de POEMA-MULHERES-DA-PREFEITURA-1.\"><\/object><a id=\"wp-block-file--media-5941a338-cdf3-46ba-9449-75e2dd1a9135\" href=\"https:\/\/www.manaus.am.gov.br\/semcom\/wp-content\/uploads\/sites\/5\/2023\/10\/POEMA-MULHERES-DA-PREFEITURA-1.pdf\">POEMA-MULHERES-DA-PREFEITURA-1<\/a><a href=\"https:\/\/www.manaus.am.gov.br\/semcom\/wp-content\/uploads\/sites\/5\/2023\/10\/POEMA-MULHERES-DA-PREFEITURA-1.pdf\" class=\"wp-block-file__button wp-element-button\" download aria-describedby=\"wp-block-file--media-5941a338-cdf3-46ba-9449-75e2dd1a9135\">Baixar<\/a><\/div>\n\n\n\n<p>&#8212; &#8212; &#8212; \u00a0<\/p>\n\n\n\n<p><strong>Texto &#8211;&nbsp;<\/strong>Sandra Monteiro \/ Semad<\/p>\n\n\n\n<p><strong>Foto<\/strong>&nbsp;\u2013 Arquivo \/ Semcom<\/p>\n\n\n\n<p>Dispon\u00edvel em &#8211;&nbsp;<a href=\"https:\/\/flic.kr\/p\/2ngdr1D\" target=\"_blank\" rel=\"noreferrer noopener\">https:\/\/flic.kr\/p\/2ngdr1D<\/a><\/p>\n","protected":false},"excerpt":{"rendered":"","protected":false},"author":31,"featured_media":220710,"comment_status":"closed","ping_status":"closed","sticky":false,"template":"","format":"standard","meta":{"footnotes":""},"categories":[8100],"tags":[8779,8847,8848],"acf":[],"yoast_head":"<!-- This site is optimized with the Yoast SEO plugin v23.0 - https:\/\/yoast.com\/wordpress\/plugins\/seo\/ -->\n<title>Prefeitura de Manaus anuncia vencedores do concurso &#039;Sarau do Servidor&#039; - SEMCOM<\/title>\n<meta name=\"robots\" content=\"index, follow, max-snippet:-1, max-image-preview:large, max-video-preview:-1\" \/>\n<link rel=\"canonical\" href=\"https:\/\/www.manaus.am.gov.br\/semcom\/prefeitura-de-manaus-anuncia-vencedores-do-concurso-sarau-do-servidor\/\" \/>\n<meta property=\"og:locale\" content=\"pt_BR\" \/>\n<meta property=\"og:type\" content=\"article\" \/>\n<meta property=\"og:title\" content=\"Prefeitura de Manaus anuncia vencedores do concurso &#039;Sarau do Servidor&#039; - SEMCOM\" \/>\n<meta property=\"og:url\" content=\"https:\/\/www.manaus.am.gov.br\/semcom\/prefeitura-de-manaus-anuncia-vencedores-do-concurso-sarau-do-servidor\/\" \/>\n<meta property=\"og:site_name\" content=\"SEMCOM\" \/>\n<meta property=\"article:published_time\" content=\"2023-11-01T00:57:49+00:00\" \/>\n<meta property=\"article:modified_time\" content=\"2023-11-01T01:27:06+00:00\" \/>\n<meta property=\"og:image\" content=\"https:\/\/www.manaus.am.gov.br\/semcom\/wp-content\/uploads\/sites\/5\/2023\/10\/52024357593_552401a2fe_c.jpg\" \/>\n\t<meta property=\"og:image:width\" content=\"799\" \/>\n\t<meta property=\"og:image:height\" content=\"533\" \/>\n\t<meta property=\"og:image:type\" content=\"image\/jpeg\" \/>\n<meta name=\"author\" content=\"Renata Felix\" \/>\n<meta name=\"twitter:card\" content=\"summary_large_image\" \/>\n<meta name=\"twitter:label1\" content=\"Written by\" \/>\n\t<meta name=\"twitter:data1\" content=\"Renata Felix\" \/>\n\t<meta name=\"twitter:label2\" content=\"Est. reading time\" \/>\n\t<meta name=\"twitter:data2\" content=\"2 minutos\" \/>\n<script type=\"application\/ld+json\" class=\"yoast-schema-graph\">{\"@context\":\"https:\/\/schema.org\",\"@graph\":[{\"@type\":\"WebPage\",\"@id\":\"https:\/\/www.manaus.am.gov.br\/semcom\/prefeitura-de-manaus-anuncia-vencedores-do-concurso-sarau-do-servidor\/\",\"url\":\"https:\/\/www.manaus.am.gov.br\/semcom\/prefeitura-de-manaus-anuncia-vencedores-do-concurso-sarau-do-servidor\/\",\"name\":\"Prefeitura de Manaus anuncia vencedores do concurso 'Sarau do Servidor' - SEMCOM\",\"isPartOf\":{\"@id\":\"https:\/\/www.manaus.am.gov.br\/semcom\/#website\"},\"primaryImageOfPage\":{\"@id\":\"https:\/\/www.manaus.am.gov.br\/semcom\/prefeitura-de-manaus-anuncia-vencedores-do-concurso-sarau-do-servidor\/#primaryimage\"},\"image\":{\"@id\":\"https:\/\/www.manaus.am.gov.br\/semcom\/prefeitura-de-manaus-anuncia-vencedores-do-concurso-sarau-do-servidor\/#primaryimage\"},\"thumbnailUrl\":\"https:\/\/www.manaus.am.gov.br\/semcom\/wp-content\/uploads\/sites\/5\/2023\/10\/52024357593_552401a2fe_c.jpg\",\"datePublished\":\"2023-11-01T00:57:49+00:00\",\"dateModified\":\"2023-11-01T01:27:06+00:00\",\"author\":{\"@id\":\"https:\/\/www.manaus.am.gov.br\/semcom\/#\/schema\/person\/4eea2a8f78dc853097abb026f728aa06\"},\"inLanguage\":\"pt-BR\",\"potentialAction\":[{\"@type\":\"ReadAction\",\"target\":[\"https:\/\/www.manaus.am.gov.br\/semcom\/prefeitura-de-manaus-anuncia-vencedores-do-concurso-sarau-do-servidor\/\"]}]},{\"@type\":\"ImageObject\",\"inLanguage\":\"pt-BR\",\"@id\":\"https:\/\/www.manaus.am.gov.br\/semcom\/prefeitura-de-manaus-anuncia-vencedores-do-concurso-sarau-do-servidor\/#primaryimage\",\"url\":\"https:\/\/www.manaus.am.gov.br\/semcom\/wp-content\/uploads\/sites\/5\/2023\/10\/52024357593_552401a2fe_c.jpg\",\"contentUrl\":\"https:\/\/www.manaus.am.gov.br\/semcom\/wp-content\/uploads\/sites\/5\/2023\/10\/52024357593_552401a2fe_c.jpg\",\"width\":799,\"height\":533,\"caption\":\"#paratodosverem - Close de dois livros, sendo um com capa laranja e outro com capa branca e verde\"},{\"@type\":\"WebSite\",\"@id\":\"https:\/\/www.manaus.am.gov.br\/semcom\/#website\",\"url\":\"https:\/\/www.manaus.am.gov.br\/semcom\/\",\"name\":\"SEMCOM\",\"description\":\"Secretaria Municipal de Comunica\u00e7\u00e3o\",\"potentialAction\":[{\"@type\":\"SearchAction\",\"target\":{\"@type\":\"EntryPoint\",\"urlTemplate\":\"https:\/\/www.manaus.am.gov.br\/semcom\/?s={search_term_string}\"},\"query-input\":\"required name=search_term_string\"}],\"inLanguage\":\"pt-BR\"},{\"@type\":\"Person\",\"@id\":\"https:\/\/www.manaus.am.gov.br\/semcom\/#\/schema\/person\/4eea2a8f78dc853097abb026f728aa06\",\"name\":\"Renata Felix\",\"image\":{\"@type\":\"ImageObject\",\"inLanguage\":\"pt-BR\",\"@id\":\"https:\/\/www.manaus.am.gov.br\/semcom\/#\/schema\/person\/image\/\",\"url\":\"https:\/\/secure.gravatar.com\/avatar\/3c196cf9d3b837b24c8edb2c50fd8f29?s=96&d=mm&r=g\",\"contentUrl\":\"https:\/\/secure.gravatar.com\/avatar\/3c196cf9d3b837b24c8edb2c50fd8f29?s=96&d=mm&r=g\",\"caption\":\"Renata Felix\"}}]}<\/script>\n<!-- \/ Yoast SEO plugin. -->","yoast_head_json":{"title":"Prefeitura de Manaus anuncia vencedores do concurso 'Sarau do Servidor' - SEMCOM","robots":{"index":"index","follow":"follow","max-snippet":"max-snippet:-1","max-image-preview":"max-image-preview:large","max-video-preview":"max-video-preview:-1"},"canonical":"https:\/\/www.manaus.am.gov.br\/semcom\/prefeitura-de-manaus-anuncia-vencedores-do-concurso-sarau-do-servidor\/","og_locale":"pt_BR","og_type":"article","og_title":"Prefeitura de Manaus anuncia vencedores do concurso 'Sarau do Servidor' - SEMCOM","og_url":"https:\/\/www.manaus.am.gov.br\/semcom\/prefeitura-de-manaus-anuncia-vencedores-do-concurso-sarau-do-servidor\/","og_site_name":"SEMCOM","article_published_time":"2023-11-01T00:57:49+00:00","article_modified_time":"2023-11-01T01:27:06+00:00","og_image":[{"width":799,"height":533,"url":"https:\/\/www.manaus.am.gov.br\/semcom\/wp-content\/uploads\/sites\/5\/2023\/10\/52024357593_552401a2fe_c.jpg","type":"image\/jpeg"}],"author":"Renata Felix","twitter_card":"summary_large_image","twitter_misc":{"Written by":"Renata Felix","Est. reading time":"2 minutos"},"schema":{"@context":"https:\/\/schema.org","@graph":[{"@type":"WebPage","@id":"https:\/\/www.manaus.am.gov.br\/semcom\/prefeitura-de-manaus-anuncia-vencedores-do-concurso-sarau-do-servidor\/","url":"https:\/\/www.manaus.am.gov.br\/semcom\/prefeitura-de-manaus-anuncia-vencedores-do-concurso-sarau-do-servidor\/","name":"Prefeitura de Manaus anuncia vencedores do concurso 'Sarau do Servidor' - SEMCOM","isPartOf":{"@id":"https:\/\/www.manaus.am.gov.br\/semcom\/#website"},"primaryImageOfPage":{"@id":"https:\/\/www.manaus.am.gov.br\/semcom\/prefeitura-de-manaus-anuncia-vencedores-do-concurso-sarau-do-servidor\/#primaryimage"},"image":{"@id":"https:\/\/www.manaus.am.gov.br\/semcom\/prefeitura-de-manaus-anuncia-vencedores-do-concurso-sarau-do-servidor\/#primaryimage"},"thumbnailUrl":"https:\/\/www.manaus.am.gov.br\/semcom\/wp-content\/uploads\/sites\/5\/2023\/10\/52024357593_552401a2fe_c.jpg","datePublished":"2023-11-01T00:57:49+00:00","dateModified":"2023-11-01T01:27:06+00:00","author":{"@id":"https:\/\/www.manaus.am.gov.br\/semcom\/#\/schema\/person\/4eea2a8f78dc853097abb026f728aa06"},"inLanguage":"pt-BR","potentialAction":[{"@type":"ReadAction","target":["https:\/\/www.manaus.am.gov.br\/semcom\/prefeitura-de-manaus-anuncia-vencedores-do-concurso-sarau-do-servidor\/"]}]},{"@type":"ImageObject","inLanguage":"pt-BR","@id":"https:\/\/www.manaus.am.gov.br\/semcom\/prefeitura-de-manaus-anuncia-vencedores-do-concurso-sarau-do-servidor\/#primaryimage","url":"https:\/\/www.manaus.am.gov.br\/semcom\/wp-content\/uploads\/sites\/5\/2023\/10\/52024357593_552401a2fe_c.jpg","contentUrl":"https:\/\/www.manaus.am.gov.br\/semcom\/wp-content\/uploads\/sites\/5\/2023\/10\/52024357593_552401a2fe_c.jpg","width":799,"height":533,"caption":"#paratodosverem - Close de dois livros, sendo um com capa laranja e outro com capa branca e verde"},{"@type":"WebSite","@id":"https:\/\/www.manaus.am.gov.br\/semcom\/#website","url":"https:\/\/www.manaus.am.gov.br\/semcom\/","name":"SEMCOM","description":"Secretaria Municipal de Comunica\u00e7\u00e3o","potentialAction":[{"@type":"SearchAction","target":{"@type":"EntryPoint","urlTemplate":"https:\/\/www.manaus.am.gov.br\/semcom\/?s={search_term_string}"},"query-input":"required name=search_term_string"}],"inLanguage":"pt-BR"},{"@type":"Person","@id":"https:\/\/www.manaus.am.gov.br\/semcom\/#\/schema\/person\/4eea2a8f78dc853097abb026f728aa06","name":"Renata Felix","image":{"@type":"ImageObject","inLanguage":"pt-BR","@id":"https:\/\/www.manaus.am.gov.br\/semcom\/#\/schema\/person\/image\/","url":"https:\/\/secure.gravatar.com\/avatar\/3c196cf9d3b837b24c8edb2c50fd8f29?s=96&d=mm&r=g","contentUrl":"https:\/\/secure.gravatar.com\/avatar\/3c196cf9d3b837b24c8edb2c50fd8f29?s=96&d=mm&r=g","caption":"Renata Felix"}}]}},"_links":{"self":[{"href":"https:\/\/www.manaus.am.gov.br\/semcom\/wp-json\/wp\/v2\/posts\/220706"}],"collection":[{"href":"https:\/\/www.manaus.am.gov.br\/semcom\/wp-json\/wp\/v2\/posts"}],"about":[{"href":"https:\/\/www.manaus.am.gov.br\/semcom\/wp-json\/wp\/v2\/types\/post"}],"author":[{"embeddable":true,"href":"https:\/\/www.manaus.am.gov.br\/semcom\/wp-json\/wp\/v2\/users\/31"}],"replies":[{"embeddable":true,"href":"https:\/\/www.manaus.am.gov.br\/semcom\/wp-json\/wp\/v2\/comments?post=220706"}],"version-history":[{"count":3,"href":"https:\/\/www.manaus.am.gov.br\/semcom\/wp-json\/wp\/v2\/posts\/220706\/revisions"}],"predecessor-version":[{"id":220713,"href":"https:\/\/www.manaus.am.gov.br\/semcom\/wp-json\/wp\/v2\/posts\/220706\/revisions\/220713"}],"wp:featuredmedia":[{"embeddable":true,"href":"https:\/\/www.manaus.am.gov.br\/semcom\/wp-json\/wp\/v2\/media\/220710"}],"wp:attachment":[{"href":"https:\/\/www.manaus.am.gov.br\/semcom\/wp-json\/wp\/v2\/media?parent=220706"}],"wp:term":[{"taxonomy":"category","embeddable":true,"href":"https:\/\/www.manaus.am.gov.br\/semcom\/wp-json\/wp\/v2\/categories?post=220706"},{"taxonomy":"post_tag","embeddable":true,"href":"https:\/\/www.manaus.am.gov.br\/semcom\/wp-json\/wp\/v2\/tags?post=220706"}],"curies":[{"name":"wp","href":"https:\/\/api.w.org\/{rel}","templated":true}]}}