{"id":220336,"date":"2023-10-20T16:39:57","date_gmt":"2023-10-20T19:39:57","guid":{"rendered":"https:\/\/www.manaus.am.gov.br\/semcom\/prefeitura-garante-servicos-essenciais-durante-feriado-do-aniversario-de-manaus\/"},"modified":"2023-10-20T16:39:59","modified_gmt":"2023-10-20T19:39:59","slug":"prefeitura-garante-servicos-essenciais-durante-feriado-do-aniversario-de-manaus","status":"publish","type":"post","link":"https:\/\/www.manaus.am.gov.br\/semcom\/prefeitura-garante-servicos-essenciais-durante-feriado-do-aniversario-de-manaus\/","title":{"rendered":"<strong>Prefeitura garante servi\u00e7os essenciais durante feriado do anivers\u00e1rio de Manaus<\/strong>"},"content":{"rendered":"\n<p>A Prefeitura de Manaus informa que os servi\u00e7os essenciais ser\u00e3o mantidos durante o feriado comemorativo dos 354 anos da cidade de Manaus, na ter\u00e7a-feira, 24\/10, bem como no ponto facultativo que precede a data, na segunda, 23\/10.<\/p>\n\n\n\n<p>Quatro servi\u00e7os gerenciados pela Secretaria Municipal de Sa\u00fade (Semsa) ficam \u00e0 disposi\u00e7\u00e3o da popula\u00e7\u00e3o todos os dias, e os demais estabelecimentos da rede municipal de sa\u00fade retomam as atividades na quarta-feira, 25\/10.<\/p>\n\n\n\n<p>A Maternidade Dr. Moura Tapaj\u00f3z, no bairro Compensa, zona Oeste da capital, funciona, em regime de plant\u00e3o 24 horas, todos os dias, assim como o Servi\u00e7o de Atendimento M\u00f3vel de Urg\u00eancia (Samu), que pode ser acionado para casos de urg\u00eancia pelo n\u00famero 192.<\/p>\n\n\n\n<p>A popula\u00e7\u00e3o poder\u00e1, ainda, buscar servi\u00e7os b\u00e1sicos da Aten\u00e7\u00e3o Prim\u00e1ria, como vacina\u00e7\u00e3o do calend\u00e1rio b\u00e1sico, testes r\u00e1pidos de Infec\u00e7\u00f5es Sexualmente Transmiss\u00edveis (ISTs) e procedimentos no Sistema de Regula\u00e7\u00e3o (Sisreg), na Cl\u00ednica da Fam\u00edlia Carmen Nicolau, na rua Santa Tereza D\u2019\u00c1vila, s\/n\u00ba, bairro Lago Azul, zona Norte, das 8h \u00e0s 18h.<\/p>\n\n\n\n<p>O Centro de Emiss\u00e3o de Declara\u00e7\u00e3o de \u00d3bito por Causa Natural em Domic\u00edlio (Cedo) atende os usu\u00e1rios das 8h \u00e0s 18h, por meio do n\u00famero (92) 98842-8437.<\/p>\n\n\n\n<p><strong>Sine Manaus<\/strong><\/p>\n\n\n\n<p>A Secretaria Municipal do Trabalho, Empreendedorismo e Inova\u00e7\u00e3o (Semtepi) informa que o atendimento nos postos do Sine Manaus, localizados na avenida Constantino Nery, zona Sul, e no shopping Phelippe Daou, zona Leste de Manaus, estar\u00e3o suspensos durante a segunda e a ter\u00e7a-feira, 23 e 24\/10, em virtude do feriado municipal em comemora\u00e7\u00e3o \u00e0 eleva\u00e7\u00e3o de Manaus \u00e0 categoria de cidade e do ponto facultativo.<\/p>\n\n\n\n<p>As atividades retornam, normalmente, na quarta-feira, 25\/10. N\u00e3o \u00e9 necess\u00e1rio fazer agendamento pr\u00e9vio para acessar os servi\u00e7os. A popula\u00e7\u00e3o pode se dirigir a um dos postos, portando os documentos originais e o cart\u00e3o de vacina\u00e7\u00e3o, com o esquema vacinal completo contra a Covid-19, de segunda a sexta-feira, das 8h \u00e0s 16h.<\/p>\n\n\n\n<p><strong>Galerias populares<\/strong><\/p>\n\n\n\n<p>Conforme a Semtepi, ainda, os hor\u00e1rios de funcionamento do shopping Phelippe Daou, bairro Jorge Teixeira, zona Leste, e galerias populares Esp\u00edrito Santo e Rem\u00e9dios, Centro, zona Sul da capital, durante o feriado municipal e ponto facultativo, ser\u00e1 das 8h \u00e0s 14h.<\/p>\n\n\n\n<p><strong>Feiras e mercado<\/strong><\/p>\n\n\n\n<p>A Secretaria Municipal de Agricultura, Abastecimento, Centro e Com\u00e9rcio informal (Semacc) informa que, na segunda e ter\u00e7a-feira, as principais feiras abastecedoras e mercados v\u00e3o funcionar das 6h \u00e0s 12h, hor\u00e1rio reduzido de funcionamento.<\/p>\n\n\n\n<p>O mercado municipal Adolpho Lisboa, na avenida Louren\u00e7o Braga, Centro, estar\u00e1 aberto das 6h \u00e0s 12h, funcionando por meio per\u00edodo.<\/p>\n\n\n\n<p>As feiras municipais Coronel Jorge Teixeira (Manaus Moderna) e da Banana, ambas no Centro, funcionam das 4h \u00e0s 12h. A feira municipal do Produtor, da zona Leste, abre as portas das 4h \u00e0s 12h. A feira da Panair, bairro Educandos, zona Sul, recebe o p\u00fablico das 4h \u00e0s 13h. J\u00e1 o tablado do peixe, na mesma feira, funciona das 18h \u00e0s 6h, do dia 24\/10.Todas as feiras e o mercado funcionar\u00e3o com expediente reduzido.<\/p>\n\n\n\n<p>&#8212; &#8212; &#8212;&nbsp;&nbsp;&nbsp;&nbsp;&nbsp;&nbsp;&nbsp;&nbsp;&nbsp;&nbsp;&nbsp;&nbsp;&nbsp;&nbsp;&nbsp;&nbsp;&nbsp;&nbsp;&nbsp;&nbsp;&nbsp;&nbsp;&nbsp;&nbsp;&nbsp;&nbsp;&nbsp;&nbsp;&nbsp;&nbsp;&nbsp;&nbsp;&nbsp;&nbsp;&nbsp;&nbsp;&nbsp;&nbsp;&nbsp;&nbsp;&nbsp;&nbsp;&nbsp;&nbsp;&nbsp;&nbsp;&nbsp;&nbsp;&nbsp;&nbsp;&nbsp;&nbsp;&nbsp;&nbsp;&nbsp;&nbsp;&nbsp;&nbsp;&nbsp;&nbsp;&nbsp;&nbsp;&nbsp;&nbsp;&nbsp;&nbsp;<\/p>\n\n\n\n<p><strong>Texto e foto <\/strong>\u2013 Divulga\u00e7\u00e3o \/ Semsa\/Semtepi\/Semacc<\/p>\n","protected":false},"excerpt":{"rendered":"","protected":false},"author":39,"featured_media":220337,"comment_status":"closed","ping_status":"closed","sticky":false,"template":"","format":"standard","meta":{"footnotes":""},"categories":[424],"tags":[8667,77,55,162,22,7578,23],"acf":[],"yoast_head":"<!-- This site is optimized with the Yoast SEO plugin v23.0 - https:\/\/yoast.com\/wordpress\/plugins\/seo\/ -->\n<title>Prefeitura garante servi\u00e7os essenciais durante feriado do anivers\u00e1rio de Manaus<\/title>\n<meta name=\"description\" content=\"A Prefeitura de Manaus informa que os servi\u00e7os essenciais ser\u00e3o mantidos durante o feriado comemorativo dos 354 anos da cidade de Manaus, na ter\u00e7a-feira, 24\/10, bem como no ponto facultativo que precede a data, na segunda, 23\/10.\" \/>\n<meta name=\"robots\" content=\"index, follow, max-snippet:-1, max-image-preview:large, max-video-preview:-1\" \/>\n<link rel=\"canonical\" href=\"https:\/\/www.manaus.am.gov.br\/semcom\/prefeitura-garante-servicos-essenciais-durante-feriado-do-aniversario-de-manaus\/\" \/>\n<meta property=\"og:locale\" content=\"pt_BR\" \/>\n<meta property=\"og:type\" content=\"article\" \/>\n<meta property=\"og:title\" content=\"Prefeitura garante servi\u00e7os essenciais durante feriado do anivers\u00e1rio de Manaus\" \/>\n<meta property=\"og:description\" content=\"A Prefeitura de Manaus informa que os servi\u00e7os essenciais ser\u00e3o mantidos durante o feriado comemorativo dos 354 anos da cidade de Manaus, na ter\u00e7a-feira, 24\/10, bem como no ponto facultativo que precede a data, na segunda, 23\/10.\" \/>\n<meta property=\"og:url\" content=\"https:\/\/www.manaus.am.gov.br\/semcom\/prefeitura-garante-servicos-essenciais-durante-feriado-do-aniversario-de-manaus\/\" \/>\n<meta property=\"og:site_name\" content=\"SEMCOM\" \/>\n<meta property=\"article:published_time\" content=\"2023-10-20T19:39:57+00:00\" \/>\n<meta property=\"article:modified_time\" content=\"2023-10-20T19:39:59+00:00\" \/>\n<meta property=\"og:image\" content=\"https:\/\/www.manaus.am.gov.br\/semcom\/wp-content\/uploads\/sites\/5\/2023\/10\/Shopping-Phelippe-Daou.jpeg\" \/>\n\t<meta property=\"og:image:width\" content=\"1600\" \/>\n\t<meta property=\"og:image:height\" content=\"1066\" \/>\n\t<meta property=\"og:image:type\" content=\"image\/jpeg\" \/>\n<meta name=\"author\" content=\"Bruna Greco\" \/>\n<meta name=\"twitter:card\" content=\"summary_large_image\" \/>\n<meta name=\"twitter:label1\" content=\"Written by\" \/>\n\t<meta name=\"twitter:data1\" content=\"Bruna Greco\" \/>\n\t<meta name=\"twitter:label2\" content=\"Est. reading time\" \/>\n\t<meta name=\"twitter:data2\" content=\"3 minutos\" \/>\n<script type=\"application\/ld+json\" class=\"yoast-schema-graph\">{\"@context\":\"https:\/\/schema.org\",\"@graph\":[{\"@type\":\"WebPage\",\"@id\":\"https:\/\/www.manaus.am.gov.br\/semcom\/prefeitura-garante-servicos-essenciais-durante-feriado-do-aniversario-de-manaus\/\",\"url\":\"https:\/\/www.manaus.am.gov.br\/semcom\/prefeitura-garante-servicos-essenciais-durante-feriado-do-aniversario-de-manaus\/\",\"name\":\"Prefeitura garante servi\u00e7os essenciais durante feriado do anivers\u00e1rio de Manaus\",\"isPartOf\":{\"@id\":\"https:\/\/www.manaus.am.gov.br\/semcom\/#website\"},\"primaryImageOfPage\":{\"@id\":\"https:\/\/www.manaus.am.gov.br\/semcom\/prefeitura-garante-servicos-essenciais-durante-feriado-do-aniversario-de-manaus\/#primaryimage\"},\"image\":{\"@id\":\"https:\/\/www.manaus.am.gov.br\/semcom\/prefeitura-garante-servicos-essenciais-durante-feriado-do-aniversario-de-manaus\/#primaryimage\"},\"thumbnailUrl\":\"https:\/\/www.manaus.am.gov.br\/semcom\/wp-content\/uploads\/sites\/5\/2023\/10\/Shopping-Phelippe-Daou.jpeg\",\"datePublished\":\"2023-10-20T19:39:57+00:00\",\"dateModified\":\"2023-10-20T19:39:59+00:00\",\"author\":{\"@id\":\"https:\/\/www.manaus.am.gov.br\/semcom\/#\/schema\/person\/05d223aea2bf115f9883a6ff3683d81b\"},\"description\":\"A Prefeitura de Manaus informa que os servi\u00e7os essenciais ser\u00e3o mantidos durante o feriado comemorativo dos 354 anos da cidade de Manaus, na ter\u00e7a-feira, 24\/10, bem como no ponto facultativo que precede a data, na segunda, 23\/10.\",\"inLanguage\":\"pt-BR\",\"potentialAction\":[{\"@type\":\"ReadAction\",\"target\":[\"https:\/\/www.manaus.am.gov.br\/semcom\/prefeitura-garante-servicos-essenciais-durante-feriado-do-aniversario-de-manaus\/\"]}]},{\"@type\":\"ImageObject\",\"inLanguage\":\"pt-BR\",\"@id\":\"https:\/\/www.manaus.am.gov.br\/semcom\/prefeitura-garante-servicos-essenciais-durante-feriado-do-aniversario-de-manaus\/#primaryimage\",\"url\":\"https:\/\/www.manaus.am.gov.br\/semcom\/wp-content\/uploads\/sites\/5\/2023\/10\/Shopping-Phelippe-Daou.jpeg\",\"contentUrl\":\"https:\/\/www.manaus.am.gov.br\/semcom\/wp-content\/uploads\/sites\/5\/2023\/10\/Shopping-Phelippe-Daou.jpeg\",\"width\":1600,\"height\":1066},{\"@type\":\"WebSite\",\"@id\":\"https:\/\/www.manaus.am.gov.br\/semcom\/#website\",\"url\":\"https:\/\/www.manaus.am.gov.br\/semcom\/\",\"name\":\"SEMCOM\",\"description\":\"Secretaria Municipal de Comunica\u00e7\u00e3o\",\"potentialAction\":[{\"@type\":\"SearchAction\",\"target\":{\"@type\":\"EntryPoint\",\"urlTemplate\":\"https:\/\/www.manaus.am.gov.br\/semcom\/?s={search_term_string}\"},\"query-input\":\"required name=search_term_string\"}],\"inLanguage\":\"pt-BR\"},{\"@type\":\"Person\",\"@id\":\"https:\/\/www.manaus.am.gov.br\/semcom\/#\/schema\/person\/05d223aea2bf115f9883a6ff3683d81b\",\"name\":\"Bruna Greco\",\"image\":{\"@type\":\"ImageObject\",\"inLanguage\":\"pt-BR\",\"@id\":\"https:\/\/www.manaus.am.gov.br\/semcom\/#\/schema\/person\/image\/\",\"url\":\"https:\/\/secure.gravatar.com\/avatar\/9c877d1a6adc2a055330e5c09a8653ce?s=96&d=mm&r=g\",\"contentUrl\":\"https:\/\/secure.gravatar.com\/avatar\/9c877d1a6adc2a055330e5c09a8653ce?s=96&d=mm&r=g\",\"caption\":\"Bruna Greco\"}}]}<\/script>\n<!-- \/ Yoast SEO plugin. -->","yoast_head_json":{"title":"Prefeitura garante servi\u00e7os essenciais durante feriado do anivers\u00e1rio de Manaus","description":"A Prefeitura de Manaus informa que os servi\u00e7os essenciais ser\u00e3o mantidos durante o feriado comemorativo dos 354 anos da cidade de Manaus, na ter\u00e7a-feira, 24\/10, bem como no ponto facultativo que precede a data, na segunda, 23\/10.","robots":{"index":"index","follow":"follow","max-snippet":"max-snippet:-1","max-image-preview":"max-image-preview:large","max-video-preview":"max-video-preview:-1"},"canonical":"https:\/\/www.manaus.am.gov.br\/semcom\/prefeitura-garante-servicos-essenciais-durante-feriado-do-aniversario-de-manaus\/","og_locale":"pt_BR","og_type":"article","og_title":"Prefeitura garante servi\u00e7os essenciais durante feriado do anivers\u00e1rio de Manaus","og_description":"A Prefeitura de Manaus informa que os servi\u00e7os essenciais ser\u00e3o mantidos durante o feriado comemorativo dos 354 anos da cidade de Manaus, na ter\u00e7a-feira, 24\/10, bem como no ponto facultativo que precede a data, na segunda, 23\/10.","og_url":"https:\/\/www.manaus.am.gov.br\/semcom\/prefeitura-garante-servicos-essenciais-durante-feriado-do-aniversario-de-manaus\/","og_site_name":"SEMCOM","article_published_time":"2023-10-20T19:39:57+00:00","article_modified_time":"2023-10-20T19:39:59+00:00","og_image":[{"width":1600,"height":1066,"url":"https:\/\/www.manaus.am.gov.br\/semcom\/wp-content\/uploads\/sites\/5\/2023\/10\/Shopping-Phelippe-Daou.jpeg","type":"image\/jpeg"}],"author":"Bruna Greco","twitter_card":"summary_large_image","twitter_misc":{"Written by":"Bruna Greco","Est. reading time":"3 minutos"},"schema":{"@context":"https:\/\/schema.org","@graph":[{"@type":"WebPage","@id":"https:\/\/www.manaus.am.gov.br\/semcom\/prefeitura-garante-servicos-essenciais-durante-feriado-do-aniversario-de-manaus\/","url":"https:\/\/www.manaus.am.gov.br\/semcom\/prefeitura-garante-servicos-essenciais-durante-feriado-do-aniversario-de-manaus\/","name":"Prefeitura garante servi\u00e7os essenciais durante feriado do anivers\u00e1rio de Manaus","isPartOf":{"@id":"https:\/\/www.manaus.am.gov.br\/semcom\/#website"},"primaryImageOfPage":{"@id":"https:\/\/www.manaus.am.gov.br\/semcom\/prefeitura-garante-servicos-essenciais-durante-feriado-do-aniversario-de-manaus\/#primaryimage"},"image":{"@id":"https:\/\/www.manaus.am.gov.br\/semcom\/prefeitura-garante-servicos-essenciais-durante-feriado-do-aniversario-de-manaus\/#primaryimage"},"thumbnailUrl":"https:\/\/www.manaus.am.gov.br\/semcom\/wp-content\/uploads\/sites\/5\/2023\/10\/Shopping-Phelippe-Daou.jpeg","datePublished":"2023-10-20T19:39:57+00:00","dateModified":"2023-10-20T19:39:59+00:00","author":{"@id":"https:\/\/www.manaus.am.gov.br\/semcom\/#\/schema\/person\/05d223aea2bf115f9883a6ff3683d81b"},"description":"A Prefeitura de Manaus informa que os servi\u00e7os essenciais ser\u00e3o mantidos durante o feriado comemorativo dos 354 anos da cidade de Manaus, na ter\u00e7a-feira, 24\/10, bem como no ponto facultativo que precede a data, na segunda, 23\/10.","inLanguage":"pt-BR","potentialAction":[{"@type":"ReadAction","target":["https:\/\/www.manaus.am.gov.br\/semcom\/prefeitura-garante-servicos-essenciais-durante-feriado-do-aniversario-de-manaus\/"]}]},{"@type":"ImageObject","inLanguage":"pt-BR","@id":"https:\/\/www.manaus.am.gov.br\/semcom\/prefeitura-garante-servicos-essenciais-durante-feriado-do-aniversario-de-manaus\/#primaryimage","url":"https:\/\/www.manaus.am.gov.br\/semcom\/wp-content\/uploads\/sites\/5\/2023\/10\/Shopping-Phelippe-Daou.jpeg","contentUrl":"https:\/\/www.manaus.am.gov.br\/semcom\/wp-content\/uploads\/sites\/5\/2023\/10\/Shopping-Phelippe-Daou.jpeg","width":1600,"height":1066},{"@type":"WebSite","@id":"https:\/\/www.manaus.am.gov.br\/semcom\/#website","url":"https:\/\/www.manaus.am.gov.br\/semcom\/","name":"SEMCOM","description":"Secretaria Municipal de Comunica\u00e7\u00e3o","potentialAction":[{"@type":"SearchAction","target":{"@type":"EntryPoint","urlTemplate":"https:\/\/www.manaus.am.gov.br\/semcom\/?s={search_term_string}"},"query-input":"required name=search_term_string"}],"inLanguage":"pt-BR"},{"@type":"Person","@id":"https:\/\/www.manaus.am.gov.br\/semcom\/#\/schema\/person\/05d223aea2bf115f9883a6ff3683d81b","name":"Bruna Greco","image":{"@type":"ImageObject","inLanguage":"pt-BR","@id":"https:\/\/www.manaus.am.gov.br\/semcom\/#\/schema\/person\/image\/","url":"https:\/\/secure.gravatar.com\/avatar\/9c877d1a6adc2a055330e5c09a8653ce?s=96&d=mm&r=g","contentUrl":"https:\/\/secure.gravatar.com\/avatar\/9c877d1a6adc2a055330e5c09a8653ce?s=96&d=mm&r=g","caption":"Bruna Greco"}}]}},"_links":{"self":[{"href":"https:\/\/www.manaus.am.gov.br\/semcom\/wp-json\/wp\/v2\/posts\/220336"}],"collection":[{"href":"https:\/\/www.manaus.am.gov.br\/semcom\/wp-json\/wp\/v2\/posts"}],"about":[{"href":"https:\/\/www.manaus.am.gov.br\/semcom\/wp-json\/wp\/v2\/types\/post"}],"author":[{"embeddable":true,"href":"https:\/\/www.manaus.am.gov.br\/semcom\/wp-json\/wp\/v2\/users\/39"}],"replies":[{"embeddable":true,"href":"https:\/\/www.manaus.am.gov.br\/semcom\/wp-json\/wp\/v2\/comments?post=220336"}],"version-history":[{"count":0,"href":"https:\/\/www.manaus.am.gov.br\/semcom\/wp-json\/wp\/v2\/posts\/220336\/revisions"}],"wp:featuredmedia":[{"embeddable":true,"href":"https:\/\/www.manaus.am.gov.br\/semcom\/wp-json\/wp\/v2\/media\/220337"}],"wp:attachment":[{"href":"https:\/\/www.manaus.am.gov.br\/semcom\/wp-json\/wp\/v2\/media?parent=220336"}],"wp:term":[{"taxonomy":"category","embeddable":true,"href":"https:\/\/www.manaus.am.gov.br\/semcom\/wp-json\/wp\/v2\/categories?post=220336"},{"taxonomy":"post_tag","embeddable":true,"href":"https:\/\/www.manaus.am.gov.br\/semcom\/wp-json\/wp\/v2\/tags?post=220336"}],"curies":[{"name":"wp","href":"https:\/\/api.w.org\/{rel}","templated":true}]}}