{"id":220266,"date":"2023-10-19T14:42:34","date_gmt":"2023-10-19T17:42:34","guid":{"rendered":"https:\/\/www.manaus.am.gov.br\/semcom\/prefeitura-fomenta-a-boa-pratica-administrativa-com-o-lancamento-do-programa-de-integridade-e-compliance\/"},"modified":"2023-10-19T14:50:09","modified_gmt":"2023-10-19T17:50:09","slug":"prefeitura-fomenta-boas-praticas-administrativas-com-o-lancamento-do-programa-de-integridade-e-compliance","status":"publish","type":"post","link":"https:\/\/www.manaus.am.gov.br\/semcom\/prefeitura-fomenta-boas-praticas-administrativas-com-o-lancamento-do-programa-de-integridade-e-compliance\/","title":{"rendered":"Prefeitura fomenta boas pr\u00e1ticas administrativas\u00a0com o lan\u00e7amento do \u2018Programa\u00a0de Integridade\u00a0e Compliance\u2019"},"content":{"rendered":"\n<p>A Prefeitura de Manaus, por meio da Controladoria-Geral do Munic\u00edpio (CGM), realizou, nesta quinta-feira, 19\/10, o lan\u00e7amento do \u201cPrograma de Integridade e Compliance\u201d, no audit\u00f3rio Isabel Victoria do Carmo Ribeiro, na sede da prefeitura, no bairro Compensa, zona Oeste. O programa consiste em um sistema de processo e pol\u00edticas internas desenvolvidas com foco na promo\u00e7\u00e3o da cultura da \u00e9tica, transpar\u00eancia e integridade para a melhoria da presta\u00e7\u00e3o dos servi\u00e7os p\u00fablicos.&nbsp;<\/p>\n\n\n\n<p>A implementa\u00e7\u00e3o do sistema atende a determina\u00e7\u00e3o do prefeito David Almeida, que designou \u00e0 CGM a compet\u00eancia de coordenar a estrutura\u00e7\u00e3o, a execu\u00e7\u00e3o e o monitoramento cont\u00ednuo do programa de integridade em n\u00edvel local.<\/p>\n\n\n\n<p>Presidindo a sess\u00e3o, o vice-prefeito e secret\u00e1rio-chefe da Casa Civil, Marcos Rotta, destacou a import\u00e2ncia do programa que refor\u00e7a o comprometimento da Prefeitura de Manaus em se manter \u00e9tica e transparente desde o in\u00edcio da atual gest\u00e3o municipal.<\/p>\n\n\n\n<p>\u201cHoje \u00e9 um dia hist\u00f3rico para a cidade de Manaus, pois estamos lan\u00e7ando o Programa de Integridade e Compliance juntamente com representantes de \u00f3rg\u00e3os e entidades que por si s\u00f3 j\u00e1 traduz o sentimento do prefeito David, no que se refere \u00e0 integridade, compliance e as boas pr\u00e1ticas administrativas. Temos implementado desde o primeiro dia da nossa gest\u00e3o a transpar\u00eancia como uma palavra de ordem na Prefeitura de Manaus\u201d, enfatizou Rotta.\u00a0<\/p>\n\n\n\n<p>Para fortalecer a estrutura\u00e7\u00e3o, foram institu\u00eddos os decretos municipais de n\u00ba 5.436\/2022; n\u00ba 5.437\/2022 e n\u00ba 5.438\/2022, que tratam sobre temas ligados \u00e0 governan\u00e7a, integridade e compliance, os quais ganharam for\u00e7a na atualidade e sua aplica\u00e7\u00e3o agrega valor na execu\u00e7\u00e3o das pol\u00edticas p\u00fablicas e na presta\u00e7\u00e3o de servi\u00e7os ao cidad\u00e3o.<\/p>\n\n\n\n<p>Para o controlador-geral do Munic\u00edpio, Arnaldo Gomes, \u00e9 um grande marco para a prefeitura e para o munic\u00edpio lan\u00e7ar o programa de integridade.<\/p>\n\n\n\n<p>\u201cHoje \u00e9 um dia \u00edmpar para o controle interno do munic\u00edpio, que por diretriz do nosso prefeito David Almeida, lan\u00e7amos oficialmente o Programa de Integridade e Compliance na Prefeitura de Manaus. Sabemos a import\u00e2ncia que \u00e9 a integridade para os servi\u00e7os p\u00fablicos oferecidos com tanto zelo \u00e0 popula\u00e7\u00e3o manauara. Vamos continuar com a gest\u00e3o transparente e focada no desenvolvimento da cidade de Manaus\u201d, disse o controlador.&nbsp;<\/p>\n\n\n\n<p>Nesse sentido, temos como principal composi\u00e7\u00e3o do programa de integridade a governan\u00e7a, que figura como um conjunto de boas pr\u00e1ticas, que tem a finalidade de melhorar o processo de tomada de decis\u00e3o na organiza\u00e7\u00e3o. A integridade abrange os grandes desafios para o alcance da efic\u00e1cia e efici\u00eancia da presta\u00e7\u00e3o dos seus servi\u00e7os, por meio da mitiga\u00e7\u00e3o dos riscos que s\u00e3o inerentes ao neg\u00f3cio.<\/p>\n\n\n\n<p>J\u00e1 o compliance, por sua vez, \u00e9 uma forma de inserir, no cerne do servi\u00e7o p\u00fablico, a expectativa de que nada ficar\u00e1 em desconformidade com a legalidade e com as normas de conduta \u00e9tica.&nbsp;<\/p>\n\n\n\n<p>Portanto, o \u201cPrograma de Integridade e Compliance\u201d permite que todos os organismos com os quais ele se relaciona, atuem dentro da conformidade de normas, regras, regulamentos e legisla\u00e7\u00f5es, inclusive \u00e0quelas relacionadas \u00e0 conduta \u00e9tica, sejam elas internas ou externas, relativas \u00e0 sua \u00e1rea de atua\u00e7\u00e3o.<\/p>\n\n\n\n<p>&#8212; &#8212; &#8212;<\/p>\n\n\n\n<p><strong>Texto&nbsp;\u2013<\/strong> Vit\u00f3ria Sena \/ Casa Civil\u2013CGM<\/p>\n\n\n\n<p><strong>Fotos &#8211;<\/strong> Ant\u00f4nio Pereira \/ Casa Civil e Jo\u00e3o Viana \/ Semcom<\/p>\n\n\n\n<p><strong>Dispon\u00edveis em &#8211; <\/strong><a href=\"https:\/\/flic.kr\/s\/aHBqjAZ6Ww\">https:\/\/flic.kr\/s\/aHBqjAZ6Ww<\/a><strong><\/strong><\/p>\n","protected":false},"excerpt":{"rendered":"","protected":false},"author":39,"featured_media":220267,"comment_status":"closed","ping_status":"closed","sticky":false,"template":"","format":"standard","meta":{"footnotes":""},"categories":[5901],"tags":[8625,7367,8626,77,8627,8628,8629],"acf":[],"yoast_head":"<!-- This site is optimized with the Yoast SEO plugin v23.0 - https:\/\/yoast.com\/wordpress\/plugins\/seo\/ -->\n<title>Prefeitura fomenta boas pr\u00e1ticas administrativas\u00a0com o lan\u00e7amento do \u2018Programa\u00a0de Integridade\u00a0e Compliance\u2019<\/title>\n<meta name=\"description\" content=\"O programa consiste em um sistema de processo e pol\u00edticas internas desenvolvidas com foco na promo\u00e7\u00e3o da cultura da \u00e9tica, transpar\u00eancia e integridade para a melhoria da presta\u00e7\u00e3o dos servi\u00e7os p\u00fablicos.\u00a0\" \/>\n<meta name=\"robots\" content=\"index, follow, max-snippet:-1, max-image-preview:large, max-video-preview:-1\" \/>\n<link rel=\"canonical\" href=\"https:\/\/www.manaus.am.gov.br\/semcom\/prefeitura-fomenta-boas-praticas-administrativas-com-o-lancamento-do-programa-de-integridade-e-compliance\/\" \/>\n<meta property=\"og:locale\" content=\"pt_BR\" \/>\n<meta property=\"og:type\" content=\"article\" \/>\n<meta property=\"og:title\" content=\"Prefeitura fomenta boas pr\u00e1ticas administrativas\u00a0com o lan\u00e7amento do \u2018Programa\u00a0de Integridade\u00a0e Compliance\u2019\" \/>\n<meta property=\"og:description\" content=\"O programa consiste em um sistema de processo e pol\u00edticas internas desenvolvidas com foco na promo\u00e7\u00e3o da cultura da \u00e9tica, transpar\u00eancia e integridade para a melhoria da presta\u00e7\u00e3o dos servi\u00e7os p\u00fablicos.\u00a0\" \/>\n<meta property=\"og:url\" content=\"https:\/\/www.manaus.am.gov.br\/semcom\/prefeitura-fomenta-boas-praticas-administrativas-com-o-lancamento-do-programa-de-integridade-e-compliance\/\" \/>\n<meta property=\"og:site_name\" content=\"SEMCOM\" \/>\n<meta property=\"article:published_time\" content=\"2023-10-19T17:42:34+00:00\" \/>\n<meta property=\"article:modified_time\" content=\"2023-10-19T17:50:09+00:00\" \/>\n<meta property=\"og:image\" content=\"https:\/\/www.manaus.am.gov.br\/semcom\/wp-content\/uploads\/sites\/5\/2023\/10\/53270515825_af92fa69eb_k.jpg\" \/>\n\t<meta property=\"og:image:width\" content=\"2048\" \/>\n\t<meta property=\"og:image:height\" content=\"1365\" \/>\n\t<meta property=\"og:image:type\" content=\"image\/jpeg\" \/>\n<meta name=\"author\" content=\"Bruna Greco\" \/>\n<meta name=\"twitter:card\" content=\"summary_large_image\" \/>\n<meta name=\"twitter:label1\" content=\"Written by\" \/>\n\t<meta name=\"twitter:data1\" content=\"Bruna Greco\" \/>\n\t<meta name=\"twitter:label2\" content=\"Est. reading time\" \/>\n\t<meta name=\"twitter:data2\" content=\"3 minutos\" \/>\n<script type=\"application\/ld+json\" class=\"yoast-schema-graph\">{\"@context\":\"https:\/\/schema.org\",\"@graph\":[{\"@type\":\"WebPage\",\"@id\":\"https:\/\/www.manaus.am.gov.br\/semcom\/prefeitura-fomenta-boas-praticas-administrativas-com-o-lancamento-do-programa-de-integridade-e-compliance\/\",\"url\":\"https:\/\/www.manaus.am.gov.br\/semcom\/prefeitura-fomenta-boas-praticas-administrativas-com-o-lancamento-do-programa-de-integridade-e-compliance\/\",\"name\":\"Prefeitura fomenta boas pr\u00e1ticas administrativas\u00a0com o lan\u00e7amento do \u2018Programa\u00a0de Integridade\u00a0e Compliance\u2019\",\"isPartOf\":{\"@id\":\"https:\/\/www.manaus.am.gov.br\/semcom\/#website\"},\"primaryImageOfPage\":{\"@id\":\"https:\/\/www.manaus.am.gov.br\/semcom\/prefeitura-fomenta-boas-praticas-administrativas-com-o-lancamento-do-programa-de-integridade-e-compliance\/#primaryimage\"},\"image\":{\"@id\":\"https:\/\/www.manaus.am.gov.br\/semcom\/prefeitura-fomenta-boas-praticas-administrativas-com-o-lancamento-do-programa-de-integridade-e-compliance\/#primaryimage\"},\"thumbnailUrl\":\"https:\/\/www.manaus.am.gov.br\/semcom\/wp-content\/uploads\/sites\/5\/2023\/10\/53270515825_af92fa69eb_k.jpg\",\"datePublished\":\"2023-10-19T17:42:34+00:00\",\"dateModified\":\"2023-10-19T17:50:09+00:00\",\"author\":{\"@id\":\"https:\/\/www.manaus.am.gov.br\/semcom\/#\/schema\/person\/05d223aea2bf115f9883a6ff3683d81b\"},\"description\":\"O programa consiste em um sistema de processo e pol\u00edticas internas desenvolvidas com foco na promo\u00e7\u00e3o da cultura da \u00e9tica, transpar\u00eancia e integridade para a melhoria da presta\u00e7\u00e3o dos servi\u00e7os p\u00fablicos.\u00a0\",\"inLanguage\":\"pt-BR\",\"potentialAction\":[{\"@type\":\"ReadAction\",\"target\":[\"https:\/\/www.manaus.am.gov.br\/semcom\/prefeitura-fomenta-boas-praticas-administrativas-com-o-lancamento-do-programa-de-integridade-e-compliance\/\"]}]},{\"@type\":\"ImageObject\",\"inLanguage\":\"pt-BR\",\"@id\":\"https:\/\/www.manaus.am.gov.br\/semcom\/prefeitura-fomenta-boas-praticas-administrativas-com-o-lancamento-do-programa-de-integridade-e-compliance\/#primaryimage\",\"url\":\"https:\/\/www.manaus.am.gov.br\/semcom\/wp-content\/uploads\/sites\/5\/2023\/10\/53270515825_af92fa69eb_k.jpg\",\"contentUrl\":\"https:\/\/www.manaus.am.gov.br\/semcom\/wp-content\/uploads\/sites\/5\/2023\/10\/53270515825_af92fa69eb_k.jpg\",\"width\":2048,\"height\":1365},{\"@type\":\"WebSite\",\"@id\":\"https:\/\/www.manaus.am.gov.br\/semcom\/#website\",\"url\":\"https:\/\/www.manaus.am.gov.br\/semcom\/\",\"name\":\"SEMCOM\",\"description\":\"Secretaria Municipal de Comunica\u00e7\u00e3o\",\"potentialAction\":[{\"@type\":\"SearchAction\",\"target\":{\"@type\":\"EntryPoint\",\"urlTemplate\":\"https:\/\/www.manaus.am.gov.br\/semcom\/?s={search_term_string}\"},\"query-input\":\"required name=search_term_string\"}],\"inLanguage\":\"pt-BR\"},{\"@type\":\"Person\",\"@id\":\"https:\/\/www.manaus.am.gov.br\/semcom\/#\/schema\/person\/05d223aea2bf115f9883a6ff3683d81b\",\"name\":\"Bruna Greco\",\"image\":{\"@type\":\"ImageObject\",\"inLanguage\":\"pt-BR\",\"@id\":\"https:\/\/www.manaus.am.gov.br\/semcom\/#\/schema\/person\/image\/\",\"url\":\"https:\/\/secure.gravatar.com\/avatar\/9c877d1a6adc2a055330e5c09a8653ce?s=96&d=mm&r=g\",\"contentUrl\":\"https:\/\/secure.gravatar.com\/avatar\/9c877d1a6adc2a055330e5c09a8653ce?s=96&d=mm&r=g\",\"caption\":\"Bruna Greco\"}}]}<\/script>\n<!-- \/ Yoast SEO plugin. -->","yoast_head_json":{"title":"Prefeitura fomenta boas pr\u00e1ticas administrativas\u00a0com o lan\u00e7amento do \u2018Programa\u00a0de Integridade\u00a0e Compliance\u2019","description":"O programa consiste em um sistema de processo e pol\u00edticas internas desenvolvidas com foco na promo\u00e7\u00e3o da cultura da \u00e9tica, transpar\u00eancia e integridade para a melhoria da presta\u00e7\u00e3o dos servi\u00e7os p\u00fablicos.\u00a0","robots":{"index":"index","follow":"follow","max-snippet":"max-snippet:-1","max-image-preview":"max-image-preview:large","max-video-preview":"max-video-preview:-1"},"canonical":"https:\/\/www.manaus.am.gov.br\/semcom\/prefeitura-fomenta-boas-praticas-administrativas-com-o-lancamento-do-programa-de-integridade-e-compliance\/","og_locale":"pt_BR","og_type":"article","og_title":"Prefeitura fomenta boas pr\u00e1ticas administrativas\u00a0com o lan\u00e7amento do \u2018Programa\u00a0de Integridade\u00a0e Compliance\u2019","og_description":"O programa consiste em um sistema de processo e pol\u00edticas internas desenvolvidas com foco na promo\u00e7\u00e3o da cultura da \u00e9tica, transpar\u00eancia e integridade para a melhoria da presta\u00e7\u00e3o dos servi\u00e7os p\u00fablicos.\u00a0","og_url":"https:\/\/www.manaus.am.gov.br\/semcom\/prefeitura-fomenta-boas-praticas-administrativas-com-o-lancamento-do-programa-de-integridade-e-compliance\/","og_site_name":"SEMCOM","article_published_time":"2023-10-19T17:42:34+00:00","article_modified_time":"2023-10-19T17:50:09+00:00","og_image":[{"width":2048,"height":1365,"url":"https:\/\/www.manaus.am.gov.br\/semcom\/wp-content\/uploads\/sites\/5\/2023\/10\/53270515825_af92fa69eb_k.jpg","type":"image\/jpeg"}],"author":"Bruna Greco","twitter_card":"summary_large_image","twitter_misc":{"Written by":"Bruna Greco","Est. reading time":"3 minutos"},"schema":{"@context":"https:\/\/schema.org","@graph":[{"@type":"WebPage","@id":"https:\/\/www.manaus.am.gov.br\/semcom\/prefeitura-fomenta-boas-praticas-administrativas-com-o-lancamento-do-programa-de-integridade-e-compliance\/","url":"https:\/\/www.manaus.am.gov.br\/semcom\/prefeitura-fomenta-boas-praticas-administrativas-com-o-lancamento-do-programa-de-integridade-e-compliance\/","name":"Prefeitura fomenta boas pr\u00e1ticas administrativas\u00a0com o lan\u00e7amento do \u2018Programa\u00a0de Integridade\u00a0e Compliance\u2019","isPartOf":{"@id":"https:\/\/www.manaus.am.gov.br\/semcom\/#website"},"primaryImageOfPage":{"@id":"https:\/\/www.manaus.am.gov.br\/semcom\/prefeitura-fomenta-boas-praticas-administrativas-com-o-lancamento-do-programa-de-integridade-e-compliance\/#primaryimage"},"image":{"@id":"https:\/\/www.manaus.am.gov.br\/semcom\/prefeitura-fomenta-boas-praticas-administrativas-com-o-lancamento-do-programa-de-integridade-e-compliance\/#primaryimage"},"thumbnailUrl":"https:\/\/www.manaus.am.gov.br\/semcom\/wp-content\/uploads\/sites\/5\/2023\/10\/53270515825_af92fa69eb_k.jpg","datePublished":"2023-10-19T17:42:34+00:00","dateModified":"2023-10-19T17:50:09+00:00","author":{"@id":"https:\/\/www.manaus.am.gov.br\/semcom\/#\/schema\/person\/05d223aea2bf115f9883a6ff3683d81b"},"description":"O programa consiste em um sistema de processo e pol\u00edticas internas desenvolvidas com foco na promo\u00e7\u00e3o da cultura da \u00e9tica, transpar\u00eancia e integridade para a melhoria da presta\u00e7\u00e3o dos servi\u00e7os p\u00fablicos.\u00a0","inLanguage":"pt-BR","potentialAction":[{"@type":"ReadAction","target":["https:\/\/www.manaus.am.gov.br\/semcom\/prefeitura-fomenta-boas-praticas-administrativas-com-o-lancamento-do-programa-de-integridade-e-compliance\/"]}]},{"@type":"ImageObject","inLanguage":"pt-BR","@id":"https:\/\/www.manaus.am.gov.br\/semcom\/prefeitura-fomenta-boas-praticas-administrativas-com-o-lancamento-do-programa-de-integridade-e-compliance\/#primaryimage","url":"https:\/\/www.manaus.am.gov.br\/semcom\/wp-content\/uploads\/sites\/5\/2023\/10\/53270515825_af92fa69eb_k.jpg","contentUrl":"https:\/\/www.manaus.am.gov.br\/semcom\/wp-content\/uploads\/sites\/5\/2023\/10\/53270515825_af92fa69eb_k.jpg","width":2048,"height":1365},{"@type":"WebSite","@id":"https:\/\/www.manaus.am.gov.br\/semcom\/#website","url":"https:\/\/www.manaus.am.gov.br\/semcom\/","name":"SEMCOM","description":"Secretaria Municipal de Comunica\u00e7\u00e3o","potentialAction":[{"@type":"SearchAction","target":{"@type":"EntryPoint","urlTemplate":"https:\/\/www.manaus.am.gov.br\/semcom\/?s={search_term_string}"},"query-input":"required name=search_term_string"}],"inLanguage":"pt-BR"},{"@type":"Person","@id":"https:\/\/www.manaus.am.gov.br\/semcom\/#\/schema\/person\/05d223aea2bf115f9883a6ff3683d81b","name":"Bruna Greco","image":{"@type":"ImageObject","inLanguage":"pt-BR","@id":"https:\/\/www.manaus.am.gov.br\/semcom\/#\/schema\/person\/image\/","url":"https:\/\/secure.gravatar.com\/avatar\/9c877d1a6adc2a055330e5c09a8653ce?s=96&d=mm&r=g","contentUrl":"https:\/\/secure.gravatar.com\/avatar\/9c877d1a6adc2a055330e5c09a8653ce?s=96&d=mm&r=g","caption":"Bruna Greco"}}]}},"_links":{"self":[{"href":"https:\/\/www.manaus.am.gov.br\/semcom\/wp-json\/wp\/v2\/posts\/220266"}],"collection":[{"href":"https:\/\/www.manaus.am.gov.br\/semcom\/wp-json\/wp\/v2\/posts"}],"about":[{"href":"https:\/\/www.manaus.am.gov.br\/semcom\/wp-json\/wp\/v2\/types\/post"}],"author":[{"embeddable":true,"href":"https:\/\/www.manaus.am.gov.br\/semcom\/wp-json\/wp\/v2\/users\/39"}],"replies":[{"embeddable":true,"href":"https:\/\/www.manaus.am.gov.br\/semcom\/wp-json\/wp\/v2\/comments?post=220266"}],"version-history":[{"count":3,"href":"https:\/\/www.manaus.am.gov.br\/semcom\/wp-json\/wp\/v2\/posts\/220266\/revisions"}],"predecessor-version":[{"id":220270,"href":"https:\/\/www.manaus.am.gov.br\/semcom\/wp-json\/wp\/v2\/posts\/220266\/revisions\/220270"}],"wp:featuredmedia":[{"embeddable":true,"href":"https:\/\/www.manaus.am.gov.br\/semcom\/wp-json\/wp\/v2\/media\/220267"}],"wp:attachment":[{"href":"https:\/\/www.manaus.am.gov.br\/semcom\/wp-json\/wp\/v2\/media?parent=220266"}],"wp:term":[{"taxonomy":"category","embeddable":true,"href":"https:\/\/www.manaus.am.gov.br\/semcom\/wp-json\/wp\/v2\/categories?post=220266"},{"taxonomy":"post_tag","embeddable":true,"href":"https:\/\/www.manaus.am.gov.br\/semcom\/wp-json\/wp\/v2\/tags?post=220266"}],"curies":[{"name":"wp","href":"https:\/\/api.w.org\/{rel}","templated":true}]}}