{"id":220203,"date":"2023-10-17T15:04:20","date_gmt":"2023-10-17T18:04:20","guid":{"rendered":"https:\/\/www.manaus.am.gov.br\/semcom\/inscricoes-para-o-programa-bolsa-pos-graduacao-2024-encerram-nesta-quarta-feira-18-10\/"},"modified":"2023-10-17T15:04:21","modified_gmt":"2023-10-17T18:04:21","slug":"inscricoes-para-o-programa-bolsa-pos-graduacao-2024-encerram-nesta-quarta-feira-18-10","status":"publish","type":"post","link":"https:\/\/www.manaus.am.gov.br\/semcom\/inscricoes-para-o-programa-bolsa-pos-graduacao-2024-encerram-nesta-quarta-feira-18-10\/","title":{"rendered":"<strong>Inscri\u00e7\u00f5es para o Programa Bolsa P\u00f3s-Gradua\u00e7\u00e3o 2024 encerram nesta quarta-feira, 18\/10<\/strong>"},"content":{"rendered":"\n<p>A Prefeitura de Manaus alerta os interessados em concorrer a uma das bolsas ofertadas pelo Programa Bolsa P\u00f3s-Gradua\u00e7\u00e3o 2024, que as inscri\u00e7\u00f5es encerram \u00e0s 14h desta quarta-feira, 18\/10. Para esse processo, foram disponibilizadas 35.769 bolsas, em oito Institui\u00e7\u00f5es de Ensino Superior (IES) da rede particular de ensino. O link para participar \u00e9\u00a0<a href=\"http:\/\/sgbp.manaus.am.gov.br\/inscricao\" target=\"_blank\" rel=\"noreferrer noopener\">http:\/\/sgbp.manaus.am.gov.br\/inscricao<\/a>. O programa \u00e9 coordenado pela Escola de Servi\u00e7o P\u00fablico Municipal e Inclus\u00e3o Socioeducacional (Espi), \u00f3rg\u00e3o vinculado \u00e0 Secretaria Municipal de Administra\u00e7\u00e3o, Planejamento e Gest\u00e3o (Semad).<\/p>\n\n\n\n<p>\u201cS\u00e3o mais de 28 mil com 50% de desconto, mais de sete mil bolsas com 75% e 129 com 100%, para 163 diferentes tipos de especializa\u00e7\u00e3o em todas as \u00e1reas. Com esse programa, a gest\u00e3o do prefeito David Almeida oferece oportunidade a pessoas de fam\u00edlias de baixa renda, que tenham conclu\u00eddo uma gradua\u00e7\u00e3o, e desejam se especializar em uma \u00e1rea espec\u00edfica do conhecimento j\u00e1 alcan\u00e7ado\u201d, destaca o diretor-presidente da Espi, J\u00fanior Nunes.<\/p>\n\n\n\n<p>O processo est\u00e1 dividido em tr\u00eas etapas: inscri\u00e7\u00e3o eletr\u00f4nica, na qual o candidato preencher\u00e1 o formul\u00e1rio de inscri\u00e7\u00e3o e emitir\u00e1 a declara\u00e7\u00e3o de renda familiar; classifica\u00e7\u00e3o, a ser realizada pela Espi; e entrega de documentos, pelos candidatos que forem classificados, na IES para a qual foi contemplado, para comprovar as informa\u00e7\u00f5es prestadas na inscri\u00e7\u00e3o. A n\u00e3o entrega da documenta\u00e7\u00e3o implicar\u00e1 na elimina\u00e7\u00e3o do candidato.<\/p>\n\n\n\n<p>Para concorrer, o candidato deve ser brasileiro nato ou naturalizado; possuir renda familiar bruta n\u00e3o excedente a tr\u00eas sal\u00e1rios m\u00ednimos e meio; ser residente na cidade de Manaus; ser graduado; n\u00e3o possuir curso de especializa\u00e7\u00e3o; assumir o compromisso de participar das atividades, programas e projetos executados pela Prefeitura de Manaus.&nbsp;&nbsp;&nbsp;&nbsp;&nbsp;&nbsp;&nbsp;&nbsp;&nbsp;&nbsp;&nbsp;&nbsp;&nbsp;&nbsp;&nbsp;&nbsp;&nbsp;&nbsp;&nbsp;&nbsp;&nbsp;&nbsp;&nbsp;<\/p>\n\n\n\n<p>Este \u00e9 o terceiro edital lan\u00e7ado na gest\u00e3o do prefeito David Almeida. Os dois editais anteriores ofereceram, juntos, 50.507 bolsas. Atualmente, 4.444 bolsistas s\u00e3o atendidos pelo programa.<\/p>\n\n\n\n<p>&#8212; &#8212; &#8212;&nbsp;<\/p>\n\n\n\n<p><strong>Texto &#8211;<\/strong>&nbsp;Juliana Maquin\u00e9 \/ Semad<\/p>\n\n\n\n<p><strong>Foto \u2013&nbsp;<\/strong>Cl\u00f3vis Miranda \/ Arquivo Semcom<\/p>\n","protected":false},"excerpt":{"rendered":"","protected":false},"author":39,"featured_media":220204,"comment_status":"closed","ping_status":"closed","sticky":false,"template":"","format":"standard","meta":{"footnotes":""},"categories":[1495],"tags":[8593,934,8594,77,8308,838],"acf":[],"yoast_head":"<!-- This site is optimized with the Yoast SEO plugin v23.0 - https:\/\/yoast.com\/wordpress\/plugins\/seo\/ -->\n<title>Inscri\u00e7\u00f5es para o Programa Bolsa P\u00f3s-Gradua\u00e7\u00e3o 2024 encerram nesta quarta-feira, 18\/10<\/title>\n<meta name=\"description\" content=\"Para esse processo, foram disponibilizadas 35.769 bolsas, em oito Institui\u00e7\u00f5es de Ensino Superior (IES) da rede particular de ensino. O link para participar \u00e9\u00a0http:\/\/sgbp.manaus.am.gov.br\/inscricao.\" \/>\n<meta name=\"robots\" content=\"index, follow, max-snippet:-1, max-image-preview:large, max-video-preview:-1\" \/>\n<link rel=\"canonical\" href=\"https:\/\/www.manaus.am.gov.br\/semcom\/inscricoes-para-o-programa-bolsa-pos-graduacao-2024-encerram-nesta-quarta-feira-18-10\/\" \/>\n<meta property=\"og:locale\" content=\"pt_BR\" \/>\n<meta property=\"og:type\" content=\"article\" \/>\n<meta property=\"og:title\" content=\"Inscri\u00e7\u00f5es para o Programa Bolsa P\u00f3s-Gradua\u00e7\u00e3o 2024 encerram nesta quarta-feira, 18\/10\" \/>\n<meta property=\"og:description\" content=\"Para esse processo, foram disponibilizadas 35.769 bolsas, em oito Institui\u00e7\u00f5es de Ensino Superior (IES) da rede particular de ensino. O link para participar \u00e9\u00a0http:\/\/sgbp.manaus.am.gov.br\/inscricao.\" \/>\n<meta property=\"og:url\" content=\"https:\/\/www.manaus.am.gov.br\/semcom\/inscricoes-para-o-programa-bolsa-pos-graduacao-2024-encerram-nesta-quarta-feira-18-10\/\" \/>\n<meta property=\"og:site_name\" content=\"SEMCOM\" \/>\n<meta property=\"article:published_time\" content=\"2023-10-17T18:04:20+00:00\" \/>\n<meta property=\"article:modified_time\" content=\"2023-10-17T18:04:21+00:00\" \/>\n<meta property=\"og:image\" content=\"https:\/\/www.manaus.am.gov.br\/semcom\/wp-content\/uploads\/sites\/5\/2023\/10\/PBPG-1.jpg\" \/>\n\t<meta property=\"og:image:width\" content=\"2047\" \/>\n\t<meta property=\"og:image:height\" content=\"1365\" \/>\n\t<meta property=\"og:image:type\" content=\"image\/jpeg\" \/>\n<meta name=\"author\" content=\"Bruna Greco\" \/>\n<meta name=\"twitter:card\" content=\"summary_large_image\" \/>\n<meta name=\"twitter:label1\" content=\"Written by\" \/>\n\t<meta name=\"twitter:data1\" content=\"Bruna Greco\" \/>\n\t<meta name=\"twitter:label2\" content=\"Est. reading time\" \/>\n\t<meta name=\"twitter:data2\" content=\"2 minutos\" \/>\n<script type=\"application\/ld+json\" class=\"yoast-schema-graph\">{\"@context\":\"https:\/\/schema.org\",\"@graph\":[{\"@type\":\"WebPage\",\"@id\":\"https:\/\/www.manaus.am.gov.br\/semcom\/inscricoes-para-o-programa-bolsa-pos-graduacao-2024-encerram-nesta-quarta-feira-18-10\/\",\"url\":\"https:\/\/www.manaus.am.gov.br\/semcom\/inscricoes-para-o-programa-bolsa-pos-graduacao-2024-encerram-nesta-quarta-feira-18-10\/\",\"name\":\"Inscri\u00e7\u00f5es para o Programa Bolsa P\u00f3s-Gradua\u00e7\u00e3o 2024 encerram nesta quarta-feira, 18\/10\",\"isPartOf\":{\"@id\":\"https:\/\/www.manaus.am.gov.br\/semcom\/#website\"},\"primaryImageOfPage\":{\"@id\":\"https:\/\/www.manaus.am.gov.br\/semcom\/inscricoes-para-o-programa-bolsa-pos-graduacao-2024-encerram-nesta-quarta-feira-18-10\/#primaryimage\"},\"image\":{\"@id\":\"https:\/\/www.manaus.am.gov.br\/semcom\/inscricoes-para-o-programa-bolsa-pos-graduacao-2024-encerram-nesta-quarta-feira-18-10\/#primaryimage\"},\"thumbnailUrl\":\"https:\/\/www.manaus.am.gov.br\/semcom\/wp-content\/uploads\/sites\/5\/2023\/10\/PBPG-1.jpg\",\"datePublished\":\"2023-10-17T18:04:20+00:00\",\"dateModified\":\"2023-10-17T18:04:21+00:00\",\"author\":{\"@id\":\"https:\/\/www.manaus.am.gov.br\/semcom\/#\/schema\/person\/05d223aea2bf115f9883a6ff3683d81b\"},\"description\":\"Para esse processo, foram disponibilizadas 35.769 bolsas, em oito Institui\u00e7\u00f5es de Ensino Superior (IES) da rede particular de ensino. O link para participar \u00e9\u00a0http:\/\/sgbp.manaus.am.gov.br\/inscricao.\",\"inLanguage\":\"pt-BR\",\"potentialAction\":[{\"@type\":\"ReadAction\",\"target\":[\"https:\/\/www.manaus.am.gov.br\/semcom\/inscricoes-para-o-programa-bolsa-pos-graduacao-2024-encerram-nesta-quarta-feira-18-10\/\"]}]},{\"@type\":\"ImageObject\",\"inLanguage\":\"pt-BR\",\"@id\":\"https:\/\/www.manaus.am.gov.br\/semcom\/inscricoes-para-o-programa-bolsa-pos-graduacao-2024-encerram-nesta-quarta-feira-18-10\/#primaryimage\",\"url\":\"https:\/\/www.manaus.am.gov.br\/semcom\/wp-content\/uploads\/sites\/5\/2023\/10\/PBPG-1.jpg\",\"contentUrl\":\"https:\/\/www.manaus.am.gov.br\/semcom\/wp-content\/uploads\/sites\/5\/2023\/10\/PBPG-1.jpg\",\"width\":2047,\"height\":1365},{\"@type\":\"WebSite\",\"@id\":\"https:\/\/www.manaus.am.gov.br\/semcom\/#website\",\"url\":\"https:\/\/www.manaus.am.gov.br\/semcom\/\",\"name\":\"SEMCOM\",\"description\":\"Secretaria Municipal de Comunica\u00e7\u00e3o\",\"potentialAction\":[{\"@type\":\"SearchAction\",\"target\":{\"@type\":\"EntryPoint\",\"urlTemplate\":\"https:\/\/www.manaus.am.gov.br\/semcom\/?s={search_term_string}\"},\"query-input\":\"required name=search_term_string\"}],\"inLanguage\":\"pt-BR\"},{\"@type\":\"Person\",\"@id\":\"https:\/\/www.manaus.am.gov.br\/semcom\/#\/schema\/person\/05d223aea2bf115f9883a6ff3683d81b\",\"name\":\"Bruna Greco\",\"image\":{\"@type\":\"ImageObject\",\"inLanguage\":\"pt-BR\",\"@id\":\"https:\/\/www.manaus.am.gov.br\/semcom\/#\/schema\/person\/image\/\",\"url\":\"https:\/\/secure.gravatar.com\/avatar\/9c877d1a6adc2a055330e5c09a8653ce?s=96&d=mm&r=g\",\"contentUrl\":\"https:\/\/secure.gravatar.com\/avatar\/9c877d1a6adc2a055330e5c09a8653ce?s=96&d=mm&r=g\",\"caption\":\"Bruna Greco\"}}]}<\/script>\n<!-- \/ Yoast SEO plugin. -->","yoast_head_json":{"title":"Inscri\u00e7\u00f5es para o Programa Bolsa P\u00f3s-Gradua\u00e7\u00e3o 2024 encerram nesta quarta-feira, 18\/10","description":"Para esse processo, foram disponibilizadas 35.769 bolsas, em oito Institui\u00e7\u00f5es de Ensino Superior (IES) da rede particular de ensino. O link para participar \u00e9\u00a0http:\/\/sgbp.manaus.am.gov.br\/inscricao.","robots":{"index":"index","follow":"follow","max-snippet":"max-snippet:-1","max-image-preview":"max-image-preview:large","max-video-preview":"max-video-preview:-1"},"canonical":"https:\/\/www.manaus.am.gov.br\/semcom\/inscricoes-para-o-programa-bolsa-pos-graduacao-2024-encerram-nesta-quarta-feira-18-10\/","og_locale":"pt_BR","og_type":"article","og_title":"Inscri\u00e7\u00f5es para o Programa Bolsa P\u00f3s-Gradua\u00e7\u00e3o 2024 encerram nesta quarta-feira, 18\/10","og_description":"Para esse processo, foram disponibilizadas 35.769 bolsas, em oito Institui\u00e7\u00f5es de Ensino Superior (IES) da rede particular de ensino. O link para participar \u00e9\u00a0http:\/\/sgbp.manaus.am.gov.br\/inscricao.","og_url":"https:\/\/www.manaus.am.gov.br\/semcom\/inscricoes-para-o-programa-bolsa-pos-graduacao-2024-encerram-nesta-quarta-feira-18-10\/","og_site_name":"SEMCOM","article_published_time":"2023-10-17T18:04:20+00:00","article_modified_time":"2023-10-17T18:04:21+00:00","og_image":[{"width":2047,"height":1365,"url":"https:\/\/www.manaus.am.gov.br\/semcom\/wp-content\/uploads\/sites\/5\/2023\/10\/PBPG-1.jpg","type":"image\/jpeg"}],"author":"Bruna Greco","twitter_card":"summary_large_image","twitter_misc":{"Written by":"Bruna Greco","Est. reading time":"2 minutos"},"schema":{"@context":"https:\/\/schema.org","@graph":[{"@type":"WebPage","@id":"https:\/\/www.manaus.am.gov.br\/semcom\/inscricoes-para-o-programa-bolsa-pos-graduacao-2024-encerram-nesta-quarta-feira-18-10\/","url":"https:\/\/www.manaus.am.gov.br\/semcom\/inscricoes-para-o-programa-bolsa-pos-graduacao-2024-encerram-nesta-quarta-feira-18-10\/","name":"Inscri\u00e7\u00f5es para o Programa Bolsa P\u00f3s-Gradua\u00e7\u00e3o 2024 encerram nesta quarta-feira, 18\/10","isPartOf":{"@id":"https:\/\/www.manaus.am.gov.br\/semcom\/#website"},"primaryImageOfPage":{"@id":"https:\/\/www.manaus.am.gov.br\/semcom\/inscricoes-para-o-programa-bolsa-pos-graduacao-2024-encerram-nesta-quarta-feira-18-10\/#primaryimage"},"image":{"@id":"https:\/\/www.manaus.am.gov.br\/semcom\/inscricoes-para-o-programa-bolsa-pos-graduacao-2024-encerram-nesta-quarta-feira-18-10\/#primaryimage"},"thumbnailUrl":"https:\/\/www.manaus.am.gov.br\/semcom\/wp-content\/uploads\/sites\/5\/2023\/10\/PBPG-1.jpg","datePublished":"2023-10-17T18:04:20+00:00","dateModified":"2023-10-17T18:04:21+00:00","author":{"@id":"https:\/\/www.manaus.am.gov.br\/semcom\/#\/schema\/person\/05d223aea2bf115f9883a6ff3683d81b"},"description":"Para esse processo, foram disponibilizadas 35.769 bolsas, em oito Institui\u00e7\u00f5es de Ensino Superior (IES) da rede particular de ensino. O link para participar \u00e9\u00a0http:\/\/sgbp.manaus.am.gov.br\/inscricao.","inLanguage":"pt-BR","potentialAction":[{"@type":"ReadAction","target":["https:\/\/www.manaus.am.gov.br\/semcom\/inscricoes-para-o-programa-bolsa-pos-graduacao-2024-encerram-nesta-quarta-feira-18-10\/"]}]},{"@type":"ImageObject","inLanguage":"pt-BR","@id":"https:\/\/www.manaus.am.gov.br\/semcom\/inscricoes-para-o-programa-bolsa-pos-graduacao-2024-encerram-nesta-quarta-feira-18-10\/#primaryimage","url":"https:\/\/www.manaus.am.gov.br\/semcom\/wp-content\/uploads\/sites\/5\/2023\/10\/PBPG-1.jpg","contentUrl":"https:\/\/www.manaus.am.gov.br\/semcom\/wp-content\/uploads\/sites\/5\/2023\/10\/PBPG-1.jpg","width":2047,"height":1365},{"@type":"WebSite","@id":"https:\/\/www.manaus.am.gov.br\/semcom\/#website","url":"https:\/\/www.manaus.am.gov.br\/semcom\/","name":"SEMCOM","description":"Secretaria Municipal de Comunica\u00e7\u00e3o","potentialAction":[{"@type":"SearchAction","target":{"@type":"EntryPoint","urlTemplate":"https:\/\/www.manaus.am.gov.br\/semcom\/?s={search_term_string}"},"query-input":"required name=search_term_string"}],"inLanguage":"pt-BR"},{"@type":"Person","@id":"https:\/\/www.manaus.am.gov.br\/semcom\/#\/schema\/person\/05d223aea2bf115f9883a6ff3683d81b","name":"Bruna Greco","image":{"@type":"ImageObject","inLanguage":"pt-BR","@id":"https:\/\/www.manaus.am.gov.br\/semcom\/#\/schema\/person\/image\/","url":"https:\/\/secure.gravatar.com\/avatar\/9c877d1a6adc2a055330e5c09a8653ce?s=96&d=mm&r=g","contentUrl":"https:\/\/secure.gravatar.com\/avatar\/9c877d1a6adc2a055330e5c09a8653ce?s=96&d=mm&r=g","caption":"Bruna Greco"}}]}},"_links":{"self":[{"href":"https:\/\/www.manaus.am.gov.br\/semcom\/wp-json\/wp\/v2\/posts\/220203"}],"collection":[{"href":"https:\/\/www.manaus.am.gov.br\/semcom\/wp-json\/wp\/v2\/posts"}],"about":[{"href":"https:\/\/www.manaus.am.gov.br\/semcom\/wp-json\/wp\/v2\/types\/post"}],"author":[{"embeddable":true,"href":"https:\/\/www.manaus.am.gov.br\/semcom\/wp-json\/wp\/v2\/users\/39"}],"replies":[{"embeddable":true,"href":"https:\/\/www.manaus.am.gov.br\/semcom\/wp-json\/wp\/v2\/comments?post=220203"}],"version-history":[{"count":0,"href":"https:\/\/www.manaus.am.gov.br\/semcom\/wp-json\/wp\/v2\/posts\/220203\/revisions"}],"wp:featuredmedia":[{"embeddable":true,"href":"https:\/\/www.manaus.am.gov.br\/semcom\/wp-json\/wp\/v2\/media\/220204"}],"wp:attachment":[{"href":"https:\/\/www.manaus.am.gov.br\/semcom\/wp-json\/wp\/v2\/media?parent=220203"}],"wp:term":[{"taxonomy":"category","embeddable":true,"href":"https:\/\/www.manaus.am.gov.br\/semcom\/wp-json\/wp\/v2\/categories?post=220203"},{"taxonomy":"post_tag","embeddable":true,"href":"https:\/\/www.manaus.am.gov.br\/semcom\/wp-json\/wp\/v2\/tags?post=220203"}],"curies":[{"name":"wp","href":"https:\/\/api.w.org\/{rel}","templated":true}]}}