{"id":220102,"date":"2023-10-15T10:58:24","date_gmt":"2023-10-15T13:58:24","guid":{"rendered":"https:\/\/www.manaus.am.gov.br\/semcom\/vacinacao-antirrabica-16-a-21-10\/"},"modified":"2023-10-15T10:58:25","modified_gmt":"2023-10-15T13:58:25","slug":"vacinacao-antirrabica-16-a-21-10","status":"publish","type":"post","link":"https:\/\/www.manaus.am.gov.br\/semcom\/vacinacao-antirrabica-16-a-21-10\/","title":{"rendered":"<strong>Campanha da prefeitura leva vacina\u00e7\u00e3o antirr\u00e1bica animal a 20 bairros na semana de 16 a 21\/10<\/strong>"},"content":{"rendered":"\n<p>As equipes da Campanha de Vacina\u00e7\u00e3o Antirr\u00e1bica Animal da Prefeitura de Manaus percorrem avenidas e ruas de 20 bairros de toda a zona urbana da capital nesta semana, de segunda a s\u00e1bado, 16 a 21\/10. A campanha \u00e9 executada pela Secretaria Municipal de Sa\u00fade (Semsa), por meio do Centro de Controle de Zoonoses (CCZ) Dr. Carlos Durand, promovendo visita\u00e7\u00e3o nas resid\u00eancias sempre no hor\u00e1rio matutino, das 8h \u00e0s 12h.<\/p>\n\n\n\n<p>O gerente do CCZ Manaus, Rodrigo Ara\u00fajo, explica que a campanha de vacina\u00e7\u00e3o antirr\u00e1bica ocorre anualmente, e tem como alvo c\u00e3es e gatos com idade a partir de 3 meses. Ele orienta os tutores a acompanhar os cronogramas semanais da a\u00e7\u00e3o e atentar \u00e0 passagem das equipes para ter seus bichos de estima\u00e7\u00e3o vacinados e protegidos contra a zoonose.<\/p>\n\n\n\n<p>\u201cAs equipes trabalham em duplas, com um vacinador e um registrador, identificados com o uniforme oficial da campanha. Os tutores devem se certificar de que o animal esteja em boas condi\u00e7\u00f5es de sa\u00fade e dar assist\u00eancia no momento da aplica\u00e7\u00e3o da vacina\u201d, informa o gerente, ressaltando que os animais devem ser imunizados todos os anos.<\/p>\n\n\n\n<p><strong>Agenda<\/strong><\/p>\n\n\n\n<p>O cronograma de visitas na zona Sul inicia nos bairros Nossa Senhora das Gra\u00e7as, abrangendo os conjuntos Beco do Macedo e Vieiralves, e S\u00e3o Geraldo, na segunda-feira, 16\/10. Ao longo da semana, seguir\u00e1 pelo bairro Parque 10 de Novembro, onde inclui a Vila Amazonas e os conjuntos Eldorado e Shangril\u00e1, e ainda Chapada, Flores e Uni\u00e3o.<\/p>\n\n\n\n<p>Na zona Norte, o roteiro semanal compreender\u00e1 as comunidades Jos\u00e9 Bonif\u00e1cio, no bairro Col\u00f4nia Santo Ant\u00f4nio, e Celebridade, Jesus me Deu, Rio Piorini e Santa Marta, todas no Col\u00f4nia Terra Nova. Tamb\u00e9m vai percorrer vias do Monte das Oliveiras, Novo Israel e Santa Etelvina.<\/p>\n\n\n\n<p>As equipes mobilizadas para atuar na zona Leste v\u00e3o passar por vias das comunidades Nova Vit\u00f3ria, no bairro Gilberto Mestrinho; Cidade do Leste e Pedreiras, no Grande Vit\u00f3ria; e Santa In\u00eas, no Jorge Teixeira, onde dever\u00e3o percorrer ainda ruas das 1\u00aa, 3\u00aa e 4\u00aa etapas. O Jo\u00e3o Paulo completa a lista de localidades inclu\u00eddas na agenda semanal da zona.<\/p>\n\n\n\n<p>Na zona Oeste, a mobiliza\u00e7\u00e3o vai chegar aos bairros Compensa, com atividades no conjunto Vila Marinho, e ainda ao L\u00edrio do Vale, incluindo o conjunto Augusto Montenegro. Nova Esperan\u00e7a e Santo Agostinho tamb\u00e9m est\u00e3o no cronograma semanal da campanha, que termina no s\u00e1bado, 21\/10, com visita\u00e7\u00e3o na comunidade Cidade das Luzes, no bairro Tarum\u00e3-A\u00e7u.<\/p>\n\n\n\n<p>Em paralelo ao trabalho das equipes itinerantes, dois pontos fixos ofertam o servi\u00e7o de vacina\u00e7\u00e3o de animais, de segunda a sexta-feira, das 8h \u00e0s 16h. S\u00e3o eles: o CCZ Manaus, na avenida Brasil, s\/n\u00ba, no bairro Compensa; e o Centro de Conviv\u00eancia da Fam\u00edlia e do Idoso, na rua Barreirinha, n\u00ba 14, quadra 45, S\u00e3o Jos\u00e9.<\/p>\n\n\n\n<p><strong>Imuniza\u00e7\u00e3o<\/strong><\/p>\n\n\n\n<p>Com a meta de imunizar 255 mil c\u00e3es e gatos na capital contra a raiva humana, as equipes da Prefeitura de Manaus v\u00eam trabalhando desde o dia 20\/9 na etapa urbana da campanha de vacina\u00e7\u00e3o antirr\u00e1bica. Essa fase da a\u00e7\u00e3o segue at\u00e9 o dia 6\/12, com a proposta de alcan\u00e7ar todos os bairros da capital.<\/p>\n\n\n\n<p>Rodrigo Ara\u00fajo enfatiza a import\u00e2ncia da vacina\u00e7\u00e3o de caninos e felinos para o controle e erradica\u00e7\u00e3o da raiva humana. A doen\u00e7a, ele explica, \u00e9 causada pelo v\u00edrus da fam\u00edlia Rabhdoviridae, do g\u00eanero Lyssavirus, transmitido aos seres humanos por mordidas, arranhaduras ou contato com a saliva de animais infectados.<\/p>\n\n\n\n<p>\u201cEm Manaus n\u00e3o h\u00e1 casos de raiva animal h\u00e1 mais de 30 anos, fruto do trabalho de vigil\u00e2ncia epidemiol\u00f3gica realizado pela Semsa Manaus, por meio do CCZ\u201d, relata o gerente, lembrando que as campanhas de vacina\u00e7\u00e3o antirr\u00e1bica ocorrem anualmente nas zonas urbana, rural e fluvial da capital h\u00e1 mais de quatro d\u00e9cadas.<\/p>\n\n\n\n<p>\u201cA vacina tamb\u00e9m \u00e9 ofertada durante o ano todo na sede do CCZ, sempre de segunda a sexta-feira, das 8h \u00e0s 16h\u201d, reitera.<\/p>\n\n\n\n<p><strong>Campanha de Vacina\u00e7\u00e3o Antirr\u00e1bica Animal 2023<\/strong><\/p>\n\n\n\n<p><strong>Cronograma para os dias 16 a 21\/10<\/strong><\/p>\n\n\n\n<p><strong>Zona Norte<\/strong><\/p>\n\n\n\n<p>16\/10 \u2013 Col\u00f4nia Santo Ant\u00f4nio (Jos\u00e9 Bonif\u00e1cio) e Novo Israel<\/p>\n\n\n\n<p>17\/10 \u2013 Col\u00f4nia Terra Nova (Celebridade e Jesus Me Deu)<\/p>\n\n\n\n<p>18\/10 \u2013 Col\u00f4nia Terra Nova (Rio Piorini e Santa Marta)<\/p>\n\n\n\n<p>19\/10 \u2013 Col\u00f4nia Terra Nova (Rio Piorini e Santa Marta) e Monte das Oliveiras<\/p>\n\n\n\n<p>20 e 21\/10 \u2013 Monte das Oliveiras e Santa Etelvina<\/p>\n\n\n\n<p><strong>Zona Sul<\/strong><\/p>\n\n\n\n<p>16\/10 \u2013 N.S. das Gra\u00e7as (Beco do Macedo e Vieiralves) e S\u00e3o Geraldo<\/p>\n\n\n\n<p>17\/10 \u2013 Chapada e Parque 10 de Novembro (Vila Amazonas e Eldorado)<\/p>\n\n\n\n<p>18\/10 \u2013 Parque 10 e bairro da Uni\u00e3o<\/p>\n\n\n\n<p>19\/10 \u2013 Parque 10 (bairro e conj. Shangril\u00e1)<\/p>\n\n\n\n<p>20\/10 \u2013 Flores e Parque 10 (Shangril\u00e1)<\/p>\n\n\n\n<p>21\/10 \u2013 Flores<\/p>\n\n\n\n<p><strong>Zona Leste<\/strong><\/p>\n\n\n\n<p>16\/10 \u2013 Gilberto Mestrinho (Nova Vit\u00f3ria) e Jorge Teixeira (1\u00aa etapa e Santa In\u00eas)<\/p>\n\n\n\n<p>17\/10 \u2013 Gilberto Mestrinho (Nova Vit\u00f3ria), Grande Vit\u00f3ria (Cidade do Leste e Pedreiras) e Jorge Teixeira (Santa In\u00eas)<\/p>\n\n\n\n<p>18\/10 \u2013 Gilberto Mestrinho (Nova Vit\u00f3ria), Grande Vit\u00f3ria (Cidade do Leste) e Jorge Teixeira (3\u00aa e 4\u00aa etapas)<\/p>\n\n\n\n<p>19 a 21\/10 \u2013 Jo\u00e3o Paulo e Jorge Teixeira (3\u00aa e 4\u00aa etapas)<\/p>\n\n\n\n<p><strong>Zona Oeste<\/strong><\/p>\n\n\n\n<p>16 e 17\/10 \u2013 L\u00edrio do Vale (bairro e conj. Augusto Montenegro) e Nova Esperan\u00e7a<\/p>\n\n\n\n<p>18\/10 \u2013 L\u00edrio do Vale (bairro e conj. Augusto Montenegro)<\/p>\n\n\n\n<p>19 e 20\/10 \u2013 Compensa (Vila Marinho) e Santo Agostinho<\/p>\n\n\n\n<p>21\/10 \u2013 Tarum\u00e3-A\u00e7u (Cidade das Luzes)<\/p>\n\n\n\n<p>&#8212; &#8212; &#8212;&nbsp;<\/p>\n\n\n\n<p><strong>Texto<\/strong> &#8211; Jony Clay Borges \/ Semsa<\/p>\n\n\n\n<p><strong>Fotos<\/strong> &#8211; Divulga\u00e7\u00e3o \/ Semsa<\/p>\n","protected":false},"excerpt":{"rendered":"","protected":false},"author":25,"featured_media":220103,"comment_status":"closed","ping_status":"closed","sticky":false,"template":"","format":"standard","meta":{"footnotes":""},"categories":[2009],"tags":[1420,2473,162,2012,6778],"acf":[],"yoast_head":"<!-- This site is optimized with the Yoast SEO plugin v23.0 - https:\/\/yoast.com\/wordpress\/plugins\/seo\/ -->\n<title>Campanha da prefeitura leva vacina\u00e7\u00e3o antirr\u00e1bica animal a 20 bairros na semana de 16 a 21\/10<\/title>\n<meta name=\"description\" content=\"As equipes da Campanha de Vacina\u00e7\u00e3o Antirr\u00e1bica Animal da Prefeitura de Manaus percorrem avenidas e ruas de 20 bairros de toda a zona urbana da capital\" \/>\n<meta name=\"robots\" content=\"index, follow, max-snippet:-1, max-image-preview:large, max-video-preview:-1\" \/>\n<link rel=\"canonical\" href=\"https:\/\/www.manaus.am.gov.br\/semcom\/vacinacao-antirrabica-16-a-21-10\/\" \/>\n<meta property=\"og:locale\" content=\"pt_BR\" \/>\n<meta property=\"og:type\" content=\"article\" \/>\n<meta property=\"og:title\" content=\"Campanha da prefeitura leva vacina\u00e7\u00e3o antirr\u00e1bica animal a 20 bairros na semana de 16 a 21\/10\" \/>\n<meta property=\"og:description\" content=\"As equipes da Campanha de Vacina\u00e7\u00e3o Antirr\u00e1bica Animal da Prefeitura de Manaus percorrem avenidas e ruas de 20 bairros de toda a zona urbana da capital\" \/>\n<meta property=\"og:url\" content=\"https:\/\/www.manaus.am.gov.br\/semcom\/vacinacao-antirrabica-16-a-21-10\/\" \/>\n<meta property=\"og:site_name\" content=\"SEMCOM\" \/>\n<meta property=\"article:published_time\" content=\"2023-10-15T13:58:24+00:00\" \/>\n<meta property=\"article:modified_time\" content=\"2023-10-15T13:58:25+00:00\" \/>\n<meta property=\"og:image\" content=\"https:\/\/www.manaus.am.gov.br\/semcom\/wp-content\/uploads\/sites\/5\/2023\/10\/Outubro-15_Cronograma-Visitacao-Antirrabica-1.jpg\" \/>\n\t<meta property=\"og:image:width\" content=\"4000\" \/>\n\t<meta property=\"og:image:height\" content=\"2669\" \/>\n\t<meta property=\"og:image:type\" content=\"image\/jpeg\" \/>\n<meta name=\"author\" content=\"Maur\u00edcio Freire\" \/>\n<meta name=\"twitter:card\" content=\"summary_large_image\" \/>\n<meta name=\"twitter:label1\" content=\"Written by\" \/>\n\t<meta name=\"twitter:data1\" content=\"Maur\u00edcio Freire\" \/>\n\t<meta name=\"twitter:label2\" content=\"Est. reading time\" \/>\n\t<meta name=\"twitter:data2\" content=\"5 minutos\" \/>\n<script type=\"application\/ld+json\" class=\"yoast-schema-graph\">{\"@context\":\"https:\/\/schema.org\",\"@graph\":[{\"@type\":\"WebPage\",\"@id\":\"https:\/\/www.manaus.am.gov.br\/semcom\/vacinacao-antirrabica-16-a-21-10\/\",\"url\":\"https:\/\/www.manaus.am.gov.br\/semcom\/vacinacao-antirrabica-16-a-21-10\/\",\"name\":\"Campanha da prefeitura leva vacina\u00e7\u00e3o antirr\u00e1bica animal a 20 bairros na semana de 16 a 21\/10\",\"isPartOf\":{\"@id\":\"https:\/\/www.manaus.am.gov.br\/semcom\/#website\"},\"primaryImageOfPage\":{\"@id\":\"https:\/\/www.manaus.am.gov.br\/semcom\/vacinacao-antirrabica-16-a-21-10\/#primaryimage\"},\"image\":{\"@id\":\"https:\/\/www.manaus.am.gov.br\/semcom\/vacinacao-antirrabica-16-a-21-10\/#primaryimage\"},\"thumbnailUrl\":\"https:\/\/www.manaus.am.gov.br\/semcom\/wp-content\/uploads\/sites\/5\/2023\/10\/Outubro-15_Cronograma-Visitacao-Antirrabica-1.jpg\",\"datePublished\":\"2023-10-15T13:58:24+00:00\",\"dateModified\":\"2023-10-15T13:58:25+00:00\",\"author\":{\"@id\":\"https:\/\/www.manaus.am.gov.br\/semcom\/#\/schema\/person\/587989a23a463cde5618e6a028977a9a\"},\"description\":\"As equipes da Campanha de Vacina\u00e7\u00e3o Antirr\u00e1bica Animal da Prefeitura de Manaus percorrem avenidas e ruas de 20 bairros de toda a zona urbana da capital\",\"inLanguage\":\"pt-BR\",\"potentialAction\":[{\"@type\":\"ReadAction\",\"target\":[\"https:\/\/www.manaus.am.gov.br\/semcom\/vacinacao-antirrabica-16-a-21-10\/\"]}]},{\"@type\":\"ImageObject\",\"inLanguage\":\"pt-BR\",\"@id\":\"https:\/\/www.manaus.am.gov.br\/semcom\/vacinacao-antirrabica-16-a-21-10\/#primaryimage\",\"url\":\"https:\/\/www.manaus.am.gov.br\/semcom\/wp-content\/uploads\/sites\/5\/2023\/10\/Outubro-15_Cronograma-Visitacao-Antirrabica-1.jpg\",\"contentUrl\":\"https:\/\/www.manaus.am.gov.br\/semcom\/wp-content\/uploads\/sites\/5\/2023\/10\/Outubro-15_Cronograma-Visitacao-Antirrabica-1.jpg\",\"width\":4000,\"height\":2669},{\"@type\":\"WebSite\",\"@id\":\"https:\/\/www.manaus.am.gov.br\/semcom\/#website\",\"url\":\"https:\/\/www.manaus.am.gov.br\/semcom\/\",\"name\":\"SEMCOM\",\"description\":\"Secretaria Municipal de Comunica\u00e7\u00e3o\",\"potentialAction\":[{\"@type\":\"SearchAction\",\"target\":{\"@type\":\"EntryPoint\",\"urlTemplate\":\"https:\/\/www.manaus.am.gov.br\/semcom\/?s={search_term_string}\"},\"query-input\":\"required name=search_term_string\"}],\"inLanguage\":\"pt-BR\"},{\"@type\":\"Person\",\"@id\":\"https:\/\/www.manaus.am.gov.br\/semcom\/#\/schema\/person\/587989a23a463cde5618e6a028977a9a\",\"name\":\"Maur\u00edcio Freire\",\"image\":{\"@type\":\"ImageObject\",\"inLanguage\":\"pt-BR\",\"@id\":\"https:\/\/www.manaus.am.gov.br\/semcom\/#\/schema\/person\/image\/\",\"url\":\"https:\/\/secure.gravatar.com\/avatar\/dc1481799a1f75c733ac3b2634cd6749?s=96&d=mm&r=g\",\"contentUrl\":\"https:\/\/secure.gravatar.com\/avatar\/dc1481799a1f75c733ac3b2634cd6749?s=96&d=mm&r=g\",\"caption\":\"Maur\u00edcio Freire\"}}]}<\/script>\n<!-- \/ Yoast SEO plugin. -->","yoast_head_json":{"title":"Campanha da prefeitura leva vacina\u00e7\u00e3o antirr\u00e1bica animal a 20 bairros na semana de 16 a 21\/10","description":"As equipes da Campanha de Vacina\u00e7\u00e3o Antirr\u00e1bica Animal da Prefeitura de Manaus percorrem avenidas e ruas de 20 bairros de toda a zona urbana da capital","robots":{"index":"index","follow":"follow","max-snippet":"max-snippet:-1","max-image-preview":"max-image-preview:large","max-video-preview":"max-video-preview:-1"},"canonical":"https:\/\/www.manaus.am.gov.br\/semcom\/vacinacao-antirrabica-16-a-21-10\/","og_locale":"pt_BR","og_type":"article","og_title":"Campanha da prefeitura leva vacina\u00e7\u00e3o antirr\u00e1bica animal a 20 bairros na semana de 16 a 21\/10","og_description":"As equipes da Campanha de Vacina\u00e7\u00e3o Antirr\u00e1bica Animal da Prefeitura de Manaus percorrem avenidas e ruas de 20 bairros de toda a zona urbana da capital","og_url":"https:\/\/www.manaus.am.gov.br\/semcom\/vacinacao-antirrabica-16-a-21-10\/","og_site_name":"SEMCOM","article_published_time":"2023-10-15T13:58:24+00:00","article_modified_time":"2023-10-15T13:58:25+00:00","og_image":[{"width":4000,"height":2669,"url":"https:\/\/www.manaus.am.gov.br\/semcom\/wp-content\/uploads\/sites\/5\/2023\/10\/Outubro-15_Cronograma-Visitacao-Antirrabica-1.jpg","type":"image\/jpeg"}],"author":"Maur\u00edcio Freire","twitter_card":"summary_large_image","twitter_misc":{"Written by":"Maur\u00edcio Freire","Est. reading time":"5 minutos"},"schema":{"@context":"https:\/\/schema.org","@graph":[{"@type":"WebPage","@id":"https:\/\/www.manaus.am.gov.br\/semcom\/vacinacao-antirrabica-16-a-21-10\/","url":"https:\/\/www.manaus.am.gov.br\/semcom\/vacinacao-antirrabica-16-a-21-10\/","name":"Campanha da prefeitura leva vacina\u00e7\u00e3o antirr\u00e1bica animal a 20 bairros na semana de 16 a 21\/10","isPartOf":{"@id":"https:\/\/www.manaus.am.gov.br\/semcom\/#website"},"primaryImageOfPage":{"@id":"https:\/\/www.manaus.am.gov.br\/semcom\/vacinacao-antirrabica-16-a-21-10\/#primaryimage"},"image":{"@id":"https:\/\/www.manaus.am.gov.br\/semcom\/vacinacao-antirrabica-16-a-21-10\/#primaryimage"},"thumbnailUrl":"https:\/\/www.manaus.am.gov.br\/semcom\/wp-content\/uploads\/sites\/5\/2023\/10\/Outubro-15_Cronograma-Visitacao-Antirrabica-1.jpg","datePublished":"2023-10-15T13:58:24+00:00","dateModified":"2023-10-15T13:58:25+00:00","author":{"@id":"https:\/\/www.manaus.am.gov.br\/semcom\/#\/schema\/person\/587989a23a463cde5618e6a028977a9a"},"description":"As equipes da Campanha de Vacina\u00e7\u00e3o Antirr\u00e1bica Animal da Prefeitura de Manaus percorrem avenidas e ruas de 20 bairros de toda a zona urbana da capital","inLanguage":"pt-BR","potentialAction":[{"@type":"ReadAction","target":["https:\/\/www.manaus.am.gov.br\/semcom\/vacinacao-antirrabica-16-a-21-10\/"]}]},{"@type":"ImageObject","inLanguage":"pt-BR","@id":"https:\/\/www.manaus.am.gov.br\/semcom\/vacinacao-antirrabica-16-a-21-10\/#primaryimage","url":"https:\/\/www.manaus.am.gov.br\/semcom\/wp-content\/uploads\/sites\/5\/2023\/10\/Outubro-15_Cronograma-Visitacao-Antirrabica-1.jpg","contentUrl":"https:\/\/www.manaus.am.gov.br\/semcom\/wp-content\/uploads\/sites\/5\/2023\/10\/Outubro-15_Cronograma-Visitacao-Antirrabica-1.jpg","width":4000,"height":2669},{"@type":"WebSite","@id":"https:\/\/www.manaus.am.gov.br\/semcom\/#website","url":"https:\/\/www.manaus.am.gov.br\/semcom\/","name":"SEMCOM","description":"Secretaria Municipal de Comunica\u00e7\u00e3o","potentialAction":[{"@type":"SearchAction","target":{"@type":"EntryPoint","urlTemplate":"https:\/\/www.manaus.am.gov.br\/semcom\/?s={search_term_string}"},"query-input":"required name=search_term_string"}],"inLanguage":"pt-BR"},{"@type":"Person","@id":"https:\/\/www.manaus.am.gov.br\/semcom\/#\/schema\/person\/587989a23a463cde5618e6a028977a9a","name":"Maur\u00edcio Freire","image":{"@type":"ImageObject","inLanguage":"pt-BR","@id":"https:\/\/www.manaus.am.gov.br\/semcom\/#\/schema\/person\/image\/","url":"https:\/\/secure.gravatar.com\/avatar\/dc1481799a1f75c733ac3b2634cd6749?s=96&d=mm&r=g","contentUrl":"https:\/\/secure.gravatar.com\/avatar\/dc1481799a1f75c733ac3b2634cd6749?s=96&d=mm&r=g","caption":"Maur\u00edcio Freire"}}]}},"_links":{"self":[{"href":"https:\/\/www.manaus.am.gov.br\/semcom\/wp-json\/wp\/v2\/posts\/220102"}],"collection":[{"href":"https:\/\/www.manaus.am.gov.br\/semcom\/wp-json\/wp\/v2\/posts"}],"about":[{"href":"https:\/\/www.manaus.am.gov.br\/semcom\/wp-json\/wp\/v2\/types\/post"}],"author":[{"embeddable":true,"href":"https:\/\/www.manaus.am.gov.br\/semcom\/wp-json\/wp\/v2\/users\/25"}],"replies":[{"embeddable":true,"href":"https:\/\/www.manaus.am.gov.br\/semcom\/wp-json\/wp\/v2\/comments?post=220102"}],"version-history":[{"count":0,"href":"https:\/\/www.manaus.am.gov.br\/semcom\/wp-json\/wp\/v2\/posts\/220102\/revisions"}],"wp:featuredmedia":[{"embeddable":true,"href":"https:\/\/www.manaus.am.gov.br\/semcom\/wp-json\/wp\/v2\/media\/220103"}],"wp:attachment":[{"href":"https:\/\/www.manaus.am.gov.br\/semcom\/wp-json\/wp\/v2\/media?parent=220102"}],"wp:term":[{"taxonomy":"category","embeddable":true,"href":"https:\/\/www.manaus.am.gov.br\/semcom\/wp-json\/wp\/v2\/categories?post=220102"},{"taxonomy":"post_tag","embeddable":true,"href":"https:\/\/www.manaus.am.gov.br\/semcom\/wp-json\/wp\/v2\/tags?post=220102"}],"curies":[{"name":"wp","href":"https:\/\/api.w.org\/{rel}","templated":true}]}}