{"id":220086,"date":"2023-10-13T15:02:48","date_gmt":"2023-10-13T18:02:48","guid":{"rendered":"https:\/\/www.manaus.am.gov.br\/semcom\/prefeitura-reforca-interdicao-da-praia-da-ponta-negra-durante-feriado-prolongado\/"},"modified":"2023-10-13T15:02:49","modified_gmt":"2023-10-13T18:02:49","slug":"prefeitura-reforca-interdicao-da-praia-da-ponta-negra-durante-feriado-prolongado","status":"publish","type":"post","link":"https:\/\/www.manaus.am.gov.br\/semcom\/prefeitura-reforca-interdicao-da-praia-da-ponta-negra-durante-feriado-prolongado\/","title":{"rendered":"<strong>Prefeitura refor\u00e7a interdi\u00e7\u00e3o da praia da Ponta Negra durante feriado prolongado<\/strong>"},"content":{"rendered":"\n<p>Com o feriado prolongado e com a piora das condi\u00e7\u00f5es clim\u00e1ticas na capital, com a fuma\u00e7a encobrindo a cidade, a Prefeitura de Manaus refor\u00e7a a&nbsp;interdi\u00e7\u00e3o da praia do complexo tur\u00edstico Ponta Negra para o banho, em raz\u00e3o da vazante que atinge o Estado, em 2023. A interdi\u00e7\u00e3o est\u00e1 em vigor desde o dia 2 de outubro. Hoje, 13 de outubro, a cota do rio Negro est\u00e1 na marca de 13,91 metros, apenas 28 cent\u00edmetros de bater o recorde de vazante registrado em 2010.<\/p>\n\n\n\n<p>Em decorr\u00eancia da&nbsp;fuma\u00e7a&nbsp;que voltou a encobrir a capital amazonense, o&nbsp;prefeito&nbsp;de Manaus,&nbsp;<a href=\"https:\/\/www.manaus.am.gov.br\/noticias\/acao\/prefeito-reforca-acoes-preventivas-no-combate-as-queimadas-e-adia-maratona-de-manaus\/\" target=\"_blank\" rel=\"noreferrer noopener\">David Almeida<\/a>,&nbsp;anunciou mais medidas para garantir a seguran\u00e7a da popula\u00e7\u00e3o, e o refor\u00e7o nas a\u00e7\u00f5es j\u00e1 realizadas pela prefeitura, incluindo o adiamento da Maratona Internacional, que iria ocorrer no dia 15\/10, e as comemora\u00e7\u00f5es do anivers\u00e1rio com o Boi Manaus, ambos remarcados para dezembro.<\/p>\n\n\n\n<p>\u201cEu recomendo a n\u00e3o pr\u00e1tica de esporte. N\u00e3o se pode respirar mon\u00f3xido de carbono, isso causa problemas. Em fun\u00e7\u00e3o disso, a gente vai adiar a maratona da nossa cidade, que estava programada para o final de semana. Tamb\u00e9m \u00e9 preciso evitar estar exposto \u00e0 fuma\u00e7a, fechar as janelas das casas, e a hidrata\u00e7\u00e3o \u00e9 fundamental nesse momento. Infelizmente, n\u00f3s estamos passando por isso, fruto das mudan\u00e7as clim\u00e1ticas\u201d, pontuou Almeida.<\/p>\n\n\n\n<p>Na \u00faltima segunda-feira, 9\/10, a praia recebeu um cerquite para delimitar fisicamente a \u00e1rea de interdi\u00e7\u00e3o para banhistas, com sinaliza\u00e7\u00e3o, tendo 1,20 metro de altura e 1.500 metros de extens\u00e3o. Essa limita\u00e7\u00e3o f\u00edsica \u00e9 para impedir a passagem e conscientizar pessoas que insistem em tomar banho no rio, no trecho interditado.<\/p>\n\n\n\n<p>Trinta placas informativas, em destaque vermelho, sobre a proibi\u00e7\u00e3o de uso da praia para o banho est\u00e3o instaladas em diversos pontos da faixa de areia e nos acessos.<\/p>\n\n\n\n<p>A decis\u00e3o de&nbsp;interditar&nbsp;a praia para o banho, em raz\u00e3o de seguran\u00e7a e de preven\u00e7\u00e3o contra afogamentos, ocorre devido \u00e0 proximidade entre o fim do aterro perene e o leito natural do rio, que pode apresentar altera\u00e7\u00f5es no terreno, como buracos, desn\u00edveis e depress\u00f5es.<\/p>\n\n\n\n<p>O prefeito assinou o decreto 5.697, no dia 2 de outubro, sobre a medida.&nbsp;A&nbsp;interdi\u00e7\u00e3o&nbsp;considera as normas de uso da&nbsp;praia&nbsp;perene, definidas em um Termo de Ajustamento de Conduta (TAC) assinado pela prefeitura junto ao Minist\u00e9rio P\u00fablico do Estado do Amazonas (MP-AM), com \u00f3rg\u00e3os municipais e estaduais signat\u00e1rios do compromisso, incluindo Corpo de Bombeiros do Amazonas (CB-AM) e Pol\u00edcia Militar.<\/p>\n\n\n\n<p>De acordo com a cl\u00e1usula 1, par\u00e1grafo 3\u00ba, a \u201cinterdi\u00e7\u00e3o&nbsp;autom\u00e1tica do uso da praia ocorrer\u00e1 sempre que os laudos e\/ou relat\u00f3rios a que se referem os par\u00e1grafos anteriores comprovarem que a praia encontra-se impr\u00f3pria para o uso dos banhistas\u201d.<\/p>\n\n\n\n<p>Durante a interdi\u00e7\u00e3o, o banho no rio fica proibido. A faixa de areia da praia da Ponta Negra est\u00e1 ampliada com a grande descida das \u00e1guas e seguir\u00e1 acess\u00edvel, para uso de atividades esportivas e recreativas, assim como o funcionamento de todo o cal\u00e7ad\u00e3o e demais estruturas do complexo. No momento, em raz\u00e3o da fuma\u00e7a, a pr\u00e1tica esportiva ao ar livre deve ser evitada.<\/p>\n\n\n\n<p><strong>El Ni\u00f1o<\/strong><\/p>\n\n\n\n<p>Com a atua\u00e7\u00e3o do fen\u00f4meno El Ni\u00f1o, que ocorre no oceano Pac\u00edfico Equatorial e traz para a Amaz\u00f4nia consequ\u00eancias no processo de vazante devido ao prolongamento e intensidade da seca, o n\u00edvel do rio&nbsp;Negro, em Manaus, teve uma descida&nbsp;muito acelerada, com redu\u00e7\u00e3o de mais de 7 metros de coluna d\u2019agua em apenas 20 dias de setembro.<\/p>\n\n\n\n<p>Os corpos permanentes de seguran\u00e7a, incluindo da Secretaria Municipal de Seguran\u00e7a P\u00fablica e Defesa Social (Semseg), com a Guarda Municipal, ciclopatrulha, a Pol\u00edcia Militar e bombeiros atuam no monitoramento da praia e na seguran\u00e7a dos banhistas, bem como na seguran\u00e7a e manuten\u00e7\u00e3o do patrim\u00f4nio de todo o complexo. Equipes da Secretaria Municipal de Limpeza Urbana (Semulsp) refor\u00e7am os servi\u00e7os de limpeza e higiene do cal\u00e7ad\u00e3o e da praia perene.<\/p>\n\n\n\n<p>Na \u00faltima&nbsp;interdi\u00e7\u00e3o&nbsp;por conta da seca dos rios, ocorrida em 2015, a praia foi&nbsp;interditada&nbsp;por medida de seguran\u00e7a quando o rio&nbsp;Negro&nbsp;ficou abaixo da cota de 16 metros, ap\u00f3s an\u00e1lise, laudo e relat\u00f3rios de \u00f3rg\u00e3os respons\u00e1veis, comprovando que a mesma n\u00e3o se&nbsp;encontrava pr\u00f3pria para banho, naquela \u00e9poca.<\/p>\n\n\n\n<p>&#8212; &#8212; &#8212;<\/p>\n\n\n\n<p><strong>Texto<\/strong>&nbsp;\u2013 Claudia do Valle \/ Implurb<\/p>\n\n\n\n<p><strong>Fotos<\/strong>&nbsp;\u2013 Phil Limma\/Semcom<\/p>\n","protected":false},"excerpt":{"rendered":"","protected":false},"author":52,"featured_media":220087,"comment_status":"closed","ping_status":"closed","sticky":false,"template":"","format":"standard","meta":{"footnotes":""},"categories":[2858],"tags":[856,458,77,8279],"acf":[],"yoast_head":"<!-- This site is optimized with the Yoast SEO plugin v23.0 - https:\/\/yoast.com\/wordpress\/plugins\/seo\/ -->\n<title>Prefeitura refor\u00e7a interdi\u00e7\u00e3o da praia da Ponta Negra durante feriado prolongado<\/title>\n<meta name=\"description\" content=\"Com o feriado prolongado e com a piora das condi\u00e7\u00f5es clim\u00e1ticas na capital, com a fuma\u00e7a encobrindo a cidade, a Prefeitura de Manaus.\" \/>\n<meta name=\"robots\" content=\"index, follow, max-snippet:-1, max-image-preview:large, max-video-preview:-1\" \/>\n<link rel=\"canonical\" href=\"https:\/\/www.manaus.am.gov.br\/semcom\/prefeitura-reforca-interdicao-da-praia-da-ponta-negra-durante-feriado-prolongado\/\" \/>\n<meta property=\"og:locale\" content=\"pt_BR\" \/>\n<meta property=\"og:type\" content=\"article\" \/>\n<meta property=\"og:title\" content=\"Prefeitura refor\u00e7a interdi\u00e7\u00e3o da praia da Ponta Negra durante feriado prolongado\" \/>\n<meta property=\"og:description\" content=\"Com o feriado prolongado e com a piora das condi\u00e7\u00f5es clim\u00e1ticas na capital, com a fuma\u00e7a encobrindo a cidade, a Prefeitura de Manaus.\" \/>\n<meta property=\"og:url\" content=\"https:\/\/www.manaus.am.gov.br\/semcom\/prefeitura-reforca-interdicao-da-praia-da-ponta-negra-durante-feriado-prolongado\/\" \/>\n<meta property=\"og:site_name\" content=\"SEMCOM\" \/>\n<meta property=\"article:published_time\" content=\"2023-10-13T18:02:48+00:00\" \/>\n<meta property=\"article:modified_time\" content=\"2023-10-13T18:02:49+00:00\" \/>\n<meta property=\"og:image\" content=\"https:\/\/www.manaus.am.gov.br\/semcom\/wp-content\/uploads\/sites\/5\/2023\/10\/53246548550_5f27abe852_c.jpg\" \/>\n\t<meta property=\"og:image:width\" content=\"799\" \/>\n\t<meta property=\"og:image:height\" content=\"533\" \/>\n\t<meta property=\"og:image:type\" content=\"image\/jpeg\" \/>\n<meta name=\"author\" content=\"csilveira\" \/>\n<meta name=\"twitter:card\" content=\"summary_large_image\" \/>\n<meta name=\"twitter:label1\" content=\"Written by\" \/>\n\t<meta name=\"twitter:data1\" content=\"csilveira\" \/>\n\t<meta name=\"twitter:label2\" content=\"Est. reading time\" \/>\n\t<meta name=\"twitter:data2\" content=\"4 minutos\" \/>\n<script type=\"application\/ld+json\" class=\"yoast-schema-graph\">{\"@context\":\"https:\/\/schema.org\",\"@graph\":[{\"@type\":\"WebPage\",\"@id\":\"https:\/\/www.manaus.am.gov.br\/semcom\/prefeitura-reforca-interdicao-da-praia-da-ponta-negra-durante-feriado-prolongado\/\",\"url\":\"https:\/\/www.manaus.am.gov.br\/semcom\/prefeitura-reforca-interdicao-da-praia-da-ponta-negra-durante-feriado-prolongado\/\",\"name\":\"Prefeitura refor\u00e7a interdi\u00e7\u00e3o da praia da Ponta Negra durante feriado prolongado\",\"isPartOf\":{\"@id\":\"https:\/\/www.manaus.am.gov.br\/semcom\/#website\"},\"primaryImageOfPage\":{\"@id\":\"https:\/\/www.manaus.am.gov.br\/semcom\/prefeitura-reforca-interdicao-da-praia-da-ponta-negra-durante-feriado-prolongado\/#primaryimage\"},\"image\":{\"@id\":\"https:\/\/www.manaus.am.gov.br\/semcom\/prefeitura-reforca-interdicao-da-praia-da-ponta-negra-durante-feriado-prolongado\/#primaryimage\"},\"thumbnailUrl\":\"https:\/\/www.manaus.am.gov.br\/semcom\/wp-content\/uploads\/sites\/5\/2023\/10\/53246548550_5f27abe852_c.jpg\",\"datePublished\":\"2023-10-13T18:02:48+00:00\",\"dateModified\":\"2023-10-13T18:02:49+00:00\",\"author\":{\"@id\":\"https:\/\/www.manaus.am.gov.br\/semcom\/#\/schema\/person\/bfafc779be2e19b3d3ef4a59d418b606\"},\"description\":\"Com o feriado prolongado e com a piora das condi\u00e7\u00f5es clim\u00e1ticas na capital, com a fuma\u00e7a encobrindo a cidade, a Prefeitura de Manaus.\",\"inLanguage\":\"pt-BR\",\"potentialAction\":[{\"@type\":\"ReadAction\",\"target\":[\"https:\/\/www.manaus.am.gov.br\/semcom\/prefeitura-reforca-interdicao-da-praia-da-ponta-negra-durante-feriado-prolongado\/\"]}]},{\"@type\":\"ImageObject\",\"inLanguage\":\"pt-BR\",\"@id\":\"https:\/\/www.manaus.am.gov.br\/semcom\/prefeitura-reforca-interdicao-da-praia-da-ponta-negra-durante-feriado-prolongado\/#primaryimage\",\"url\":\"https:\/\/www.manaus.am.gov.br\/semcom\/wp-content\/uploads\/sites\/5\/2023\/10\/53246548550_5f27abe852_c.jpg\",\"contentUrl\":\"https:\/\/www.manaus.am.gov.br\/semcom\/wp-content\/uploads\/sites\/5\/2023\/10\/53246548550_5f27abe852_c.jpg\",\"width\":799,\"height\":533},{\"@type\":\"WebSite\",\"@id\":\"https:\/\/www.manaus.am.gov.br\/semcom\/#website\",\"url\":\"https:\/\/www.manaus.am.gov.br\/semcom\/\",\"name\":\"SEMCOM\",\"description\":\"Secretaria Municipal de Comunica\u00e7\u00e3o\",\"potentialAction\":[{\"@type\":\"SearchAction\",\"target\":{\"@type\":\"EntryPoint\",\"urlTemplate\":\"https:\/\/www.manaus.am.gov.br\/semcom\/?s={search_term_string}\"},\"query-input\":\"required name=search_term_string\"}],\"inLanguage\":\"pt-BR\"},{\"@type\":\"Person\",\"@id\":\"https:\/\/www.manaus.am.gov.br\/semcom\/#\/schema\/person\/bfafc779be2e19b3d3ef4a59d418b606\",\"name\":\"csilveira\",\"image\":{\"@type\":\"ImageObject\",\"inLanguage\":\"pt-BR\",\"@id\":\"https:\/\/www.manaus.am.gov.br\/semcom\/#\/schema\/person\/image\/\",\"url\":\"https:\/\/secure.gravatar.com\/avatar\/9c2e2f00138fcd35401c748bd030d3b5?s=96&d=mm&r=g\",\"contentUrl\":\"https:\/\/secure.gravatar.com\/avatar\/9c2e2f00138fcd35401c748bd030d3b5?s=96&d=mm&r=g\",\"caption\":\"csilveira\"}}]}<\/script>\n<!-- \/ Yoast SEO plugin. -->","yoast_head_json":{"title":"Prefeitura refor\u00e7a interdi\u00e7\u00e3o da praia da Ponta Negra durante feriado prolongado","description":"Com o feriado prolongado e com a piora das condi\u00e7\u00f5es clim\u00e1ticas na capital, com a fuma\u00e7a encobrindo a cidade, a Prefeitura de Manaus.","robots":{"index":"index","follow":"follow","max-snippet":"max-snippet:-1","max-image-preview":"max-image-preview:large","max-video-preview":"max-video-preview:-1"},"canonical":"https:\/\/www.manaus.am.gov.br\/semcom\/prefeitura-reforca-interdicao-da-praia-da-ponta-negra-durante-feriado-prolongado\/","og_locale":"pt_BR","og_type":"article","og_title":"Prefeitura refor\u00e7a interdi\u00e7\u00e3o da praia da Ponta Negra durante feriado prolongado","og_description":"Com o feriado prolongado e com a piora das condi\u00e7\u00f5es clim\u00e1ticas na capital, com a fuma\u00e7a encobrindo a cidade, a Prefeitura de Manaus.","og_url":"https:\/\/www.manaus.am.gov.br\/semcom\/prefeitura-reforca-interdicao-da-praia-da-ponta-negra-durante-feriado-prolongado\/","og_site_name":"SEMCOM","article_published_time":"2023-10-13T18:02:48+00:00","article_modified_time":"2023-10-13T18:02:49+00:00","og_image":[{"width":799,"height":533,"url":"https:\/\/www.manaus.am.gov.br\/semcom\/wp-content\/uploads\/sites\/5\/2023\/10\/53246548550_5f27abe852_c.jpg","type":"image\/jpeg"}],"author":"csilveira","twitter_card":"summary_large_image","twitter_misc":{"Written by":"csilveira","Est. reading time":"4 minutos"},"schema":{"@context":"https:\/\/schema.org","@graph":[{"@type":"WebPage","@id":"https:\/\/www.manaus.am.gov.br\/semcom\/prefeitura-reforca-interdicao-da-praia-da-ponta-negra-durante-feriado-prolongado\/","url":"https:\/\/www.manaus.am.gov.br\/semcom\/prefeitura-reforca-interdicao-da-praia-da-ponta-negra-durante-feriado-prolongado\/","name":"Prefeitura refor\u00e7a interdi\u00e7\u00e3o da praia da Ponta Negra durante feriado prolongado","isPartOf":{"@id":"https:\/\/www.manaus.am.gov.br\/semcom\/#website"},"primaryImageOfPage":{"@id":"https:\/\/www.manaus.am.gov.br\/semcom\/prefeitura-reforca-interdicao-da-praia-da-ponta-negra-durante-feriado-prolongado\/#primaryimage"},"image":{"@id":"https:\/\/www.manaus.am.gov.br\/semcom\/prefeitura-reforca-interdicao-da-praia-da-ponta-negra-durante-feriado-prolongado\/#primaryimage"},"thumbnailUrl":"https:\/\/www.manaus.am.gov.br\/semcom\/wp-content\/uploads\/sites\/5\/2023\/10\/53246548550_5f27abe852_c.jpg","datePublished":"2023-10-13T18:02:48+00:00","dateModified":"2023-10-13T18:02:49+00:00","author":{"@id":"https:\/\/www.manaus.am.gov.br\/semcom\/#\/schema\/person\/bfafc779be2e19b3d3ef4a59d418b606"},"description":"Com o feriado prolongado e com a piora das condi\u00e7\u00f5es clim\u00e1ticas na capital, com a fuma\u00e7a encobrindo a cidade, a Prefeitura de Manaus.","inLanguage":"pt-BR","potentialAction":[{"@type":"ReadAction","target":["https:\/\/www.manaus.am.gov.br\/semcom\/prefeitura-reforca-interdicao-da-praia-da-ponta-negra-durante-feriado-prolongado\/"]}]},{"@type":"ImageObject","inLanguage":"pt-BR","@id":"https:\/\/www.manaus.am.gov.br\/semcom\/prefeitura-reforca-interdicao-da-praia-da-ponta-negra-durante-feriado-prolongado\/#primaryimage","url":"https:\/\/www.manaus.am.gov.br\/semcom\/wp-content\/uploads\/sites\/5\/2023\/10\/53246548550_5f27abe852_c.jpg","contentUrl":"https:\/\/www.manaus.am.gov.br\/semcom\/wp-content\/uploads\/sites\/5\/2023\/10\/53246548550_5f27abe852_c.jpg","width":799,"height":533},{"@type":"WebSite","@id":"https:\/\/www.manaus.am.gov.br\/semcom\/#website","url":"https:\/\/www.manaus.am.gov.br\/semcom\/","name":"SEMCOM","description":"Secretaria Municipal de Comunica\u00e7\u00e3o","potentialAction":[{"@type":"SearchAction","target":{"@type":"EntryPoint","urlTemplate":"https:\/\/www.manaus.am.gov.br\/semcom\/?s={search_term_string}"},"query-input":"required name=search_term_string"}],"inLanguage":"pt-BR"},{"@type":"Person","@id":"https:\/\/www.manaus.am.gov.br\/semcom\/#\/schema\/person\/bfafc779be2e19b3d3ef4a59d418b606","name":"csilveira","image":{"@type":"ImageObject","inLanguage":"pt-BR","@id":"https:\/\/www.manaus.am.gov.br\/semcom\/#\/schema\/person\/image\/","url":"https:\/\/secure.gravatar.com\/avatar\/9c2e2f00138fcd35401c748bd030d3b5?s=96&d=mm&r=g","contentUrl":"https:\/\/secure.gravatar.com\/avatar\/9c2e2f00138fcd35401c748bd030d3b5?s=96&d=mm&r=g","caption":"csilveira"}}]}},"_links":{"self":[{"href":"https:\/\/www.manaus.am.gov.br\/semcom\/wp-json\/wp\/v2\/posts\/220086"}],"collection":[{"href":"https:\/\/www.manaus.am.gov.br\/semcom\/wp-json\/wp\/v2\/posts"}],"about":[{"href":"https:\/\/www.manaus.am.gov.br\/semcom\/wp-json\/wp\/v2\/types\/post"}],"author":[{"embeddable":true,"href":"https:\/\/www.manaus.am.gov.br\/semcom\/wp-json\/wp\/v2\/users\/52"}],"replies":[{"embeddable":true,"href":"https:\/\/www.manaus.am.gov.br\/semcom\/wp-json\/wp\/v2\/comments?post=220086"}],"version-history":[{"count":0,"href":"https:\/\/www.manaus.am.gov.br\/semcom\/wp-json\/wp\/v2\/posts\/220086\/revisions"}],"wp:featuredmedia":[{"embeddable":true,"href":"https:\/\/www.manaus.am.gov.br\/semcom\/wp-json\/wp\/v2\/media\/220087"}],"wp:attachment":[{"href":"https:\/\/www.manaus.am.gov.br\/semcom\/wp-json\/wp\/v2\/media?parent=220086"}],"wp:term":[{"taxonomy":"category","embeddable":true,"href":"https:\/\/www.manaus.am.gov.br\/semcom\/wp-json\/wp\/v2\/categories?post=220086"},{"taxonomy":"post_tag","embeddable":true,"href":"https:\/\/www.manaus.am.gov.br\/semcom\/wp-json\/wp\/v2\/tags?post=220086"}],"curies":[{"name":"wp","href":"https:\/\/api.w.org\/{rel}","templated":true}]}}