{"id":219788,"date":"2023-10-06T17:56:54","date_gmt":"2023-10-06T20:56:54","guid":{"rendered":"https:\/\/www.manaus.am.gov.br\/semcom\/prefeitura-de-manaus-inicia-plantio-de-200-arvores-no-parque-amazonino-mendes\/"},"modified":"2023-11-22T16:00:02","modified_gmt":"2023-11-22T19:00:02","slug":"prefeitura-de-manaus-inicia-plantio-de-200-arvores-no-parque-amazonino-mendes","status":"publish","type":"post","link":"https:\/\/www.manaus.am.gov.br\/semcom\/prefeitura-de-manaus-inicia-plantio-de-200-arvores-no-parque-amazonino-mendes\/","title":{"rendered":"Prefeitura de Manaus inicia plantio de 200 \u00e1rvores no parque Amazonino Mendes"},"content":{"rendered":"\n<p>A Prefeitura de Manaus, por meio da Secretaria Municipal de Meio Ambiente e Sustentabilidade (Semmas), deu in\u00edcio aos trabalhos para o plantio de 200 \u00e1rvores no parque Amazonino Mendes, localizado no bairro Novo Aleixo, zona Norte.<\/p>\n\n\n\n<p>Nesta primeira etapa, foi realizada a marca\u00e7\u00e3o de canteiros e aberturas de covas para a a\u00e7\u00e3o de arboriza\u00e7\u00e3o no local, que deve ser inaugurado pelo prefeito David Almeida, em 24\/10, data do anivers\u00e1rio de Manaus.<\/p>\n\n\n\n<p>A \u00e1rea que ser\u00e1 arborizada \u00e9 a primeira etapa do parque Amazonino Mendes, que \u00e9 linear, \u00e0s margens do Igarap\u00e9 do Mindu, e as mudas s\u00e3o de esp\u00e9cies nativas da regi\u00e3o apropriadas para esse tipo de local e tamb\u00e9m por proporcionarem sombreamento para as \u00e1reas de uso da popula\u00e7\u00e3o.<\/p>\n\n\n\n<p>No local, tamb\u00e9m ser\u00e3o plantadas esp\u00e9cies frut\u00edferas, sendo um atrativo para a fauna local. Devido \u00e0 alta compacta\u00e7\u00e3o do solo, est\u00e3o sendo abertas covas maiores, medindo 80cm x 80cm x 100cm, com o objetivo de garantir o sucesso do plantio.<\/p>\n\n\n\n<p>O diretor de Arboriza\u00e7\u00e3o da Semmas, Deyvson Braga, afirma que a arboriza\u00e7\u00e3o de espa\u00e7os p\u00fablicos \u00e9 muito importante. \u201cAs \u00e1rvores neste local oferecer\u00e3o maior conforto t\u00e9rmico para os visitantes, sombreamento e outros servi\u00e7os ambientais\u201d, afirmou o diretor.<\/p>\n\n\n\n<p>A Semmas realiza o plantio de \u00e1rvores em Manaus ao longo de todo ano, al\u00e9m de outros servi\u00e7os, como manuten\u00e7\u00e3o e monitoramento da arboriza\u00e7\u00e3o em \u00e1reas p\u00fablicas da cidade.<\/p>\n\n\n\n<p>Por meio do programa Manaus Verde, da Prefeitura de Manaus, nos \u00faltimos 2 anos e 9 meses desta gest\u00e3o foram doadas 119.558 mudas de plantas, em 102 a\u00e7\u00f5es. Al\u00e9m disso, a Prefeitura de Manaus produziu um n\u00famero recorde de pelo menos 185 mil mudas, um trabalho dos pr\u00f3prios servidores da administra\u00e7\u00e3o.<\/p>\n\n\n\n<p>O Programa de Arboriza\u00e7\u00e3o e Conserva\u00e7\u00e3o Florestal Manaus Verde visa a melhoria da cobertura vegetal no munic\u00edpio de Manaus, por meio de a\u00e7\u00f5es de arboriza\u00e7\u00e3o em logradouros p\u00fablicos.<\/p>\n\n\n\n<p>&#8212; &#8212; &#8212;&nbsp;<\/p>\n\n\n\n<p><strong>Texto &#8211;\u00a0<\/strong>Taianna Castro \/ Semmas<br><strong>Fotos &#8211;\u00a0<\/strong>Deyvson Braga \/ Semmas<\/p>\n","protected":false},"excerpt":{"rendered":"","protected":false},"author":31,"featured_media":219789,"comment_status":"closed","ping_status":"closed","sticky":false,"template":"","format":"standard","meta":{"footnotes":""},"categories":[3878],"tags":[7007,3711,8384],"acf":[],"yoast_head":"<!-- This site is optimized with the Yoast SEO plugin v23.0 - https:\/\/yoast.com\/wordpress\/plugins\/seo\/ -->\n<title>Prefeitura de Manaus inicia plantio de 200 \u00e1rvores no parque Amazonino Mendes - SEMCOM<\/title>\n<meta name=\"robots\" content=\"index, follow, max-snippet:-1, max-image-preview:large, max-video-preview:-1\" \/>\n<link rel=\"canonical\" href=\"https:\/\/www.manaus.am.gov.br\/semcom\/prefeitura-de-manaus-inicia-plantio-de-200-arvores-no-parque-amazonino-mendes\/\" \/>\n<meta property=\"og:locale\" content=\"pt_BR\" \/>\n<meta property=\"og:type\" content=\"article\" \/>\n<meta property=\"og:title\" content=\"Prefeitura de Manaus inicia plantio de 200 \u00e1rvores no parque Amazonino Mendes - SEMCOM\" \/>\n<meta property=\"og:url\" content=\"https:\/\/www.manaus.am.gov.br\/semcom\/prefeitura-de-manaus-inicia-plantio-de-200-arvores-no-parque-amazonino-mendes\/\" \/>\n<meta property=\"og:site_name\" content=\"SEMCOM\" \/>\n<meta property=\"article:published_time\" content=\"2023-10-06T20:56:54+00:00\" \/>\n<meta property=\"article:modified_time\" content=\"2023-11-22T19:00:02+00:00\" \/>\n<meta property=\"og:image\" content=\"https:\/\/www.manaus.am.gov.br\/semcom\/wp-content\/uploads\/sites\/5\/2023\/10\/WhatsApp-Image-2023-10-05-at-10.33.211.jpeg\" \/>\n\t<meta property=\"og:image:width\" content=\"1600\" \/>\n\t<meta property=\"og:image:height\" content=\"1200\" \/>\n\t<meta property=\"og:image:type\" content=\"image\/jpeg\" \/>\n<meta name=\"author\" content=\"Renata Felix\" \/>\n<meta name=\"twitter:card\" content=\"summary_large_image\" \/>\n<meta name=\"twitter:label1\" content=\"Written by\" \/>\n\t<meta name=\"twitter:data1\" content=\"Renata Felix\" \/>\n\t<meta name=\"twitter:label2\" content=\"Est. reading time\" \/>\n\t<meta name=\"twitter:data2\" content=\"2 minutos\" \/>\n<script type=\"application\/ld+json\" class=\"yoast-schema-graph\">{\"@context\":\"https:\/\/schema.org\",\"@graph\":[{\"@type\":\"WebPage\",\"@id\":\"https:\/\/www.manaus.am.gov.br\/semcom\/prefeitura-de-manaus-inicia-plantio-de-200-arvores-no-parque-amazonino-mendes\/\",\"url\":\"https:\/\/www.manaus.am.gov.br\/semcom\/prefeitura-de-manaus-inicia-plantio-de-200-arvores-no-parque-amazonino-mendes\/\",\"name\":\"Prefeitura de Manaus inicia plantio de 200 \u00e1rvores no parque Amazonino Mendes - SEMCOM\",\"isPartOf\":{\"@id\":\"https:\/\/www.manaus.am.gov.br\/semcom\/#website\"},\"primaryImageOfPage\":{\"@id\":\"https:\/\/www.manaus.am.gov.br\/semcom\/prefeitura-de-manaus-inicia-plantio-de-200-arvores-no-parque-amazonino-mendes\/#primaryimage\"},\"image\":{\"@id\":\"https:\/\/www.manaus.am.gov.br\/semcom\/prefeitura-de-manaus-inicia-plantio-de-200-arvores-no-parque-amazonino-mendes\/#primaryimage\"},\"thumbnailUrl\":\"https:\/\/www.manaus.am.gov.br\/semcom\/wp-content\/uploads\/sites\/5\/2023\/10\/WhatsApp-Image-2023-10-05-at-10.33.211.jpeg\",\"datePublished\":\"2023-10-06T20:56:54+00:00\",\"dateModified\":\"2023-11-22T19:00:02+00:00\",\"author\":{\"@id\":\"https:\/\/www.manaus.am.gov.br\/semcom\/#\/schema\/person\/4eea2a8f78dc853097abb026f728aa06\"},\"inLanguage\":\"pt-BR\",\"potentialAction\":[{\"@type\":\"ReadAction\",\"target\":[\"https:\/\/www.manaus.am.gov.br\/semcom\/prefeitura-de-manaus-inicia-plantio-de-200-arvores-no-parque-amazonino-mendes\/\"]}]},{\"@type\":\"ImageObject\",\"inLanguage\":\"pt-BR\",\"@id\":\"https:\/\/www.manaus.am.gov.br\/semcom\/prefeitura-de-manaus-inicia-plantio-de-200-arvores-no-parque-amazonino-mendes\/#primaryimage\",\"url\":\"https:\/\/www.manaus.am.gov.br\/semcom\/wp-content\/uploads\/sites\/5\/2023\/10\/WhatsApp-Image-2023-10-05-at-10.33.211.jpeg\",\"contentUrl\":\"https:\/\/www.manaus.am.gov.br\/semcom\/wp-content\/uploads\/sites\/5\/2023\/10\/WhatsApp-Image-2023-10-05-at-10.33.211.jpeg\",\"width\":1600,\"height\":1200},{\"@type\":\"WebSite\",\"@id\":\"https:\/\/www.manaus.am.gov.br\/semcom\/#website\",\"url\":\"https:\/\/www.manaus.am.gov.br\/semcom\/\",\"name\":\"SEMCOM\",\"description\":\"Secretaria Municipal de Comunica\u00e7\u00e3o\",\"potentialAction\":[{\"@type\":\"SearchAction\",\"target\":{\"@type\":\"EntryPoint\",\"urlTemplate\":\"https:\/\/www.manaus.am.gov.br\/semcom\/?s={search_term_string}\"},\"query-input\":\"required name=search_term_string\"}],\"inLanguage\":\"pt-BR\"},{\"@type\":\"Person\",\"@id\":\"https:\/\/www.manaus.am.gov.br\/semcom\/#\/schema\/person\/4eea2a8f78dc853097abb026f728aa06\",\"name\":\"Renata Felix\",\"image\":{\"@type\":\"ImageObject\",\"inLanguage\":\"pt-BR\",\"@id\":\"https:\/\/www.manaus.am.gov.br\/semcom\/#\/schema\/person\/image\/\",\"url\":\"https:\/\/secure.gravatar.com\/avatar\/3c196cf9d3b837b24c8edb2c50fd8f29?s=96&d=mm&r=g\",\"contentUrl\":\"https:\/\/secure.gravatar.com\/avatar\/3c196cf9d3b837b24c8edb2c50fd8f29?s=96&d=mm&r=g\",\"caption\":\"Renata Felix\"}}]}<\/script>\n<!-- \/ Yoast SEO plugin. -->","yoast_head_json":{"title":"Prefeitura de Manaus inicia plantio de 200 \u00e1rvores no parque Amazonino Mendes - SEMCOM","robots":{"index":"index","follow":"follow","max-snippet":"max-snippet:-1","max-image-preview":"max-image-preview:large","max-video-preview":"max-video-preview:-1"},"canonical":"https:\/\/www.manaus.am.gov.br\/semcom\/prefeitura-de-manaus-inicia-plantio-de-200-arvores-no-parque-amazonino-mendes\/","og_locale":"pt_BR","og_type":"article","og_title":"Prefeitura de Manaus inicia plantio de 200 \u00e1rvores no parque Amazonino Mendes - SEMCOM","og_url":"https:\/\/www.manaus.am.gov.br\/semcom\/prefeitura-de-manaus-inicia-plantio-de-200-arvores-no-parque-amazonino-mendes\/","og_site_name":"SEMCOM","article_published_time":"2023-10-06T20:56:54+00:00","article_modified_time":"2023-11-22T19:00:02+00:00","og_image":[{"width":1600,"height":1200,"url":"https:\/\/www.manaus.am.gov.br\/semcom\/wp-content\/uploads\/sites\/5\/2023\/10\/WhatsApp-Image-2023-10-05-at-10.33.211.jpeg","type":"image\/jpeg"}],"author":"Renata Felix","twitter_card":"summary_large_image","twitter_misc":{"Written by":"Renata Felix","Est. reading time":"2 minutos"},"schema":{"@context":"https:\/\/schema.org","@graph":[{"@type":"WebPage","@id":"https:\/\/www.manaus.am.gov.br\/semcom\/prefeitura-de-manaus-inicia-plantio-de-200-arvores-no-parque-amazonino-mendes\/","url":"https:\/\/www.manaus.am.gov.br\/semcom\/prefeitura-de-manaus-inicia-plantio-de-200-arvores-no-parque-amazonino-mendes\/","name":"Prefeitura de Manaus inicia plantio de 200 \u00e1rvores no parque Amazonino Mendes - SEMCOM","isPartOf":{"@id":"https:\/\/www.manaus.am.gov.br\/semcom\/#website"},"primaryImageOfPage":{"@id":"https:\/\/www.manaus.am.gov.br\/semcom\/prefeitura-de-manaus-inicia-plantio-de-200-arvores-no-parque-amazonino-mendes\/#primaryimage"},"image":{"@id":"https:\/\/www.manaus.am.gov.br\/semcom\/prefeitura-de-manaus-inicia-plantio-de-200-arvores-no-parque-amazonino-mendes\/#primaryimage"},"thumbnailUrl":"https:\/\/www.manaus.am.gov.br\/semcom\/wp-content\/uploads\/sites\/5\/2023\/10\/WhatsApp-Image-2023-10-05-at-10.33.211.jpeg","datePublished":"2023-10-06T20:56:54+00:00","dateModified":"2023-11-22T19:00:02+00:00","author":{"@id":"https:\/\/www.manaus.am.gov.br\/semcom\/#\/schema\/person\/4eea2a8f78dc853097abb026f728aa06"},"inLanguage":"pt-BR","potentialAction":[{"@type":"ReadAction","target":["https:\/\/www.manaus.am.gov.br\/semcom\/prefeitura-de-manaus-inicia-plantio-de-200-arvores-no-parque-amazonino-mendes\/"]}]},{"@type":"ImageObject","inLanguage":"pt-BR","@id":"https:\/\/www.manaus.am.gov.br\/semcom\/prefeitura-de-manaus-inicia-plantio-de-200-arvores-no-parque-amazonino-mendes\/#primaryimage","url":"https:\/\/www.manaus.am.gov.br\/semcom\/wp-content\/uploads\/sites\/5\/2023\/10\/WhatsApp-Image-2023-10-05-at-10.33.211.jpeg","contentUrl":"https:\/\/www.manaus.am.gov.br\/semcom\/wp-content\/uploads\/sites\/5\/2023\/10\/WhatsApp-Image-2023-10-05-at-10.33.211.jpeg","width":1600,"height":1200},{"@type":"WebSite","@id":"https:\/\/www.manaus.am.gov.br\/semcom\/#website","url":"https:\/\/www.manaus.am.gov.br\/semcom\/","name":"SEMCOM","description":"Secretaria Municipal de Comunica\u00e7\u00e3o","potentialAction":[{"@type":"SearchAction","target":{"@type":"EntryPoint","urlTemplate":"https:\/\/www.manaus.am.gov.br\/semcom\/?s={search_term_string}"},"query-input":"required name=search_term_string"}],"inLanguage":"pt-BR"},{"@type":"Person","@id":"https:\/\/www.manaus.am.gov.br\/semcom\/#\/schema\/person\/4eea2a8f78dc853097abb026f728aa06","name":"Renata Felix","image":{"@type":"ImageObject","inLanguage":"pt-BR","@id":"https:\/\/www.manaus.am.gov.br\/semcom\/#\/schema\/person\/image\/","url":"https:\/\/secure.gravatar.com\/avatar\/3c196cf9d3b837b24c8edb2c50fd8f29?s=96&d=mm&r=g","contentUrl":"https:\/\/secure.gravatar.com\/avatar\/3c196cf9d3b837b24c8edb2c50fd8f29?s=96&d=mm&r=g","caption":"Renata Felix"}}]}},"_links":{"self":[{"href":"https:\/\/www.manaus.am.gov.br\/semcom\/wp-json\/wp\/v2\/posts\/219788"}],"collection":[{"href":"https:\/\/www.manaus.am.gov.br\/semcom\/wp-json\/wp\/v2\/posts"}],"about":[{"href":"https:\/\/www.manaus.am.gov.br\/semcom\/wp-json\/wp\/v2\/types\/post"}],"author":[{"embeddable":true,"href":"https:\/\/www.manaus.am.gov.br\/semcom\/wp-json\/wp\/v2\/users\/31"}],"replies":[{"embeddable":true,"href":"https:\/\/www.manaus.am.gov.br\/semcom\/wp-json\/wp\/v2\/comments?post=219788"}],"version-history":[{"count":1,"href":"https:\/\/www.manaus.am.gov.br\/semcom\/wp-json\/wp\/v2\/posts\/219788\/revisions"}],"predecessor-version":[{"id":221526,"href":"https:\/\/www.manaus.am.gov.br\/semcom\/wp-json\/wp\/v2\/posts\/219788\/revisions\/221526"}],"wp:featuredmedia":[{"embeddable":true,"href":"https:\/\/www.manaus.am.gov.br\/semcom\/wp-json\/wp\/v2\/media\/219789"}],"wp:attachment":[{"href":"https:\/\/www.manaus.am.gov.br\/semcom\/wp-json\/wp\/v2\/media?parent=219788"}],"wp:term":[{"taxonomy":"category","embeddable":true,"href":"https:\/\/www.manaus.am.gov.br\/semcom\/wp-json\/wp\/v2\/categories?post=219788"},{"taxonomy":"post_tag","embeddable":true,"href":"https:\/\/www.manaus.am.gov.br\/semcom\/wp-json\/wp\/v2\/tags?post=219788"}],"curies":[{"name":"wp","href":"https:\/\/api.w.org\/{rel}","templated":true}]}}