{"id":219688,"date":"2023-10-04T16:14:54","date_gmt":"2023-10-04T19:14:54","guid":{"rendered":"https:\/\/www.manaus.am.gov.br\/semcom\/prefeito-enfatiza-importancia-da-ajuda-do-governo-federal-para-reduzir-danos-causados-pela-seca-historica\/"},"modified":"2023-10-04T16:16:51","modified_gmt":"2023-10-04T19:16:51","slug":"prefeito-enfatiza-importancia-da-ajuda-do-governo-federal-para-reduzir-danos-causados-pela-seca-historica","status":"publish","type":"post","link":"https:\/\/www.manaus.am.gov.br\/semcom\/prefeito-enfatiza-importancia-da-ajuda-do-governo-federal-para-reduzir-danos-causados-pela-seca-historica\/","title":{"rendered":"<strong>Prefeito enfatiza import\u00e2ncia da ajuda do governo federal para reduzir danos causados pela seca hist\u00f3rica<\/strong>"},"content":{"rendered":"\n<p>O prefeito de Manaus, David Almeida, participou, nesta quarta-feira, 4\/10, da comitiva formada pelo vice-presidente da Rep\u00fablica e ministro do Desenvolvimento, Ind\u00fastria, Com\u00e9rcio e Servi\u00e7os (Mdic), Geraldo Alckmin, parlamentares do Amazonas e o governador do Estado, Wilson Lima, que deram in\u00edcio a nova etapa da opera\u00e7\u00e3o \u201cEstiagem Amazonas\u201d, que busca minimizar os danos causados pela vazante hist\u00f3rica que atinge o Estado.<\/p>\n\n\n\n<p>Para David Almeida, a iniciativa \u00e9 fundamental, uma vez que muitas comunidades ribeirinhas est\u00e3o isoladas devido \u00e0 baixa dos rios. \u201cA comitiva, capitaneada pelo vice-presidente, viu a realidade da vida do povo do Amazonas, onde as pessoas vivem diferente do restante do Brasil. As nossas estradas s\u00e3o os nossos rios e infelizmente, nesse momento, muitos deles secaram e isso tem trazido muitas dificuldades. Mas, \u00e9 bom saber que a presen\u00e7a deles nos traz uma esperan\u00e7a, que a m\u00e3o amiga do governo federal est\u00e1 estendida\u201d, afirmou Almeida.<\/p>\n\n\n\n<p>Durante a manh\u00e3, a comitiva esteve no porto de Manaus, localizado no Centro, zona Sul, para conferir a medi\u00e7\u00e3o do rio Negro, que atingiu a cota de 15,02 metros. Em seguida, eles sobrevoaram as comunidades no entorno da capital amazonense, para verem de perto a realidade enfrentada pela popula\u00e7\u00e3o ribeirinha.<\/p>\n\n\n\n<p>Para finalizar a agenda, David Almeida participou da reuni\u00e3o realizada na sede do governo do Amazonas, no bairro Compensa, zona Oeste.&nbsp;<\/p>\n\n\n\n<p>\u201cO Amazonas, Manaus e os munic\u00edpios do interior estavam aguardando a presen\u00e7a dessa comitiva, porque n\u00f3s estamos vivendo, talvez, um dos momentos mais dif\u00edceis da hist\u00f3ria do nosso Estado, uma das maiores estiagens da nossa hist\u00f3ria, e n\u00f3s queremos poder contar com a ajuda do governo federal\u201d, concluiu o prefeito.<\/p>\n\n\n\n<p>Participaram da comitiva os ministros de Estado da Defesa, Jos\u00e9 M\u00facio; de Estado de Portos e Aeroportos, Silvio Costa; de Estado de Minas e Energia, Alexandre Silveira; do Meio Ambiente, Marina Silva; do Desenvolvimento Regional, Waldez G\u00f3es; de Estado do Desenvolvimento Agr\u00e1rio e Agricultura Familiar, Fernanda Mour\u00e3o; de Estado da Pesca e Aquicultura, Andr\u00e9 Carlos Alves; de Estado dos Povos Ind\u00edgenas, S\u00f4nia Guajajara; e o secret\u00e1rio nacional da Defesa Civil, Wolnei Wolff.<\/p>\n\n\n\n<p><strong>BR-319<\/strong><\/p>\n\n\n\n<p>Entre os assuntos discutidos durante a reuni\u00e3o, a recupera\u00e7\u00e3o da BR-319, rodovia federal que liga Manaus a Porto Velho (RO), ganhou destaque. Para o vice-presidente Geraldo Alckmin, \u00e9 necess\u00e1rio discutir o assunto, visto que a rodovia seria uma alternativa para a regi\u00e3o durante crises como a enfrentada com a vazante. Por isso, anunciou a cria\u00e7\u00e3o de um grupo de trabalho para realizar os estudos necess\u00e1rios para pavimentar a importante via.<\/p>\n\n\n\n<p>\u201cA BR-319 tem um trecho j\u00e1 pavimentado, o trecho inicial, sai aqui de Manaus em dire\u00e7\u00e3o a Porto Velho e est\u00e1 inclu\u00edda no PAC. Falei ontem, antes de vir para c\u00e1, com o ministro dos Transportes, o Renan Filho. Ele criou um grupo de trabalho para que possa analisar, fazer a pavimenta\u00e7\u00e3o e as obras necess\u00e1rias dentro de um conceito de rodovia-parque e com todos os cuidados ambientais\u201d, afirmou.<\/p>\n\n\n\n<p>&#8212; &#8212; &#8212;<\/p>\n\n\n\n<p><strong>Texto&nbsp;<\/strong>\u2013 Thiago Fernando \/ Semcom<\/p>\n\n\n\n<p><strong>Fotos \u2013 <\/strong>Dhyeizo Lemos \/ Semcom<\/p>\n\n\n\n<p><strong>Dispon\u00edveis em &#8211; <\/strong><a href=\"https:\/\/flic.kr\/s\/aHBqjAXd8Y\">https:\/\/flic.kr\/s\/aHBqjAXd8Y<\/a><\/p>\n","protected":false},"excerpt":{"rendered":"","protected":false},"author":39,"featured_media":219689,"comment_status":"closed","ping_status":"closed","sticky":false,"template":"","format":"standard","meta":{"footnotes":""},"categories":[2858],"tags":[8311,35,8312,8313,709,77,8314,8315],"acf":[],"yoast_head":"<!-- This site is optimized with the Yoast SEO plugin v23.0 - https:\/\/yoast.com\/wordpress\/plugins\/seo\/ -->\n<title>Prefeito enfatiza import\u00e2ncia da ajuda do governo federal para reduzir danos causados pela seca hist\u00f3rica<\/title>\n<meta name=\"description\" content=\"O prefeito de Manaus, David Almeida, participou, nesta quarta-feira, 4\/10, da comitiva formada pelo vice-presidente da Rep\u00fablica e ministro do Desenvolvimento, Ind\u00fastria, Com\u00e9rcio e Servi\u00e7os (Mdic), Geraldo Alckmin, parlamentares do Amazonas e o governador do Estado, Wilson Lima, que deram in\u00edcio a nova etapa da opera\u00e7\u00e3o \u201cEstiagem Amazonas\u201d, que busca minimizar os danos causados pela vazante hist\u00f3rica que atinge o Estado.\" \/>\n<meta name=\"robots\" content=\"index, follow, max-snippet:-1, max-image-preview:large, max-video-preview:-1\" \/>\n<link rel=\"canonical\" href=\"https:\/\/www.manaus.am.gov.br\/semcom\/prefeito-enfatiza-importancia-da-ajuda-do-governo-federal-para-reduzir-danos-causados-pela-seca-historica\/\" \/>\n<meta property=\"og:locale\" content=\"pt_BR\" \/>\n<meta property=\"og:type\" content=\"article\" \/>\n<meta property=\"og:title\" content=\"Prefeito enfatiza import\u00e2ncia da ajuda do governo federal para reduzir danos causados pela seca hist\u00f3rica\" \/>\n<meta property=\"og:description\" content=\"O prefeito de Manaus, David Almeida, participou, nesta quarta-feira, 4\/10, da comitiva formada pelo vice-presidente da Rep\u00fablica e ministro do Desenvolvimento, Ind\u00fastria, Com\u00e9rcio e Servi\u00e7os (Mdic), Geraldo Alckmin, parlamentares do Amazonas e o governador do Estado, Wilson Lima, que deram in\u00edcio a nova etapa da opera\u00e7\u00e3o \u201cEstiagem Amazonas\u201d, que busca minimizar os danos causados pela vazante hist\u00f3rica que atinge o Estado.\" \/>\n<meta property=\"og:url\" content=\"https:\/\/www.manaus.am.gov.br\/semcom\/prefeito-enfatiza-importancia-da-ajuda-do-governo-federal-para-reduzir-danos-causados-pela-seca-historica\/\" \/>\n<meta property=\"og:site_name\" content=\"SEMCOM\" \/>\n<meta property=\"article:published_time\" content=\"2023-10-04T19:14:54+00:00\" \/>\n<meta property=\"article:modified_time\" content=\"2023-10-04T19:16:51+00:00\" \/>\n<meta property=\"og:image\" content=\"https:\/\/www.manaus.am.gov.br\/semcom\/wp-content\/uploads\/sites\/5\/2023\/10\/53234740820_c223a19a3f_k.jpg\" \/>\n\t<meta property=\"og:image:width\" content=\"2047\" \/>\n\t<meta property=\"og:image:height\" content=\"1365\" \/>\n\t<meta property=\"og:image:type\" content=\"image\/jpeg\" \/>\n<meta name=\"author\" content=\"Bruna Greco\" \/>\n<meta name=\"twitter:card\" content=\"summary_large_image\" \/>\n<meta name=\"twitter:label1\" content=\"Written by\" \/>\n\t<meta name=\"twitter:data1\" content=\"Bruna Greco\" \/>\n\t<meta name=\"twitter:label2\" content=\"Est. reading time\" \/>\n\t<meta name=\"twitter:data2\" content=\"3 minutos\" \/>\n<script type=\"application\/ld+json\" class=\"yoast-schema-graph\">{\"@context\":\"https:\/\/schema.org\",\"@graph\":[{\"@type\":\"WebPage\",\"@id\":\"https:\/\/www.manaus.am.gov.br\/semcom\/prefeito-enfatiza-importancia-da-ajuda-do-governo-federal-para-reduzir-danos-causados-pela-seca-historica\/\",\"url\":\"https:\/\/www.manaus.am.gov.br\/semcom\/prefeito-enfatiza-importancia-da-ajuda-do-governo-federal-para-reduzir-danos-causados-pela-seca-historica\/\",\"name\":\"Prefeito enfatiza import\u00e2ncia da ajuda do governo federal para reduzir danos causados pela seca hist\u00f3rica\",\"isPartOf\":{\"@id\":\"https:\/\/www.manaus.am.gov.br\/semcom\/#website\"},\"primaryImageOfPage\":{\"@id\":\"https:\/\/www.manaus.am.gov.br\/semcom\/prefeito-enfatiza-importancia-da-ajuda-do-governo-federal-para-reduzir-danos-causados-pela-seca-historica\/#primaryimage\"},\"image\":{\"@id\":\"https:\/\/www.manaus.am.gov.br\/semcom\/prefeito-enfatiza-importancia-da-ajuda-do-governo-federal-para-reduzir-danos-causados-pela-seca-historica\/#primaryimage\"},\"thumbnailUrl\":\"https:\/\/www.manaus.am.gov.br\/semcom\/wp-content\/uploads\/sites\/5\/2023\/10\/53234740820_c223a19a3f_k.jpg\",\"datePublished\":\"2023-10-04T19:14:54+00:00\",\"dateModified\":\"2023-10-04T19:16:51+00:00\",\"author\":{\"@id\":\"https:\/\/www.manaus.am.gov.br\/semcom\/#\/schema\/person\/05d223aea2bf115f9883a6ff3683d81b\"},\"description\":\"O prefeito de Manaus, David Almeida, participou, nesta quarta-feira, 4\/10, da comitiva formada pelo vice-presidente da Rep\u00fablica e ministro do Desenvolvimento, Ind\u00fastria, Com\u00e9rcio e Servi\u00e7os (Mdic), Geraldo Alckmin, parlamentares do Amazonas e o governador do Estado, Wilson Lima, que deram in\u00edcio a nova etapa da opera\u00e7\u00e3o \u201cEstiagem Amazonas\u201d, que busca minimizar os danos causados pela vazante hist\u00f3rica que atinge o Estado.\",\"inLanguage\":\"pt-BR\",\"potentialAction\":[{\"@type\":\"ReadAction\",\"target\":[\"https:\/\/www.manaus.am.gov.br\/semcom\/prefeito-enfatiza-importancia-da-ajuda-do-governo-federal-para-reduzir-danos-causados-pela-seca-historica\/\"]}]},{\"@type\":\"ImageObject\",\"inLanguage\":\"pt-BR\",\"@id\":\"https:\/\/www.manaus.am.gov.br\/semcom\/prefeito-enfatiza-importancia-da-ajuda-do-governo-federal-para-reduzir-danos-causados-pela-seca-historica\/#primaryimage\",\"url\":\"https:\/\/www.manaus.am.gov.br\/semcom\/wp-content\/uploads\/sites\/5\/2023\/10\/53234740820_c223a19a3f_k.jpg\",\"contentUrl\":\"https:\/\/www.manaus.am.gov.br\/semcom\/wp-content\/uploads\/sites\/5\/2023\/10\/53234740820_c223a19a3f_k.jpg\",\"width\":2047,\"height\":1365},{\"@type\":\"WebSite\",\"@id\":\"https:\/\/www.manaus.am.gov.br\/semcom\/#website\",\"url\":\"https:\/\/www.manaus.am.gov.br\/semcom\/\",\"name\":\"SEMCOM\",\"description\":\"Secretaria Municipal de Comunica\u00e7\u00e3o\",\"potentialAction\":[{\"@type\":\"SearchAction\",\"target\":{\"@type\":\"EntryPoint\",\"urlTemplate\":\"https:\/\/www.manaus.am.gov.br\/semcom\/?s={search_term_string}\"},\"query-input\":\"required name=search_term_string\"}],\"inLanguage\":\"pt-BR\"},{\"@type\":\"Person\",\"@id\":\"https:\/\/www.manaus.am.gov.br\/semcom\/#\/schema\/person\/05d223aea2bf115f9883a6ff3683d81b\",\"name\":\"Bruna Greco\",\"image\":{\"@type\":\"ImageObject\",\"inLanguage\":\"pt-BR\",\"@id\":\"https:\/\/www.manaus.am.gov.br\/semcom\/#\/schema\/person\/image\/\",\"url\":\"https:\/\/secure.gravatar.com\/avatar\/9c877d1a6adc2a055330e5c09a8653ce?s=96&d=mm&r=g\",\"contentUrl\":\"https:\/\/secure.gravatar.com\/avatar\/9c877d1a6adc2a055330e5c09a8653ce?s=96&d=mm&r=g\",\"caption\":\"Bruna Greco\"}}]}<\/script>\n<!-- \/ Yoast SEO plugin. -->","yoast_head_json":{"title":"Prefeito enfatiza import\u00e2ncia da ajuda do governo federal para reduzir danos causados pela seca hist\u00f3rica","description":"O prefeito de Manaus, David Almeida, participou, nesta quarta-feira, 4\/10, da comitiva formada pelo vice-presidente da Rep\u00fablica e ministro do Desenvolvimento, Ind\u00fastria, Com\u00e9rcio e Servi\u00e7os (Mdic), Geraldo Alckmin, parlamentares do Amazonas e o governador do Estado, Wilson Lima, que deram in\u00edcio a nova etapa da opera\u00e7\u00e3o \u201cEstiagem Amazonas\u201d, que busca minimizar os danos causados pela vazante hist\u00f3rica que atinge o Estado.","robots":{"index":"index","follow":"follow","max-snippet":"max-snippet:-1","max-image-preview":"max-image-preview:large","max-video-preview":"max-video-preview:-1"},"canonical":"https:\/\/www.manaus.am.gov.br\/semcom\/prefeito-enfatiza-importancia-da-ajuda-do-governo-federal-para-reduzir-danos-causados-pela-seca-historica\/","og_locale":"pt_BR","og_type":"article","og_title":"Prefeito enfatiza import\u00e2ncia da ajuda do governo federal para reduzir danos causados pela seca hist\u00f3rica","og_description":"O prefeito de Manaus, David Almeida, participou, nesta quarta-feira, 4\/10, da comitiva formada pelo vice-presidente da Rep\u00fablica e ministro do Desenvolvimento, Ind\u00fastria, Com\u00e9rcio e Servi\u00e7os (Mdic), Geraldo Alckmin, parlamentares do Amazonas e o governador do Estado, Wilson Lima, que deram in\u00edcio a nova etapa da opera\u00e7\u00e3o \u201cEstiagem Amazonas\u201d, que busca minimizar os danos causados pela vazante hist\u00f3rica que atinge o Estado.","og_url":"https:\/\/www.manaus.am.gov.br\/semcom\/prefeito-enfatiza-importancia-da-ajuda-do-governo-federal-para-reduzir-danos-causados-pela-seca-historica\/","og_site_name":"SEMCOM","article_published_time":"2023-10-04T19:14:54+00:00","article_modified_time":"2023-10-04T19:16:51+00:00","og_image":[{"width":2047,"height":1365,"url":"https:\/\/www.manaus.am.gov.br\/semcom\/wp-content\/uploads\/sites\/5\/2023\/10\/53234740820_c223a19a3f_k.jpg","type":"image\/jpeg"}],"author":"Bruna Greco","twitter_card":"summary_large_image","twitter_misc":{"Written by":"Bruna Greco","Est. reading time":"3 minutos"},"schema":{"@context":"https:\/\/schema.org","@graph":[{"@type":"WebPage","@id":"https:\/\/www.manaus.am.gov.br\/semcom\/prefeito-enfatiza-importancia-da-ajuda-do-governo-federal-para-reduzir-danos-causados-pela-seca-historica\/","url":"https:\/\/www.manaus.am.gov.br\/semcom\/prefeito-enfatiza-importancia-da-ajuda-do-governo-federal-para-reduzir-danos-causados-pela-seca-historica\/","name":"Prefeito enfatiza import\u00e2ncia da ajuda do governo federal para reduzir danos causados pela seca hist\u00f3rica","isPartOf":{"@id":"https:\/\/www.manaus.am.gov.br\/semcom\/#website"},"primaryImageOfPage":{"@id":"https:\/\/www.manaus.am.gov.br\/semcom\/prefeito-enfatiza-importancia-da-ajuda-do-governo-federal-para-reduzir-danos-causados-pela-seca-historica\/#primaryimage"},"image":{"@id":"https:\/\/www.manaus.am.gov.br\/semcom\/prefeito-enfatiza-importancia-da-ajuda-do-governo-federal-para-reduzir-danos-causados-pela-seca-historica\/#primaryimage"},"thumbnailUrl":"https:\/\/www.manaus.am.gov.br\/semcom\/wp-content\/uploads\/sites\/5\/2023\/10\/53234740820_c223a19a3f_k.jpg","datePublished":"2023-10-04T19:14:54+00:00","dateModified":"2023-10-04T19:16:51+00:00","author":{"@id":"https:\/\/www.manaus.am.gov.br\/semcom\/#\/schema\/person\/05d223aea2bf115f9883a6ff3683d81b"},"description":"O prefeito de Manaus, David Almeida, participou, nesta quarta-feira, 4\/10, da comitiva formada pelo vice-presidente da Rep\u00fablica e ministro do Desenvolvimento, Ind\u00fastria, Com\u00e9rcio e Servi\u00e7os (Mdic), Geraldo Alckmin, parlamentares do Amazonas e o governador do Estado, Wilson Lima, que deram in\u00edcio a nova etapa da opera\u00e7\u00e3o \u201cEstiagem Amazonas\u201d, que busca minimizar os danos causados pela vazante hist\u00f3rica que atinge o Estado.","inLanguage":"pt-BR","potentialAction":[{"@type":"ReadAction","target":["https:\/\/www.manaus.am.gov.br\/semcom\/prefeito-enfatiza-importancia-da-ajuda-do-governo-federal-para-reduzir-danos-causados-pela-seca-historica\/"]}]},{"@type":"ImageObject","inLanguage":"pt-BR","@id":"https:\/\/www.manaus.am.gov.br\/semcom\/prefeito-enfatiza-importancia-da-ajuda-do-governo-federal-para-reduzir-danos-causados-pela-seca-historica\/#primaryimage","url":"https:\/\/www.manaus.am.gov.br\/semcom\/wp-content\/uploads\/sites\/5\/2023\/10\/53234740820_c223a19a3f_k.jpg","contentUrl":"https:\/\/www.manaus.am.gov.br\/semcom\/wp-content\/uploads\/sites\/5\/2023\/10\/53234740820_c223a19a3f_k.jpg","width":2047,"height":1365},{"@type":"WebSite","@id":"https:\/\/www.manaus.am.gov.br\/semcom\/#website","url":"https:\/\/www.manaus.am.gov.br\/semcom\/","name":"SEMCOM","description":"Secretaria Municipal de Comunica\u00e7\u00e3o","potentialAction":[{"@type":"SearchAction","target":{"@type":"EntryPoint","urlTemplate":"https:\/\/www.manaus.am.gov.br\/semcom\/?s={search_term_string}"},"query-input":"required name=search_term_string"}],"inLanguage":"pt-BR"},{"@type":"Person","@id":"https:\/\/www.manaus.am.gov.br\/semcom\/#\/schema\/person\/05d223aea2bf115f9883a6ff3683d81b","name":"Bruna Greco","image":{"@type":"ImageObject","inLanguage":"pt-BR","@id":"https:\/\/www.manaus.am.gov.br\/semcom\/#\/schema\/person\/image\/","url":"https:\/\/secure.gravatar.com\/avatar\/9c877d1a6adc2a055330e5c09a8653ce?s=96&d=mm&r=g","contentUrl":"https:\/\/secure.gravatar.com\/avatar\/9c877d1a6adc2a055330e5c09a8653ce?s=96&d=mm&r=g","caption":"Bruna Greco"}}]}},"_links":{"self":[{"href":"https:\/\/www.manaus.am.gov.br\/semcom\/wp-json\/wp\/v2\/posts\/219688"}],"collection":[{"href":"https:\/\/www.manaus.am.gov.br\/semcom\/wp-json\/wp\/v2\/posts"}],"about":[{"href":"https:\/\/www.manaus.am.gov.br\/semcom\/wp-json\/wp\/v2\/types\/post"}],"author":[{"embeddable":true,"href":"https:\/\/www.manaus.am.gov.br\/semcom\/wp-json\/wp\/v2\/users\/39"}],"replies":[{"embeddable":true,"href":"https:\/\/www.manaus.am.gov.br\/semcom\/wp-json\/wp\/v2\/comments?post=219688"}],"version-history":[{"count":1,"href":"https:\/\/www.manaus.am.gov.br\/semcom\/wp-json\/wp\/v2\/posts\/219688\/revisions"}],"predecessor-version":[{"id":219690,"href":"https:\/\/www.manaus.am.gov.br\/semcom\/wp-json\/wp\/v2\/posts\/219688\/revisions\/219690"}],"wp:featuredmedia":[{"embeddable":true,"href":"https:\/\/www.manaus.am.gov.br\/semcom\/wp-json\/wp\/v2\/media\/219689"}],"wp:attachment":[{"href":"https:\/\/www.manaus.am.gov.br\/semcom\/wp-json\/wp\/v2\/media?parent=219688"}],"wp:term":[{"taxonomy":"category","embeddable":true,"href":"https:\/\/www.manaus.am.gov.br\/semcom\/wp-json\/wp\/v2\/categories?post=219688"},{"taxonomy":"post_tag","embeddable":true,"href":"https:\/\/www.manaus.am.gov.br\/semcom\/wp-json\/wp\/v2\/tags?post=219688"}],"curies":[{"name":"wp","href":"https:\/\/api.w.org\/{rel}","templated":true}]}}