{"id":219412,"date":"2023-09-29T14:11:16","date_gmt":"2023-09-29T17:11:16","guid":{"rendered":"https:\/\/www.manaus.am.gov.br\/semcom\/prefeitura-de-manaus-lanca-portal-exclusivo-para-consultas-sobre-eleicao-de-conselheiro-tutelar\/"},"modified":"2023-09-29T14:36:08","modified_gmt":"2023-09-29T17:36:08","slug":"prefeitura-de-manaus-lanca-portal-exclusivo-para-consultas-sobre-eleicao-de-conselheiro-tutelar","status":"publish","type":"post","link":"https:\/\/www.manaus.am.gov.br\/semcom\/prefeitura-de-manaus-lanca-portal-exclusivo-para-consultas-sobre-eleicao-de-conselheiro-tutelar\/","title":{"rendered":"<strong>Prefeitura de Manaus lan\u00e7a portal exclusivo para consultas sobre Elei\u00e7\u00e3o de Conselheiro Tutelar<\/strong>"},"content":{"rendered":"\n<p>Como forma de ampliar a transpar\u00eancia e a participa\u00e7\u00e3o cidad\u00e3, a Prefeitura de Manaus lan\u00e7a, nesta sexta-feira, 29\/9, um portal on-line dedicado \u00e0s elei\u00e7\u00f5es dos conselheiros tutelares. A ferramenta busca n\u00e3o apenas fornecer informa\u00e7\u00f5es sobre o processo eleitoral, mas tamb\u00e9m aproximar a popula\u00e7\u00e3o de um papel fundamental no sistema de garantia de direitos da crian\u00e7a e do adolescente.<\/p>\n\n\n\n<p>O novo portal foi desenvolvido pelo Departamento de Tecnologia da Informa\u00e7\u00e3o (DTI), da Secretaria Municipal da Mulher, Assist\u00eancia Social e Cidadania (Semasc), em parceria com a Subsecretaria de Tecnologia da Informa\u00e7\u00e3o (SubTI), da Secretaria Municipal de Finan\u00e7as (Semef), e \u00e9 adaptado para todos os tipos de dispositivos, garantindo que todos os manauaras tenham acesso \u00e0s informa\u00e7\u00f5es.<\/p>\n\n\n\n<p>No site\u00a0<a href=\"http:\/\/www.eleicoes2023.manaus.am.gov.br\/\" target=\"_blank\" rel=\"noreferrer noopener\">eleicoes2023.manaus.am.gov.br<\/a>, o eleitor encontrar\u00e1 os nomes dos candidatos, das escolas que ser\u00e3o locais de vota\u00e7\u00e3o e escolas agregadas. Tamb\u00e9m ser\u00e1 poss\u00edvel acompanhar os boletins de urna no dia da vota\u00e7\u00e3o, a partir das 17h, hor\u00e1rio de encerramento da elei\u00e7\u00e3o.<\/p>\n\n\n\n<p>&#8220;A cria\u00e7\u00e3o desse portal reafirma nosso compromisso em tornar o processo eleitoral o mais transparente e acess\u00edvel poss\u00edvel&#8221;, declarou o secret\u00e1rio da Semasc, Eduardo Lucas. &#8220;O Conselho Tutelar desempenha um papel essencial em nossa sociedade, protegendo nossas crian\u00e7as e adolescentes, e \u00e9 crucial que a popula\u00e7\u00e3o tenha todas as informa\u00e7\u00f5es necess\u00e1rias para fazer uma escolha informada.&#8221;<\/p>\n\n\n\n<p>A Elei\u00e7\u00e3o de Conselheiro Tutelar acontece no domingo, 1\u00ba\/10, e \u00e9 de extrema import\u00e2ncia, pois s\u00e3o os conselheiros que atuam na linha de frente na prote\u00e7\u00e3o dos direitos das crian\u00e7as e adolescentes em situa\u00e7\u00f5es de viola\u00e7\u00e3o. Sua atua\u00e7\u00e3o abrange desde casos de neglig\u00eancia e maus-tratos at\u00e9 situa\u00e7\u00f5es de viol\u00eancia sexual.<\/p>\n\n\n\n<p>Os conselhos tutelares foram institu\u00eddos pelo Estatuto da Crian\u00e7a e do Adolescente (ECA) e atuam em parceria com escolas, organiza\u00e7\u00f5es da sociedade civil, \u00f3rg\u00e3os p\u00fablicos e a Justi\u00e7a. Sua fun\u00e7\u00e3o n\u00e3o \u00e9 punitiva, mas, sim, de mediar e buscar solu\u00e7\u00f5es para os conflitos, sempre visando o melhor interesse da crian\u00e7a ou adolescente envolvido.<\/p>\n\n\n\n<p>Mais de 5 mil pessoas estar\u00e3o trabalhando diretamente no pleito, que acontecer\u00e1 das 8h \u00e0s 17h, tanto na zona urbana quanto na zona rural. Ao todo, 121 candidatos concorrem a 50 vagas para conselheiros tutelares titulares.<\/p>\n\n\n\n<p>Manaus conta com dez conselhos tutelares distribu\u00eddos em todas as zonas da cidade. Ser\u00e3o empregadas 148 escolas p\u00fablicas municipais e estaduais como locais de vota\u00e7\u00e3o. Todos os cidad\u00e3os maiores de 16 anos que possuem t\u00edtulo de eleitor podem votar.<\/p>\n\n\n\n<p>&#8212; &#8212; &#8212;<\/p>\n\n\n\n<p><strong>Texto &#8211;&nbsp;<\/strong>Leonardo Fierro \/ Semasc<\/p>\n\n\n\n<p><strong>Fotos \u2013&nbsp;<\/strong>Arquivo\/Semasc<\/p>\n\n\n\n<p><strong>Dispon\u00edveis em<\/strong><strong>&nbsp;&#8211;&nbsp;&nbsp;<\/strong><a href=\"https:\/\/flic.kr\/s\/aHBqjAVMUX\" target=\"_blank\" rel=\"noreferrer noopener\">https:\/\/flic.kr\/s\/aHBqjAVMUX<\/a><\/p>\n","protected":false},"excerpt":{"rendered":"","protected":false},"author":23,"featured_media":219413,"comment_status":"closed","ping_status":"closed","sticky":false,"template":"","format":"standard","meta":{"footnotes":""},"categories":[2205],"tags":[8192,8193,77,153,7976],"acf":[],"yoast_head":"<!-- This site is optimized with the Yoast SEO plugin v23.0 - https:\/\/yoast.com\/wordpress\/plugins\/seo\/ -->\n<title>Prefeitura de Manaus lan\u00e7a portal exclusivo para consultas sobre Elei\u00e7\u00e3o de Conselheiro Tutelar<\/title>\n<meta name=\"description\" content=\"Como forma de ampliar a transpar\u00eancia e a participa\u00e7\u00e3o cidad\u00e3, a Prefeitura de Manaus lan\u00e7a, nesta sexta-feira, 29\/9, um portal on-line dedicado \u00e0s elei\u00e7\u00f5es dos conselheiros tutelares. A ferramenta busca n\u00e3o apenas fornecer informa\u00e7\u00f5es sobre o processo eleitoral, mas tamb\u00e9m aproximar a popula\u00e7\u00e3o de um papel fundamental no sistema de garantia de direitos da crian\u00e7a e do adolescente.\" \/>\n<meta name=\"robots\" content=\"index, follow, max-snippet:-1, max-image-preview:large, max-video-preview:-1\" \/>\n<link rel=\"canonical\" href=\"https:\/\/www.manaus.am.gov.br\/semcom\/prefeitura-de-manaus-lanca-portal-exclusivo-para-consultas-sobre-eleicao-de-conselheiro-tutelar\/\" \/>\n<meta property=\"og:locale\" content=\"pt_BR\" \/>\n<meta property=\"og:type\" content=\"article\" \/>\n<meta property=\"og:title\" content=\"Prefeitura de Manaus lan\u00e7a portal exclusivo para consultas sobre Elei\u00e7\u00e3o de Conselheiro Tutelar\" \/>\n<meta property=\"og:description\" content=\"Como forma de ampliar a transpar\u00eancia e a participa\u00e7\u00e3o cidad\u00e3, a Prefeitura de Manaus lan\u00e7a, nesta sexta-feira, 29\/9, um portal on-line dedicado \u00e0s elei\u00e7\u00f5es dos conselheiros tutelares. A ferramenta busca n\u00e3o apenas fornecer informa\u00e7\u00f5es sobre o processo eleitoral, mas tamb\u00e9m aproximar a popula\u00e7\u00e3o de um papel fundamental no sistema de garantia de direitos da crian\u00e7a e do adolescente.\" \/>\n<meta property=\"og:url\" content=\"https:\/\/www.manaus.am.gov.br\/semcom\/prefeitura-de-manaus-lanca-portal-exclusivo-para-consultas-sobre-eleicao-de-conselheiro-tutelar\/\" \/>\n<meta property=\"og:site_name\" content=\"SEMCOM\" \/>\n<meta property=\"article:published_time\" content=\"2023-09-29T17:11:16+00:00\" \/>\n<meta property=\"article:modified_time\" content=\"2023-09-29T17:36:08+00:00\" \/>\n<meta property=\"og:image\" content=\"https:\/\/www.manaus.am.gov.br\/semcom\/wp-content\/uploads\/sites\/5\/2023\/09\/53206326399_13b06a9452_c.jpg\" \/>\n\t<meta property=\"og:image:width\" content=\"800\" \/>\n\t<meta property=\"og:image:height\" content=\"600\" \/>\n\t<meta property=\"og:image:type\" content=\"image\/jpeg\" \/>\n<meta name=\"author\" content=\"Adriana Costa\" \/>\n<meta name=\"twitter:card\" content=\"summary_large_image\" \/>\n<meta name=\"twitter:label1\" content=\"Written by\" \/>\n\t<meta name=\"twitter:data1\" content=\"Adriana Costa\" \/>\n\t<meta name=\"twitter:label2\" content=\"Est. reading time\" \/>\n\t<meta name=\"twitter:data2\" content=\"3 minutos\" \/>\n<script type=\"application\/ld+json\" class=\"yoast-schema-graph\">{\"@context\":\"https:\/\/schema.org\",\"@graph\":[{\"@type\":\"WebPage\",\"@id\":\"https:\/\/www.manaus.am.gov.br\/semcom\/prefeitura-de-manaus-lanca-portal-exclusivo-para-consultas-sobre-eleicao-de-conselheiro-tutelar\/\",\"url\":\"https:\/\/www.manaus.am.gov.br\/semcom\/prefeitura-de-manaus-lanca-portal-exclusivo-para-consultas-sobre-eleicao-de-conselheiro-tutelar\/\",\"name\":\"Prefeitura de Manaus lan\u00e7a portal exclusivo para consultas sobre Elei\u00e7\u00e3o de Conselheiro Tutelar\",\"isPartOf\":{\"@id\":\"https:\/\/www.manaus.am.gov.br\/semcom\/#website\"},\"primaryImageOfPage\":{\"@id\":\"https:\/\/www.manaus.am.gov.br\/semcom\/prefeitura-de-manaus-lanca-portal-exclusivo-para-consultas-sobre-eleicao-de-conselheiro-tutelar\/#primaryimage\"},\"image\":{\"@id\":\"https:\/\/www.manaus.am.gov.br\/semcom\/prefeitura-de-manaus-lanca-portal-exclusivo-para-consultas-sobre-eleicao-de-conselheiro-tutelar\/#primaryimage\"},\"thumbnailUrl\":\"https:\/\/www.manaus.am.gov.br\/semcom\/wp-content\/uploads\/sites\/5\/2023\/09\/53206326399_13b06a9452_c.jpg\",\"datePublished\":\"2023-09-29T17:11:16+00:00\",\"dateModified\":\"2023-09-29T17:36:08+00:00\",\"author\":{\"@id\":\"https:\/\/www.manaus.am.gov.br\/semcom\/#\/schema\/person\/4e49f4e267757a06ca072ec61b2b9968\"},\"description\":\"Como forma de ampliar a transpar\u00eancia e a participa\u00e7\u00e3o cidad\u00e3, a Prefeitura de Manaus lan\u00e7a, nesta sexta-feira, 29\/9, um portal on-line dedicado \u00e0s elei\u00e7\u00f5es dos conselheiros tutelares. A ferramenta busca n\u00e3o apenas fornecer informa\u00e7\u00f5es sobre o processo eleitoral, mas tamb\u00e9m aproximar a popula\u00e7\u00e3o de um papel fundamental no sistema de garantia de direitos da crian\u00e7a e do adolescente.\",\"inLanguage\":\"pt-BR\",\"potentialAction\":[{\"@type\":\"ReadAction\",\"target\":[\"https:\/\/www.manaus.am.gov.br\/semcom\/prefeitura-de-manaus-lanca-portal-exclusivo-para-consultas-sobre-eleicao-de-conselheiro-tutelar\/\"]}]},{\"@type\":\"ImageObject\",\"inLanguage\":\"pt-BR\",\"@id\":\"https:\/\/www.manaus.am.gov.br\/semcom\/prefeitura-de-manaus-lanca-portal-exclusivo-para-consultas-sobre-eleicao-de-conselheiro-tutelar\/#primaryimage\",\"url\":\"https:\/\/www.manaus.am.gov.br\/semcom\/wp-content\/uploads\/sites\/5\/2023\/09\/53206326399_13b06a9452_c.jpg\",\"contentUrl\":\"https:\/\/www.manaus.am.gov.br\/semcom\/wp-content\/uploads\/sites\/5\/2023\/09\/53206326399_13b06a9452_c.jpg\",\"width\":800,\"height\":600},{\"@type\":\"WebSite\",\"@id\":\"https:\/\/www.manaus.am.gov.br\/semcom\/#website\",\"url\":\"https:\/\/www.manaus.am.gov.br\/semcom\/\",\"name\":\"SEMCOM\",\"description\":\"Secretaria Municipal de Comunica\u00e7\u00e3o\",\"potentialAction\":[{\"@type\":\"SearchAction\",\"target\":{\"@type\":\"EntryPoint\",\"urlTemplate\":\"https:\/\/www.manaus.am.gov.br\/semcom\/?s={search_term_string}\"},\"query-input\":\"required name=search_term_string\"}],\"inLanguage\":\"pt-BR\"},{\"@type\":\"Person\",\"@id\":\"https:\/\/www.manaus.am.gov.br\/semcom\/#\/schema\/person\/4e49f4e267757a06ca072ec61b2b9968\",\"name\":\"Adriana Costa\",\"image\":{\"@type\":\"ImageObject\",\"inLanguage\":\"pt-BR\",\"@id\":\"https:\/\/www.manaus.am.gov.br\/semcom\/#\/schema\/person\/image\/\",\"url\":\"https:\/\/secure.gravatar.com\/avatar\/576258617ef7194f718179e766d57bd4?s=96&d=mm&r=g\",\"contentUrl\":\"https:\/\/secure.gravatar.com\/avatar\/576258617ef7194f718179e766d57bd4?s=96&d=mm&r=g\",\"caption\":\"Adriana Costa\"}}]}<\/script>\n<!-- \/ Yoast SEO plugin. -->","yoast_head_json":{"title":"Prefeitura de Manaus lan\u00e7a portal exclusivo para consultas sobre Elei\u00e7\u00e3o de Conselheiro Tutelar","description":"Como forma de ampliar a transpar\u00eancia e a participa\u00e7\u00e3o cidad\u00e3, a Prefeitura de Manaus lan\u00e7a, nesta sexta-feira, 29\/9, um portal on-line dedicado \u00e0s elei\u00e7\u00f5es dos conselheiros tutelares. A ferramenta busca n\u00e3o apenas fornecer informa\u00e7\u00f5es sobre o processo eleitoral, mas tamb\u00e9m aproximar a popula\u00e7\u00e3o de um papel fundamental no sistema de garantia de direitos da crian\u00e7a e do adolescente.","robots":{"index":"index","follow":"follow","max-snippet":"max-snippet:-1","max-image-preview":"max-image-preview:large","max-video-preview":"max-video-preview:-1"},"canonical":"https:\/\/www.manaus.am.gov.br\/semcom\/prefeitura-de-manaus-lanca-portal-exclusivo-para-consultas-sobre-eleicao-de-conselheiro-tutelar\/","og_locale":"pt_BR","og_type":"article","og_title":"Prefeitura de Manaus lan\u00e7a portal exclusivo para consultas sobre Elei\u00e7\u00e3o de Conselheiro Tutelar","og_description":"Como forma de ampliar a transpar\u00eancia e a participa\u00e7\u00e3o cidad\u00e3, a Prefeitura de Manaus lan\u00e7a, nesta sexta-feira, 29\/9, um portal on-line dedicado \u00e0s elei\u00e7\u00f5es dos conselheiros tutelares. A ferramenta busca n\u00e3o apenas fornecer informa\u00e7\u00f5es sobre o processo eleitoral, mas tamb\u00e9m aproximar a popula\u00e7\u00e3o de um papel fundamental no sistema de garantia de direitos da crian\u00e7a e do adolescente.","og_url":"https:\/\/www.manaus.am.gov.br\/semcom\/prefeitura-de-manaus-lanca-portal-exclusivo-para-consultas-sobre-eleicao-de-conselheiro-tutelar\/","og_site_name":"SEMCOM","article_published_time":"2023-09-29T17:11:16+00:00","article_modified_time":"2023-09-29T17:36:08+00:00","og_image":[{"width":800,"height":600,"url":"https:\/\/www.manaus.am.gov.br\/semcom\/wp-content\/uploads\/sites\/5\/2023\/09\/53206326399_13b06a9452_c.jpg","type":"image\/jpeg"}],"author":"Adriana Costa","twitter_card":"summary_large_image","twitter_misc":{"Written by":"Adriana Costa","Est. reading time":"3 minutos"},"schema":{"@context":"https:\/\/schema.org","@graph":[{"@type":"WebPage","@id":"https:\/\/www.manaus.am.gov.br\/semcom\/prefeitura-de-manaus-lanca-portal-exclusivo-para-consultas-sobre-eleicao-de-conselheiro-tutelar\/","url":"https:\/\/www.manaus.am.gov.br\/semcom\/prefeitura-de-manaus-lanca-portal-exclusivo-para-consultas-sobre-eleicao-de-conselheiro-tutelar\/","name":"Prefeitura de Manaus lan\u00e7a portal exclusivo para consultas sobre Elei\u00e7\u00e3o de Conselheiro Tutelar","isPartOf":{"@id":"https:\/\/www.manaus.am.gov.br\/semcom\/#website"},"primaryImageOfPage":{"@id":"https:\/\/www.manaus.am.gov.br\/semcom\/prefeitura-de-manaus-lanca-portal-exclusivo-para-consultas-sobre-eleicao-de-conselheiro-tutelar\/#primaryimage"},"image":{"@id":"https:\/\/www.manaus.am.gov.br\/semcom\/prefeitura-de-manaus-lanca-portal-exclusivo-para-consultas-sobre-eleicao-de-conselheiro-tutelar\/#primaryimage"},"thumbnailUrl":"https:\/\/www.manaus.am.gov.br\/semcom\/wp-content\/uploads\/sites\/5\/2023\/09\/53206326399_13b06a9452_c.jpg","datePublished":"2023-09-29T17:11:16+00:00","dateModified":"2023-09-29T17:36:08+00:00","author":{"@id":"https:\/\/www.manaus.am.gov.br\/semcom\/#\/schema\/person\/4e49f4e267757a06ca072ec61b2b9968"},"description":"Como forma de ampliar a transpar\u00eancia e a participa\u00e7\u00e3o cidad\u00e3, a Prefeitura de Manaus lan\u00e7a, nesta sexta-feira, 29\/9, um portal on-line dedicado \u00e0s elei\u00e7\u00f5es dos conselheiros tutelares. A ferramenta busca n\u00e3o apenas fornecer informa\u00e7\u00f5es sobre o processo eleitoral, mas tamb\u00e9m aproximar a popula\u00e7\u00e3o de um papel fundamental no sistema de garantia de direitos da crian\u00e7a e do adolescente.","inLanguage":"pt-BR","potentialAction":[{"@type":"ReadAction","target":["https:\/\/www.manaus.am.gov.br\/semcom\/prefeitura-de-manaus-lanca-portal-exclusivo-para-consultas-sobre-eleicao-de-conselheiro-tutelar\/"]}]},{"@type":"ImageObject","inLanguage":"pt-BR","@id":"https:\/\/www.manaus.am.gov.br\/semcom\/prefeitura-de-manaus-lanca-portal-exclusivo-para-consultas-sobre-eleicao-de-conselheiro-tutelar\/#primaryimage","url":"https:\/\/www.manaus.am.gov.br\/semcom\/wp-content\/uploads\/sites\/5\/2023\/09\/53206326399_13b06a9452_c.jpg","contentUrl":"https:\/\/www.manaus.am.gov.br\/semcom\/wp-content\/uploads\/sites\/5\/2023\/09\/53206326399_13b06a9452_c.jpg","width":800,"height":600},{"@type":"WebSite","@id":"https:\/\/www.manaus.am.gov.br\/semcom\/#website","url":"https:\/\/www.manaus.am.gov.br\/semcom\/","name":"SEMCOM","description":"Secretaria Municipal de Comunica\u00e7\u00e3o","potentialAction":[{"@type":"SearchAction","target":{"@type":"EntryPoint","urlTemplate":"https:\/\/www.manaus.am.gov.br\/semcom\/?s={search_term_string}"},"query-input":"required name=search_term_string"}],"inLanguage":"pt-BR"},{"@type":"Person","@id":"https:\/\/www.manaus.am.gov.br\/semcom\/#\/schema\/person\/4e49f4e267757a06ca072ec61b2b9968","name":"Adriana Costa","image":{"@type":"ImageObject","inLanguage":"pt-BR","@id":"https:\/\/www.manaus.am.gov.br\/semcom\/#\/schema\/person\/image\/","url":"https:\/\/secure.gravatar.com\/avatar\/576258617ef7194f718179e766d57bd4?s=96&d=mm&r=g","contentUrl":"https:\/\/secure.gravatar.com\/avatar\/576258617ef7194f718179e766d57bd4?s=96&d=mm&r=g","caption":"Adriana Costa"}}]}},"_links":{"self":[{"href":"https:\/\/www.manaus.am.gov.br\/semcom\/wp-json\/wp\/v2\/posts\/219412"}],"collection":[{"href":"https:\/\/www.manaus.am.gov.br\/semcom\/wp-json\/wp\/v2\/posts"}],"about":[{"href":"https:\/\/www.manaus.am.gov.br\/semcom\/wp-json\/wp\/v2\/types\/post"}],"author":[{"embeddable":true,"href":"https:\/\/www.manaus.am.gov.br\/semcom\/wp-json\/wp\/v2\/users\/23"}],"replies":[{"embeddable":true,"href":"https:\/\/www.manaus.am.gov.br\/semcom\/wp-json\/wp\/v2\/comments?post=219412"}],"version-history":[{"count":1,"href":"https:\/\/www.manaus.am.gov.br\/semcom\/wp-json\/wp\/v2\/posts\/219412\/revisions"}],"predecessor-version":[{"id":219414,"href":"https:\/\/www.manaus.am.gov.br\/semcom\/wp-json\/wp\/v2\/posts\/219412\/revisions\/219414"}],"wp:featuredmedia":[{"embeddable":true,"href":"https:\/\/www.manaus.am.gov.br\/semcom\/wp-json\/wp\/v2\/media\/219413"}],"wp:attachment":[{"href":"https:\/\/www.manaus.am.gov.br\/semcom\/wp-json\/wp\/v2\/media?parent=219412"}],"wp:term":[{"taxonomy":"category","embeddable":true,"href":"https:\/\/www.manaus.am.gov.br\/semcom\/wp-json\/wp\/v2\/categories?post=219412"},{"taxonomy":"post_tag","embeddable":true,"href":"https:\/\/www.manaus.am.gov.br\/semcom\/wp-json\/wp\/v2\/tags?post=219412"}],"curies":[{"name":"wp","href":"https:\/\/api.w.org\/{rel}","templated":true}]}}