{"id":219390,"date":"2023-09-29T10:26:51","date_gmt":"2023-09-29T13:26:51","guid":{"rendered":"https:\/\/www.manaus.am.gov.br\/semcom\/prefeitura-constroi-ponte-de-150-metros-na-marina-do-davi-para-conter-impactos-da-seca-dos-rios\/"},"modified":"2023-09-29T10:26:51","modified_gmt":"2023-09-29T13:26:51","slug":"prefeitura-constroi-ponte-de-150-metros-na-marina-do-davi-para-conter-impactos-da-seca-dos-rios","status":"publish","type":"post","link":"https:\/\/www.manaus.am.gov.br\/semcom\/prefeitura-constroi-ponte-de-150-metros-na-marina-do-davi-para-conter-impactos-da-seca-dos-rios\/","title":{"rendered":"<strong>Prefeitura constr\u00f3i ponte de 150 metros na marina do Davi para conter impactos da seca dos rios<\/strong>"},"content":{"rendered":"\n<p>O per\u00edodo de estiagem que atinge o Estado come\u00e7a a afetar as navega\u00e7\u00f5es em virtude da vazante do rio Negro, causando preju\u00edzos \u00e0s zonas ribeirinha e rural da cidade. A marina do Davi, no bairro Ponta Negra, zona Oeste, j\u00e1 sofre os impactos da seca, precisando ancorar as embarca\u00e7\u00f5es em pontos mais distantes, uma vez que a \u00e1rea de areia avan\u00e7a r\u00e1pido e a travessia at\u00e9 as embarca\u00e7\u00f5es j\u00e1 est\u00e1 comprometida, com um longo trecho de caminhada e muitos obst\u00e1culos.<\/p>\n\n\n\n<p>A Prefeitura de Manaus, por meio da Secretaria Municipal de Infraestrutura (Seminf), iniciou a constru\u00e7\u00e3o de uma ponte de madeira com cerca de 150 metros de extens\u00e3o para promover a acessibilidade segura de passageiros e minimizar os transtornos \u00e0 popula\u00e7\u00e3o ao novo ponto de ancoragem dos barcos e lanchas.<\/p>\n\n\n\n<p>&#8220;A seca \u00e9 sazonal e este&nbsp;ano chegou mais cedo do que acontece normalmente. Por esse motivo, a Prefeitura de Manaus iniciou medidas emergenciais, para que as travessias na marina do Davi n\u00e3o sejam prejudicadas. A determina\u00e7\u00e3o do prefeito David Almeida e do secret\u00e1rio de Obras, Renato Junior, \u00e9 que as pontes e passarelas de madeira sejam constru\u00eddas em car\u00e1ter de urg\u00eancia, para que as pessoas possam ter acesso \u00e0s lanchas e cheguem ao seu destino sem serem impactadas com os efeitos da seca&#8221;, garante Efrain Arag\u00e3o, subsecret\u00e1rio de Servi\u00e7os B\u00e1sicos da Seminf.<\/p>\n\n\n\n<p>Segundo a Cooperativa dos Profissionais de Transporte Fluvial da Marina do Davi (Acamdaf), cerca de dois mil turistas e moradores da zona rural de Manaus, a cada final de semana, usam as voadeiras (lancha regional r\u00e1pida) para acessar os flutuantes do rio Tarum\u00e3 e as comunidades ribeirinhas.<\/p>\n\n\n\n<p>A obra segue em ritmo acelerado e conta com um efetivo de 12 servidores da Seminf e ser\u00e1 finalizada ainda esta semana. O material utilizado na constru\u00e7\u00e3o da ponte atende a todas as normas ambientais, respeita as caracter\u00edsticas naturais das edifica\u00e7\u00f5es e garante maior durabilidade da estrutura.<\/p>\n\n\n\n<p>Desde o in\u00edcio da gest\u00e3o, 24.587 metros quadrados de pontes e passarelas de madeira foram constru\u00eddos nas comunidades da cidade de Manaus, para garantir o direito de ir e vir em seguran\u00e7a. A maior parte, em bairros como Jorge Teixeira, Cidade de Deus, Alvorada, Compensa, Francisca Mendes e Col\u00f4nia Terra Nova.<\/p>\n\n\n\n<p>&#8212; &#8212; &#8212;<\/p>\n\n\n\n<p><strong>Texto &#8211;<\/strong> Valesca Martins \/ Seminf<\/p>\n\n\n\n<p><strong>Foto \u2013 <\/strong>Divulga\u00e7\u00e3o \/ Seminf<\/p>\n","protected":false},"excerpt":{"rendered":"","protected":false},"author":39,"featured_media":219391,"comment_status":"closed","ping_status":"closed","sticky":false,"template":"","format":"standard","meta":{"footnotes":""},"categories":[45],"tags":[661,8175,8176,8177,77,33],"acf":[],"yoast_head":"<!-- This site is optimized with the Yoast SEO plugin v23.0 - https:\/\/yoast.com\/wordpress\/plugins\/seo\/ -->\n<title>Prefeitura constr\u00f3i ponte de 150 metros na marina do Davi para conter impactos da seca dos rios<\/title>\n<meta name=\"description\" content=\"A marina do Davi, no bairro Ponta Negra, zona Oeste, j\u00e1 sofre os impactos da seca, precisando ancorar as embarca\u00e7\u00f5es em pontos mais distantes, uma vez que a \u00e1rea de areia avan\u00e7a r\u00e1pido e a travessia at\u00e9 as embarca\u00e7\u00f5es j\u00e1 est\u00e1 comprometida, com um longo trecho de caminhada e muitos obst\u00e1culos.\" \/>\n<meta name=\"robots\" content=\"index, follow, max-snippet:-1, max-image-preview:large, max-video-preview:-1\" \/>\n<link rel=\"canonical\" href=\"https:\/\/www.manaus.am.gov.br\/semcom\/prefeitura-constroi-ponte-de-150-metros-na-marina-do-davi-para-conter-impactos-da-seca-dos-rios\/\" \/>\n<meta property=\"og:locale\" content=\"pt_BR\" \/>\n<meta property=\"og:type\" content=\"article\" \/>\n<meta property=\"og:title\" content=\"Prefeitura constr\u00f3i ponte de 150 metros na marina do Davi para conter impactos da seca dos rios\" \/>\n<meta property=\"og:description\" content=\"A marina do Davi, no bairro Ponta Negra, zona Oeste, j\u00e1 sofre os impactos da seca, precisando ancorar as embarca\u00e7\u00f5es em pontos mais distantes, uma vez que a \u00e1rea de areia avan\u00e7a r\u00e1pido e a travessia at\u00e9 as embarca\u00e7\u00f5es j\u00e1 est\u00e1 comprometida, com um longo trecho de caminhada e muitos obst\u00e1culos.\" \/>\n<meta property=\"og:url\" content=\"https:\/\/www.manaus.am.gov.br\/semcom\/prefeitura-constroi-ponte-de-150-metros-na-marina-do-davi-para-conter-impactos-da-seca-dos-rios\/\" \/>\n<meta property=\"og:site_name\" content=\"SEMCOM\" \/>\n<meta property=\"article:published_time\" content=\"2023-09-29T13:26:51+00:00\" \/>\n<meta property=\"og:image\" content=\"https:\/\/www.manaus.am.gov.br\/semcom\/wp-content\/uploads\/sites\/5\/2023\/09\/8301989a-0810-4b70-94df-148879e30264.jpg\" \/>\n\t<meta property=\"og:image:width\" content=\"1307\" \/>\n\t<meta property=\"og:image:height\" content=\"980\" \/>\n\t<meta property=\"og:image:type\" content=\"image\/jpeg\" \/>\n<meta name=\"author\" content=\"Bruna Greco\" \/>\n<meta name=\"twitter:card\" content=\"summary_large_image\" \/>\n<meta name=\"twitter:label1\" content=\"Written by\" \/>\n\t<meta name=\"twitter:data1\" content=\"Bruna Greco\" \/>\n\t<meta name=\"twitter:label2\" content=\"Est. reading time\" \/>\n\t<meta name=\"twitter:data2\" content=\"3 minutos\" \/>\n<script type=\"application\/ld+json\" class=\"yoast-schema-graph\">{\"@context\":\"https:\/\/schema.org\",\"@graph\":[{\"@type\":\"WebPage\",\"@id\":\"https:\/\/www.manaus.am.gov.br\/semcom\/prefeitura-constroi-ponte-de-150-metros-na-marina-do-davi-para-conter-impactos-da-seca-dos-rios\/\",\"url\":\"https:\/\/www.manaus.am.gov.br\/semcom\/prefeitura-constroi-ponte-de-150-metros-na-marina-do-davi-para-conter-impactos-da-seca-dos-rios\/\",\"name\":\"Prefeitura constr\u00f3i ponte de 150 metros na marina do Davi para conter impactos da seca dos rios\",\"isPartOf\":{\"@id\":\"https:\/\/www.manaus.am.gov.br\/semcom\/#website\"},\"primaryImageOfPage\":{\"@id\":\"https:\/\/www.manaus.am.gov.br\/semcom\/prefeitura-constroi-ponte-de-150-metros-na-marina-do-davi-para-conter-impactos-da-seca-dos-rios\/#primaryimage\"},\"image\":{\"@id\":\"https:\/\/www.manaus.am.gov.br\/semcom\/prefeitura-constroi-ponte-de-150-metros-na-marina-do-davi-para-conter-impactos-da-seca-dos-rios\/#primaryimage\"},\"thumbnailUrl\":\"https:\/\/www.manaus.am.gov.br\/semcom\/wp-content\/uploads\/sites\/5\/2023\/09\/8301989a-0810-4b70-94df-148879e30264.jpg\",\"datePublished\":\"2023-09-29T13:26:51+00:00\",\"dateModified\":\"2023-09-29T13:26:51+00:00\",\"author\":{\"@id\":\"https:\/\/www.manaus.am.gov.br\/semcom\/#\/schema\/person\/05d223aea2bf115f9883a6ff3683d81b\"},\"description\":\"A marina do Davi, no bairro Ponta Negra, zona Oeste, j\u00e1 sofre os impactos da seca, precisando ancorar as embarca\u00e7\u00f5es em pontos mais distantes, uma vez que a \u00e1rea de areia avan\u00e7a r\u00e1pido e a travessia at\u00e9 as embarca\u00e7\u00f5es j\u00e1 est\u00e1 comprometida, com um longo trecho de caminhada e muitos obst\u00e1culos.\",\"inLanguage\":\"pt-BR\",\"potentialAction\":[{\"@type\":\"ReadAction\",\"target\":[\"https:\/\/www.manaus.am.gov.br\/semcom\/prefeitura-constroi-ponte-de-150-metros-na-marina-do-davi-para-conter-impactos-da-seca-dos-rios\/\"]}]},{\"@type\":\"ImageObject\",\"inLanguage\":\"pt-BR\",\"@id\":\"https:\/\/www.manaus.am.gov.br\/semcom\/prefeitura-constroi-ponte-de-150-metros-na-marina-do-davi-para-conter-impactos-da-seca-dos-rios\/#primaryimage\",\"url\":\"https:\/\/www.manaus.am.gov.br\/semcom\/wp-content\/uploads\/sites\/5\/2023\/09\/8301989a-0810-4b70-94df-148879e30264.jpg\",\"contentUrl\":\"https:\/\/www.manaus.am.gov.br\/semcom\/wp-content\/uploads\/sites\/5\/2023\/09\/8301989a-0810-4b70-94df-148879e30264.jpg\",\"width\":1307,\"height\":980},{\"@type\":\"WebSite\",\"@id\":\"https:\/\/www.manaus.am.gov.br\/semcom\/#website\",\"url\":\"https:\/\/www.manaus.am.gov.br\/semcom\/\",\"name\":\"SEMCOM\",\"description\":\"Secretaria Municipal de Comunica\u00e7\u00e3o\",\"potentialAction\":[{\"@type\":\"SearchAction\",\"target\":{\"@type\":\"EntryPoint\",\"urlTemplate\":\"https:\/\/www.manaus.am.gov.br\/semcom\/?s={search_term_string}\"},\"query-input\":\"required name=search_term_string\"}],\"inLanguage\":\"pt-BR\"},{\"@type\":\"Person\",\"@id\":\"https:\/\/www.manaus.am.gov.br\/semcom\/#\/schema\/person\/05d223aea2bf115f9883a6ff3683d81b\",\"name\":\"Bruna Greco\",\"image\":{\"@type\":\"ImageObject\",\"inLanguage\":\"pt-BR\",\"@id\":\"https:\/\/www.manaus.am.gov.br\/semcom\/#\/schema\/person\/image\/\",\"url\":\"https:\/\/secure.gravatar.com\/avatar\/9c877d1a6adc2a055330e5c09a8653ce?s=96&d=mm&r=g\",\"contentUrl\":\"https:\/\/secure.gravatar.com\/avatar\/9c877d1a6adc2a055330e5c09a8653ce?s=96&d=mm&r=g\",\"caption\":\"Bruna Greco\"}}]}<\/script>\n<!-- \/ Yoast SEO plugin. -->","yoast_head_json":{"title":"Prefeitura constr\u00f3i ponte de 150 metros na marina do Davi para conter impactos da seca dos rios","description":"A marina do Davi, no bairro Ponta Negra, zona Oeste, j\u00e1 sofre os impactos da seca, precisando ancorar as embarca\u00e7\u00f5es em pontos mais distantes, uma vez que a \u00e1rea de areia avan\u00e7a r\u00e1pido e a travessia at\u00e9 as embarca\u00e7\u00f5es j\u00e1 est\u00e1 comprometida, com um longo trecho de caminhada e muitos obst\u00e1culos.","robots":{"index":"index","follow":"follow","max-snippet":"max-snippet:-1","max-image-preview":"max-image-preview:large","max-video-preview":"max-video-preview:-1"},"canonical":"https:\/\/www.manaus.am.gov.br\/semcom\/prefeitura-constroi-ponte-de-150-metros-na-marina-do-davi-para-conter-impactos-da-seca-dos-rios\/","og_locale":"pt_BR","og_type":"article","og_title":"Prefeitura constr\u00f3i ponte de 150 metros na marina do Davi para conter impactos da seca dos rios","og_description":"A marina do Davi, no bairro Ponta Negra, zona Oeste, j\u00e1 sofre os impactos da seca, precisando ancorar as embarca\u00e7\u00f5es em pontos mais distantes, uma vez que a \u00e1rea de areia avan\u00e7a r\u00e1pido e a travessia at\u00e9 as embarca\u00e7\u00f5es j\u00e1 est\u00e1 comprometida, com um longo trecho de caminhada e muitos obst\u00e1culos.","og_url":"https:\/\/www.manaus.am.gov.br\/semcom\/prefeitura-constroi-ponte-de-150-metros-na-marina-do-davi-para-conter-impactos-da-seca-dos-rios\/","og_site_name":"SEMCOM","article_published_time":"2023-09-29T13:26:51+00:00","og_image":[{"width":1307,"height":980,"url":"https:\/\/www.manaus.am.gov.br\/semcom\/wp-content\/uploads\/sites\/5\/2023\/09\/8301989a-0810-4b70-94df-148879e30264.jpg","type":"image\/jpeg"}],"author":"Bruna Greco","twitter_card":"summary_large_image","twitter_misc":{"Written by":"Bruna Greco","Est. reading time":"3 minutos"},"schema":{"@context":"https:\/\/schema.org","@graph":[{"@type":"WebPage","@id":"https:\/\/www.manaus.am.gov.br\/semcom\/prefeitura-constroi-ponte-de-150-metros-na-marina-do-davi-para-conter-impactos-da-seca-dos-rios\/","url":"https:\/\/www.manaus.am.gov.br\/semcom\/prefeitura-constroi-ponte-de-150-metros-na-marina-do-davi-para-conter-impactos-da-seca-dos-rios\/","name":"Prefeitura constr\u00f3i ponte de 150 metros na marina do Davi para conter impactos da seca dos rios","isPartOf":{"@id":"https:\/\/www.manaus.am.gov.br\/semcom\/#website"},"primaryImageOfPage":{"@id":"https:\/\/www.manaus.am.gov.br\/semcom\/prefeitura-constroi-ponte-de-150-metros-na-marina-do-davi-para-conter-impactos-da-seca-dos-rios\/#primaryimage"},"image":{"@id":"https:\/\/www.manaus.am.gov.br\/semcom\/prefeitura-constroi-ponte-de-150-metros-na-marina-do-davi-para-conter-impactos-da-seca-dos-rios\/#primaryimage"},"thumbnailUrl":"https:\/\/www.manaus.am.gov.br\/semcom\/wp-content\/uploads\/sites\/5\/2023\/09\/8301989a-0810-4b70-94df-148879e30264.jpg","datePublished":"2023-09-29T13:26:51+00:00","dateModified":"2023-09-29T13:26:51+00:00","author":{"@id":"https:\/\/www.manaus.am.gov.br\/semcom\/#\/schema\/person\/05d223aea2bf115f9883a6ff3683d81b"},"description":"A marina do Davi, no bairro Ponta Negra, zona Oeste, j\u00e1 sofre os impactos da seca, precisando ancorar as embarca\u00e7\u00f5es em pontos mais distantes, uma vez que a \u00e1rea de areia avan\u00e7a r\u00e1pido e a travessia at\u00e9 as embarca\u00e7\u00f5es j\u00e1 est\u00e1 comprometida, com um longo trecho de caminhada e muitos obst\u00e1culos.","inLanguage":"pt-BR","potentialAction":[{"@type":"ReadAction","target":["https:\/\/www.manaus.am.gov.br\/semcom\/prefeitura-constroi-ponte-de-150-metros-na-marina-do-davi-para-conter-impactos-da-seca-dos-rios\/"]}]},{"@type":"ImageObject","inLanguage":"pt-BR","@id":"https:\/\/www.manaus.am.gov.br\/semcom\/prefeitura-constroi-ponte-de-150-metros-na-marina-do-davi-para-conter-impactos-da-seca-dos-rios\/#primaryimage","url":"https:\/\/www.manaus.am.gov.br\/semcom\/wp-content\/uploads\/sites\/5\/2023\/09\/8301989a-0810-4b70-94df-148879e30264.jpg","contentUrl":"https:\/\/www.manaus.am.gov.br\/semcom\/wp-content\/uploads\/sites\/5\/2023\/09\/8301989a-0810-4b70-94df-148879e30264.jpg","width":1307,"height":980},{"@type":"WebSite","@id":"https:\/\/www.manaus.am.gov.br\/semcom\/#website","url":"https:\/\/www.manaus.am.gov.br\/semcom\/","name":"SEMCOM","description":"Secretaria Municipal de Comunica\u00e7\u00e3o","potentialAction":[{"@type":"SearchAction","target":{"@type":"EntryPoint","urlTemplate":"https:\/\/www.manaus.am.gov.br\/semcom\/?s={search_term_string}"},"query-input":"required name=search_term_string"}],"inLanguage":"pt-BR"},{"@type":"Person","@id":"https:\/\/www.manaus.am.gov.br\/semcom\/#\/schema\/person\/05d223aea2bf115f9883a6ff3683d81b","name":"Bruna Greco","image":{"@type":"ImageObject","inLanguage":"pt-BR","@id":"https:\/\/www.manaus.am.gov.br\/semcom\/#\/schema\/person\/image\/","url":"https:\/\/secure.gravatar.com\/avatar\/9c877d1a6adc2a055330e5c09a8653ce?s=96&d=mm&r=g","contentUrl":"https:\/\/secure.gravatar.com\/avatar\/9c877d1a6adc2a055330e5c09a8653ce?s=96&d=mm&r=g","caption":"Bruna Greco"}}]}},"_links":{"self":[{"href":"https:\/\/www.manaus.am.gov.br\/semcom\/wp-json\/wp\/v2\/posts\/219390"}],"collection":[{"href":"https:\/\/www.manaus.am.gov.br\/semcom\/wp-json\/wp\/v2\/posts"}],"about":[{"href":"https:\/\/www.manaus.am.gov.br\/semcom\/wp-json\/wp\/v2\/types\/post"}],"author":[{"embeddable":true,"href":"https:\/\/www.manaus.am.gov.br\/semcom\/wp-json\/wp\/v2\/users\/39"}],"replies":[{"embeddable":true,"href":"https:\/\/www.manaus.am.gov.br\/semcom\/wp-json\/wp\/v2\/comments?post=219390"}],"version-history":[{"count":0,"href":"https:\/\/www.manaus.am.gov.br\/semcom\/wp-json\/wp\/v2\/posts\/219390\/revisions"}],"wp:featuredmedia":[{"embeddable":true,"href":"https:\/\/www.manaus.am.gov.br\/semcom\/wp-json\/wp\/v2\/media\/219391"}],"wp:attachment":[{"href":"https:\/\/www.manaus.am.gov.br\/semcom\/wp-json\/wp\/v2\/media?parent=219390"}],"wp:term":[{"taxonomy":"category","embeddable":true,"href":"https:\/\/www.manaus.am.gov.br\/semcom\/wp-json\/wp\/v2\/categories?post=219390"},{"taxonomy":"post_tag","embeddable":true,"href":"https:\/\/www.manaus.am.gov.br\/semcom\/wp-json\/wp\/v2\/tags?post=219390"}],"curies":[{"name":"wp","href":"https:\/\/api.w.org\/{rel}","templated":true}]}}