{"id":219378,"date":"2023-09-28T21:30:04","date_gmt":"2023-09-29T00:30:04","guid":{"rendered":"https:\/\/www.manaus.am.gov.br\/semcom\/prefeitura-de-manaus-apresenta-projeto-da-lei-orcamentaria-para-2024-estimado-em-mais-de-r-9-bilhoes\/"},"modified":"2023-09-28T21:30:05","modified_gmt":"2023-09-29T00:30:05","slug":"prefeitura-de-manaus-apresenta-projeto-da-lei-orcamentaria-para-2024-estimado-em-mais-de-r-9-bilhoes","status":"publish","type":"post","link":"https:\/\/www.manaus.am.gov.br\/semcom\/prefeitura-de-manaus-apresenta-projeto-da-lei-orcamentaria-para-2024-estimado-em-mais-de-r-9-bilhoes\/","title":{"rendered":"<strong>Prefeitura de Manaus apresenta projeto da lei or\u00e7ament\u00e1ria para 2024 estimado em mais de R$ 9 bilh\u00f5es<\/strong>"},"content":{"rendered":"\n<p>O or\u00e7amento das a\u00e7\u00f5es e investimentos da cidade de Manaus estimado para 2024 \u00e9 de R$ 9,088 bilh\u00f5es, o que representa um crescimento de aproximadamente 6% sobre o valor projetado para 2023. O n\u00famero foi definido e divulgado pela Prefeitura de Manaus durante audi\u00eancia p\u00fablica iniciada nesta quinta-feira, 28\/9, para apresenta\u00e7\u00e3o do Projeto da Lei Or\u00e7ament\u00e1ria Anual (PLOA) e atualiza\u00e7\u00e3o do seu Plano Plurianual (PPA) at\u00e9 2025.<\/p>\n\n\n\n<p>Representando o prefeito de Manaus, David Almeida, o secret\u00e1rio municipal de Finan\u00e7as e Tecnologia da Informa\u00e7\u00e3o (Semef), Cl\u00e9cio Freire, iniciou as apresenta\u00e7\u00f5es e destacou a import\u00e2ncia da realiza\u00e7\u00e3o da audi\u00eancia p\u00fablica como instrumento de divulga\u00e7\u00e3o e transpar\u00eancia do processo de elabora\u00e7\u00e3o do or\u00e7amento anual da cidade de Manaus.<\/p>\n\n\n\n<p>\u201cEssa \u00e9 uma oportunidade \u00edmpar para mostrarmos \u00e0 sociedade onde os recursos municipais est\u00e3o sendo aplicados. Por onde o prefeito passa, ele faz quest\u00e3o de enfatizar os resultados e avan\u00e7os que essa gest\u00e3o j\u00e1 alcan\u00e7ou e continuar\u00e1 alcan\u00e7ando at\u00e9 o final de 2024. Exemplos como a Educa\u00e7\u00e3o, que vem evoluindo muito positivamente, nossa Sa\u00fade com v\u00e1rios projetos premiados, a Previd\u00eancia que foi consecutivas vezes destaque no cen\u00e1rio nacional, sem falar do empreendedorismo e transporte p\u00fablico, onde n\u00e3o se v\u00ea mais \u00f4nibus quebrados nas nossas vias. Estamos aqui para discutir o or\u00e7amento p\u00fablico e, o mais importante, tornar a gest\u00e3o participativa\u201d, destacou Freire.<\/p>\n\n\n\n<p>A audi\u00eancia ter\u00e1 continuidade nesta sexta-feira, 29, no audit\u00f3rio da Subsecretaria da Receita da Semef, na&nbsp;<a href=\"https:\/\/www.google.com\/maps\/search\/avenida+Japur%C3%A1,+493?entry=gmail&amp;source=g\" target=\"_blank\" rel=\"noreferrer noopener\">avenida Japur\u00e1, 493<\/a>, Centro. As apresenta\u00e7\u00f5es das secretarias final\u00edsticas da Prefeitura de Manaus tamb\u00e9m poder\u00e3o ser acompanhadas, ao vivo, pelo canal oficial da prefeitura:&nbsp;<a href=\"http:\/\/youtube.com\/PrefeituradeManausOficial\" target=\"_blank\" rel=\"noreferrer noopener\">youtube.com\/PrefeituradeManausOficial<\/a>.<\/p>\n\n\n\n<p>A popula\u00e7\u00e3o manauara poder\u00e1 participar enviando suas sugest\u00f5es via formul\u00e1rio on-line que pode ser acessado pelo endere\u00e7o eletr\u00f4nico:&nbsp;<a href=\"https:\/\/docs.google.com\/forms\/d\/e\/1FAIpQLSf3I6Nn_i_1OCRFu_rMK9ty-MR1Bpgl-EUIaaqarYuHABvSag\/viewform\" target=\"_blank\" rel=\"noreferrer noopener\">https:\/\/docs.google.com\/forms\/d\/e\/1FAIpQLSf3I6Nn_i_1OCRFu_rMK9ty-MR1Bpgl-EUIaaqarYuHABvSag\/viewform<\/a>.<\/p>\n\n\n\n<p><strong>N\u00fameros<\/strong><\/p>\n\n\n\n<p>A apresenta\u00e7\u00e3o dos n\u00fameros que comp\u00f5em o or\u00e7amento previsto para o ano de 2024 foi da subsecret\u00e1ria de Or\u00e7amentos e Projetos da Semef, Karliley Capucho. De acordo com a gestora, foram levados em considera\u00e7\u00e3o os par\u00e2metros estabelecidos no \u00faltimo Boletim Focus, publicado em 30 de junho deste ano, que apontam um crescimento de 1,28% do Produto Interno Bruto (PIB) e a expectativa da infla\u00e7\u00e3o (IPCA) de 3,92%.<\/p>\n\n\n\n<p>Dos R$ 9,088 bilh\u00f5es previstos no PLOA 2024, R$ 2,353 dever\u00e3o ser aplicados em a\u00e7\u00f5es e projetos voltados para a \u00e1rea da educa\u00e7\u00e3o. Este \u00e9 o maior or\u00e7amento da Prefeitura de Manaus e representa mais de R$ 25% do total de recursos previstos.<\/p>\n\n\n\n<p>Mais um ano, a segunda maior fatia do or\u00e7amento municipal do pr\u00f3ximo ano dever\u00e1 ir para a \u00e1rea de Urbanismo, onde dever\u00e1 ser aplicado R$ 1,681 bilh\u00e3o, 18,5% do or\u00e7amento. Em seguida vem os projetos e a\u00e7\u00f5es na \u00e1rea da Sa\u00fade, que somam R$ 1,623 bilh\u00e3o, montante que se refere a quase 18% do or\u00e7amento.<\/p>\n\n\n\n<p>&#8212; &#8212; &#8212;<\/p>\n\n\n\n<p><strong>Texto<\/strong>&nbsp;\u2013 Divulga\u00e7\u00e3o \/ Semef<\/p>\n","protected":false},"excerpt":{"rendered":"","protected":false},"author":31,"featured_media":219379,"comment_status":"closed","ping_status":"closed","sticky":false,"template":"","format":"standard","meta":{"footnotes":""},"categories":[2205],"tags":[2691,6703,8174],"acf":[],"yoast_head":"<!-- This site is optimized with the Yoast SEO plugin v23.0 - https:\/\/yoast.com\/wordpress\/plugins\/seo\/ -->\n<title>Prefeitura de Manaus apresenta projeto da lei or\u00e7ament\u00e1ria para 2024 estimado em mais de R$ 9 bilh\u00f5es - SEMCOM<\/title>\n<meta name=\"robots\" content=\"index, follow, max-snippet:-1, max-image-preview:large, max-video-preview:-1\" \/>\n<link rel=\"canonical\" href=\"https:\/\/www.manaus.am.gov.br\/semcom\/prefeitura-de-manaus-apresenta-projeto-da-lei-orcamentaria-para-2024-estimado-em-mais-de-r-9-bilhoes\/\" \/>\n<meta property=\"og:locale\" content=\"pt_BR\" \/>\n<meta property=\"og:type\" content=\"article\" \/>\n<meta property=\"og:title\" content=\"Prefeitura de Manaus apresenta projeto da lei or\u00e7ament\u00e1ria para 2024 estimado em mais de R$ 9 bilh\u00f5es - SEMCOM\" \/>\n<meta property=\"og:url\" content=\"https:\/\/www.manaus.am.gov.br\/semcom\/prefeitura-de-manaus-apresenta-projeto-da-lei-orcamentaria-para-2024-estimado-em-mais-de-r-9-bilhoes\/\" \/>\n<meta property=\"og:site_name\" content=\"SEMCOM\" \/>\n<meta property=\"article:published_time\" content=\"2023-09-29T00:30:04+00:00\" \/>\n<meta property=\"article:modified_time\" content=\"2023-09-29T00:30:05+00:00\" \/>\n<meta property=\"og:image\" content=\"https:\/\/www.manaus.am.gov.br\/semcom\/wp-content\/uploads\/sites\/5\/2023\/09\/53220505304_ef32b37a85_c.jpg\" \/>\n\t<meta property=\"og:image:width\" content=\"799\" \/>\n\t<meta property=\"og:image:height\" content=\"533\" \/>\n\t<meta property=\"og:image:type\" content=\"image\/jpeg\" \/>\n<meta name=\"author\" content=\"Renata Felix\" \/>\n<meta name=\"twitter:card\" content=\"summary_large_image\" \/>\n<meta name=\"twitter:label1\" content=\"Written by\" \/>\n\t<meta name=\"twitter:data1\" content=\"Renata Felix\" \/>\n\t<meta name=\"twitter:label2\" content=\"Est. reading time\" \/>\n\t<meta name=\"twitter:data2\" content=\"3 minutos\" \/>\n<script type=\"application\/ld+json\" class=\"yoast-schema-graph\">{\"@context\":\"https:\/\/schema.org\",\"@graph\":[{\"@type\":\"WebPage\",\"@id\":\"https:\/\/www.manaus.am.gov.br\/semcom\/prefeitura-de-manaus-apresenta-projeto-da-lei-orcamentaria-para-2024-estimado-em-mais-de-r-9-bilhoes\/\",\"url\":\"https:\/\/www.manaus.am.gov.br\/semcom\/prefeitura-de-manaus-apresenta-projeto-da-lei-orcamentaria-para-2024-estimado-em-mais-de-r-9-bilhoes\/\",\"name\":\"Prefeitura de Manaus apresenta projeto da lei or\u00e7ament\u00e1ria para 2024 estimado em mais de R$ 9 bilh\u00f5es - SEMCOM\",\"isPartOf\":{\"@id\":\"https:\/\/www.manaus.am.gov.br\/semcom\/#website\"},\"primaryImageOfPage\":{\"@id\":\"https:\/\/www.manaus.am.gov.br\/semcom\/prefeitura-de-manaus-apresenta-projeto-da-lei-orcamentaria-para-2024-estimado-em-mais-de-r-9-bilhoes\/#primaryimage\"},\"image\":{\"@id\":\"https:\/\/www.manaus.am.gov.br\/semcom\/prefeitura-de-manaus-apresenta-projeto-da-lei-orcamentaria-para-2024-estimado-em-mais-de-r-9-bilhoes\/#primaryimage\"},\"thumbnailUrl\":\"https:\/\/www.manaus.am.gov.br\/semcom\/wp-content\/uploads\/sites\/5\/2023\/09\/53220505304_ef32b37a85_c.jpg\",\"datePublished\":\"2023-09-29T00:30:04+00:00\",\"dateModified\":\"2023-09-29T00:30:05+00:00\",\"author\":{\"@id\":\"https:\/\/www.manaus.am.gov.br\/semcom\/#\/schema\/person\/4eea2a8f78dc853097abb026f728aa06\"},\"inLanguage\":\"pt-BR\",\"potentialAction\":[{\"@type\":\"ReadAction\",\"target\":[\"https:\/\/www.manaus.am.gov.br\/semcom\/prefeitura-de-manaus-apresenta-projeto-da-lei-orcamentaria-para-2024-estimado-em-mais-de-r-9-bilhoes\/\"]}]},{\"@type\":\"ImageObject\",\"inLanguage\":\"pt-BR\",\"@id\":\"https:\/\/www.manaus.am.gov.br\/semcom\/prefeitura-de-manaus-apresenta-projeto-da-lei-orcamentaria-para-2024-estimado-em-mais-de-r-9-bilhoes\/#primaryimage\",\"url\":\"https:\/\/www.manaus.am.gov.br\/semcom\/wp-content\/uploads\/sites\/5\/2023\/09\/53220505304_ef32b37a85_c.jpg\",\"contentUrl\":\"https:\/\/www.manaus.am.gov.br\/semcom\/wp-content\/uploads\/sites\/5\/2023\/09\/53220505304_ef32b37a85_c.jpg\",\"width\":799,\"height\":533},{\"@type\":\"WebSite\",\"@id\":\"https:\/\/www.manaus.am.gov.br\/semcom\/#website\",\"url\":\"https:\/\/www.manaus.am.gov.br\/semcom\/\",\"name\":\"SEMCOM\",\"description\":\"Secretaria Municipal de Comunica\u00e7\u00e3o\",\"potentialAction\":[{\"@type\":\"SearchAction\",\"target\":{\"@type\":\"EntryPoint\",\"urlTemplate\":\"https:\/\/www.manaus.am.gov.br\/semcom\/?s={search_term_string}\"},\"query-input\":\"required name=search_term_string\"}],\"inLanguage\":\"pt-BR\"},{\"@type\":\"Person\",\"@id\":\"https:\/\/www.manaus.am.gov.br\/semcom\/#\/schema\/person\/4eea2a8f78dc853097abb026f728aa06\",\"name\":\"Renata Felix\",\"image\":{\"@type\":\"ImageObject\",\"inLanguage\":\"pt-BR\",\"@id\":\"https:\/\/www.manaus.am.gov.br\/semcom\/#\/schema\/person\/image\/\",\"url\":\"https:\/\/secure.gravatar.com\/avatar\/3c196cf9d3b837b24c8edb2c50fd8f29?s=96&d=mm&r=g\",\"contentUrl\":\"https:\/\/secure.gravatar.com\/avatar\/3c196cf9d3b837b24c8edb2c50fd8f29?s=96&d=mm&r=g\",\"caption\":\"Renata Felix\"}}]}<\/script>\n<!-- \/ Yoast SEO plugin. -->","yoast_head_json":{"title":"Prefeitura de Manaus apresenta projeto da lei or\u00e7ament\u00e1ria para 2024 estimado em mais de R$ 9 bilh\u00f5es - SEMCOM","robots":{"index":"index","follow":"follow","max-snippet":"max-snippet:-1","max-image-preview":"max-image-preview:large","max-video-preview":"max-video-preview:-1"},"canonical":"https:\/\/www.manaus.am.gov.br\/semcom\/prefeitura-de-manaus-apresenta-projeto-da-lei-orcamentaria-para-2024-estimado-em-mais-de-r-9-bilhoes\/","og_locale":"pt_BR","og_type":"article","og_title":"Prefeitura de Manaus apresenta projeto da lei or\u00e7ament\u00e1ria para 2024 estimado em mais de R$ 9 bilh\u00f5es - SEMCOM","og_url":"https:\/\/www.manaus.am.gov.br\/semcom\/prefeitura-de-manaus-apresenta-projeto-da-lei-orcamentaria-para-2024-estimado-em-mais-de-r-9-bilhoes\/","og_site_name":"SEMCOM","article_published_time":"2023-09-29T00:30:04+00:00","article_modified_time":"2023-09-29T00:30:05+00:00","og_image":[{"width":799,"height":533,"url":"https:\/\/www.manaus.am.gov.br\/semcom\/wp-content\/uploads\/sites\/5\/2023\/09\/53220505304_ef32b37a85_c.jpg","type":"image\/jpeg"}],"author":"Renata Felix","twitter_card":"summary_large_image","twitter_misc":{"Written by":"Renata Felix","Est. reading time":"3 minutos"},"schema":{"@context":"https:\/\/schema.org","@graph":[{"@type":"WebPage","@id":"https:\/\/www.manaus.am.gov.br\/semcom\/prefeitura-de-manaus-apresenta-projeto-da-lei-orcamentaria-para-2024-estimado-em-mais-de-r-9-bilhoes\/","url":"https:\/\/www.manaus.am.gov.br\/semcom\/prefeitura-de-manaus-apresenta-projeto-da-lei-orcamentaria-para-2024-estimado-em-mais-de-r-9-bilhoes\/","name":"Prefeitura de Manaus apresenta projeto da lei or\u00e7ament\u00e1ria para 2024 estimado em mais de R$ 9 bilh\u00f5es - SEMCOM","isPartOf":{"@id":"https:\/\/www.manaus.am.gov.br\/semcom\/#website"},"primaryImageOfPage":{"@id":"https:\/\/www.manaus.am.gov.br\/semcom\/prefeitura-de-manaus-apresenta-projeto-da-lei-orcamentaria-para-2024-estimado-em-mais-de-r-9-bilhoes\/#primaryimage"},"image":{"@id":"https:\/\/www.manaus.am.gov.br\/semcom\/prefeitura-de-manaus-apresenta-projeto-da-lei-orcamentaria-para-2024-estimado-em-mais-de-r-9-bilhoes\/#primaryimage"},"thumbnailUrl":"https:\/\/www.manaus.am.gov.br\/semcom\/wp-content\/uploads\/sites\/5\/2023\/09\/53220505304_ef32b37a85_c.jpg","datePublished":"2023-09-29T00:30:04+00:00","dateModified":"2023-09-29T00:30:05+00:00","author":{"@id":"https:\/\/www.manaus.am.gov.br\/semcom\/#\/schema\/person\/4eea2a8f78dc853097abb026f728aa06"},"inLanguage":"pt-BR","potentialAction":[{"@type":"ReadAction","target":["https:\/\/www.manaus.am.gov.br\/semcom\/prefeitura-de-manaus-apresenta-projeto-da-lei-orcamentaria-para-2024-estimado-em-mais-de-r-9-bilhoes\/"]}]},{"@type":"ImageObject","inLanguage":"pt-BR","@id":"https:\/\/www.manaus.am.gov.br\/semcom\/prefeitura-de-manaus-apresenta-projeto-da-lei-orcamentaria-para-2024-estimado-em-mais-de-r-9-bilhoes\/#primaryimage","url":"https:\/\/www.manaus.am.gov.br\/semcom\/wp-content\/uploads\/sites\/5\/2023\/09\/53220505304_ef32b37a85_c.jpg","contentUrl":"https:\/\/www.manaus.am.gov.br\/semcom\/wp-content\/uploads\/sites\/5\/2023\/09\/53220505304_ef32b37a85_c.jpg","width":799,"height":533},{"@type":"WebSite","@id":"https:\/\/www.manaus.am.gov.br\/semcom\/#website","url":"https:\/\/www.manaus.am.gov.br\/semcom\/","name":"SEMCOM","description":"Secretaria Municipal de Comunica\u00e7\u00e3o","potentialAction":[{"@type":"SearchAction","target":{"@type":"EntryPoint","urlTemplate":"https:\/\/www.manaus.am.gov.br\/semcom\/?s={search_term_string}"},"query-input":"required name=search_term_string"}],"inLanguage":"pt-BR"},{"@type":"Person","@id":"https:\/\/www.manaus.am.gov.br\/semcom\/#\/schema\/person\/4eea2a8f78dc853097abb026f728aa06","name":"Renata Felix","image":{"@type":"ImageObject","inLanguage":"pt-BR","@id":"https:\/\/www.manaus.am.gov.br\/semcom\/#\/schema\/person\/image\/","url":"https:\/\/secure.gravatar.com\/avatar\/3c196cf9d3b837b24c8edb2c50fd8f29?s=96&d=mm&r=g","contentUrl":"https:\/\/secure.gravatar.com\/avatar\/3c196cf9d3b837b24c8edb2c50fd8f29?s=96&d=mm&r=g","caption":"Renata Felix"}}]}},"_links":{"self":[{"href":"https:\/\/www.manaus.am.gov.br\/semcom\/wp-json\/wp\/v2\/posts\/219378"}],"collection":[{"href":"https:\/\/www.manaus.am.gov.br\/semcom\/wp-json\/wp\/v2\/posts"}],"about":[{"href":"https:\/\/www.manaus.am.gov.br\/semcom\/wp-json\/wp\/v2\/types\/post"}],"author":[{"embeddable":true,"href":"https:\/\/www.manaus.am.gov.br\/semcom\/wp-json\/wp\/v2\/users\/31"}],"replies":[{"embeddable":true,"href":"https:\/\/www.manaus.am.gov.br\/semcom\/wp-json\/wp\/v2\/comments?post=219378"}],"version-history":[{"count":0,"href":"https:\/\/www.manaus.am.gov.br\/semcom\/wp-json\/wp\/v2\/posts\/219378\/revisions"}],"wp:featuredmedia":[{"embeddable":true,"href":"https:\/\/www.manaus.am.gov.br\/semcom\/wp-json\/wp\/v2\/media\/219379"}],"wp:attachment":[{"href":"https:\/\/www.manaus.am.gov.br\/semcom\/wp-json\/wp\/v2\/media?parent=219378"}],"wp:term":[{"taxonomy":"category","embeddable":true,"href":"https:\/\/www.manaus.am.gov.br\/semcom\/wp-json\/wp\/v2\/categories?post=219378"},{"taxonomy":"post_tag","embeddable":true,"href":"https:\/\/www.manaus.am.gov.br\/semcom\/wp-json\/wp\/v2\/tags?post=219378"}],"curies":[{"name":"wp","href":"https:\/\/api.w.org\/{rel}","templated":true}]}}