{"id":218992,"date":"2023-09-22T21:21:41","date_gmt":"2023-09-23T00:21:41","guid":{"rendered":"https:\/\/www.manaus.am.gov.br\/semcom\/prefeitura-de-manaus-fara-audiencia-publica-sobre-o-projeto-de-lei-orcamentaria-2024-e-atualizacao-do-plano-plurianual\/"},"modified":"2023-09-22T21:21:42","modified_gmt":"2023-09-23T00:21:42","slug":"prefeitura-de-manaus-fara-audiencia-publica-sobre-o-projeto-de-lei-orcamentaria-2024-e-atualizacao-do-plano-plurianual","status":"publish","type":"post","link":"https:\/\/www.manaus.am.gov.br\/semcom\/prefeitura-de-manaus-fara-audiencia-publica-sobre-o-projeto-de-lei-orcamentaria-2024-e-atualizacao-do-plano-plurianual\/","title":{"rendered":"<strong>Prefeitura de Manaus far\u00e1 audi\u00eancia p\u00fablica sobre o Projeto de Lei Or\u00e7ament\u00e1ria 2024 e atualiza\u00e7\u00e3o do Plano Plurianual<\/strong>"},"content":{"rendered":"\n<p>A Prefeitura de Manaus, por meio da Secretaria Municipal de Finan\u00e7as e Tecnologia da Informa\u00e7\u00e3o (Semef), realiza, nos pr\u00f3ximos dias, 28 e 29\/9, a audi\u00eancia p\u00fablica para a elabora\u00e7\u00e3o do Projeto de Lei Or\u00e7ament\u00e1ria Anual (PLOA) do exerc\u00edcio 2024 e atualiza\u00e7\u00e3o do Plano Plurianual (PPA) 2024\/2025.<\/p>\n\n\n\n<p>Este ano, a popula\u00e7\u00e3o manauara poder\u00e1 participar da audi\u00eancia de forma presencial, com vagas limitadas, ou on-line, por meio do canal oficial da Prefeitura de Manaus no Youtube (<a href=\"http:\/\/www.youtube.com\/PrefeituradeManausOficial\" target=\"_blank\" rel=\"noreferrer noopener\">www.youtube.com\/PrefeituradeManausOficial<\/a>).<\/p>\n\n\n\n<p>Para participar dos dois dias de evento, os interessados dever\u00e3o preencher o formul\u00e1rio de inscri\u00e7\u00e3o disponibilizado por meio do endere\u00e7o eletr\u00f4nico:&nbsp;<a href=\"https:\/\/forms.gle\/JvD1s6yic5c7tkYb6\" target=\"_blank\" rel=\"noreferrer noopener\">https:\/\/forms.gle\/JvD1s6yic5c7tkYb6<\/a>.<\/p>\n\n\n\n<p>No primeiro dia, 29\/9, a transmiss\u00e3o ocorrer\u00e1, das 14h \u00e0s 16h. J\u00e1 no segundo dia, 30\/9, das 8h \u00e0s 16h10. Durante os dois dias, os espectadores poder\u00e3o conferir os programas e a\u00e7\u00f5es das principais secretarias final\u00edsticas do Executivo municipal, al\u00e9m de interagir com sugest\u00f5es sobre o or\u00e7amento municipal de 2024.<\/p>\n\n\n\n<p>\u201c\u00c9 a ocasi\u00e3o que a popula\u00e7\u00e3o tem a oportunidade de conhecer melhor todos os projetos e programas do munic\u00edpio, bem como tamb\u00e9m apresentar propostas para o seu bairro ou regi\u00e3o, al\u00e9m de ter contato com os gestores e l\u00edderes das principais secretarias da Prefeitura de Manaus\u201d, destacou a subsecret\u00e1ria de Or\u00e7amento e Projetos da Semef, Karliley Capucho.<\/p>\n\n\n\n<p>Conforme explicou a subsecret\u00e1ria da Semef, as propostas a serem apresentadas foram elaboradas seguindo as orienta\u00e7\u00f5es e normas da Lei de Diretrizes Or\u00e7ament\u00e1rias para o ano de 2024 e compor\u00e3o o projeto da LOA que dever\u00e1 ser encaminhado para avalia\u00e7\u00e3o do legislativo municipal at\u00e9 o pr\u00f3ximo dia 15 de outubro.<\/p>\n\n\n\n<p>A realiza\u00e7\u00e3o da Audi\u00eancia P\u00fablica Municipal atende ao Artigo 165 da Constitui\u00e7\u00e3o Federal, bem como ao disposto na Lei de Responsabilidade Fiscal \u2013 Lei Complementar n\u00ba 101\/2000. O credenciamento para as plen\u00e1rias ser\u00e1 aberto ao p\u00fablico meia hora antes do in\u00edcio do evento.<\/p>\n\n\n\n<p>&#8212; &#8212; &#8212;<\/p>\n\n\n\n<p><strong>Texto<\/strong>&nbsp;\u2013 Divulga\u00e7\u00e3o \/ Semef<\/p>\n\n\n\n<p><strong>Foto<\/strong>&nbsp;\u2013 Phil Limma \/ Arquivo Semcom<\/p>\n","protected":false},"excerpt":{"rendered":"","protected":false},"author":31,"featured_media":218993,"comment_status":"closed","ping_status":"closed","sticky":false,"template":"","format":"standard","meta":{"footnotes":""},"categories":[2205],"tags":[2691,6703,8037],"acf":[],"yoast_head":"<!-- This site is optimized with the Yoast SEO plugin v23.0 - https:\/\/yoast.com\/wordpress\/plugins\/seo\/ -->\n<title>Prefeitura de Manaus far\u00e1 audi\u00eancia p\u00fablica sobre o Projeto de Lei Or\u00e7ament\u00e1ria 2024 e atualiza\u00e7\u00e3o do Plano Plurianual - SEMCOM<\/title>\n<meta name=\"robots\" content=\"index, follow, max-snippet:-1, max-image-preview:large, max-video-preview:-1\" \/>\n<link rel=\"canonical\" href=\"https:\/\/www.manaus.am.gov.br\/semcom\/prefeitura-de-manaus-fara-audiencia-publica-sobre-o-projeto-de-lei-orcamentaria-2024-e-atualizacao-do-plano-plurianual\/\" \/>\n<meta property=\"og:locale\" content=\"pt_BR\" \/>\n<meta property=\"og:type\" content=\"article\" \/>\n<meta property=\"og:title\" content=\"Prefeitura de Manaus far\u00e1 audi\u00eancia p\u00fablica sobre o Projeto de Lei Or\u00e7ament\u00e1ria 2024 e atualiza\u00e7\u00e3o do Plano Plurianual - SEMCOM\" \/>\n<meta property=\"og:url\" content=\"https:\/\/www.manaus.am.gov.br\/semcom\/prefeitura-de-manaus-fara-audiencia-publica-sobre-o-projeto-de-lei-orcamentaria-2024-e-atualizacao-do-plano-plurianual\/\" \/>\n<meta property=\"og:site_name\" content=\"SEMCOM\" \/>\n<meta property=\"article:published_time\" content=\"2023-09-23T00:21:41+00:00\" \/>\n<meta property=\"article:modified_time\" content=\"2023-09-23T00:21:42+00:00\" \/>\n<meta property=\"og:image\" content=\"https:\/\/www.manaus.am.gov.br\/semcom\/wp-content\/uploads\/sites\/5\/2023\/09\/53134337897_b1918a3d47_o-1024x683.jpg\" \/>\n\t<meta property=\"og:image:width\" content=\"1024\" \/>\n\t<meta property=\"og:image:height\" content=\"683\" \/>\n\t<meta property=\"og:image:type\" content=\"image\/jpeg\" \/>\n<meta name=\"author\" content=\"Renata Felix\" \/>\n<meta name=\"twitter:card\" content=\"summary_large_image\" \/>\n<meta name=\"twitter:label1\" content=\"Written by\" \/>\n\t<meta name=\"twitter:data1\" content=\"Renata Felix\" \/>\n\t<meta name=\"twitter:label2\" content=\"Est. reading time\" \/>\n\t<meta name=\"twitter:data2\" content=\"2 minutos\" \/>\n<script type=\"application\/ld+json\" class=\"yoast-schema-graph\">{\"@context\":\"https:\/\/schema.org\",\"@graph\":[{\"@type\":\"WebPage\",\"@id\":\"https:\/\/www.manaus.am.gov.br\/semcom\/prefeitura-de-manaus-fara-audiencia-publica-sobre-o-projeto-de-lei-orcamentaria-2024-e-atualizacao-do-plano-plurianual\/\",\"url\":\"https:\/\/www.manaus.am.gov.br\/semcom\/prefeitura-de-manaus-fara-audiencia-publica-sobre-o-projeto-de-lei-orcamentaria-2024-e-atualizacao-do-plano-plurianual\/\",\"name\":\"Prefeitura de Manaus far\u00e1 audi\u00eancia p\u00fablica sobre o Projeto de Lei Or\u00e7ament\u00e1ria 2024 e atualiza\u00e7\u00e3o do Plano Plurianual - SEMCOM\",\"isPartOf\":{\"@id\":\"https:\/\/www.manaus.am.gov.br\/semcom\/#website\"},\"primaryImageOfPage\":{\"@id\":\"https:\/\/www.manaus.am.gov.br\/semcom\/prefeitura-de-manaus-fara-audiencia-publica-sobre-o-projeto-de-lei-orcamentaria-2024-e-atualizacao-do-plano-plurianual\/#primaryimage\"},\"image\":{\"@id\":\"https:\/\/www.manaus.am.gov.br\/semcom\/prefeitura-de-manaus-fara-audiencia-publica-sobre-o-projeto-de-lei-orcamentaria-2024-e-atualizacao-do-plano-plurianual\/#primaryimage\"},\"thumbnailUrl\":\"https:\/\/www.manaus.am.gov.br\/semcom\/wp-content\/uploads\/sites\/5\/2023\/09\/53134337897_b1918a3d47_o.jpg\",\"datePublished\":\"2023-09-23T00:21:41+00:00\",\"dateModified\":\"2023-09-23T00:21:42+00:00\",\"author\":{\"@id\":\"https:\/\/www.manaus.am.gov.br\/semcom\/#\/schema\/person\/4eea2a8f78dc853097abb026f728aa06\"},\"inLanguage\":\"pt-BR\",\"potentialAction\":[{\"@type\":\"ReadAction\",\"target\":[\"https:\/\/www.manaus.am.gov.br\/semcom\/prefeitura-de-manaus-fara-audiencia-publica-sobre-o-projeto-de-lei-orcamentaria-2024-e-atualizacao-do-plano-plurianual\/\"]}]},{\"@type\":\"ImageObject\",\"inLanguage\":\"pt-BR\",\"@id\":\"https:\/\/www.manaus.am.gov.br\/semcom\/prefeitura-de-manaus-fara-audiencia-publica-sobre-o-projeto-de-lei-orcamentaria-2024-e-atualizacao-do-plano-plurianual\/#primaryimage\",\"url\":\"https:\/\/www.manaus.am.gov.br\/semcom\/wp-content\/uploads\/sites\/5\/2023\/09\/53134337897_b1918a3d47_o.jpg\",\"contentUrl\":\"https:\/\/www.manaus.am.gov.br\/semcom\/wp-content\/uploads\/sites\/5\/2023\/09\/53134337897_b1918a3d47_o.jpg\",\"width\":4464,\"height\":2976},{\"@type\":\"WebSite\",\"@id\":\"https:\/\/www.manaus.am.gov.br\/semcom\/#website\",\"url\":\"https:\/\/www.manaus.am.gov.br\/semcom\/\",\"name\":\"SEMCOM\",\"description\":\"Secretaria Municipal de Comunica\u00e7\u00e3o\",\"potentialAction\":[{\"@type\":\"SearchAction\",\"target\":{\"@type\":\"EntryPoint\",\"urlTemplate\":\"https:\/\/www.manaus.am.gov.br\/semcom\/?s={search_term_string}\"},\"query-input\":\"required name=search_term_string\"}],\"inLanguage\":\"pt-BR\"},{\"@type\":\"Person\",\"@id\":\"https:\/\/www.manaus.am.gov.br\/semcom\/#\/schema\/person\/4eea2a8f78dc853097abb026f728aa06\",\"name\":\"Renata Felix\",\"image\":{\"@type\":\"ImageObject\",\"inLanguage\":\"pt-BR\",\"@id\":\"https:\/\/www.manaus.am.gov.br\/semcom\/#\/schema\/person\/image\/\",\"url\":\"https:\/\/secure.gravatar.com\/avatar\/3c196cf9d3b837b24c8edb2c50fd8f29?s=96&d=mm&r=g\",\"contentUrl\":\"https:\/\/secure.gravatar.com\/avatar\/3c196cf9d3b837b24c8edb2c50fd8f29?s=96&d=mm&r=g\",\"caption\":\"Renata Felix\"}}]}<\/script>\n<!-- \/ Yoast SEO plugin. -->","yoast_head_json":{"title":"Prefeitura de Manaus far\u00e1 audi\u00eancia p\u00fablica sobre o Projeto de Lei Or\u00e7ament\u00e1ria 2024 e atualiza\u00e7\u00e3o do Plano Plurianual - SEMCOM","robots":{"index":"index","follow":"follow","max-snippet":"max-snippet:-1","max-image-preview":"max-image-preview:large","max-video-preview":"max-video-preview:-1"},"canonical":"https:\/\/www.manaus.am.gov.br\/semcom\/prefeitura-de-manaus-fara-audiencia-publica-sobre-o-projeto-de-lei-orcamentaria-2024-e-atualizacao-do-plano-plurianual\/","og_locale":"pt_BR","og_type":"article","og_title":"Prefeitura de Manaus far\u00e1 audi\u00eancia p\u00fablica sobre o Projeto de Lei Or\u00e7ament\u00e1ria 2024 e atualiza\u00e7\u00e3o do Plano Plurianual - SEMCOM","og_url":"https:\/\/www.manaus.am.gov.br\/semcom\/prefeitura-de-manaus-fara-audiencia-publica-sobre-o-projeto-de-lei-orcamentaria-2024-e-atualizacao-do-plano-plurianual\/","og_site_name":"SEMCOM","article_published_time":"2023-09-23T00:21:41+00:00","article_modified_time":"2023-09-23T00:21:42+00:00","og_image":[{"width":1024,"height":683,"url":"https:\/\/www.manaus.am.gov.br\/semcom\/wp-content\/uploads\/sites\/5\/2023\/09\/53134337897_b1918a3d47_o-1024x683.jpg","type":"image\/jpeg"}],"author":"Renata Felix","twitter_card":"summary_large_image","twitter_misc":{"Written by":"Renata Felix","Est. reading time":"2 minutos"},"schema":{"@context":"https:\/\/schema.org","@graph":[{"@type":"WebPage","@id":"https:\/\/www.manaus.am.gov.br\/semcom\/prefeitura-de-manaus-fara-audiencia-publica-sobre-o-projeto-de-lei-orcamentaria-2024-e-atualizacao-do-plano-plurianual\/","url":"https:\/\/www.manaus.am.gov.br\/semcom\/prefeitura-de-manaus-fara-audiencia-publica-sobre-o-projeto-de-lei-orcamentaria-2024-e-atualizacao-do-plano-plurianual\/","name":"Prefeitura de Manaus far\u00e1 audi\u00eancia p\u00fablica sobre o Projeto de Lei Or\u00e7ament\u00e1ria 2024 e atualiza\u00e7\u00e3o do Plano Plurianual - SEMCOM","isPartOf":{"@id":"https:\/\/www.manaus.am.gov.br\/semcom\/#website"},"primaryImageOfPage":{"@id":"https:\/\/www.manaus.am.gov.br\/semcom\/prefeitura-de-manaus-fara-audiencia-publica-sobre-o-projeto-de-lei-orcamentaria-2024-e-atualizacao-do-plano-plurianual\/#primaryimage"},"image":{"@id":"https:\/\/www.manaus.am.gov.br\/semcom\/prefeitura-de-manaus-fara-audiencia-publica-sobre-o-projeto-de-lei-orcamentaria-2024-e-atualizacao-do-plano-plurianual\/#primaryimage"},"thumbnailUrl":"https:\/\/www.manaus.am.gov.br\/semcom\/wp-content\/uploads\/sites\/5\/2023\/09\/53134337897_b1918a3d47_o.jpg","datePublished":"2023-09-23T00:21:41+00:00","dateModified":"2023-09-23T00:21:42+00:00","author":{"@id":"https:\/\/www.manaus.am.gov.br\/semcom\/#\/schema\/person\/4eea2a8f78dc853097abb026f728aa06"},"inLanguage":"pt-BR","potentialAction":[{"@type":"ReadAction","target":["https:\/\/www.manaus.am.gov.br\/semcom\/prefeitura-de-manaus-fara-audiencia-publica-sobre-o-projeto-de-lei-orcamentaria-2024-e-atualizacao-do-plano-plurianual\/"]}]},{"@type":"ImageObject","inLanguage":"pt-BR","@id":"https:\/\/www.manaus.am.gov.br\/semcom\/prefeitura-de-manaus-fara-audiencia-publica-sobre-o-projeto-de-lei-orcamentaria-2024-e-atualizacao-do-plano-plurianual\/#primaryimage","url":"https:\/\/www.manaus.am.gov.br\/semcom\/wp-content\/uploads\/sites\/5\/2023\/09\/53134337897_b1918a3d47_o.jpg","contentUrl":"https:\/\/www.manaus.am.gov.br\/semcom\/wp-content\/uploads\/sites\/5\/2023\/09\/53134337897_b1918a3d47_o.jpg","width":4464,"height":2976},{"@type":"WebSite","@id":"https:\/\/www.manaus.am.gov.br\/semcom\/#website","url":"https:\/\/www.manaus.am.gov.br\/semcom\/","name":"SEMCOM","description":"Secretaria Municipal de Comunica\u00e7\u00e3o","potentialAction":[{"@type":"SearchAction","target":{"@type":"EntryPoint","urlTemplate":"https:\/\/www.manaus.am.gov.br\/semcom\/?s={search_term_string}"},"query-input":"required name=search_term_string"}],"inLanguage":"pt-BR"},{"@type":"Person","@id":"https:\/\/www.manaus.am.gov.br\/semcom\/#\/schema\/person\/4eea2a8f78dc853097abb026f728aa06","name":"Renata Felix","image":{"@type":"ImageObject","inLanguage":"pt-BR","@id":"https:\/\/www.manaus.am.gov.br\/semcom\/#\/schema\/person\/image\/","url":"https:\/\/secure.gravatar.com\/avatar\/3c196cf9d3b837b24c8edb2c50fd8f29?s=96&d=mm&r=g","contentUrl":"https:\/\/secure.gravatar.com\/avatar\/3c196cf9d3b837b24c8edb2c50fd8f29?s=96&d=mm&r=g","caption":"Renata Felix"}}]}},"_links":{"self":[{"href":"https:\/\/www.manaus.am.gov.br\/semcom\/wp-json\/wp\/v2\/posts\/218992"}],"collection":[{"href":"https:\/\/www.manaus.am.gov.br\/semcom\/wp-json\/wp\/v2\/posts"}],"about":[{"href":"https:\/\/www.manaus.am.gov.br\/semcom\/wp-json\/wp\/v2\/types\/post"}],"author":[{"embeddable":true,"href":"https:\/\/www.manaus.am.gov.br\/semcom\/wp-json\/wp\/v2\/users\/31"}],"replies":[{"embeddable":true,"href":"https:\/\/www.manaus.am.gov.br\/semcom\/wp-json\/wp\/v2\/comments?post=218992"}],"version-history":[{"count":0,"href":"https:\/\/www.manaus.am.gov.br\/semcom\/wp-json\/wp\/v2\/posts\/218992\/revisions"}],"wp:featuredmedia":[{"embeddable":true,"href":"https:\/\/www.manaus.am.gov.br\/semcom\/wp-json\/wp\/v2\/media\/218993"}],"wp:attachment":[{"href":"https:\/\/www.manaus.am.gov.br\/semcom\/wp-json\/wp\/v2\/media?parent=218992"}],"wp:term":[{"taxonomy":"category","embeddable":true,"href":"https:\/\/www.manaus.am.gov.br\/semcom\/wp-json\/wp\/v2\/categories?post=218992"},{"taxonomy":"post_tag","embeddable":true,"href":"https:\/\/www.manaus.am.gov.br\/semcom\/wp-json\/wp\/v2\/tags?post=218992"}],"curies":[{"name":"wp","href":"https:\/\/api.w.org\/{rel}","templated":true}]}}