{"id":218954,"date":"2023-09-22T16:22:25","date_gmt":"2023-09-22T19:22:25","guid":{"rendered":"https:\/\/www.manaus.am.gov.br\/semcom\/prefeitura-realiza-recapeamento-de-via-abandonada-ha-10-anos-no-bairro-compensa\/"},"modified":"2023-09-22T16:22:26","modified_gmt":"2023-09-22T19:22:26","slug":"prefeitura-realiza-recapeamento-de-via-abandonada-ha-10-anos-no-bairro-compensa","status":"publish","type":"post","link":"https:\/\/www.manaus.am.gov.br\/semcom\/prefeitura-realiza-recapeamento-de-via-abandonada-ha-10-anos-no-bairro-compensa\/","title":{"rendered":"<strong>Prefeitura realiza recapeamento de via abandonada h\u00e1 10 anos no bairro Compensa<\/strong>"},"content":{"rendered":"\n<p>A Prefeitura de Manaus, por meio da Secretaria Municipal de Infraestrutura (Seminf), trabalha, nesta sexta-feira, 22\/9, na revitaliza\u00e7\u00e3o da rua Coronel Cyrillo Neves, bairro Compensa, na zona Oeste, sem manuten\u00e7\u00e3o h\u00e1 dez anos pelo poder p\u00fablico. A via que estava intrafeg\u00e1vel recebe 445 toneladas de massa asf\u00e1ltica para a recupera\u00e7\u00e3o dos 630 metros de extens\u00e3o.<\/p>\n\n\n\n<p>De acordo com o subsecret\u00e1rio de Obras P\u00fablicas, Efrain Arag\u00e3o, o servi\u00e7o \u00e9 minucioso, requer um trabalho delicado para receber o recapeamento em um servi\u00e7o de excel\u00eancia.<\/p>\n\n\n\n<p>\u201c\u00c9 sempre muito gratificante a alegria dos moradores com as m\u00e1quinas e o servi\u00e7o sendo realizado na sua rua. Estamos levando obra de infraestrutura por toda a cidade e sempre a satisfa\u00e7\u00e3o \u00e9 a mesma. Aqui, no bairro Compensa, estamos levando dignidade a partir de um servi\u00e7o de qualidade, como determina o prefeito David Almeida e o secret\u00e1rio de Obras, Renato J\u00fanior\u201d, explica Efrain Arag\u00e3o.<\/p>\n\n\n\n<p>Quinze servidores est\u00e3o trabalhando na execu\u00e7\u00e3o da obra do recapeamento com m\u00e1quinas escavadeiras, tratores de esteira, rolo compactador, niveladoras e retroescavadeiras.<\/p>\n\n\n\n<p>Os trabalhadores iniciaram os servi\u00e7os com a limpeza da via, retirando todo lixo, entulho e&nbsp; vegeta\u00e7\u00e3o, para que pudessem dar in\u00edcio aos trabalhos de recupera\u00e7\u00e3o da base (solo); posteriormente, foi realizado o servi\u00e7o de fresagem, que \u00e9 a retirada do asfalto antigo e desgastado, seguindo para o pr\u00f3ximo passo, que consiste na aplica\u00e7\u00e3o da pintura de liga\u00e7\u00e3o (esp\u00e9cie de cola para o pavimento), respons\u00e1vel pela ader\u00eancia da massa asf\u00e1ltica ao solo, sendo finalizado com a&nbsp; compacta\u00e7\u00e3o.<\/p>\n\n\n\n<p>Foram dez anos de esquecimento pelo poder p\u00fablico e, hoje, o asfalto chega \u00e0 rua Coronel Cyrillo Neves. Outra frente de obra atua no recapeamento da rua Danilo de Matos Areosa, importante via do bairro Compensa.<\/p>\n\n\n\n<p>As a\u00e7\u00f5es fazem parte do programa &#8220;Asfalta Manaus\u201d, que,&nbsp; no bairro Compensa, chega \u00e0 marca de 84 ruas recapeadas.<\/p>\n\n\n\n<p><strong>Texto<\/strong>&nbsp;\u2013 Valesca Martins\/ Seminf<\/p>\n\n\n\n<p><strong>Fotos<\/strong>&nbsp;&#8211; Divulga\u00e7\u00e3o \/ Seminf<\/p>\n\n\n\n<p><\/p>\n","protected":false},"excerpt":{"rendered":"","protected":false},"author":23,"featured_media":218955,"comment_status":"closed","ping_status":"closed","sticky":false,"template":"","format":"standard","meta":{"footnotes":""},"categories":[201],"tags":[102,77,33],"acf":[],"yoast_head":"<!-- This site is optimized with the Yoast SEO plugin v23.0 - https:\/\/yoast.com\/wordpress\/plugins\/seo\/ -->\n<title>Prefeitura realiza recapeamento de via abandonada h\u00e1 10 anos no bairro Compensa<\/title>\n<meta name=\"description\" content=\"A Prefeitura de Manaus, por meio da Secretaria Municipal de Infraestrutura (Seminf), trabalha, nesta sexta-feira, 22\/9, na revitaliza\u00e7\u00e3o da rua Coronel Cyrillo Neves, bairro Compensa, na zona Oeste, sem manuten\u00e7\u00e3o h\u00e1 dez anos pelo poder p\u00fablico. A via que estava intrafeg\u00e1vel recebe 445 toneladas de massa asf\u00e1ltica para a recupera\u00e7\u00e3o dos 630 metros de extens\u00e3o.\" \/>\n<meta name=\"robots\" content=\"index, follow, max-snippet:-1, max-image-preview:large, max-video-preview:-1\" \/>\n<link rel=\"canonical\" href=\"https:\/\/www.manaus.am.gov.br\/semcom\/prefeitura-realiza-recapeamento-de-via-abandonada-ha-10-anos-no-bairro-compensa\/\" \/>\n<meta property=\"og:locale\" content=\"pt_BR\" \/>\n<meta property=\"og:type\" content=\"article\" \/>\n<meta property=\"og:title\" content=\"Prefeitura realiza recapeamento de via abandonada h\u00e1 10 anos no bairro Compensa\" \/>\n<meta property=\"og:description\" content=\"A Prefeitura de Manaus, por meio da Secretaria Municipal de Infraestrutura (Seminf), trabalha, nesta sexta-feira, 22\/9, na revitaliza\u00e7\u00e3o da rua Coronel Cyrillo Neves, bairro Compensa, na zona Oeste, sem manuten\u00e7\u00e3o h\u00e1 dez anos pelo poder p\u00fablico. A via que estava intrafeg\u00e1vel recebe 445 toneladas de massa asf\u00e1ltica para a recupera\u00e7\u00e3o dos 630 metros de extens\u00e3o.\" \/>\n<meta property=\"og:url\" content=\"https:\/\/www.manaus.am.gov.br\/semcom\/prefeitura-realiza-recapeamento-de-via-abandonada-ha-10-anos-no-bairro-compensa\/\" \/>\n<meta property=\"og:site_name\" content=\"SEMCOM\" \/>\n<meta property=\"article:published_time\" content=\"2023-09-22T19:22:25+00:00\" \/>\n<meta property=\"article:modified_time\" content=\"2023-09-22T19:22:26+00:00\" \/>\n<meta property=\"og:image\" content=\"https:\/\/www.manaus.am.gov.br\/semcom\/wp-content\/uploads\/sites\/5\/2023\/09\/WhatsApp-Image-2023-09-22-at-14.26.35.jpeg\" \/>\n\t<meta property=\"og:image:width\" content=\"1547\" \/>\n\t<meta property=\"og:image:height\" content=\"1043\" \/>\n\t<meta property=\"og:image:type\" content=\"image\/jpeg\" \/>\n<meta name=\"author\" content=\"Adriana Costa\" \/>\n<meta name=\"twitter:card\" content=\"summary_large_image\" \/>\n<meta name=\"twitter:label1\" content=\"Written by\" \/>\n\t<meta name=\"twitter:data1\" content=\"Adriana Costa\" \/>\n\t<meta name=\"twitter:label2\" content=\"Est. reading time\" \/>\n\t<meta name=\"twitter:data2\" content=\"2 minutos\" \/>\n<script type=\"application\/ld+json\" class=\"yoast-schema-graph\">{\"@context\":\"https:\/\/schema.org\",\"@graph\":[{\"@type\":\"WebPage\",\"@id\":\"https:\/\/www.manaus.am.gov.br\/semcom\/prefeitura-realiza-recapeamento-de-via-abandonada-ha-10-anos-no-bairro-compensa\/\",\"url\":\"https:\/\/www.manaus.am.gov.br\/semcom\/prefeitura-realiza-recapeamento-de-via-abandonada-ha-10-anos-no-bairro-compensa\/\",\"name\":\"Prefeitura realiza recapeamento de via abandonada h\u00e1 10 anos no bairro Compensa\",\"isPartOf\":{\"@id\":\"https:\/\/www.manaus.am.gov.br\/semcom\/#website\"},\"primaryImageOfPage\":{\"@id\":\"https:\/\/www.manaus.am.gov.br\/semcom\/prefeitura-realiza-recapeamento-de-via-abandonada-ha-10-anos-no-bairro-compensa\/#primaryimage\"},\"image\":{\"@id\":\"https:\/\/www.manaus.am.gov.br\/semcom\/prefeitura-realiza-recapeamento-de-via-abandonada-ha-10-anos-no-bairro-compensa\/#primaryimage\"},\"thumbnailUrl\":\"https:\/\/www.manaus.am.gov.br\/semcom\/wp-content\/uploads\/sites\/5\/2023\/09\/WhatsApp-Image-2023-09-22-at-14.26.35.jpeg\",\"datePublished\":\"2023-09-22T19:22:25+00:00\",\"dateModified\":\"2023-09-22T19:22:26+00:00\",\"author\":{\"@id\":\"https:\/\/www.manaus.am.gov.br\/semcom\/#\/schema\/person\/4e49f4e267757a06ca072ec61b2b9968\"},\"description\":\"A Prefeitura de Manaus, por meio da Secretaria Municipal de Infraestrutura (Seminf), trabalha, nesta sexta-feira, 22\/9, na revitaliza\u00e7\u00e3o da rua Coronel Cyrillo Neves, bairro Compensa, na zona Oeste, sem manuten\u00e7\u00e3o h\u00e1 dez anos pelo poder p\u00fablico. A via que estava intrafeg\u00e1vel recebe 445 toneladas de massa asf\u00e1ltica para a recupera\u00e7\u00e3o dos 630 metros de extens\u00e3o.\",\"inLanguage\":\"pt-BR\",\"potentialAction\":[{\"@type\":\"ReadAction\",\"target\":[\"https:\/\/www.manaus.am.gov.br\/semcom\/prefeitura-realiza-recapeamento-de-via-abandonada-ha-10-anos-no-bairro-compensa\/\"]}]},{\"@type\":\"ImageObject\",\"inLanguage\":\"pt-BR\",\"@id\":\"https:\/\/www.manaus.am.gov.br\/semcom\/prefeitura-realiza-recapeamento-de-via-abandonada-ha-10-anos-no-bairro-compensa\/#primaryimage\",\"url\":\"https:\/\/www.manaus.am.gov.br\/semcom\/wp-content\/uploads\/sites\/5\/2023\/09\/WhatsApp-Image-2023-09-22-at-14.26.35.jpeg\",\"contentUrl\":\"https:\/\/www.manaus.am.gov.br\/semcom\/wp-content\/uploads\/sites\/5\/2023\/09\/WhatsApp-Image-2023-09-22-at-14.26.35.jpeg\",\"width\":1547,\"height\":1043},{\"@type\":\"WebSite\",\"@id\":\"https:\/\/www.manaus.am.gov.br\/semcom\/#website\",\"url\":\"https:\/\/www.manaus.am.gov.br\/semcom\/\",\"name\":\"SEMCOM\",\"description\":\"Secretaria Municipal de Comunica\u00e7\u00e3o\",\"potentialAction\":[{\"@type\":\"SearchAction\",\"target\":{\"@type\":\"EntryPoint\",\"urlTemplate\":\"https:\/\/www.manaus.am.gov.br\/semcom\/?s={search_term_string}\"},\"query-input\":\"required name=search_term_string\"}],\"inLanguage\":\"pt-BR\"},{\"@type\":\"Person\",\"@id\":\"https:\/\/www.manaus.am.gov.br\/semcom\/#\/schema\/person\/4e49f4e267757a06ca072ec61b2b9968\",\"name\":\"Adriana Costa\",\"image\":{\"@type\":\"ImageObject\",\"inLanguage\":\"pt-BR\",\"@id\":\"https:\/\/www.manaus.am.gov.br\/semcom\/#\/schema\/person\/image\/\",\"url\":\"https:\/\/secure.gravatar.com\/avatar\/576258617ef7194f718179e766d57bd4?s=96&d=mm&r=g\",\"contentUrl\":\"https:\/\/secure.gravatar.com\/avatar\/576258617ef7194f718179e766d57bd4?s=96&d=mm&r=g\",\"caption\":\"Adriana Costa\"}}]}<\/script>\n<!-- \/ Yoast SEO plugin. -->","yoast_head_json":{"title":"Prefeitura realiza recapeamento de via abandonada h\u00e1 10 anos no bairro Compensa","description":"A Prefeitura de Manaus, por meio da Secretaria Municipal de Infraestrutura (Seminf), trabalha, nesta sexta-feira, 22\/9, na revitaliza\u00e7\u00e3o da rua Coronel Cyrillo Neves, bairro Compensa, na zona Oeste, sem manuten\u00e7\u00e3o h\u00e1 dez anos pelo poder p\u00fablico. A via que estava intrafeg\u00e1vel recebe 445 toneladas de massa asf\u00e1ltica para a recupera\u00e7\u00e3o dos 630 metros de extens\u00e3o.","robots":{"index":"index","follow":"follow","max-snippet":"max-snippet:-1","max-image-preview":"max-image-preview:large","max-video-preview":"max-video-preview:-1"},"canonical":"https:\/\/www.manaus.am.gov.br\/semcom\/prefeitura-realiza-recapeamento-de-via-abandonada-ha-10-anos-no-bairro-compensa\/","og_locale":"pt_BR","og_type":"article","og_title":"Prefeitura realiza recapeamento de via abandonada h\u00e1 10 anos no bairro Compensa","og_description":"A Prefeitura de Manaus, por meio da Secretaria Municipal de Infraestrutura (Seminf), trabalha, nesta sexta-feira, 22\/9, na revitaliza\u00e7\u00e3o da rua Coronel Cyrillo Neves, bairro Compensa, na zona Oeste, sem manuten\u00e7\u00e3o h\u00e1 dez anos pelo poder p\u00fablico. A via que estava intrafeg\u00e1vel recebe 445 toneladas de massa asf\u00e1ltica para a recupera\u00e7\u00e3o dos 630 metros de extens\u00e3o.","og_url":"https:\/\/www.manaus.am.gov.br\/semcom\/prefeitura-realiza-recapeamento-de-via-abandonada-ha-10-anos-no-bairro-compensa\/","og_site_name":"SEMCOM","article_published_time":"2023-09-22T19:22:25+00:00","article_modified_time":"2023-09-22T19:22:26+00:00","og_image":[{"width":1547,"height":1043,"url":"https:\/\/www.manaus.am.gov.br\/semcom\/wp-content\/uploads\/sites\/5\/2023\/09\/WhatsApp-Image-2023-09-22-at-14.26.35.jpeg","type":"image\/jpeg"}],"author":"Adriana Costa","twitter_card":"summary_large_image","twitter_misc":{"Written by":"Adriana Costa","Est. reading time":"2 minutos"},"schema":{"@context":"https:\/\/schema.org","@graph":[{"@type":"WebPage","@id":"https:\/\/www.manaus.am.gov.br\/semcom\/prefeitura-realiza-recapeamento-de-via-abandonada-ha-10-anos-no-bairro-compensa\/","url":"https:\/\/www.manaus.am.gov.br\/semcom\/prefeitura-realiza-recapeamento-de-via-abandonada-ha-10-anos-no-bairro-compensa\/","name":"Prefeitura realiza recapeamento de via abandonada h\u00e1 10 anos no bairro Compensa","isPartOf":{"@id":"https:\/\/www.manaus.am.gov.br\/semcom\/#website"},"primaryImageOfPage":{"@id":"https:\/\/www.manaus.am.gov.br\/semcom\/prefeitura-realiza-recapeamento-de-via-abandonada-ha-10-anos-no-bairro-compensa\/#primaryimage"},"image":{"@id":"https:\/\/www.manaus.am.gov.br\/semcom\/prefeitura-realiza-recapeamento-de-via-abandonada-ha-10-anos-no-bairro-compensa\/#primaryimage"},"thumbnailUrl":"https:\/\/www.manaus.am.gov.br\/semcom\/wp-content\/uploads\/sites\/5\/2023\/09\/WhatsApp-Image-2023-09-22-at-14.26.35.jpeg","datePublished":"2023-09-22T19:22:25+00:00","dateModified":"2023-09-22T19:22:26+00:00","author":{"@id":"https:\/\/www.manaus.am.gov.br\/semcom\/#\/schema\/person\/4e49f4e267757a06ca072ec61b2b9968"},"description":"A Prefeitura de Manaus, por meio da Secretaria Municipal de Infraestrutura (Seminf), trabalha, nesta sexta-feira, 22\/9, na revitaliza\u00e7\u00e3o da rua Coronel Cyrillo Neves, bairro Compensa, na zona Oeste, sem manuten\u00e7\u00e3o h\u00e1 dez anos pelo poder p\u00fablico. A via que estava intrafeg\u00e1vel recebe 445 toneladas de massa asf\u00e1ltica para a recupera\u00e7\u00e3o dos 630 metros de extens\u00e3o.","inLanguage":"pt-BR","potentialAction":[{"@type":"ReadAction","target":["https:\/\/www.manaus.am.gov.br\/semcom\/prefeitura-realiza-recapeamento-de-via-abandonada-ha-10-anos-no-bairro-compensa\/"]}]},{"@type":"ImageObject","inLanguage":"pt-BR","@id":"https:\/\/www.manaus.am.gov.br\/semcom\/prefeitura-realiza-recapeamento-de-via-abandonada-ha-10-anos-no-bairro-compensa\/#primaryimage","url":"https:\/\/www.manaus.am.gov.br\/semcom\/wp-content\/uploads\/sites\/5\/2023\/09\/WhatsApp-Image-2023-09-22-at-14.26.35.jpeg","contentUrl":"https:\/\/www.manaus.am.gov.br\/semcom\/wp-content\/uploads\/sites\/5\/2023\/09\/WhatsApp-Image-2023-09-22-at-14.26.35.jpeg","width":1547,"height":1043},{"@type":"WebSite","@id":"https:\/\/www.manaus.am.gov.br\/semcom\/#website","url":"https:\/\/www.manaus.am.gov.br\/semcom\/","name":"SEMCOM","description":"Secretaria Municipal de Comunica\u00e7\u00e3o","potentialAction":[{"@type":"SearchAction","target":{"@type":"EntryPoint","urlTemplate":"https:\/\/www.manaus.am.gov.br\/semcom\/?s={search_term_string}"},"query-input":"required name=search_term_string"}],"inLanguage":"pt-BR"},{"@type":"Person","@id":"https:\/\/www.manaus.am.gov.br\/semcom\/#\/schema\/person\/4e49f4e267757a06ca072ec61b2b9968","name":"Adriana Costa","image":{"@type":"ImageObject","inLanguage":"pt-BR","@id":"https:\/\/www.manaus.am.gov.br\/semcom\/#\/schema\/person\/image\/","url":"https:\/\/secure.gravatar.com\/avatar\/576258617ef7194f718179e766d57bd4?s=96&d=mm&r=g","contentUrl":"https:\/\/secure.gravatar.com\/avatar\/576258617ef7194f718179e766d57bd4?s=96&d=mm&r=g","caption":"Adriana Costa"}}]}},"_links":{"self":[{"href":"https:\/\/www.manaus.am.gov.br\/semcom\/wp-json\/wp\/v2\/posts\/218954"}],"collection":[{"href":"https:\/\/www.manaus.am.gov.br\/semcom\/wp-json\/wp\/v2\/posts"}],"about":[{"href":"https:\/\/www.manaus.am.gov.br\/semcom\/wp-json\/wp\/v2\/types\/post"}],"author":[{"embeddable":true,"href":"https:\/\/www.manaus.am.gov.br\/semcom\/wp-json\/wp\/v2\/users\/23"}],"replies":[{"embeddable":true,"href":"https:\/\/www.manaus.am.gov.br\/semcom\/wp-json\/wp\/v2\/comments?post=218954"}],"version-history":[{"count":0,"href":"https:\/\/www.manaus.am.gov.br\/semcom\/wp-json\/wp\/v2\/posts\/218954\/revisions"}],"wp:featuredmedia":[{"embeddable":true,"href":"https:\/\/www.manaus.am.gov.br\/semcom\/wp-json\/wp\/v2\/media\/218955"}],"wp:attachment":[{"href":"https:\/\/www.manaus.am.gov.br\/semcom\/wp-json\/wp\/v2\/media?parent=218954"}],"wp:term":[{"taxonomy":"category","embeddable":true,"href":"https:\/\/www.manaus.am.gov.br\/semcom\/wp-json\/wp\/v2\/categories?post=218954"},{"taxonomy":"post_tag","embeddable":true,"href":"https:\/\/www.manaus.am.gov.br\/semcom\/wp-json\/wp\/v2\/tags?post=218954"}],"curies":[{"name":"wp","href":"https:\/\/api.w.org\/{rel}","templated":true}]}}