{"id":218951,"date":"2023-09-22T16:05:40","date_gmt":"2023-09-22T19:05:40","guid":{"rendered":"https:\/\/www.manaus.am.gov.br\/semcom\/prefeito-vistoria-chegada-do-asfalto-em-comunidades-antes-esquecidas-pelo-poder-publico\/"},"modified":"2023-09-22T18:56:55","modified_gmt":"2023-09-22T21:56:55","slug":"prefeito-chegada-do-asfalto-em-comunidades-antes-esquecidas-pelo-poder-publico","status":"publish","type":"post","link":"https:\/\/www.manaus.am.gov.br\/semcom\/prefeito-chegada-do-asfalto-em-comunidades-antes-esquecidas-pelo-poder-publico\/","title":{"rendered":"Prefeito acompanha chegada do asfalto em comunidades antes esquecidas pelo poder p\u00fablico"},"content":{"rendered":"\n<p>O prefeito de Manaus, David Almeida, vistoriou, nesta sexta-feira, 22\/9, as a\u00e7\u00f5es do programa \u201cAsfalta Manaus\u201d, que chega com infraestrutura asf\u00e1ltica em comunidades antes esquecidas pelo poder p\u00fablico. Acompanhado pelo titular da Secretaria Municipal de Infraestrutura (Seminf), Renato J\u00fanior, esses servi\u00e7os ressaltam o compromisso da atual gest\u00e3o de olhar para toda popula\u00e7\u00e3o manauara.<\/p>\n\n\n\n<p>O primeiro lugar visitado pela comitiva foi o ramal do Matrinx\u00e3, localizado na AM-010. O local nunca havia recebido servi\u00e7os b\u00e1sicos da prefeitura.<\/p>\n\n\n\n<p>Em seguida, o prefeito David Almeida visitou a comunidade Vila Nova, localizada no Mauazinho, zona Sul da capital. A \u00e1rea, composta por nove ruas e becos, tamb\u00e9m n\u00e3o tinha asfalto, causando transtornos aos moradores pela precariedade da falta de servi\u00e7os, especialmente em dias de chuva, quando o barro se transformava em lama.<\/p>\n\n\n\n<p>\u201cAqui s\u00e3o as comunidades que ainda n\u00e3o estavam consolidadas, n\u00e3o tinham ainda essa infraestrutura de asfalto, e n\u00f3s estamos levando a essas comunidades como a Acar\u00e1, Nova Mil\u00eanio, Itaporanga, agora Vila Nova. Estamos entrando em todas as comunidades para trazer oportunidade, para que os moradores possam ter melhor qualidade de vida. \u00c9 na zona rural, \u00e9 na zona urbana, n\u00f3s estamos trabalhando dessa forma para poder proporcionar dignidade para popula\u00e7\u00e3o. A comunidade Vila Nova agora vai ter vida nova\u201d, enfatizou Almeida.<\/p>\n\n\n\n<p>De acordo com o titular da Seminf, Renato J\u00fanior, \u00e9 gratificante ver a alegria dos moradores da regi\u00e3o vendo a transforma\u00e7\u00e3o das suas vias.<\/p>\n\n\n\n<p>\u201cS\u00e3o muitos anos de sua funda\u00e7\u00e3o e nunca nenhum prefeito havia feito nada por esse lugar. O prefeito David Almeida, compadecido disso, determinou que coloc\u00e1ssemos asfalto nesse local pela primeira vez e para a gente ver isso tornando realidade \u00e9 gratificante. A comunidade Vila Nova vai ter momentos de muita alegria onde as crian\u00e7as podem brincar, se divertir e estudar em um lugar digno\u201d, finalizou.<\/p>\n\n\n\n<p>&#8212; &#8212; &#8212;<\/p>\n\n\n\n<p><strong>Texto \u2013&nbsp;<\/strong>Thiago Fernando \/ Semcom<\/p>\n\n\n\n<p><strong>Fotos \u2013&nbsp;<\/strong>Dhyeizo Lemos \/ Semcom<\/p>\n\n\n\n<p><strong>Dispon\u00edveis em &#8211;<\/strong> <a href=\"https:\/\/flic.kr\/s\/aHBqjAVFMd\">https:\/\/flic.kr\/s\/aHBqjAVFMd<\/a><\/p>\n","protected":false},"excerpt":{"rendered":"","protected":false},"author":39,"featured_media":218952,"comment_status":"closed","ping_status":"closed","sticky":false,"template":"","format":"standard","meta":{"footnotes":""},"categories":[201],"tags":[8018,8019,35,709,77,750,33],"acf":[],"yoast_head":"<!-- This site is optimized with the Yoast SEO plugin v23.0 - https:\/\/yoast.com\/wordpress\/plugins\/seo\/ -->\n<title>Prefeitoa companha chegada do asfalto em comunidades antes esquecidas pelo poder p\u00fablico<\/title>\n<meta name=\"description\" content=\"O prefeito de Manaus, David Almeida, vistoriou nesta sexta-feira, 22\/9, as a\u00e7\u00f5es do programa \u201cAsfalta Manaus\u201d, que chega com infraestrutura asf\u00e1ltica em comunidades antes esquecidas pelo poder p\u00fablico.\" \/>\n<meta name=\"robots\" content=\"index, follow, max-snippet:-1, max-image-preview:large, max-video-preview:-1\" \/>\n<link rel=\"canonical\" href=\"https:\/\/www.manaus.am.gov.br\/semcom\/prefeito-chegada-do-asfalto-em-comunidades-antes-esquecidas-pelo-poder-publico\/\" \/>\n<meta property=\"og:locale\" content=\"pt_BR\" \/>\n<meta property=\"og:type\" content=\"article\" \/>\n<meta property=\"og:title\" content=\"Prefeitoa companha chegada do asfalto em comunidades antes esquecidas pelo poder p\u00fablico\" \/>\n<meta property=\"og:description\" content=\"O prefeito de Manaus, David Almeida, vistoriou nesta sexta-feira, 22\/9, as a\u00e7\u00f5es do programa \u201cAsfalta Manaus\u201d, que chega com infraestrutura asf\u00e1ltica em comunidades antes esquecidas pelo poder p\u00fablico.\" \/>\n<meta property=\"og:url\" content=\"https:\/\/www.manaus.am.gov.br\/semcom\/prefeito-chegada-do-asfalto-em-comunidades-antes-esquecidas-pelo-poder-publico\/\" \/>\n<meta property=\"og:site_name\" content=\"SEMCOM\" \/>\n<meta property=\"article:published_time\" content=\"2023-09-22T19:05:40+00:00\" \/>\n<meta property=\"article:modified_time\" content=\"2023-09-22T21:56:55+00:00\" \/>\n<meta property=\"og:image\" content=\"https:\/\/www.manaus.am.gov.br\/semcom\/wp-content\/uploads\/sites\/5\/2023\/09\/53204961297_76a128cdb4_k.jpg\" \/>\n\t<meta property=\"og:image:width\" content=\"2048\" \/>\n\t<meta property=\"og:image:height\" content=\"1365\" \/>\n\t<meta property=\"og:image:type\" content=\"image\/jpeg\" \/>\n<meta name=\"author\" content=\"Bruna Greco\" \/>\n<meta name=\"twitter:card\" content=\"summary_large_image\" \/>\n<meta name=\"twitter:label1\" content=\"Written by\" \/>\n\t<meta name=\"twitter:data1\" content=\"Bruna Greco\" \/>\n\t<meta name=\"twitter:label2\" content=\"Est. reading time\" \/>\n\t<meta name=\"twitter:data2\" content=\"2 minutos\" \/>\n<script type=\"application\/ld+json\" class=\"yoast-schema-graph\">{\"@context\":\"https:\/\/schema.org\",\"@graph\":[{\"@type\":\"WebPage\",\"@id\":\"https:\/\/www.manaus.am.gov.br\/semcom\/prefeito-chegada-do-asfalto-em-comunidades-antes-esquecidas-pelo-poder-publico\/\",\"url\":\"https:\/\/www.manaus.am.gov.br\/semcom\/prefeito-chegada-do-asfalto-em-comunidades-antes-esquecidas-pelo-poder-publico\/\",\"name\":\"Prefeitoa companha chegada do asfalto em comunidades antes esquecidas pelo poder p\u00fablico\",\"isPartOf\":{\"@id\":\"https:\/\/www.manaus.am.gov.br\/semcom\/#website\"},\"primaryImageOfPage\":{\"@id\":\"https:\/\/www.manaus.am.gov.br\/semcom\/prefeito-chegada-do-asfalto-em-comunidades-antes-esquecidas-pelo-poder-publico\/#primaryimage\"},\"image\":{\"@id\":\"https:\/\/www.manaus.am.gov.br\/semcom\/prefeito-chegada-do-asfalto-em-comunidades-antes-esquecidas-pelo-poder-publico\/#primaryimage\"},\"thumbnailUrl\":\"https:\/\/www.manaus.am.gov.br\/semcom\/wp-content\/uploads\/sites\/5\/2023\/09\/53204961297_76a128cdb4_k.jpg\",\"datePublished\":\"2023-09-22T19:05:40+00:00\",\"dateModified\":\"2023-09-22T21:56:55+00:00\",\"author\":{\"@id\":\"https:\/\/www.manaus.am.gov.br\/semcom\/#\/schema\/person\/05d223aea2bf115f9883a6ff3683d81b\"},\"description\":\"O prefeito de Manaus, David Almeida, vistoriou nesta sexta-feira, 22\/9, as a\u00e7\u00f5es do programa \u201cAsfalta Manaus\u201d, que chega com infraestrutura asf\u00e1ltica em comunidades antes esquecidas pelo poder p\u00fablico.\",\"inLanguage\":\"pt-BR\",\"potentialAction\":[{\"@type\":\"ReadAction\",\"target\":[\"https:\/\/www.manaus.am.gov.br\/semcom\/prefeito-chegada-do-asfalto-em-comunidades-antes-esquecidas-pelo-poder-publico\/\"]}]},{\"@type\":\"ImageObject\",\"inLanguage\":\"pt-BR\",\"@id\":\"https:\/\/www.manaus.am.gov.br\/semcom\/prefeito-chegada-do-asfalto-em-comunidades-antes-esquecidas-pelo-poder-publico\/#primaryimage\",\"url\":\"https:\/\/www.manaus.am.gov.br\/semcom\/wp-content\/uploads\/sites\/5\/2023\/09\/53204961297_76a128cdb4_k.jpg\",\"contentUrl\":\"https:\/\/www.manaus.am.gov.br\/semcom\/wp-content\/uploads\/sites\/5\/2023\/09\/53204961297_76a128cdb4_k.jpg\",\"width\":2048,\"height\":1365},{\"@type\":\"WebSite\",\"@id\":\"https:\/\/www.manaus.am.gov.br\/semcom\/#website\",\"url\":\"https:\/\/www.manaus.am.gov.br\/semcom\/\",\"name\":\"SEMCOM\",\"description\":\"Secretaria Municipal de Comunica\u00e7\u00e3o\",\"potentialAction\":[{\"@type\":\"SearchAction\",\"target\":{\"@type\":\"EntryPoint\",\"urlTemplate\":\"https:\/\/www.manaus.am.gov.br\/semcom\/?s={search_term_string}\"},\"query-input\":\"required name=search_term_string\"}],\"inLanguage\":\"pt-BR\"},{\"@type\":\"Person\",\"@id\":\"https:\/\/www.manaus.am.gov.br\/semcom\/#\/schema\/person\/05d223aea2bf115f9883a6ff3683d81b\",\"name\":\"Bruna Greco\",\"image\":{\"@type\":\"ImageObject\",\"inLanguage\":\"pt-BR\",\"@id\":\"https:\/\/www.manaus.am.gov.br\/semcom\/#\/schema\/person\/image\/\",\"url\":\"https:\/\/secure.gravatar.com\/avatar\/9c877d1a6adc2a055330e5c09a8653ce?s=96&d=mm&r=g\",\"contentUrl\":\"https:\/\/secure.gravatar.com\/avatar\/9c877d1a6adc2a055330e5c09a8653ce?s=96&d=mm&r=g\",\"caption\":\"Bruna Greco\"}}]}<\/script>\n<!-- \/ Yoast SEO plugin. -->","yoast_head_json":{"title":"Prefeitoa companha chegada do asfalto em comunidades antes esquecidas pelo poder p\u00fablico","description":"O prefeito de Manaus, David Almeida, vistoriou nesta sexta-feira, 22\/9, as a\u00e7\u00f5es do programa \u201cAsfalta Manaus\u201d, que chega com infraestrutura asf\u00e1ltica em comunidades antes esquecidas pelo poder p\u00fablico.","robots":{"index":"index","follow":"follow","max-snippet":"max-snippet:-1","max-image-preview":"max-image-preview:large","max-video-preview":"max-video-preview:-1"},"canonical":"https:\/\/www.manaus.am.gov.br\/semcom\/prefeito-chegada-do-asfalto-em-comunidades-antes-esquecidas-pelo-poder-publico\/","og_locale":"pt_BR","og_type":"article","og_title":"Prefeitoa companha chegada do asfalto em comunidades antes esquecidas pelo poder p\u00fablico","og_description":"O prefeito de Manaus, David Almeida, vistoriou nesta sexta-feira, 22\/9, as a\u00e7\u00f5es do programa \u201cAsfalta Manaus\u201d, que chega com infraestrutura asf\u00e1ltica em comunidades antes esquecidas pelo poder p\u00fablico.","og_url":"https:\/\/www.manaus.am.gov.br\/semcom\/prefeito-chegada-do-asfalto-em-comunidades-antes-esquecidas-pelo-poder-publico\/","og_site_name":"SEMCOM","article_published_time":"2023-09-22T19:05:40+00:00","article_modified_time":"2023-09-22T21:56:55+00:00","og_image":[{"width":2048,"height":1365,"url":"https:\/\/www.manaus.am.gov.br\/semcom\/wp-content\/uploads\/sites\/5\/2023\/09\/53204961297_76a128cdb4_k.jpg","type":"image\/jpeg"}],"author":"Bruna Greco","twitter_card":"summary_large_image","twitter_misc":{"Written by":"Bruna Greco","Est. reading time":"2 minutos"},"schema":{"@context":"https:\/\/schema.org","@graph":[{"@type":"WebPage","@id":"https:\/\/www.manaus.am.gov.br\/semcom\/prefeito-chegada-do-asfalto-em-comunidades-antes-esquecidas-pelo-poder-publico\/","url":"https:\/\/www.manaus.am.gov.br\/semcom\/prefeito-chegada-do-asfalto-em-comunidades-antes-esquecidas-pelo-poder-publico\/","name":"Prefeitoa companha chegada do asfalto em comunidades antes esquecidas pelo poder p\u00fablico","isPartOf":{"@id":"https:\/\/www.manaus.am.gov.br\/semcom\/#website"},"primaryImageOfPage":{"@id":"https:\/\/www.manaus.am.gov.br\/semcom\/prefeito-chegada-do-asfalto-em-comunidades-antes-esquecidas-pelo-poder-publico\/#primaryimage"},"image":{"@id":"https:\/\/www.manaus.am.gov.br\/semcom\/prefeito-chegada-do-asfalto-em-comunidades-antes-esquecidas-pelo-poder-publico\/#primaryimage"},"thumbnailUrl":"https:\/\/www.manaus.am.gov.br\/semcom\/wp-content\/uploads\/sites\/5\/2023\/09\/53204961297_76a128cdb4_k.jpg","datePublished":"2023-09-22T19:05:40+00:00","dateModified":"2023-09-22T21:56:55+00:00","author":{"@id":"https:\/\/www.manaus.am.gov.br\/semcom\/#\/schema\/person\/05d223aea2bf115f9883a6ff3683d81b"},"description":"O prefeito de Manaus, David Almeida, vistoriou nesta sexta-feira, 22\/9, as a\u00e7\u00f5es do programa \u201cAsfalta Manaus\u201d, que chega com infraestrutura asf\u00e1ltica em comunidades antes esquecidas pelo poder p\u00fablico.","inLanguage":"pt-BR","potentialAction":[{"@type":"ReadAction","target":["https:\/\/www.manaus.am.gov.br\/semcom\/prefeito-chegada-do-asfalto-em-comunidades-antes-esquecidas-pelo-poder-publico\/"]}]},{"@type":"ImageObject","inLanguage":"pt-BR","@id":"https:\/\/www.manaus.am.gov.br\/semcom\/prefeito-chegada-do-asfalto-em-comunidades-antes-esquecidas-pelo-poder-publico\/#primaryimage","url":"https:\/\/www.manaus.am.gov.br\/semcom\/wp-content\/uploads\/sites\/5\/2023\/09\/53204961297_76a128cdb4_k.jpg","contentUrl":"https:\/\/www.manaus.am.gov.br\/semcom\/wp-content\/uploads\/sites\/5\/2023\/09\/53204961297_76a128cdb4_k.jpg","width":2048,"height":1365},{"@type":"WebSite","@id":"https:\/\/www.manaus.am.gov.br\/semcom\/#website","url":"https:\/\/www.manaus.am.gov.br\/semcom\/","name":"SEMCOM","description":"Secretaria Municipal de Comunica\u00e7\u00e3o","potentialAction":[{"@type":"SearchAction","target":{"@type":"EntryPoint","urlTemplate":"https:\/\/www.manaus.am.gov.br\/semcom\/?s={search_term_string}"},"query-input":"required name=search_term_string"}],"inLanguage":"pt-BR"},{"@type":"Person","@id":"https:\/\/www.manaus.am.gov.br\/semcom\/#\/schema\/person\/05d223aea2bf115f9883a6ff3683d81b","name":"Bruna Greco","image":{"@type":"ImageObject","inLanguage":"pt-BR","@id":"https:\/\/www.manaus.am.gov.br\/semcom\/#\/schema\/person\/image\/","url":"https:\/\/secure.gravatar.com\/avatar\/9c877d1a6adc2a055330e5c09a8653ce?s=96&d=mm&r=g","contentUrl":"https:\/\/secure.gravatar.com\/avatar\/9c877d1a6adc2a055330e5c09a8653ce?s=96&d=mm&r=g","caption":"Bruna Greco"}}]}},"_links":{"self":[{"href":"https:\/\/www.manaus.am.gov.br\/semcom\/wp-json\/wp\/v2\/posts\/218951"}],"collection":[{"href":"https:\/\/www.manaus.am.gov.br\/semcom\/wp-json\/wp\/v2\/posts"}],"about":[{"href":"https:\/\/www.manaus.am.gov.br\/semcom\/wp-json\/wp\/v2\/types\/post"}],"author":[{"embeddable":true,"href":"https:\/\/www.manaus.am.gov.br\/semcom\/wp-json\/wp\/v2\/users\/39"}],"replies":[{"embeddable":true,"href":"https:\/\/www.manaus.am.gov.br\/semcom\/wp-json\/wp\/v2\/comments?post=218951"}],"version-history":[{"count":2,"href":"https:\/\/www.manaus.am.gov.br\/semcom\/wp-json\/wp\/v2\/posts\/218951\/revisions"}],"predecessor-version":[{"id":218984,"href":"https:\/\/www.manaus.am.gov.br\/semcom\/wp-json\/wp\/v2\/posts\/218951\/revisions\/218984"}],"wp:featuredmedia":[{"embeddable":true,"href":"https:\/\/www.manaus.am.gov.br\/semcom\/wp-json\/wp\/v2\/media\/218952"}],"wp:attachment":[{"href":"https:\/\/www.manaus.am.gov.br\/semcom\/wp-json\/wp\/v2\/media?parent=218951"}],"wp:term":[{"taxonomy":"category","embeddable":true,"href":"https:\/\/www.manaus.am.gov.br\/semcom\/wp-json\/wp\/v2\/categories?post=218951"},{"taxonomy":"post_tag","embeddable":true,"href":"https:\/\/www.manaus.am.gov.br\/semcom\/wp-json\/wp\/v2\/tags?post=218951"}],"curies":[{"name":"wp","href":"https:\/\/api.w.org\/{rel}","templated":true}]}}