{"id":218874,"date":"2023-09-20T17:34:42","date_gmt":"2023-09-20T21:34:42","guid":{"rendered":"https:\/\/www.manaus.am.gov.br\/semcom\/prefeito-david-almeida-lanca-sistema-de-cadastro-nos-programas-de-habitacao\/"},"modified":"2023-11-08T17:21:15","modified_gmt":"2023-11-08T20:21:15","slug":"prefeito-david-almeida-lanca-sistema-de-cadastro-nos-programas-de-habitacao","status":"publish","type":"post","link":"https:\/\/www.manaus.am.gov.br\/semcom\/prefeito-david-almeida-lanca-sistema-de-cadastro-nos-programas-de-habitacao\/","title":{"rendered":"<strong>Prefeito David Almeida lan\u00e7a sistema de cadastro nos programas de habita\u00e7\u00e3o<\/strong>"},"content":{"rendered":"\n<p>O prefeito de Manaus, David Almeida, lan\u00e7ou o Sistema Municipal de Habita\u00e7\u00e3o (Simhab), coordenado pela Secretaria Municipal de Habita\u00e7\u00e3o e Assuntos Fundi\u00e1rios (Semhaf), nesta quarta-feira, 20\/9, com o objetivo de atualizar o cadastro da popula\u00e7\u00e3o que deseja se beneficiar com os programas de governo para moradia.<\/p>\n\n\n\n<p>Aberto ao p\u00fablico a partir de segunda-feira, 25\/9, com o endere\u00e7o eletr\u00f4nico&nbsp;<a href=\"https:\/\/simhab.manaus.am.gov.br\/\" target=\"_blank\" rel=\"noreferrer noopener\">https:\/\/simhab.manaus.am.gov.br\/<\/a>&nbsp;, o novo sistema permite um cadastro em uma plataforma de f\u00e1cil entendimento para a popula\u00e7\u00e3o. De acordo com o prefeito David Almeida, com o site n\u00e3o ser\u00e1 necess\u00e1rio fazer fila em frente \u00e0 secretaria para se inscrever nos programas. No entanto, \u00e0queles que n\u00e3o tiverem acesso \u00e0 internet, a Semhaf disponibilizar\u00e1 uma equipe para atendimento presencial.<\/p>\n\n\n\n<p>\u201cPrecisamos atualizar os cadastros das pessoas. Isso \u00e9 uma exig\u00eancia legal, por isso estamos abrindo novos cadastros para a Prefeitura de Manaus e os nossos programas habitacionais. O cidad\u00e3o n\u00e3o precisa se dirigir at\u00e9 a secretaria, no endere\u00e7o eletr\u00f4nico tem todas as informa\u00e7\u00f5es para se inscrever. Esse cadastro \u00e9 autodeclarat\u00f3rio e posteriormente n\u00f3s faremos a confer\u00eancia das informa\u00e7\u00f5es inseridas\u201d, explicou o prefeito.<\/p>\n\n\n\n<p>David Almeida esteve na sede da Semhaf, nesta quarta-feira, 20\/9, conversando com os servidores que est\u00e3o se preparando para o atendimento ao p\u00fablico, de segunda a sexta-feira, das 8h \u00e0s 12h e das 13h \u00e0s 15h.<\/p>\n\n\n\n<figure class=\"wp-block-image size-full\"><img loading=\"lazy\" decoding=\"async\" width=\"799\" height=\"533\" src=\"https:\/\/www.manaus.am.gov.br\/semcom\/wp-content\/uploads\/sites\/5\/2023\/09\/53201795639_02e3194bf4_c.jpg\" alt=\"\" class=\"wp-image-218875\" srcset=\"https:\/\/www.manaus.am.gov.br\/semcom\/wp-content\/uploads\/sites\/5\/2023\/09\/53201795639_02e3194bf4_c.jpg 799w, https:\/\/www.manaus.am.gov.br\/semcom\/wp-content\/uploads\/sites\/5\/2023\/09\/53201795639_02e3194bf4_c-300x200.jpg 300w, https:\/\/www.manaus.am.gov.br\/semcom\/wp-content\/uploads\/sites\/5\/2023\/09\/53201795639_02e3194bf4_c-768x512.jpg 768w\" sizes=\"(max-width: 799px) 100vw, 799px\" \/><\/figure>\n\n\n\n<p>O secret\u00e1rio de Habita\u00e7\u00e3o, Jesus Alves, destacou que a partir do cadastro feito de maneira on-line, os dados fornecidos pelo cidad\u00e3o que busca ser beneficiado passar\u00e3o por uma an\u00e1lise do Conselho Municipal de Habita\u00e7\u00e3o para a defini\u00e7\u00e3o de prioridades.<\/p>\n\n\n\n<p>\u201cEsse conselho municipal vai deliberar sobre as alternativas que temos e apontar quais s\u00e3o os itens mais relevantes que os outros para seguirmos com prioridades\u201d, disse o secret\u00e1rio.<\/p>\n\n\n\n<p>O secret\u00e1rio ressaltou, ainda, que n\u00e3o h\u00e1 necessidade da popula\u00e7\u00e3o passar a madrugada em frente \u00e0 sede da secretaria, j\u00e1 que todo o processo de cadastramento \u00e9 feito de forma online e gratuita, passando por etapas como a inscri\u00e7\u00e3o, confer\u00eancia e depois a pr\u00e9-sele\u00e7\u00e3o dos poss\u00edveis beneficiados.<\/p>\n\n\n\n<p>\u201cEssa pr\u00e9-sele\u00e7\u00e3o n\u00e3o tem componente de ordem de chegada, isso n\u00e3o \u00e9 crit\u00e9rio. Ent\u00e3o chegar cedo ou virar a noite aqui na frente n\u00e3o altera a ordem da sele\u00e7\u00e3o. Aquele que n\u00e3o conseguir acessar o sistema por algum motivo poder\u00e1 vir conosco para auxiliarmos no cadastramento\u201d, afirmou.<\/p>\n\n\n\n<p><strong>Habita\u00e7\u00e3o<\/strong><\/p>\n\n\n\n<p>Nos quatro anos do atual mandato do Governo Federal, a prefeitura vai entregar, a partir da parceria entre o executivo municipal e federal, 17 mil unidades habitacionais. Ser\u00e3o 1,2 mil moradias para fam\u00edlias em \u00e1rea de risco e 3 mil moradias do Minha Casa Minha Vida.<\/p>\n\n\n\n<p>No programa municipal \u201cManaus Minha Casa\u201d, a Prefeitura de Manaus vai beneficiar, no primeiro momento, 252 fam\u00edlias com unidades habitacionais, com casas sobrepostas. Para todos os programas ser\u00e1 necess\u00e1ria a atualiza\u00e7\u00e3o cadastral a partir do Simhab.<\/p>\n\n\n\n<p>&#8212; &#8212; &#8212;<\/p>\n\n\n\n<p><strong>Texto<\/strong>&nbsp;\u2013 Asafe Augusto\/ Semcom<\/p>\n\n\n\n<p><strong>Fotos<\/strong>&nbsp;&#8211; Ruan Souza e Cl\u00f3vis Miranda \/ Semcom<\/p>\n\n\n\n<p>Dispon\u00edveis em &#8211;&nbsp;<a href=\"https:\/\/flic.kr\/s\/aHBqjAVwXN\" target=\"_blank\" rel=\"noreferrer noopener\">https:\/\/flic.kr\/s\/aHBqjAVwXN<\/a><\/p>\n","protected":false},"excerpt":{"rendered":"","protected":false},"author":31,"featured_media":218876,"comment_status":"closed","ping_status":"closed","sticky":false,"template":"","format":"standard","meta":{"footnotes":""},"categories":[5901],"tags":[208,4192,7975,7976],"acf":[],"yoast_head":"<!-- This site is optimized with the Yoast SEO plugin v23.0 - https:\/\/yoast.com\/wordpress\/plugins\/seo\/ -->\n<title>Prefeito David Almeida lan\u00e7a sistema de cadastro nos programas de habita\u00e7\u00e3o - SEMCOM<\/title>\n<meta name=\"robots\" content=\"index, follow, max-snippet:-1, max-image-preview:large, max-video-preview:-1\" \/>\n<link rel=\"canonical\" href=\"https:\/\/www.manaus.am.gov.br\/semcom\/prefeito-david-almeida-lanca-sistema-de-cadastro-nos-programas-de-habitacao\/\" \/>\n<meta property=\"og:locale\" content=\"pt_BR\" \/>\n<meta property=\"og:type\" content=\"article\" \/>\n<meta property=\"og:title\" content=\"Prefeito David Almeida lan\u00e7a sistema de cadastro nos programas de habita\u00e7\u00e3o - SEMCOM\" \/>\n<meta property=\"og:url\" content=\"https:\/\/www.manaus.am.gov.br\/semcom\/prefeito-david-almeida-lanca-sistema-de-cadastro-nos-programas-de-habitacao\/\" \/>\n<meta property=\"og:site_name\" content=\"SEMCOM\" \/>\n<meta property=\"article:published_time\" content=\"2023-09-20T21:34:42+00:00\" \/>\n<meta property=\"article:modified_time\" content=\"2023-11-08T20:21:15+00:00\" \/>\n<meta property=\"og:image\" content=\"https:\/\/www.manaus.am.gov.br\/semcom\/wp-content\/uploads\/sites\/5\/2023\/09\/53201687766_7de685847f_c.jpg\" \/>\n\t<meta property=\"og:image:width\" content=\"799\" \/>\n\t<meta property=\"og:image:height\" content=\"533\" \/>\n\t<meta property=\"og:image:type\" content=\"image\/jpeg\" \/>\n<meta name=\"author\" content=\"Renata Felix\" \/>\n<meta name=\"twitter:card\" content=\"summary_large_image\" \/>\n<meta name=\"twitter:label1\" content=\"Written by\" \/>\n\t<meta name=\"twitter:data1\" content=\"Renata Felix\" \/>\n\t<meta name=\"twitter:label2\" content=\"Est. reading time\" \/>\n\t<meta name=\"twitter:data2\" content=\"3 minutos\" \/>\n<script type=\"application\/ld+json\" class=\"yoast-schema-graph\">{\"@context\":\"https:\/\/schema.org\",\"@graph\":[{\"@type\":\"WebPage\",\"@id\":\"https:\/\/www.manaus.am.gov.br\/semcom\/prefeito-david-almeida-lanca-sistema-de-cadastro-nos-programas-de-habitacao\/\",\"url\":\"https:\/\/www.manaus.am.gov.br\/semcom\/prefeito-david-almeida-lanca-sistema-de-cadastro-nos-programas-de-habitacao\/\",\"name\":\"Prefeito David Almeida lan\u00e7a sistema de cadastro nos programas de habita\u00e7\u00e3o - SEMCOM\",\"isPartOf\":{\"@id\":\"https:\/\/www.manaus.am.gov.br\/semcom\/#website\"},\"primaryImageOfPage\":{\"@id\":\"https:\/\/www.manaus.am.gov.br\/semcom\/prefeito-david-almeida-lanca-sistema-de-cadastro-nos-programas-de-habitacao\/#primaryimage\"},\"image\":{\"@id\":\"https:\/\/www.manaus.am.gov.br\/semcom\/prefeito-david-almeida-lanca-sistema-de-cadastro-nos-programas-de-habitacao\/#primaryimage\"},\"thumbnailUrl\":\"https:\/\/www.manaus.am.gov.br\/semcom\/wp-content\/uploads\/sites\/5\/2023\/09\/53201687766_7de685847f_c.jpg\",\"datePublished\":\"2023-09-20T21:34:42+00:00\",\"dateModified\":\"2023-11-08T20:21:15+00:00\",\"author\":{\"@id\":\"https:\/\/www.manaus.am.gov.br\/semcom\/#\/schema\/person\/4eea2a8f78dc853097abb026f728aa06\"},\"inLanguage\":\"pt-BR\",\"potentialAction\":[{\"@type\":\"ReadAction\",\"target\":[\"https:\/\/www.manaus.am.gov.br\/semcom\/prefeito-david-almeida-lanca-sistema-de-cadastro-nos-programas-de-habitacao\/\"]}]},{\"@type\":\"ImageObject\",\"inLanguage\":\"pt-BR\",\"@id\":\"https:\/\/www.manaus.am.gov.br\/semcom\/prefeito-david-almeida-lanca-sistema-de-cadastro-nos-programas-de-habitacao\/#primaryimage\",\"url\":\"https:\/\/www.manaus.am.gov.br\/semcom\/wp-content\/uploads\/sites\/5\/2023\/09\/53201687766_7de685847f_c.jpg\",\"contentUrl\":\"https:\/\/www.manaus.am.gov.br\/semcom\/wp-content\/uploads\/sites\/5\/2023\/09\/53201687766_7de685847f_c.jpg\",\"width\":799,\"height\":533},{\"@type\":\"WebSite\",\"@id\":\"https:\/\/www.manaus.am.gov.br\/semcom\/#website\",\"url\":\"https:\/\/www.manaus.am.gov.br\/semcom\/\",\"name\":\"SEMCOM\",\"description\":\"Secretaria Municipal de Comunica\u00e7\u00e3o\",\"potentialAction\":[{\"@type\":\"SearchAction\",\"target\":{\"@type\":\"EntryPoint\",\"urlTemplate\":\"https:\/\/www.manaus.am.gov.br\/semcom\/?s={search_term_string}\"},\"query-input\":\"required name=search_term_string\"}],\"inLanguage\":\"pt-BR\"},{\"@type\":\"Person\",\"@id\":\"https:\/\/www.manaus.am.gov.br\/semcom\/#\/schema\/person\/4eea2a8f78dc853097abb026f728aa06\",\"name\":\"Renata Felix\",\"image\":{\"@type\":\"ImageObject\",\"inLanguage\":\"pt-BR\",\"@id\":\"https:\/\/www.manaus.am.gov.br\/semcom\/#\/schema\/person\/image\/\",\"url\":\"https:\/\/secure.gravatar.com\/avatar\/3c196cf9d3b837b24c8edb2c50fd8f29?s=96&d=mm&r=g\",\"contentUrl\":\"https:\/\/secure.gravatar.com\/avatar\/3c196cf9d3b837b24c8edb2c50fd8f29?s=96&d=mm&r=g\",\"caption\":\"Renata Felix\"}}]}<\/script>\n<!-- \/ Yoast SEO plugin. -->","yoast_head_json":{"title":"Prefeito David Almeida lan\u00e7a sistema de cadastro nos programas de habita\u00e7\u00e3o - SEMCOM","robots":{"index":"index","follow":"follow","max-snippet":"max-snippet:-1","max-image-preview":"max-image-preview:large","max-video-preview":"max-video-preview:-1"},"canonical":"https:\/\/www.manaus.am.gov.br\/semcom\/prefeito-david-almeida-lanca-sistema-de-cadastro-nos-programas-de-habitacao\/","og_locale":"pt_BR","og_type":"article","og_title":"Prefeito David Almeida lan\u00e7a sistema de cadastro nos programas de habita\u00e7\u00e3o - SEMCOM","og_url":"https:\/\/www.manaus.am.gov.br\/semcom\/prefeito-david-almeida-lanca-sistema-de-cadastro-nos-programas-de-habitacao\/","og_site_name":"SEMCOM","article_published_time":"2023-09-20T21:34:42+00:00","article_modified_time":"2023-11-08T20:21:15+00:00","og_image":[{"width":799,"height":533,"url":"https:\/\/www.manaus.am.gov.br\/semcom\/wp-content\/uploads\/sites\/5\/2023\/09\/53201687766_7de685847f_c.jpg","type":"image\/jpeg"}],"author":"Renata Felix","twitter_card":"summary_large_image","twitter_misc":{"Written by":"Renata Felix","Est. reading time":"3 minutos"},"schema":{"@context":"https:\/\/schema.org","@graph":[{"@type":"WebPage","@id":"https:\/\/www.manaus.am.gov.br\/semcom\/prefeito-david-almeida-lanca-sistema-de-cadastro-nos-programas-de-habitacao\/","url":"https:\/\/www.manaus.am.gov.br\/semcom\/prefeito-david-almeida-lanca-sistema-de-cadastro-nos-programas-de-habitacao\/","name":"Prefeito David Almeida lan\u00e7a sistema de cadastro nos programas de habita\u00e7\u00e3o - SEMCOM","isPartOf":{"@id":"https:\/\/www.manaus.am.gov.br\/semcom\/#website"},"primaryImageOfPage":{"@id":"https:\/\/www.manaus.am.gov.br\/semcom\/prefeito-david-almeida-lanca-sistema-de-cadastro-nos-programas-de-habitacao\/#primaryimage"},"image":{"@id":"https:\/\/www.manaus.am.gov.br\/semcom\/prefeito-david-almeida-lanca-sistema-de-cadastro-nos-programas-de-habitacao\/#primaryimage"},"thumbnailUrl":"https:\/\/www.manaus.am.gov.br\/semcom\/wp-content\/uploads\/sites\/5\/2023\/09\/53201687766_7de685847f_c.jpg","datePublished":"2023-09-20T21:34:42+00:00","dateModified":"2023-11-08T20:21:15+00:00","author":{"@id":"https:\/\/www.manaus.am.gov.br\/semcom\/#\/schema\/person\/4eea2a8f78dc853097abb026f728aa06"},"inLanguage":"pt-BR","potentialAction":[{"@type":"ReadAction","target":["https:\/\/www.manaus.am.gov.br\/semcom\/prefeito-david-almeida-lanca-sistema-de-cadastro-nos-programas-de-habitacao\/"]}]},{"@type":"ImageObject","inLanguage":"pt-BR","@id":"https:\/\/www.manaus.am.gov.br\/semcom\/prefeito-david-almeida-lanca-sistema-de-cadastro-nos-programas-de-habitacao\/#primaryimage","url":"https:\/\/www.manaus.am.gov.br\/semcom\/wp-content\/uploads\/sites\/5\/2023\/09\/53201687766_7de685847f_c.jpg","contentUrl":"https:\/\/www.manaus.am.gov.br\/semcom\/wp-content\/uploads\/sites\/5\/2023\/09\/53201687766_7de685847f_c.jpg","width":799,"height":533},{"@type":"WebSite","@id":"https:\/\/www.manaus.am.gov.br\/semcom\/#website","url":"https:\/\/www.manaus.am.gov.br\/semcom\/","name":"SEMCOM","description":"Secretaria Municipal de Comunica\u00e7\u00e3o","potentialAction":[{"@type":"SearchAction","target":{"@type":"EntryPoint","urlTemplate":"https:\/\/www.manaus.am.gov.br\/semcom\/?s={search_term_string}"},"query-input":"required name=search_term_string"}],"inLanguage":"pt-BR"},{"@type":"Person","@id":"https:\/\/www.manaus.am.gov.br\/semcom\/#\/schema\/person\/4eea2a8f78dc853097abb026f728aa06","name":"Renata Felix","image":{"@type":"ImageObject","inLanguage":"pt-BR","@id":"https:\/\/www.manaus.am.gov.br\/semcom\/#\/schema\/person\/image\/","url":"https:\/\/secure.gravatar.com\/avatar\/3c196cf9d3b837b24c8edb2c50fd8f29?s=96&d=mm&r=g","contentUrl":"https:\/\/secure.gravatar.com\/avatar\/3c196cf9d3b837b24c8edb2c50fd8f29?s=96&d=mm&r=g","caption":"Renata Felix"}}]}},"_links":{"self":[{"href":"https:\/\/www.manaus.am.gov.br\/semcom\/wp-json\/wp\/v2\/posts\/218874"}],"collection":[{"href":"https:\/\/www.manaus.am.gov.br\/semcom\/wp-json\/wp\/v2\/posts"}],"about":[{"href":"https:\/\/www.manaus.am.gov.br\/semcom\/wp-json\/wp\/v2\/types\/post"}],"author":[{"embeddable":true,"href":"https:\/\/www.manaus.am.gov.br\/semcom\/wp-json\/wp\/v2\/users\/31"}],"replies":[{"embeddable":true,"href":"https:\/\/www.manaus.am.gov.br\/semcom\/wp-json\/wp\/v2\/comments?post=218874"}],"version-history":[{"count":3,"href":"https:\/\/www.manaus.am.gov.br\/semcom\/wp-json\/wp\/v2\/posts\/218874\/revisions"}],"predecessor-version":[{"id":220946,"href":"https:\/\/www.manaus.am.gov.br\/semcom\/wp-json\/wp\/v2\/posts\/218874\/revisions\/220946"}],"wp:featuredmedia":[{"embeddable":true,"href":"https:\/\/www.manaus.am.gov.br\/semcom\/wp-json\/wp\/v2\/media\/218876"}],"wp:attachment":[{"href":"https:\/\/www.manaus.am.gov.br\/semcom\/wp-json\/wp\/v2\/media?parent=218874"}],"wp:term":[{"taxonomy":"category","embeddable":true,"href":"https:\/\/www.manaus.am.gov.br\/semcom\/wp-json\/wp\/v2\/categories?post=218874"},{"taxonomy":"post_tag","embeddable":true,"href":"https:\/\/www.manaus.am.gov.br\/semcom\/wp-json\/wp\/v2\/tags?post=218874"}],"curies":[{"name":"wp","href":"https:\/\/api.w.org\/{rel}","templated":true}]}}