{"id":218743,"date":"2023-09-18T15:39:58","date_gmt":"2023-09-18T18:39:58","guid":{"rendered":"https:\/\/www.manaus.am.gov.br\/semcom\/centro-de-cooperacao-da-cidade-recebe-visita-do-ministerio-da-integracao-e-desenvolvimento-regional\/"},"modified":"2023-09-18T15:39:59","modified_gmt":"2023-09-18T18:39:59","slug":"centro-de-cooperacao-da-cidade-recebe-visita-do-ministerio-da-integracao-e-desenvolvimento-regional","status":"publish","type":"post","link":"https:\/\/www.manaus.am.gov.br\/semcom\/centro-de-cooperacao-da-cidade-recebe-visita-do-ministerio-da-integracao-e-desenvolvimento-regional\/","title":{"rendered":"<strong>Centro de Coopera\u00e7\u00e3o da Cidade recebe visita do Minist\u00e9rio da Integra\u00e7\u00e3o e Desenvolvimento Regional<\/strong>"},"content":{"rendered":"\n<p>A Prefeitura de Manaus recebeu a visita do coordenador-geral de Articula\u00e7\u00e3o do Minist\u00e9rio da Integra\u00e7\u00e3o e do Desenvolvimento Regional (MIDR), Reinaldo Estelles, que cumpriu agenda em Manaus para conhecer as a\u00e7\u00f5es do projeto \u201cCidade Inteligente\u201d, desenvolvido por meio do Centro de Coopera\u00e7\u00e3o da Cidade (CCC) e da Secretaria Municipal de Finan\u00e7as e Tecnologia da Informa\u00e7\u00e3o (Semef).<\/p>\n\n\n\n<p>A partir da inser\u00e7\u00e3o de tecnologias modernas e da integra\u00e7\u00e3o no munic\u00edpio,&nbsp;o Centro de Coopera\u00e7\u00e3o da Cidade est\u00e1 em atua\u00e7\u00e3o, h\u00e1 dois anos e nove meses, com o constante objetivo de inserir a capital amazonense no ranking das cidades inteligentes brasileiras.<\/p>\n\n\n\n<p>Durante a visita, conduzida pelo superintendente do CCC, Sandro Diz, o representante do MIDR conheceu todas as instala\u00e7\u00f5es da sede estrat\u00e9gica de monitoramento e integra\u00e7\u00e3o de servi\u00e7os das secretarias municipais, mantida pela Prefeitura de Manaus.<\/p>\n\n\n\n<p>\u201cO coordenador-geral do MIDR, Reinando Estelles, participou desse processo ainda na sua concep\u00e7\u00e3o, ele viu a documenta\u00e7\u00e3o de defesa desse projeto, e agora ele teve a chance de ver a realiza\u00e7\u00e3o do projeto que ele ajudou a coordenar l\u00e1 em Bras\u00edlia. N\u00f3s, do Centro de Coopera\u00e7\u00e3o da Cidade, fomos al\u00e9m do que foi proposto, pegamos a ideia principal e aprimoramos com mais servi\u00e7os e mais efici\u00eancia. Ent\u00e3o, \u00e9 importante que o governo federal veja que Manaus fez o dever de casa, que o que foi prometido, o que foi defendido, foi igualmente constru\u00eddo, montado e sendo desenvolvido pela Prefeitura de Manaus aqui no CCC\u201d, enfatizou o superintendente do CCC.<\/p>\n\n\n\n<p>Na an\u00e1lise do coordenador-geral do MIDR, Reinaldo Estelles, \u00e9 fundamental a exist\u00eancia de um centro de coopera\u00e7\u00e3o nas grandes capitais brasileiras para que as secretarias municipais trabalhem, como o pr\u00f3prio nome diz, em coopera\u00e7\u00e3o.<\/p>\n\n\n\n<p>\u201cAcompanhei o projeto do CCC desde o in\u00edcio, a nossa coordena\u00e7\u00e3o ficou respons\u00e1vel pelo acompanhamento de todos os tr\u00e2mites da equipagem aqui do edif\u00edcio, da parte licitat\u00f3ria e a instala\u00e7\u00e3o dos equipamentos. L\u00e1 na Defesa Civil Nacional, n\u00f3s chamamos isso de Sistema Municipal de Prote\u00e7\u00e3o e Defesa Civil que, na verdade, \u00e9 um sistema de gest\u00e3o de riscos; \u00e9 algo que ajuda no planejamento, no monitoramento, nas a\u00e7\u00f5es de mitiga\u00e7\u00e3o e prepara\u00e7\u00e3o de poss\u00edveis desastres, ou a poss\u00edveis eventos que possam ocorrer.<\/p>\n\n\n\n<p>A implementa\u00e7\u00e3o dessa plataforma de monitoramento e integra\u00e7\u00e3o das secretarias municipais \u00e9 novidade e est\u00e1 modernizando os procedimentos de fiscaliza\u00e7\u00e3o da cidade de Manaus. A plataforma possui intelig\u00eancia artificial direcionada para o reconhecimento de pessoas e placas de ve\u00edculos em movimento, o que contribui para o trabalho de outras secretarias municipais.<\/p>\n\n\n\n<p>\u201cO monitoramento e a prepara\u00e7\u00e3o s\u00e3o fundamentais para as a\u00e7\u00f5es de todas as secretarias da Prefeitura de Manaus, porque ajuda a prevenir e principalmente a exercitar um trabalho sist\u00eamico para o desenvolvimento do munic\u00edpio\u201d, acrescentou o coordenador do MIDR.<\/p>\n\n\n\n<p>Para o subsecret\u00e1rio de Tecnologia da Informa\u00e7\u00e3o da Semef, Richard Douglas, a visita do representante ministerial consolidou o projeto do CCC, que iniciou em conjunto com o&nbsp;Minist\u00e9rio da Integra\u00e7\u00e3o&nbsp;e do Desenvolvimento Regional. \u201cDefendemos o projeto l\u00e1 em Bras\u00edlia e o Reinaldo, que nos recebeu l\u00e1, entendeu a necessidade e o conceito de coopera\u00e7\u00e3o das nossas secretarias municipais. Ap\u00f3s apresentarmos todo o projeto, ele viu a import\u00e2ncia n\u00e3o s\u00f3 para a cidade, mas tamb\u00e9m para o Estado e para o pa\u00eds, que tamb\u00e9m segue uma linha de integra\u00e7\u00e3o dos servi\u00e7os p\u00fablicos\u201d, destacou.<\/p>\n\n\n\n<p><strong>Centro de Coopera\u00e7\u00e3o da Cidade<\/strong><\/p>\n\n\n\n<p>A sede do CCC&nbsp;est\u00e1 localizada no cruzamento das avenidas Ephig\u00eanio Salles e Umberto Calderaro Filho, no bairro Parque 10 de Novembro, zona Centro-Sul.&nbsp;A superintend\u00eancia \u00e9 integrante da Administra\u00e7\u00e3o Direta do Poder Executivo, vinculado ao Gabinete do Prefeito, para cumprimento das seguintes finalidades:<\/p>\n\n\n\n<p>&#8211; Cooperar com as crescentes demandas de Manaus, especialmente nas \u00e1reas de tr\u00e2nsito, transporte p\u00fablico, sa\u00fade, educa\u00e7\u00e3o, defesa civil e meio ambiente, por meio de uso de recursos de tecnologia da informa\u00e7\u00e3o de integra\u00e7\u00e3o entre \u00f3rg\u00e3os e entidades do Executivo municipal;<\/p>\n\n\n\n<p>&#8211; Atuar, de forma centralizada e integrada, nas ocorr\u00eancias de crises de urg\u00eancias e emerg\u00eancias, por meio de mobiliza\u00e7\u00e3o de equipes e recursos necess\u00e1rios, proposi\u00e7\u00e3o de planos de gest\u00e3o e opera\u00e7\u00e3o, gera\u00e7\u00e3o de dados e informa\u00e7\u00f5es, planejamento, gest\u00e3o de riscos, gest\u00e3o de mudan\u00e7as e gerenciamento de desastres naturais.<\/p>\n\n\n\n<p>&#8212; &#8212; &#8212;<\/p>\n\n\n\n<p><strong>Texto &#8211;<\/strong> Samira El kebbe \/ CCC e Anderson Farias \/ Semef<\/p>\n\n\n\n<p><strong>Foto &#8211;<\/strong> Divulga\u00e7\u00e3o \/ Semef<\/p>\n","protected":false},"excerpt":{"rendered":"","protected":false},"author":39,"featured_media":218744,"comment_status":"closed","ping_status":"closed","sticky":false,"template":"","format":"standard","meta":{"footnotes":""},"categories":[1156],"tags":[7888,7889,77,157],"acf":[],"yoast_head":"<!-- This site is optimized with the Yoast SEO plugin v23.0 - https:\/\/yoast.com\/wordpress\/plugins\/seo\/ -->\n<title>Centro de Coopera\u00e7\u00e3o da Cidade recebe visita do Minist\u00e9rio da Integra\u00e7\u00e3o e Desenvolvimento Regional<\/title>\n<meta name=\"description\" content=\"A Prefeitura de Manaus recebeu a visita do coordenador-geral de Articula\u00e7\u00e3o do Minist\u00e9rio da Integra\u00e7\u00e3o e do Desenvolvimento Regional (MIDR), Reinaldo Estelles, que cumpriu agenda em Manaus para conhecer as a\u00e7\u00f5es do projeto \u201cCidade Inteligente\u201d, desenvolvido por meio do Centro de Coopera\u00e7\u00e3o da Cidade (CCC) e da Secretaria Municipal de Finan\u00e7as e Tecnologia da Informa\u00e7\u00e3o (Semef).\" \/>\n<meta name=\"robots\" content=\"index, follow, max-snippet:-1, max-image-preview:large, max-video-preview:-1\" \/>\n<link rel=\"canonical\" href=\"https:\/\/www.manaus.am.gov.br\/semcom\/centro-de-cooperacao-da-cidade-recebe-visita-do-ministerio-da-integracao-e-desenvolvimento-regional\/\" \/>\n<meta property=\"og:locale\" content=\"pt_BR\" \/>\n<meta property=\"og:type\" content=\"article\" \/>\n<meta property=\"og:title\" content=\"Centro de Coopera\u00e7\u00e3o da Cidade recebe visita do Minist\u00e9rio da Integra\u00e7\u00e3o e Desenvolvimento Regional\" \/>\n<meta property=\"og:description\" content=\"A Prefeitura de Manaus recebeu a visita do coordenador-geral de Articula\u00e7\u00e3o do Minist\u00e9rio da Integra\u00e7\u00e3o e do Desenvolvimento Regional (MIDR), Reinaldo Estelles, que cumpriu agenda em Manaus para conhecer as a\u00e7\u00f5es do projeto \u201cCidade Inteligente\u201d, desenvolvido por meio do Centro de Coopera\u00e7\u00e3o da Cidade (CCC) e da Secretaria Municipal de Finan\u00e7as e Tecnologia da Informa\u00e7\u00e3o (Semef).\" \/>\n<meta property=\"og:url\" content=\"https:\/\/www.manaus.am.gov.br\/semcom\/centro-de-cooperacao-da-cidade-recebe-visita-do-ministerio-da-integracao-e-desenvolvimento-regional\/\" \/>\n<meta property=\"og:site_name\" content=\"SEMCOM\" \/>\n<meta property=\"article:published_time\" content=\"2023-09-18T18:39:58+00:00\" \/>\n<meta property=\"article:modified_time\" content=\"2023-09-18T18:39:59+00:00\" \/>\n<meta property=\"og:image\" content=\"https:\/\/www.manaus.am.gov.br\/semcom\/wp-content\/uploads\/sites\/5\/2023\/09\/CCC-recebe-visita-do-MIRD.jpeg\" \/>\n\t<meta property=\"og:image:width\" content=\"1600\" \/>\n\t<meta property=\"og:image:height\" content=\"1066\" \/>\n\t<meta property=\"og:image:type\" content=\"image\/jpeg\" \/>\n<meta name=\"author\" content=\"Bruna Greco\" \/>\n<meta name=\"twitter:card\" content=\"summary_large_image\" \/>\n<meta name=\"twitter:label1\" content=\"Written by\" \/>\n\t<meta name=\"twitter:data1\" content=\"Bruna Greco\" \/>\n\t<meta name=\"twitter:label2\" content=\"Est. reading time\" \/>\n\t<meta name=\"twitter:data2\" content=\"4 minutos\" \/>\n<script type=\"application\/ld+json\" class=\"yoast-schema-graph\">{\"@context\":\"https:\/\/schema.org\",\"@graph\":[{\"@type\":\"WebPage\",\"@id\":\"https:\/\/www.manaus.am.gov.br\/semcom\/centro-de-cooperacao-da-cidade-recebe-visita-do-ministerio-da-integracao-e-desenvolvimento-regional\/\",\"url\":\"https:\/\/www.manaus.am.gov.br\/semcom\/centro-de-cooperacao-da-cidade-recebe-visita-do-ministerio-da-integracao-e-desenvolvimento-regional\/\",\"name\":\"Centro de Coopera\u00e7\u00e3o da Cidade recebe visita do Minist\u00e9rio da Integra\u00e7\u00e3o e Desenvolvimento Regional\",\"isPartOf\":{\"@id\":\"https:\/\/www.manaus.am.gov.br\/semcom\/#website\"},\"primaryImageOfPage\":{\"@id\":\"https:\/\/www.manaus.am.gov.br\/semcom\/centro-de-cooperacao-da-cidade-recebe-visita-do-ministerio-da-integracao-e-desenvolvimento-regional\/#primaryimage\"},\"image\":{\"@id\":\"https:\/\/www.manaus.am.gov.br\/semcom\/centro-de-cooperacao-da-cidade-recebe-visita-do-ministerio-da-integracao-e-desenvolvimento-regional\/#primaryimage\"},\"thumbnailUrl\":\"https:\/\/www.manaus.am.gov.br\/semcom\/wp-content\/uploads\/sites\/5\/2023\/09\/CCC-recebe-visita-do-MIRD.jpeg\",\"datePublished\":\"2023-09-18T18:39:58+00:00\",\"dateModified\":\"2023-09-18T18:39:59+00:00\",\"author\":{\"@id\":\"https:\/\/www.manaus.am.gov.br\/semcom\/#\/schema\/person\/05d223aea2bf115f9883a6ff3683d81b\"},\"description\":\"A Prefeitura de Manaus recebeu a visita do coordenador-geral de Articula\u00e7\u00e3o do Minist\u00e9rio da Integra\u00e7\u00e3o e do Desenvolvimento Regional (MIDR), Reinaldo Estelles, que cumpriu agenda em Manaus para conhecer as a\u00e7\u00f5es do projeto \u201cCidade Inteligente\u201d, desenvolvido por meio do Centro de Coopera\u00e7\u00e3o da Cidade (CCC) e da Secretaria Municipal de Finan\u00e7as e Tecnologia da Informa\u00e7\u00e3o (Semef).\",\"inLanguage\":\"pt-BR\",\"potentialAction\":[{\"@type\":\"ReadAction\",\"target\":[\"https:\/\/www.manaus.am.gov.br\/semcom\/centro-de-cooperacao-da-cidade-recebe-visita-do-ministerio-da-integracao-e-desenvolvimento-regional\/\"]}]},{\"@type\":\"ImageObject\",\"inLanguage\":\"pt-BR\",\"@id\":\"https:\/\/www.manaus.am.gov.br\/semcom\/centro-de-cooperacao-da-cidade-recebe-visita-do-ministerio-da-integracao-e-desenvolvimento-regional\/#primaryimage\",\"url\":\"https:\/\/www.manaus.am.gov.br\/semcom\/wp-content\/uploads\/sites\/5\/2023\/09\/CCC-recebe-visita-do-MIRD.jpeg\",\"contentUrl\":\"https:\/\/www.manaus.am.gov.br\/semcom\/wp-content\/uploads\/sites\/5\/2023\/09\/CCC-recebe-visita-do-MIRD.jpeg\",\"width\":1600,\"height\":1066},{\"@type\":\"WebSite\",\"@id\":\"https:\/\/www.manaus.am.gov.br\/semcom\/#website\",\"url\":\"https:\/\/www.manaus.am.gov.br\/semcom\/\",\"name\":\"SEMCOM\",\"description\":\"Secretaria Municipal de Comunica\u00e7\u00e3o\",\"potentialAction\":[{\"@type\":\"SearchAction\",\"target\":{\"@type\":\"EntryPoint\",\"urlTemplate\":\"https:\/\/www.manaus.am.gov.br\/semcom\/?s={search_term_string}\"},\"query-input\":\"required name=search_term_string\"}],\"inLanguage\":\"pt-BR\"},{\"@type\":\"Person\",\"@id\":\"https:\/\/www.manaus.am.gov.br\/semcom\/#\/schema\/person\/05d223aea2bf115f9883a6ff3683d81b\",\"name\":\"Bruna Greco\",\"image\":{\"@type\":\"ImageObject\",\"inLanguage\":\"pt-BR\",\"@id\":\"https:\/\/www.manaus.am.gov.br\/semcom\/#\/schema\/person\/image\/\",\"url\":\"https:\/\/secure.gravatar.com\/avatar\/9c877d1a6adc2a055330e5c09a8653ce?s=96&d=mm&r=g\",\"contentUrl\":\"https:\/\/secure.gravatar.com\/avatar\/9c877d1a6adc2a055330e5c09a8653ce?s=96&d=mm&r=g\",\"caption\":\"Bruna Greco\"}}]}<\/script>\n<!-- \/ Yoast SEO plugin. -->","yoast_head_json":{"title":"Centro de Coopera\u00e7\u00e3o da Cidade recebe visita do Minist\u00e9rio da Integra\u00e7\u00e3o e Desenvolvimento Regional","description":"A Prefeitura de Manaus recebeu a visita do coordenador-geral de Articula\u00e7\u00e3o do Minist\u00e9rio da Integra\u00e7\u00e3o e do Desenvolvimento Regional (MIDR), Reinaldo Estelles, que cumpriu agenda em Manaus para conhecer as a\u00e7\u00f5es do projeto \u201cCidade Inteligente\u201d, desenvolvido por meio do Centro de Coopera\u00e7\u00e3o da Cidade (CCC) e da Secretaria Municipal de Finan\u00e7as e Tecnologia da Informa\u00e7\u00e3o (Semef).","robots":{"index":"index","follow":"follow","max-snippet":"max-snippet:-1","max-image-preview":"max-image-preview:large","max-video-preview":"max-video-preview:-1"},"canonical":"https:\/\/www.manaus.am.gov.br\/semcom\/centro-de-cooperacao-da-cidade-recebe-visita-do-ministerio-da-integracao-e-desenvolvimento-regional\/","og_locale":"pt_BR","og_type":"article","og_title":"Centro de Coopera\u00e7\u00e3o da Cidade recebe visita do Minist\u00e9rio da Integra\u00e7\u00e3o e Desenvolvimento Regional","og_description":"A Prefeitura de Manaus recebeu a visita do coordenador-geral de Articula\u00e7\u00e3o do Minist\u00e9rio da Integra\u00e7\u00e3o e do Desenvolvimento Regional (MIDR), Reinaldo Estelles, que cumpriu agenda em Manaus para conhecer as a\u00e7\u00f5es do projeto \u201cCidade Inteligente\u201d, desenvolvido por meio do Centro de Coopera\u00e7\u00e3o da Cidade (CCC) e da Secretaria Municipal de Finan\u00e7as e Tecnologia da Informa\u00e7\u00e3o (Semef).","og_url":"https:\/\/www.manaus.am.gov.br\/semcom\/centro-de-cooperacao-da-cidade-recebe-visita-do-ministerio-da-integracao-e-desenvolvimento-regional\/","og_site_name":"SEMCOM","article_published_time":"2023-09-18T18:39:58+00:00","article_modified_time":"2023-09-18T18:39:59+00:00","og_image":[{"width":1600,"height":1066,"url":"https:\/\/www.manaus.am.gov.br\/semcom\/wp-content\/uploads\/sites\/5\/2023\/09\/CCC-recebe-visita-do-MIRD.jpeg","type":"image\/jpeg"}],"author":"Bruna Greco","twitter_card":"summary_large_image","twitter_misc":{"Written by":"Bruna Greco","Est. reading time":"4 minutos"},"schema":{"@context":"https:\/\/schema.org","@graph":[{"@type":"WebPage","@id":"https:\/\/www.manaus.am.gov.br\/semcom\/centro-de-cooperacao-da-cidade-recebe-visita-do-ministerio-da-integracao-e-desenvolvimento-regional\/","url":"https:\/\/www.manaus.am.gov.br\/semcom\/centro-de-cooperacao-da-cidade-recebe-visita-do-ministerio-da-integracao-e-desenvolvimento-regional\/","name":"Centro de Coopera\u00e7\u00e3o da Cidade recebe visita do Minist\u00e9rio da Integra\u00e7\u00e3o e Desenvolvimento Regional","isPartOf":{"@id":"https:\/\/www.manaus.am.gov.br\/semcom\/#website"},"primaryImageOfPage":{"@id":"https:\/\/www.manaus.am.gov.br\/semcom\/centro-de-cooperacao-da-cidade-recebe-visita-do-ministerio-da-integracao-e-desenvolvimento-regional\/#primaryimage"},"image":{"@id":"https:\/\/www.manaus.am.gov.br\/semcom\/centro-de-cooperacao-da-cidade-recebe-visita-do-ministerio-da-integracao-e-desenvolvimento-regional\/#primaryimage"},"thumbnailUrl":"https:\/\/www.manaus.am.gov.br\/semcom\/wp-content\/uploads\/sites\/5\/2023\/09\/CCC-recebe-visita-do-MIRD.jpeg","datePublished":"2023-09-18T18:39:58+00:00","dateModified":"2023-09-18T18:39:59+00:00","author":{"@id":"https:\/\/www.manaus.am.gov.br\/semcom\/#\/schema\/person\/05d223aea2bf115f9883a6ff3683d81b"},"description":"A Prefeitura de Manaus recebeu a visita do coordenador-geral de Articula\u00e7\u00e3o do Minist\u00e9rio da Integra\u00e7\u00e3o e do Desenvolvimento Regional (MIDR), Reinaldo Estelles, que cumpriu agenda em Manaus para conhecer as a\u00e7\u00f5es do projeto \u201cCidade Inteligente\u201d, desenvolvido por meio do Centro de Coopera\u00e7\u00e3o da Cidade (CCC) e da Secretaria Municipal de Finan\u00e7as e Tecnologia da Informa\u00e7\u00e3o (Semef).","inLanguage":"pt-BR","potentialAction":[{"@type":"ReadAction","target":["https:\/\/www.manaus.am.gov.br\/semcom\/centro-de-cooperacao-da-cidade-recebe-visita-do-ministerio-da-integracao-e-desenvolvimento-regional\/"]}]},{"@type":"ImageObject","inLanguage":"pt-BR","@id":"https:\/\/www.manaus.am.gov.br\/semcom\/centro-de-cooperacao-da-cidade-recebe-visita-do-ministerio-da-integracao-e-desenvolvimento-regional\/#primaryimage","url":"https:\/\/www.manaus.am.gov.br\/semcom\/wp-content\/uploads\/sites\/5\/2023\/09\/CCC-recebe-visita-do-MIRD.jpeg","contentUrl":"https:\/\/www.manaus.am.gov.br\/semcom\/wp-content\/uploads\/sites\/5\/2023\/09\/CCC-recebe-visita-do-MIRD.jpeg","width":1600,"height":1066},{"@type":"WebSite","@id":"https:\/\/www.manaus.am.gov.br\/semcom\/#website","url":"https:\/\/www.manaus.am.gov.br\/semcom\/","name":"SEMCOM","description":"Secretaria Municipal de Comunica\u00e7\u00e3o","potentialAction":[{"@type":"SearchAction","target":{"@type":"EntryPoint","urlTemplate":"https:\/\/www.manaus.am.gov.br\/semcom\/?s={search_term_string}"},"query-input":"required name=search_term_string"}],"inLanguage":"pt-BR"},{"@type":"Person","@id":"https:\/\/www.manaus.am.gov.br\/semcom\/#\/schema\/person\/05d223aea2bf115f9883a6ff3683d81b","name":"Bruna Greco","image":{"@type":"ImageObject","inLanguage":"pt-BR","@id":"https:\/\/www.manaus.am.gov.br\/semcom\/#\/schema\/person\/image\/","url":"https:\/\/secure.gravatar.com\/avatar\/9c877d1a6adc2a055330e5c09a8653ce?s=96&d=mm&r=g","contentUrl":"https:\/\/secure.gravatar.com\/avatar\/9c877d1a6adc2a055330e5c09a8653ce?s=96&d=mm&r=g","caption":"Bruna Greco"}}]}},"_links":{"self":[{"href":"https:\/\/www.manaus.am.gov.br\/semcom\/wp-json\/wp\/v2\/posts\/218743"}],"collection":[{"href":"https:\/\/www.manaus.am.gov.br\/semcom\/wp-json\/wp\/v2\/posts"}],"about":[{"href":"https:\/\/www.manaus.am.gov.br\/semcom\/wp-json\/wp\/v2\/types\/post"}],"author":[{"embeddable":true,"href":"https:\/\/www.manaus.am.gov.br\/semcom\/wp-json\/wp\/v2\/users\/39"}],"replies":[{"embeddable":true,"href":"https:\/\/www.manaus.am.gov.br\/semcom\/wp-json\/wp\/v2\/comments?post=218743"}],"version-history":[{"count":0,"href":"https:\/\/www.manaus.am.gov.br\/semcom\/wp-json\/wp\/v2\/posts\/218743\/revisions"}],"wp:featuredmedia":[{"embeddable":true,"href":"https:\/\/www.manaus.am.gov.br\/semcom\/wp-json\/wp\/v2\/media\/218744"}],"wp:attachment":[{"href":"https:\/\/www.manaus.am.gov.br\/semcom\/wp-json\/wp\/v2\/media?parent=218743"}],"wp:term":[{"taxonomy":"category","embeddable":true,"href":"https:\/\/www.manaus.am.gov.br\/semcom\/wp-json\/wp\/v2\/categories?post=218743"},{"taxonomy":"post_tag","embeddable":true,"href":"https:\/\/www.manaus.am.gov.br\/semcom\/wp-json\/wp\/v2\/tags?post=218743"}],"curies":[{"name":"wp","href":"https:\/\/api.w.org\/{rel}","templated":true}]}}