{"id":218617,"date":"2023-09-14T21:55:04","date_gmt":"2023-09-15T00:55:04","guid":{"rendered":"https:\/\/www.manaus.am.gov.br\/semcom\/prefeito-destaca-experiencias-adquiridas-durante-agenda-de-compromissos-nos-estados-unidos\/"},"modified":"2023-09-14T21:55:05","modified_gmt":"2023-09-15T00:55:05","slug":"prefeito-destaca-experiencias-adquiridas-durante-agenda-de-compromissos-nos-estados-unidos","status":"publish","type":"post","link":"https:\/\/www.manaus.am.gov.br\/semcom\/prefeito-destaca-experiencias-adquiridas-durante-agenda-de-compromissos-nos-estados-unidos\/","title":{"rendered":"<strong>Prefeito destaca experi\u00eancias adquiridas durante agenda de compromissos nos Estados Unidos<\/strong>"},"content":{"rendered":"\n<p>O prefeito David Almeida destacou, no in\u00edcio da noite desta quinta-feira, 14\/9, os aprendizados que a comitiva formada por representantes da Prefeitura de Manaus obteve durante os tr\u00eas dias que participou de um programa de troca de experi\u00eancias relacionadas \u00e0 gest\u00e3o, em Boston, nos Estados Unidos.<\/p>\n\n\n\n<p>De acordo com o chefe do Executivo municipal, as experi\u00eancias adquiridas ser\u00e3o utilizadas para melhorar a gest\u00e3o da capital, focada na melhoria dos servi\u00e7os p\u00fablicos e da infraestrutura de Manaus.<\/p>\n\n\n\n<p>\u201cNesses tr\u00eas dias, assistimos a grandes palestras, que apresentaram solu\u00e7\u00f5es para os problemas das cidades. Estamos focando em cidades inteligentes, com tecnologia em res\u00edduos s\u00f3lidos, e acima de tudo, buscando o desenvolvimento da qualidade de vida da nossa popula\u00e7\u00e3o em todos os aspectos. Sa\u00edmos daqui com a agenda cheia, lotada de experi\u00eancias e tenho certeza que iremos implementar aprendizados na infraestrutura da nossa cidade. Estamos saindo daqui melhores do que chegamos\u201d, enfatizou o prefeito.<\/p>\n\n\n\n<p>O convite para a participa\u00e7\u00e3o nas confer\u00eancias veio da Associa\u00e7\u00e3o Boston Innovation e do Sebrae Amazonas. Com reconhecimento mundial, o programa Epic, dentro do Boston Innovation Gateway, visa inserir l\u00edderes nos melhores ecossistemas de inova\u00e7\u00e3o do mundo para ampliar horizontes, adquirir conhecimentos, expandir a rede de relacionamentos, fomentar parcerias e ideias nas pr\u00f3prias cidades.<\/p>\n\n\n\n<p>A comitiva manauara foi formada pelo prefeito David Almeida e os titulares das Secretarias Municipais de Trabalho, Empreendedorismo e Inova\u00e7\u00e3o (Semtepi), Radyr J\u00fanior; de Infraestrutura (Seminf), Renato Junior; e de&nbsp;Finan\u00e7as e Tecnologia da Informa\u00e7\u00e3o&nbsp;(Semef), Cl\u00e9cio Freire.<\/p>\n\n\n\n<p>Para Radyr J\u00fanior, a experi\u00eancia foi exitosa, uma vez que foi poss\u00edvel ver de perto muitos&nbsp;<em>cases<\/em>&nbsp;de sucesso nas \u00e1reas de empreendedorismo e inova\u00e7\u00e3o.<\/p>\n\n\n\n<p>\u201cN\u00f3s fomos convidados junto com representantes de outras prefeituras do Brasil, em especial da regi\u00e3o Norte do pa\u00eds. Durante esses dias, tivemos uma imers\u00e3o com um professor da faculdade de neg\u00f3cios de Boston que falou um pouco de&nbsp;<em>cases&nbsp;<\/em>de sucesso pelo mundo, em especial com Dubai e Cingapura, muito fruto do desenvolvimento de iniciativas de empreendedorismo. Tamb\u00e9m visitamos um distrito de inova\u00e7\u00e3o pr\u00f3ximo a Boston, lugar onde as empresas de tecnologia e&nbsp;<em>startups<\/em>&nbsp;se adensaram. Fizemos intera\u00e7\u00e3o com uma associa\u00e7\u00e3o que trabalha o empreendedorismo com fam\u00edlias de classe baixa de renda, que s\u00e3o os microempreendedores ou MEIs. Tudo isso \u00e9 importante, pois vemos o que podemos melhorar no nosso dia a dia\u201d, explicou o titular da Semtepi.<\/p>\n\n\n\n<p>Questionado sobre a experi\u00eancia internacional, o titular da Seminf, Renato Junior, salientou a import\u00e2ncia de participar de agendas como essa que possibilitam apresentar Manaus para o mundo, principalmente destacando a import\u00e2ncia de saber trabalhar a biodiversidade amaz\u00f4nica a favor do desenvolvimento da regi\u00e3o e da popula\u00e7\u00e3o.<\/p>\n\n\n\n<p>\u201cEstamos cumprindo essa agenda em Boston, nos EUA, com o prefeito David Almeida, que apresentou nossa cidade aos demais participantes do programa Epic. Eventos como esse servem para destacarmos as potencialidades da nossa floresta, nosso bioma e as singularidades do nosso povo. Temos um prefeito que entende a necessidade da compensa\u00e7\u00e3o ambiental e de medidas positivas para o equil\u00edbrio clim\u00e1tico. S\u00e3o oportunidades como esta, que nos colocam como protagonistas das nossas pautas. \u00c9 o amaz\u00f4nida falando sobre a Amaz\u00f4nia para o mundo. Temos um prefeito atuante, que atravessa fronteiras para buscar conhecimento e levar os saberes da nossa terra mundo afora\u201d, concluiu o secret\u00e1rio.<\/p>\n\n\n\n<p>&#8212; &#8212; &#8212;<\/p>\n\n\n\n<p><strong>Texto<\/strong>&nbsp;\u2013 Thiago Fernando \/ Semcom<strong>Foto<\/strong>&nbsp;\u2013 Divulga\u00e7\u00e3o \/ Semcom<\/p>\n","protected":false},"excerpt":{"rendered":"","protected":false},"author":31,"featured_media":218618,"comment_status":"closed","ping_status":"closed","sticky":false,"template":"","format":"standard","meta":{"footnotes":""},"categories":[2497],"tags":[7842,2713,364,7780],"acf":[],"yoast_head":"<!-- This site is optimized with the Yoast SEO plugin v23.0 - https:\/\/yoast.com\/wordpress\/plugins\/seo\/ -->\n<title>Prefeito destaca experi\u00eancias adquiridas durante agenda de compromissos nos Estados Unidos - SEMCOM<\/title>\n<meta name=\"robots\" content=\"index, follow, max-snippet:-1, max-image-preview:large, max-video-preview:-1\" \/>\n<link rel=\"canonical\" href=\"https:\/\/www.manaus.am.gov.br\/semcom\/prefeito-destaca-experiencias-adquiridas-durante-agenda-de-compromissos-nos-estados-unidos\/\" \/>\n<meta property=\"og:locale\" content=\"pt_BR\" \/>\n<meta property=\"og:type\" content=\"article\" \/>\n<meta property=\"og:title\" content=\"Prefeito destaca experi\u00eancias adquiridas durante agenda de compromissos nos Estados Unidos - SEMCOM\" \/>\n<meta property=\"og:url\" content=\"https:\/\/www.manaus.am.gov.br\/semcom\/prefeito-destaca-experiencias-adquiridas-durante-agenda-de-compromissos-nos-estados-unidos\/\" \/>\n<meta property=\"og:site_name\" content=\"SEMCOM\" \/>\n<meta property=\"article:published_time\" content=\"2023-09-15T00:55:04+00:00\" \/>\n<meta property=\"article:modified_time\" content=\"2023-09-15T00:55:05+00:00\" \/>\n<meta property=\"og:image\" content=\"https:\/\/www.manaus.am.gov.br\/semcom\/wp-content\/uploads\/sites\/5\/2023\/09\/WhatsApp-Image-2023-09-14-at-20.46.55.jpeg\" \/>\n\t<meta property=\"og:image:width\" content=\"768\" \/>\n\t<meta property=\"og:image:height\" content=\"650\" \/>\n\t<meta property=\"og:image:type\" content=\"image\/jpeg\" \/>\n<meta name=\"author\" content=\"Renata Felix\" \/>\n<meta name=\"twitter:card\" content=\"summary_large_image\" \/>\n<meta name=\"twitter:label1\" content=\"Written by\" \/>\n\t<meta name=\"twitter:data1\" content=\"Renata Felix\" \/>\n\t<meta name=\"twitter:label2\" content=\"Est. reading time\" \/>\n\t<meta name=\"twitter:data2\" content=\"4 minutos\" \/>\n<script type=\"application\/ld+json\" class=\"yoast-schema-graph\">{\"@context\":\"https:\/\/schema.org\",\"@graph\":[{\"@type\":\"WebPage\",\"@id\":\"https:\/\/www.manaus.am.gov.br\/semcom\/prefeito-destaca-experiencias-adquiridas-durante-agenda-de-compromissos-nos-estados-unidos\/\",\"url\":\"https:\/\/www.manaus.am.gov.br\/semcom\/prefeito-destaca-experiencias-adquiridas-durante-agenda-de-compromissos-nos-estados-unidos\/\",\"name\":\"Prefeito destaca experi\u00eancias adquiridas durante agenda de compromissos nos Estados Unidos - SEMCOM\",\"isPartOf\":{\"@id\":\"https:\/\/www.manaus.am.gov.br\/semcom\/#website\"},\"primaryImageOfPage\":{\"@id\":\"https:\/\/www.manaus.am.gov.br\/semcom\/prefeito-destaca-experiencias-adquiridas-durante-agenda-de-compromissos-nos-estados-unidos\/#primaryimage\"},\"image\":{\"@id\":\"https:\/\/www.manaus.am.gov.br\/semcom\/prefeito-destaca-experiencias-adquiridas-durante-agenda-de-compromissos-nos-estados-unidos\/#primaryimage\"},\"thumbnailUrl\":\"https:\/\/www.manaus.am.gov.br\/semcom\/wp-content\/uploads\/sites\/5\/2023\/09\/WhatsApp-Image-2023-09-14-at-20.46.55.jpeg\",\"datePublished\":\"2023-09-15T00:55:04+00:00\",\"dateModified\":\"2023-09-15T00:55:05+00:00\",\"author\":{\"@id\":\"https:\/\/www.manaus.am.gov.br\/semcom\/#\/schema\/person\/4eea2a8f78dc853097abb026f728aa06\"},\"inLanguage\":\"pt-BR\",\"potentialAction\":[{\"@type\":\"ReadAction\",\"target\":[\"https:\/\/www.manaus.am.gov.br\/semcom\/prefeito-destaca-experiencias-adquiridas-durante-agenda-de-compromissos-nos-estados-unidos\/\"]}]},{\"@type\":\"ImageObject\",\"inLanguage\":\"pt-BR\",\"@id\":\"https:\/\/www.manaus.am.gov.br\/semcom\/prefeito-destaca-experiencias-adquiridas-durante-agenda-de-compromissos-nos-estados-unidos\/#primaryimage\",\"url\":\"https:\/\/www.manaus.am.gov.br\/semcom\/wp-content\/uploads\/sites\/5\/2023\/09\/WhatsApp-Image-2023-09-14-at-20.46.55.jpeg\",\"contentUrl\":\"https:\/\/www.manaus.am.gov.br\/semcom\/wp-content\/uploads\/sites\/5\/2023\/09\/WhatsApp-Image-2023-09-14-at-20.46.55.jpeg\",\"width\":768,\"height\":650},{\"@type\":\"WebSite\",\"@id\":\"https:\/\/www.manaus.am.gov.br\/semcom\/#website\",\"url\":\"https:\/\/www.manaus.am.gov.br\/semcom\/\",\"name\":\"SEMCOM\",\"description\":\"Secretaria Municipal de Comunica\u00e7\u00e3o\",\"potentialAction\":[{\"@type\":\"SearchAction\",\"target\":{\"@type\":\"EntryPoint\",\"urlTemplate\":\"https:\/\/www.manaus.am.gov.br\/semcom\/?s={search_term_string}\"},\"query-input\":\"required name=search_term_string\"}],\"inLanguage\":\"pt-BR\"},{\"@type\":\"Person\",\"@id\":\"https:\/\/www.manaus.am.gov.br\/semcom\/#\/schema\/person\/4eea2a8f78dc853097abb026f728aa06\",\"name\":\"Renata Felix\",\"image\":{\"@type\":\"ImageObject\",\"inLanguage\":\"pt-BR\",\"@id\":\"https:\/\/www.manaus.am.gov.br\/semcom\/#\/schema\/person\/image\/\",\"url\":\"https:\/\/secure.gravatar.com\/avatar\/3c196cf9d3b837b24c8edb2c50fd8f29?s=96&d=mm&r=g\",\"contentUrl\":\"https:\/\/secure.gravatar.com\/avatar\/3c196cf9d3b837b24c8edb2c50fd8f29?s=96&d=mm&r=g\",\"caption\":\"Renata Felix\"}}]}<\/script>\n<!-- \/ Yoast SEO plugin. -->","yoast_head_json":{"title":"Prefeito destaca experi\u00eancias adquiridas durante agenda de compromissos nos Estados Unidos - SEMCOM","robots":{"index":"index","follow":"follow","max-snippet":"max-snippet:-1","max-image-preview":"max-image-preview:large","max-video-preview":"max-video-preview:-1"},"canonical":"https:\/\/www.manaus.am.gov.br\/semcom\/prefeito-destaca-experiencias-adquiridas-durante-agenda-de-compromissos-nos-estados-unidos\/","og_locale":"pt_BR","og_type":"article","og_title":"Prefeito destaca experi\u00eancias adquiridas durante agenda de compromissos nos Estados Unidos - SEMCOM","og_url":"https:\/\/www.manaus.am.gov.br\/semcom\/prefeito-destaca-experiencias-adquiridas-durante-agenda-de-compromissos-nos-estados-unidos\/","og_site_name":"SEMCOM","article_published_time":"2023-09-15T00:55:04+00:00","article_modified_time":"2023-09-15T00:55:05+00:00","og_image":[{"width":768,"height":650,"url":"https:\/\/www.manaus.am.gov.br\/semcom\/wp-content\/uploads\/sites\/5\/2023\/09\/WhatsApp-Image-2023-09-14-at-20.46.55.jpeg","type":"image\/jpeg"}],"author":"Renata Felix","twitter_card":"summary_large_image","twitter_misc":{"Written by":"Renata Felix","Est. reading time":"4 minutos"},"schema":{"@context":"https:\/\/schema.org","@graph":[{"@type":"WebPage","@id":"https:\/\/www.manaus.am.gov.br\/semcom\/prefeito-destaca-experiencias-adquiridas-durante-agenda-de-compromissos-nos-estados-unidos\/","url":"https:\/\/www.manaus.am.gov.br\/semcom\/prefeito-destaca-experiencias-adquiridas-durante-agenda-de-compromissos-nos-estados-unidos\/","name":"Prefeito destaca experi\u00eancias adquiridas durante agenda de compromissos nos Estados Unidos - SEMCOM","isPartOf":{"@id":"https:\/\/www.manaus.am.gov.br\/semcom\/#website"},"primaryImageOfPage":{"@id":"https:\/\/www.manaus.am.gov.br\/semcom\/prefeito-destaca-experiencias-adquiridas-durante-agenda-de-compromissos-nos-estados-unidos\/#primaryimage"},"image":{"@id":"https:\/\/www.manaus.am.gov.br\/semcom\/prefeito-destaca-experiencias-adquiridas-durante-agenda-de-compromissos-nos-estados-unidos\/#primaryimage"},"thumbnailUrl":"https:\/\/www.manaus.am.gov.br\/semcom\/wp-content\/uploads\/sites\/5\/2023\/09\/WhatsApp-Image-2023-09-14-at-20.46.55.jpeg","datePublished":"2023-09-15T00:55:04+00:00","dateModified":"2023-09-15T00:55:05+00:00","author":{"@id":"https:\/\/www.manaus.am.gov.br\/semcom\/#\/schema\/person\/4eea2a8f78dc853097abb026f728aa06"},"inLanguage":"pt-BR","potentialAction":[{"@type":"ReadAction","target":["https:\/\/www.manaus.am.gov.br\/semcom\/prefeito-destaca-experiencias-adquiridas-durante-agenda-de-compromissos-nos-estados-unidos\/"]}]},{"@type":"ImageObject","inLanguage":"pt-BR","@id":"https:\/\/www.manaus.am.gov.br\/semcom\/prefeito-destaca-experiencias-adquiridas-durante-agenda-de-compromissos-nos-estados-unidos\/#primaryimage","url":"https:\/\/www.manaus.am.gov.br\/semcom\/wp-content\/uploads\/sites\/5\/2023\/09\/WhatsApp-Image-2023-09-14-at-20.46.55.jpeg","contentUrl":"https:\/\/www.manaus.am.gov.br\/semcom\/wp-content\/uploads\/sites\/5\/2023\/09\/WhatsApp-Image-2023-09-14-at-20.46.55.jpeg","width":768,"height":650},{"@type":"WebSite","@id":"https:\/\/www.manaus.am.gov.br\/semcom\/#website","url":"https:\/\/www.manaus.am.gov.br\/semcom\/","name":"SEMCOM","description":"Secretaria Municipal de Comunica\u00e7\u00e3o","potentialAction":[{"@type":"SearchAction","target":{"@type":"EntryPoint","urlTemplate":"https:\/\/www.manaus.am.gov.br\/semcom\/?s={search_term_string}"},"query-input":"required name=search_term_string"}],"inLanguage":"pt-BR"},{"@type":"Person","@id":"https:\/\/www.manaus.am.gov.br\/semcom\/#\/schema\/person\/4eea2a8f78dc853097abb026f728aa06","name":"Renata Felix","image":{"@type":"ImageObject","inLanguage":"pt-BR","@id":"https:\/\/www.manaus.am.gov.br\/semcom\/#\/schema\/person\/image\/","url":"https:\/\/secure.gravatar.com\/avatar\/3c196cf9d3b837b24c8edb2c50fd8f29?s=96&d=mm&r=g","contentUrl":"https:\/\/secure.gravatar.com\/avatar\/3c196cf9d3b837b24c8edb2c50fd8f29?s=96&d=mm&r=g","caption":"Renata Felix"}}]}},"_links":{"self":[{"href":"https:\/\/www.manaus.am.gov.br\/semcom\/wp-json\/wp\/v2\/posts\/218617"}],"collection":[{"href":"https:\/\/www.manaus.am.gov.br\/semcom\/wp-json\/wp\/v2\/posts"}],"about":[{"href":"https:\/\/www.manaus.am.gov.br\/semcom\/wp-json\/wp\/v2\/types\/post"}],"author":[{"embeddable":true,"href":"https:\/\/www.manaus.am.gov.br\/semcom\/wp-json\/wp\/v2\/users\/31"}],"replies":[{"embeddable":true,"href":"https:\/\/www.manaus.am.gov.br\/semcom\/wp-json\/wp\/v2\/comments?post=218617"}],"version-history":[{"count":0,"href":"https:\/\/www.manaus.am.gov.br\/semcom\/wp-json\/wp\/v2\/posts\/218617\/revisions"}],"wp:featuredmedia":[{"embeddable":true,"href":"https:\/\/www.manaus.am.gov.br\/semcom\/wp-json\/wp\/v2\/media\/218618"}],"wp:attachment":[{"href":"https:\/\/www.manaus.am.gov.br\/semcom\/wp-json\/wp\/v2\/media?parent=218617"}],"wp:term":[{"taxonomy":"category","embeddable":true,"href":"https:\/\/www.manaus.am.gov.br\/semcom\/wp-json\/wp\/v2\/categories?post=218617"},{"taxonomy":"post_tag","embeddable":true,"href":"https:\/\/www.manaus.am.gov.br\/semcom\/wp-json\/wp\/v2\/tags?post=218617"}],"curies":[{"name":"wp","href":"https:\/\/api.w.org\/{rel}","templated":true}]}}